{"id":3246,"date":"2011-02-16T00:00:00","date_gmt":"2006-11-06T00:00:00","guid":{"rendered":"https:\/\/intervius.com\/index.html\/?p=3246"},"modified":"2006-11-06T00:00:00","modified_gmt":"2006-11-06T00:00:00","slug":"Juan_Mora3246","status":"publish","type":"post","link":"https:\/\/intervius.com\/index.html\/Juan_Mora3246\/","title":{"rendered":"Juan Mora"},"content":{"rendered":"<p>Pregunta.- siempre te he seguido por tu pellizco de arte. No crees exagerado que por una tarde (magnifica por cierto) pase todo de cero a cien. No eras el mismo la semana anterior. Piensas que los medios ascienden y descienden a los toreros con independencia de sus meritos????<\/p>\n<p>Respuesta.- Madrid es as\u00ed. Una buena tarde en Madrid cambia el sino de una temporada. Tiene esa capacidad. Quiz\u00e1s sea la \u00fanica plaza.<\/p>\n<p>P.- Maestro, enhorabuena por los triunfos. \u00bfQue habitos tiene antes torear una tarde? \u00bfReza y si es asi a quien?<\/p>\n<p>R.- Hacer un desayuno-comida sobre las 10 de la ma\u00f1ana, para llegar ligero. Estar tranquilo, templar los nervios. Rezo a la capilla que tengo, que son imagenes que me han dado a lo largo de mi vida los aficionados.<\/p>\n<p>P.- Buenas Maestro, mi pregunta es \u00bfPesa m\u00e1s la resposabilidad sobre el p\u00fablico que va a esperar que esta temporada se repita lo ocurrido en Madrid en oto\u00f1o o la responsabilidad interior del torero de &#8220;encontrarse \u00e9l&#8221; sin pensar en el p\u00fablico tras tantos a\u00f1os de lucha? Un saludo de Hip\u00f3lito desde M\u00e1laga<\/p>\n<p>R.- La responsabilidad para m\u00ed desde luego es el p\u00fablico, el aficionado. Despu\u00e9s de la tarde del 2 de octubre he recibido muchos premios por toda la geograf\u00eda espa\u00f1ola, incluso he ido a Par\u00eds y Londres. He visto en las caras, en el semblante de la afici\u00f3n, algo que yo sab\u00eda desde que era ni\u00f1o, que el toreo es arte, es cultura, es una religi\u00f3n. Y cuando eso lo ves es porque lo que t\u00fa has hecho delante del toro ha calado y ha convencido a la gente. Cuando esto sucede, cuando llega ese momento, uno no quiere que nadie se desencante.<\/p>\n<p>P.- Juan Carlos Mayo desde Asturias. \u00bfHabr\u00e1 encerrona en Madrid este a\u00f1o? o ahora o nunca. saludos al maestro.<\/p>\n<p>R.- Nunca. Yo doy 15 o 20 muletazos por toro. En un tentadero hago lo mismo. De sal\u00f3n doy mucho, estoy muchas horas, pero en la plaza no.<\/p>\n<p>P.- Hola Juan, primero felicitarte por aquella magnifica tarde en Madrid y segundo preguntarte como vas a tener esta temporada que se avecina??muchas tardes? muchas ferias?? estaras en las grandes ferias?? etc.<\/p>\n<p>R.- Machado dec\u00eda Caminante no hay camino, se hace camino al andar. Echaremos a andar y todo se ir\u00e1 viendo.<\/p>\n<p>P.- \u00bfEres consciente de la ilusi\u00f3n que has generado entre los viejos aficionados, aburridos de la monotonia, y entre los jovenes que tuvieron la suerte de presenciar &#8220;algo&#8221; distinto la tarde del 2 de Octubre del 2010?<\/p>\n<p>R.- A m\u00ed no me impresiona. Procuro que no me impresiona. Lo que impresiona es poder conseguir que el aficionado se involucre con mi causa. Eso es lo que me deslumbra y me responsabiliza.<\/p>\n<p>P.- Buenos d\u00edas, \u00bfhubo un antes y un despu\u00e9s en la carrera o en la personalidad de Juan Mora despu\u00e9s de la desagradable tarde de Ja\u00e9n en octubre de 2001?<\/p>\n<p>R.- S\u00ed. Soy m\u00e1s consciente que nunca del significado de ser torero.<\/p>\n<p>P.- D. Juan, \u00bfcu\u00e1l ser\u00eda para usted la terna hist\u00f3rica por excelencia? Puede tener en cuenta los toreros actuales. Mucha suerte para la temporada.<\/p>\n<p>R.- De los que no he visto: Juan Belmonte, Cagancho y Pep\u00edn Mart\u00edn V\u00e1zquez.<\/p>\n<p>P.- \u00bfQu\u00e9 ha cambiado en el toreo de su tiempo a esta parte o qu\u00e9 ha cambiado en usted?<\/p>\n<p>R.- No creo que haya cambiado, lo \u00fanico que en m\u00ed puede darse aquello de que cuando est\u00e1s un tiempo apartado y apareces los toreros ganamos solera, poso. Parece que traes un aire nuevo, pero en realidad es el de siempre.<\/p>\n<p>P.- \u00bfC\u00f3mo afronta su primera gran cita en Vistalegre, a las puertas de Madrid, con ese gran cartel?<\/p>\n<p>R.- Es como un sue\u00f1o. Es como una actuaci\u00f3n estelar en una plaza cubierta. Encierra magia la tarde, por todo un poco.<\/p>\n<p>P.- \u00bfQu\u00e9 es lo m\u00e1s raro que le ha pasado en una plaza de toros?<\/p>\n<p>R.- Que un d\u00eda el toro en lugar de salir por el ruedo sali\u00f3 por el callej\u00f3n cuando le abrieron.<\/p>\n<p>P.- Querido Juan; \u00bfTen\u00edas algun tipo de premonici\u00f3n o inspiraci\u00f3n la ma\u00f1ana de la faena del pasado oto\u00f1o en Madrid? Gabriel Camero.<\/p>\n<p>R.- No. Conf\u00edaba en mi preparaci\u00f3n de todos estos a\u00f1os en el ostracismo. Pero con mucha actividad fuera de la plaza, aferrado a mi capote y mi muleta todos los d\u00edas para que no se me olvidase hacer el toreo. Con ese toreo imaginario en el toreo de sal\u00f3n. Eso me di\u00f3 seguridad.<\/p>\n<p>P.- \u00bfNos puede hacer una reflexi\u00f3n sobre Jos\u00e9 Tom\u00e1s? \u00bfNo da la sensaci\u00f3n, a veces, de que en el toreo &#8220;o \u00e9l, o nadie&#8221;? Much\u00edsima suerte.-<\/p>\n<p>R.- Jos\u00e9 Tom\u00e1s es un portento del toreo con una capacidad art\u00edstica sin fronteras, sin l\u00edmites. Y con un valor descomunal.<\/p>\n<p>P.- Buenos dias maestro, se acuerda usted de las 4 orejas de Barcelona del 89 y de las 3 cortadas al mes siguiente en la misma plaza. 7 orejas en dos tardes en La Monumental. Como ve la situaci\u00f3n en Catalunya confia en que podamos darle la vuelta a la tortilla? Y otra pregunta le veremos en La Monumental en esta temporada tan trascendental? Un saludo<\/p>\n<p>R.- Me acuerdo de ese a\u00f1o 89 con esas dos tardes maravillosas en una ciudad magn\u00edfica, como es Barcelona. La situaci\u00f3n es complicada. Pero espero que recuperemos el ritual.<\/p>\n<p>P.- Sr. Mora: con la experiencia que tiene, \u00bfpuede Vd. decirme si el entramado empresarial de los toros est\u00e1 actualmente anticuado en sus funcionamiento y si el p\u00fablico es menos entendido?<\/p>\n<p>R.- No est\u00e1 anticuado. Deber\u00eda estar anticuado porque los anticuados eran los buenos.<\/p>\n<p>P.- Buenas tardes maestro. Magn\u00edfico detalle cuando su hijo le acompa\u00f1\u00f3 en la vuelta al ruedo el pasado oto\u00f1o en Las Ventas, pero mi pregunta es \u00bfC\u00f3mo se le explica a un hijo el peligro que corre su padre delante de un toro? Mis mejores deseos de \u00e9xito para esta temporada. Saludos desde las Rozas<\/p>\n<p>R.- Mi hijo es listo, no hace falta que se lo explique. \u00c9l lo sabe.<\/p>\n<p>P.- En su larga carrera como matador, \u00bfcu\u00e1les son las tres tardes m\u00e1s importantes? \u00bfY los compa\u00f1eros que m\u00e1s admir\u00f3?<\/p>\n<p>R.- Madrid (oto\u00f1o 94 y oto\u00f1o 2010) y Pamplona en el 9He admirado a muchos, por no decir todos. Curro Romero, Manolo V\u00e1zquez, Anto\u00f1ete, Curro V\u00e1zquez, Emilio Mu\u00f1oz&#8230; La lista es muy larga.<\/p>\n<p>P.- \u00bfy una terna de los toreros que s\u00ed ha visto?<\/p>\n<p>R.- Manolo V\u00e1zquez, Anto\u00f1ete y Curro V\u00e1zquez. Y otra: Paco Camino, El Viti y Manzanares.<\/p>\n<p>P.- Se\u00f1or, \u00bfa Usted no le duele hacer sufrir a un animal malherido e indefenso?<\/p>\n<p>R.- A m\u00ed no me gusta hacerle sufrir. No lo miro bajo esa perspectiva. El toro nace para luchar y morir en una plaza de toros. Si no, no existir\u00eda.<\/p>\n<p>P.- Ponga un &#8220;pero&#8221; a la actitud actual de: los empresarios, los ganaderos, el p\u00fablico y, si quiere, a ustedes mismos los toreros. Muchas y mucha suerte maestro.<\/p>\n<p>R.- Cada uno vamos a nuestro aire y deber\u00edamos unirnos y aunar fuerzas juntos.<\/p>\n<p>P.- Maestro, buenas tardes desde Barcelona. \u00bfNo piensa que deben de ser ustedes, las verdaderas figuras (Jos\u00e9 Antonio Morante, Anto\u00f1ete, Paco Ojeda, Emilio Mu\u00f1oz..) quienes, verdaderamente, asesoraran art\u00edstica y espiritualmente a los aspirantes a toreros en las Escuelas Taurinas ? No me refiero ya, \u00fanicamente, a la t\u00e9cnica (imprescindibe tambi\u00e9n, para que no se perdiera la esencia del Toreo) sino humanamente, guiar a las personas que vocacionalmente su alma les lleva a intentar la aventura de ser torero. Much\u00edsimas gracias. Juan G. Serrano<\/p>\n<p>R.- En el toro el que sabe lo hace. Y el que no sabe ense\u00f1a a hacerlo. Con esto quiero decir que el mejor maestro no es precisamente el que haya sido figura. Hay muy buenos profesores que te ense\u00f1an.<\/p>\n<p>P.- Hola Maestro. \u00bfCree justo el rencor que tuvo con usted la plaza (mi plaza) de Las Ventas por unas desafortunadas declaraciones suyas hace ya muchos a\u00f1os? Personalmente, creo que dur\u00f3 demasiado tiempo. Un saludo.<\/p>\n<p>R.- Creo que aquello pas\u00f3 enseguida. El momento en que brind\u00e9 un toro a la afici\u00f3n en se\u00f1al de disculpa se olvid\u00f3 todo, precisamente porque Madrid no es rencorosa.<\/p>\n<p>P.- \u00bfSe ve matando una corrida de encaste &#8220;santacoloma&#8221; ahora que parece que vuelve a estar en auge?<\/p>\n<p>R.- S\u00ed. A m\u00ed me ha gustado mucho la ganader\u00eda de Buend\u00eda.<\/p>\n<p>P.- \u00bfCu\u00e1l ha sido tu cogida m\u00e1s fuerte?<\/p>\n<p>R.- En Ja\u00e9n en 200Me parti\u00f3 la femoral.<\/p>\n<p>P.- Maestro, me alegro mucho de su triunfo la temmporada pasada. Le veremos este a\u00f1o en Sevilla?. GRacias. Cabriola.<\/p>\n<p>R.- Creo que s\u00ed.<\/p>\n<p>P.- So\u00f1\u00f3 alguna vez con este renacer?<\/p>\n<p>R.- Siempre. Los toreros somos so\u00f1adores, pensadores y por eso nunca dej\u00e9 de sacrificarme y esforzarme pensando en que llegar\u00eda esto.<\/p>\n","protected":false},"excerpt":{"rendered":"<p>Tras el regreso triunfante a los ruedos de la pasada temporada y las buenas sensaciones en Am\u00e9rica, Juan Mora afronta un a\u00f1o en el que vuelve a ser uno de los referentes de las grandes ferias.<\/p>\n","protected":false},"author":1,"featured_media":0,"comment_status":"open","ping_status":"open","sticky":false,"template":"","format":"standard","meta":{"footnotes":""},"categories":[],"tags":[],"class_list":["post-3246","post","type-post","status-publish","format-standard","hentry"],"_links":{"self":[{"href":"https:\/\/intervius.com\/index.html\/wp-json\/wp\/v2\/posts\/3246","targetHints":{"allow":["GET"]}}],"collection":[{"href":"https:\/\/intervius.com\/index.html\/wp-json\/wp\/v2\/posts"}],"about":[{"href":"https:\/\/intervius.com\/index.html\/wp-json\/wp\/v2\/types\/post"}],"author":[{"embeddable":true,"href":"https:\/\/intervius.com\/index.html\/wp-json\/wp\/v2\/users\/1"}],"replies":[{"embeddable":true,"href":"https:\/\/intervius.com\/index.html\/wp-json\/wp\/v2\/comments?post=3246"}],"version-history":[{"count":0,"href":"https:\/\/intervius.com\/index.html\/wp-json\/wp\/v2\/posts\/3246\/revisions"}],"wp:attachment":[{"href":"https:\/\/intervius.com\/index.html\/wp-json\/wp\/v2\/media?parent=3246"}],"wp:term":[{"taxonomy":"category","embeddable":true,"href":"https:\/\/intervius.com\/index.html\/wp-json\/wp\/v2\/categories?post=3246"},{"taxonomy":"post_tag","embeddable":true,"href":"https:\/\/intervius.com\/index.html\/wp-json\/wp\/v2\/tags?post=3246"}],"curies":[{"name":"wp","href":"https:\/\/api.w.org\/{rel}","templated":true}]}}