{"id":3232,"date":"2011-02-25T00:00:00","date_gmt":"2006-11-06T00:00:00","guid":{"rendered":"https:\/\/intervius.com\/index.html\/?p=3232"},"modified":"2006-11-06T00:00:00","modified_gmt":"2006-11-06T00:00:00","slug":"Manuel_Rodriguez_Cuadros3232","status":"publish","type":"post","link":"https:\/\/intervius.com\/index.html\/Manuel_Rodriguez_Cuadros3232\/","title":{"rendered":"Manuel Rodr\u00edguez Cuadros"},"content":{"rendered":"<p>Pregunta.- POR QUE ES IMPORTANTE LA REFORMA DEL ESTADO? ESTA DE ACUERDO CON LA POLITICA ECONOMICA ACTUAL? SI \/ NO \u00bfPOR QUE ?. PENSANDO EN EL FUTURO DE NUESTROS HIJOS. \u00bfES IMPORTANTE LA INDUSTRIALIZACION? IMPULSARIA EL COOPERATIVISMO, YA QUE ESTA MODALIDAD DE EMPRESA SOCIAL TIENE EXITO EN OTROS PAISES DEL MUNDO?<\/p>\n<p>Respuesta.- La reforma del Estado es esencial. La actual Constituci\u00f3n no reconoce la naturaleza multi\u00e9tnica, pluricultural y pluriling\u00fce del Per\u00fa. Abrir\u00e9 el Estado a los pueblos originarios del Per\u00fa olvidados y marginados. La reforma del Estado debe tambi\u00e9n tecnificarlo, modernizarlo y hacer que deje de ser un Estado enemigo de los ciudadanos, sino un Estado amigo. Cambiar\u00e9 la pol\u00edtica econ\u00f3mica actual pues est\u00e1 hecha para favorecer a quienes m\u00e1s tienen solamente y margina del crecimiento a las grandes mayor\u00edas. S\u00ed impulsar\u00e9 el cooperativismo, como en otros pa\u00edses pr\u00f3speros del mundo.<\/p>\n<p>P.- \u00bfqu\u00e9 diferencias significativas habr\u00eda en un eventual gobierno suyo con relaci\u00f3n a uno del ex presidente Toledo?<\/p>\n<p>R.- La reforma del Estado, la industrializaci\u00f3n del pa\u00eds, las pol\u00edticas sociales y la lucha contra la corrupci\u00f3n.<\/p>\n<p>P.- \u00bfpor qu\u00e9 cree que las encuestas le confieren menos del 1% de los votos?<\/p>\n<p>R.- Mientras otros candidatos llevan cinco o diez a\u00f1os trabajando sus candidaturas, yo llevo solo 30 d\u00edas, sin embargo en Lima nuestra intenci\u00f3n de voto ya es 3% y para el congreso 4%. As\u00ed empez\u00f3 Susana Villar\u00e1n y gan\u00f3 la alclad\u00eda, yo espero que la ola verde se ampl\u00ede y conf\u00edo en la decisi\u00f3n del pueblo peruano. Fuerza Social es la garant\u00eda del cambio con estabilidad.<\/p>\n<p>P.- \u00bfQu\u00e9 har\u00eda usted para evitar la hu\u00edda de pueblos no contactados del Per\u00fa hacia la Amazonia brasile\u00f1a por la presi\u00f3n de los madereros etc? (seg\u00fan la fundaci\u00f3n brasile\u00f1a del indio)<\/p>\n<p>R.- Voy a cambiar radicalmenete la pol\u00edtica actual que olvida a los pueblos no contactados, que no hace nada para facilitar su desplazamiento. Mi gobierno defender\u00e1 los derechos de los pueblos no contactados y tendr\u00e1 una presencia efectiva del Estado para defenderlos de la violencia de los madereros.<\/p>\n<p>P.- Es cierto que alquilo una casa en Suiza por valor de 35,000 dolares mensuales a costa de los contribuyentes? Al respecto este arrendamiento fue cuestionado por el Presidente electo Alan Garc\u00eda mencionando que es exagerado que el pa\u00eds gaste \u201c35 mil d\u00f3lares al mes en alquilar una vivienda a un funcionario en Ginebra, cuando ese dinero es el equivalente al salario de 100 profesores\u201d.<\/p>\n<p>R.- Es abslutamente falso. Los embajadores no alquilamos casa, habitamos las que nos asigna el Estado, como los embajadores de Espa\u00f1a y de todo el Mundo. La propia canciller\u00eda de Alan Garc\u00eda investig\u00f3 esta difamaci\u00f3n y concluy\u00f3 lo evidente: que la casa del Estado en Suiza la alquila el Estado peruano y paga los alquileres que decide el Estado y que en el caso de Ginebra fue falsa la cantidad que se dijo y que yo somo como todos los embajadores del Per\u00fa, habitantes las casas que son de propiedad del Estado peruano o que son alquiladas por el Estado peruano. Soy el \u00fanico candidato que siendo Canciller pidi\u00f3 voluntariamente abrir el secreto bancario y de propiedades. Soy el \u00fanico candidato que ha probado honestidad en 28 a\u00f1os de servicio al Estado. Adem\u00e1s de la resoluci\u00f3n que aprob\u00f3 la Canciller\u00eda desmintiendo la calumnia, la propia fiscal\u00eda lo ha hecho se\u00f1alando que el alquiler fue legal, fue proporcionado a los intereses de la politica exterior, que se pag\u00f3 16 mil dolares, casi igual lo que se paga por el alquiler de la residencia en Madrid y Mosc\u00fa, entre otras ciudadades, y que mi gesti\u00f3n fue honesta y correcta. Como es obvio, ni siquiera firm\u00e9 ese contrato, pues repito, son residencias que el Esatdo alquila o compra y los embajadores solo las habitamos por el tiempo que dura nuestra gesti\u00f3n y luego la habitan los nuevos embajadores. Gracias por la pregunta.<\/p>\n<p>P.- \u00bfC\u00f3mo mejorar la educaci\u00f3n universitaria, se fortalecer\u00e1 la universidad p\u00fablica o se seguir\u00e1 facilitando la creaci\u00f3n de universidades privadas en desmedro de las p\u00fablicas? \u00bfSe modificar\u00e1 la actual Ley Universitaria, otorgando mayor participaci\u00f3n al estudiante universitario en la toma de decisiones? \u00bfEn cuanto incrementar\u00e1 el presupuesto de las universidades p\u00fablicas principalmente para investigaci\u00f3n?<\/p>\n<p>R.- Revalorizar\u00e9 y dar\u00e9 prioridad a la univesidad publica. Yo soy producto de la eduaci\u00f3n p\u00fablica del Per\u00fa, en el colegio y la Universidad. Dar\u00e9 una nueva ley universitaria, establecer\u00e9 un sistema de acreditaci\u00f3n de la calidad de la ense\u00f1anza universitaria para evitar que sigan surgiendo universidades privadas que son un enga\u00f1o para los alumnos y sus familias. En el Per\u00fa no se invierte casi nada en investigaci\u00f3n y ciencia y tecnolog\u00eda. 01% del PBI. Aumentar\u00e9 ese presupuesto al 0.7 % del PBI.<\/p>\n<p>P.- La seguridad nacional es un tema importantisimo para nuestro pa\u00eds: En los \u00faltimos a\u00f1os han crecido los porcentajes de crimines de diferente tipo, sobretodo en los lugares mas pobres e poco accesibles de nuestra patria, en su mayor\u00eda manejados por el narcotr\u00e1fico \u00bfCu\u00e1les son las medidas mas importantes y urgentes que tomar\u00eda su gobierno para evitar su propagaci\u00f3n? \u00bfCree realmente que es necesaria la intervenci\u00f3n de la milicia extranjera en nuestro pa\u00eds?<\/p>\n<p>R.- Al narcotr\u00e1fico lo derrotar\u00e9 con la polic\u00eda y las fuerzas armadas peruanas. Noa ceptar\u00e9 presencia extranjera. El Per\u00fa no puede, no debe seguir el camino de M\u00e9xico. Tendr\u00e9 una pol\u00edtica integral y severa, en\u00e9rgica de lucha contra el narcotr\u00e1fico en todos los puntos de la cadena; cultivo il\u00edcito, tr\u00e1fico de insumos qu\u00edmicos, producci\u00f3n de coca\u00edna, comercializaci\u00f3n y lavado de activos. Lamentablemente, en los \u00faltimos la lucha se ha centrado en el lado m\u00e1s d\u00e9bil de la cadena, la producci\u00f3n il\u00edcita, dejando muy c\u00f3modos los grandes intereses del narcotr\u00e1fico que se concentran en los otros puntos de la cadena.<\/p>\n<p>P.- en un hipot\u00e9tico gobierno suyo, estar\u00eda dispuesto a investigar todos los casos de corrupci\u00f3n de este y los gobiernos anteriores y aplicar severas penas a los culpables sin importar el cargo que tuvieran en el gobierno?<\/p>\n<p>R.- Ese es mi compromiso. Investigare todos los casos de corrupcion. Voy a declarar imprescriptibles los delitos de corrupcion, todo acto de corrupcion por diez ssoles o un millon de dolares sera investigado y sancionado y ademas el corrupto sera inhabilitado de por vida para trabajar en el Estado. Combatire tambien la corrupcion en el sector privado, que es algo de lo que nadie habla.<\/p>\n<p>P.- Acabo de volver de Lima que esta cubierta de carteles electorales y la verdad&#8230;..de usted no he visto. Alli solo hay Casta\u00f1eda, Keiko , Ollanta, Humala, y el arabe que no recuerdo su nombre y cuyos carteles dicen&#8230; &#8220;fumigemos el congreso.. &#8220;. Que reperesentacion tiene usted. ? Porque en Lima nadie me ha hablado de usted<\/p>\n<p>R.- Yo no pongo carteles ni anuncios ni spots publicitarios millonarios pues eso corrompe al candidato, pues despues hay que pagar los favores recibidos. Confio rn la movilizacion ciudadana. A parti del lune siniaciaremos una campana muy activa y creativa en internet. manuelpresidente.pe<\/p>\n<p>P.- Buenos Dias Sr. Manuel Cuadros, me llamo Luis Valverde, soy de Lima: Quisiera consultarle si en caso usted no pasara a segunda vuelta, \u00bfA que candidato apoyaria?<\/p>\n<p>R.- Trabajo para pasar a la segunda vuelta.<\/p>\n<p>P.- El voto reciente (4 meses) por FS-Susana Villar\u00e1n eligi\u00f3 para Lima( casi 1\/3 del pa\u00eds)una propuesta de izquierda moderna y frontal contra la corrupci\u00f3n y la discriminaci\u00f3n. \u00bfQue razones tiene para pensar que eso se repetir\u00e1 a nivel Per\u00fa votando por FS-Rodriguez Cuadros ? \u00bfQu\u00e9 es iguasl y qu\u00e9 diferente?<\/p>\n<p>R.- Confio plenamente que asi sera. Susana y yo representamos la honestidad, ;a decencia y el cambio en la politica. La diferencia basica es que la eleccion presidencial es mas compleja y se necesitan mayores recursos. Pero confio plenamente en la movilizacion ciudadana.<\/p>\n<p>P.- Conseguir\u00e1 reducir los focos de pobreza extrema de Lima, las malas comunicaciones con el resto del pa\u00eds, la carencia de medios y de formaci\u00f3n en la polic\u00eda (factor sumado a la pobreza que nos lleva a vivir a diario con la delincuencia) y, por \u00faltimo, podr\u00e1 evitar la angosta diferencia de clases existente?<\/p>\n<p>R.- si lo hare. Como ? Industrializando el pais y con la transformacion productiva y tecnologica del la Agricultura. Con ello creare dos millones setecientos mil empleos. Pero ademas redistribuire el ingreso a traves de educaion,salud, pensiones, vivienda, acceso a la justicia, agua y desague para todos. Todo ello lo financiare con el aumento del 30 al 35 % de l impuesto a la renta a las mineras y aumentando la presion tributaria del 13 al 18 por ciento. Se puede manejar responsablemente la economia, mantener el crecimiento y al mismo tiempo resolver la grave situacion d eprobreza y desigualdad que hay en el Peru.<\/p>\n<p>P.- Sres.muy buenos dias: como combatir\u00e1n la delincuencia que roban a casas o en las calles que cuando caminamos nos cuadran.<\/p>\n<p>R.- Aunque parezaca mentira en el Peru un dia la policia esta al servicio del Estado y la seguridad ciudadana y alo otro dia, con uniforme, son huachimanes o empleados de de bancos, personas, comercios o empresas. Yo terminare con esto. La policia estara a tiempo completo en la seguridad ciudada. Tambie dispondre carcel efectiva para los llamados delitos menores y propiciare la participacion de los ciudadanos en la seguridad de las personas.<\/p>\n<p>P.- Muy buenas Sr. Rodr\u00edguez. \u00bfCree que Jaime Bayly hubiera sido un buen pol\u00edtico para el Per\u00fa? Aunque no fuese de presidente. Gracias.<\/p>\n<p>R.- Si,creo que si.<\/p>\n<p>P.- Para los profesionales peruanos fuera del Pa\u00eds que desean regresar que har\u00eda un probable gobierno suyo!!<\/p>\n<p>R.- Una pol\u00edtica de recuperaci\u00f3n de talento con trabajo bien remunarado y facilidades para su regreso a Per\u00fa.<\/p>\n<p>P.- Soy un peruano residente en Austria desde hace 5 a\u00f1os y veo al per\u00fa con a\u00f1oranza y con deseos de volver a mi villorio andino ( San marcos de Rocchac) nor oriente de Tayacaja. Pero a ninguno de los candidatos veo con un gran proyecto para esos millones de peruanos que viven en pueblos olvidados de las alturas. todos se centran en Lima y otras grandes ciudades. Ud. tambi\u00e9n? Creo que el futuro del Per\u00fa est\u00e1 en esos pueblos y no en Lima, Arequipa o Chiclayo. Aprendamos de los austriacos o alemanes: desarrollar el campo. Jes\u00fas Huam\u00e1n<\/p>\n<p>R.- La prioridad de mi gobierno es la agricultura en la tierra, los pueblos olvidados, sacaremos de la pobreza con riego tecnificado a cerca de 2.500.000 campesinos. La educaci\u00f3n en la sierra ser\u00e1 en aymara y espa\u00f1ol y en quechua y en espa\u00f1ol. Seremos el gobierno de los marginados y olvidados.<\/p>\n<p>P.- Que acciones tomaria su gobierno para mejorar la educacion y reducir la fuga de talento al extranjero?<\/p>\n<p>R.- Vamos a reformar la educaci\u00f3n para orientarla al trabajo productivo, a las ciencias y las nuevas tecnolog\u00edas. Vamos a pasar de invertir 800 soles en cada alumno a 2.500 soles para tener una educaci\u00f3n de calidad.<\/p>\n<p>P.- Buenos d\u00edas desde Espa\u00f1a. Si saliera ganador, \u00bfva a realizar alg\u00fan tipo de avance en pol\u00edtica sanitaria? \u00bfgarantizar\u00e1 una sanidad p\u00fablica que llegue a toda la poblaci\u00f3n peruana? Por ejemplo, ayer se public\u00f3 una noticia en los peri\u00f3dicos sobre una ni\u00f1a que sufr\u00eda quemaduras en el 90% de su cuerpo tras un incendio en un asentamiento de El Callao. Es una ni\u00f1a sin recursos econ\u00f3micos y los m\u00e9dicos no la van a operar hasta que no vean el dinero. Probablemente la peque\u00f1a muera si no se hace algo. \u00bfC\u00f3mo va a solucionar problemas de este tipo? Muchas gracias.<\/p>\n<p>R.- Voy a reformar todo el sistema de salud para que nunca m\u00e1s en el Per\u00fa la gente muera por ausencia de recursos para atender su salud o comprar medicinas. Las personas que no tengan ingresos recibir\u00e1n una salud de calidad gratuita.<\/p>\n<p>P.- Buenos dias, en su opinion, cuales son los principales logros de Alan Garcia en esta ultima legislatura? Gracias y muchas suerte<\/p>\n<p>R.- Mantener el crecimiento econ\u00f3mico, pero su peor defecto es la corrupci\u00f3n y el no extender el crecimiento a la mayor\u00eda del pa\u00eds.<\/p>\n<p>P.- que reformas hara en un eventual gobierno suyo.<\/p>\n<p>R.- Reforma del Estado, reforma tributaria, de la Educaci\u00f3n y de la Salud.<\/p>\n<p>P.- Alguna opini\u00f3n sobre las protestas en el mundo \u00e1rabe y la mejora de la democracia en esa regi\u00f3n. Muchas gracias.<\/p>\n<p>R.- Condeno la violencia represiva en Libia y espero que se instaure un r\u00e9gimen democr\u00e1tico.<\/p>\n<p>P.- Hola embajador. Hemos crecido econ\u00f3micamente, pero qu\u00e9 necesitamos para que esto sea sostenible en el largo plazo.<\/p>\n<p>R.- Necesitamos industrializar el pa\u00eds, reducir la pobreza y la desigualdad.<\/p>\n<p>P.- \u00bfDigame usted, podria decirme cual es la diferencia sustancial, principal entre usted y los otros candidatos, porque deber\u00eda votar por usted y no votar por los otros?<\/p>\n<p>R.- Porque somos la \u00fanica fuerza pol\u00edtica que va a reformar el Estado y va a cambiar la pol\u00edtica econ\u00f3mica incrementando el crecimiento y disminuyendo las desigualdades. Somos la renovaci\u00f3n de la pol\u00edtica peruana.<\/p>\n<p>P.- Sr Manuel Rodriguez, si Ud. es elegido Presidente de Peru tendra relaciones diplomaticas con el regimen dictatorial de Raul Castro en Cuba?<\/p>\n<p>R.- El Per\u00fa nunca ha roto relaciones con Cuba, yo propiciar\u00e9 el tr\u00e1nsito de Cuba a una sociedad democr\u00e1tica.<\/p>\n<p>P.- Qu\u00e9 hacer con los pueblos olvidados del sur andino? C\u00f3mo piensa ayudarlos para salir adelante?<\/p>\n<p>R.- Vamos a transformar la agricultura andina con tecnolog\u00edas compatibles con sus saberes ancestrales y vamos a aplicar programas sociales de lucha contra la pobreza y la discriminaci\u00f3n. Voy a aprobar una ley contra la discriminaci\u00f3n racial en el Per\u00fa.<\/p>\n<p>P.- Hola. Propone una reforma judicial? La podr\u00eda explicar brevemente.<\/p>\n<p>R.- La reforma judicial va a significar tres cosas: primero, la lucha contra la corrupci\u00f3n en la Justicia. Segundo, la democratizaci\u00f3n del acceso a la justicia. Tercero, eficacia e inmediatez en la administraci\u00f3n de justicia.<\/p>\n<p>P.- Se\u00f1or Rodr\u00edguez, en las agitadas y amb\u00edguas circunstancias de la pol\u00edtica peruana, \u00bfse siente m\u00e1s comodo con Susana Villar\u00e1n o con Alejandro Toledo?, dicho de otra manera; ambas personas \u00bfno vendr\u00edan a representar lo mismo? (de lo que muchos est\u00e1n hartos, me incluyo). Gracias por la respuesta. Juan Carlos de Per\u00fa<\/p>\n<p>R.- Con Alejandro Toledo tengo amistad, igual que con Susana Villar\u00e1n, pero mis coincidencias pol\u00edticas son con Susana Villar\u00e1n.<\/p>\n<p>P.- Ud q es diplom\u00e1tico? C\u00f3mo usar\u00e1 la Internet para mejorar los servicios consulares para los peruanos en el exterior?<\/p>\n<p>R.- Voy a reformar los servicios consulares y har\u00e9 que muchas de las actuaciones consulares se hagan por Internet, desde los actos notariales hasta la solicitud de pasaporte y DNI.<\/p>\n<p>P.- Qu\u00e9 obras de infraestructura grandes para el pa\u00eds realizar\u00e1 durante un eventual gobierno suyo?<\/p>\n<p>R.- Voy a construir 80.000 kil\u00f3metros de caminos rurales para integrar al Per\u00fa con sus propias provincias y pueblos.<\/p>\n<p>P.- Si es presidente c\u00f3mo manejar\u00e1 un fallo favorables al Per\u00fa en la Haya y c\u00f3mo uno desfavorables. Qu\u00e9 caminos tomar\u00e1 en ambas situaciones.<\/p>\n<p>R.- El Per\u00fa va a cumplir la sentencia del Tribunal de La Haya. Estoy seguro de que Chile tambi\u00e9n lo har\u00e1. Tengo plena confianza en que, como el canciller decidi\u00f3 llevar el caso a la Corte el fallo ser\u00e1 favorable al Per\u00fa.<\/p>\n<p>P.- \u00bfQu\u00e9 le parece que un tercio de la poblaci\u00f3n viva en Lima? \u00bfQue har\u00eda para equilibrar la balanza con las ciudades de provincia?<\/p>\n<p>R.- En el Per\u00fa hay un desequilibrio f\u00edsico-social. La soluci\u00f3n es la descentralizaci\u00f3n y la industrializaci\u00f3n, y la transformaci\u00f3n productiva de la agricultura en el interior del pa\u00eds.<\/p>\n<p>P.- Que har\u00e1 usted para combatir la corrupcion en el Per\u00fa<\/p>\n<p>R.- Declarar\u00e9 imprescriptibles los delitos de corrupci\u00f3n y todo corrupto ser\u00e1 inhabilitado de por vida para trabajar en el Estado.<\/p>\n<p>P.- Le gustar\u00eda que Vargas Llosa regresase a vivir al Per\u00fa?<\/p>\n<p>R.- S\u00ed, pero creo que es tambi\u00e9n bueno que viva entre el Per\u00fa y Espa\u00f1a.<\/p>\n<p>P.- Cu\u00e1l es el motivo para que el fujimorismo sigue vivo a\u00fan en Per\u00fa despu\u00e9s de tantas tropel\u00edas?<\/p>\n<p>R.- Los tent\u00e1culos de la corrupci\u00f3n.<\/p>\n<p>P.- Como piensa manejar el problema de la miner\u00eda ilegal en Madre de Dios y el resto del pa\u00eds?.<\/p>\n<p>R.- Vamos a erradicar la miner\u00eda informal depredadora del medio ambiente.<\/p>\n","protected":false},"excerpt":{"rendered":"<p>El candidato a la Presidencia de Per\u00fa por el partido Fuerza Social ha respondido las preguntas de los lectores. LEA M\u00c1S NOTICIAS DE AM\u00c9RICA EN ELMUNDO.ES<\/p>\n","protected":false},"author":1,"featured_media":0,"comment_status":"open","ping_status":"open","sticky":false,"template":"","format":"standard","meta":{"footnotes":""},"categories":[],"tags":[],"class_list":["post-3232","post","type-post","status-publish","format-standard","hentry"],"_links":{"self":[{"href":"https:\/\/intervius.com\/index.html\/wp-json\/wp\/v2\/posts\/3232","targetHints":{"allow":["GET"]}}],"collection":[{"href":"https:\/\/intervius.com\/index.html\/wp-json\/wp\/v2\/posts"}],"about":[{"href":"https:\/\/intervius.com\/index.html\/wp-json\/wp\/v2\/types\/post"}],"author":[{"embeddable":true,"href":"https:\/\/intervius.com\/index.html\/wp-json\/wp\/v2\/users\/1"}],"replies":[{"embeddable":true,"href":"https:\/\/intervius.com\/index.html\/wp-json\/wp\/v2\/comments?post=3232"}],"version-history":[{"count":0,"href":"https:\/\/intervius.com\/index.html\/wp-json\/wp\/v2\/posts\/3232\/revisions"}],"wp:attachment":[{"href":"https:\/\/intervius.com\/index.html\/wp-json\/wp\/v2\/media?parent=3232"}],"wp:term":[{"taxonomy":"category","embeddable":true,"href":"https:\/\/intervius.com\/index.html\/wp-json\/wp\/v2\/categories?post=3232"},{"taxonomy":"post_tag","embeddable":true,"href":"https:\/\/intervius.com\/index.html\/wp-json\/wp\/v2\/tags?post=3232"}],"curies":[{"name":"wp","href":"https:\/\/api.w.org\/{rel}","templated":true}]}}