{"id":3231,"date":"2011-02-28T00:00:00","date_gmt":"2006-11-06T00:00:00","guid":{"rendered":"https:\/\/intervius.com\/index.html\/?p=3231"},"modified":"2006-11-06T00:00:00","modified_gmt":"2006-11-06T00:00:00","slug":"Radomir_Antic3231","status":"publish","type":"post","link":"https:\/\/intervius.com\/index.html\/Radomir_Antic3231\/","title":{"rendered":"Radomir Antic"},"content":{"rendered":"<p>Pregunta.- Buenos d\u00edas Radomir. Como atletico bueno que eres seguro que te alegr\u00f3 el gol de Koke. Le ves fundamentos para ser titular muchos a\u00f1os en nuestro Atleti? Un placer saludarte. Manuel Jes\u00fas.<\/p>\n<p>Respuesta.- Por supuesto. Aunque actuar por la izquierda no le favorece demasiado, en cada partido debe ser consciente de que jugar es ya una oportunidad.<\/p>\n<p>P.- Le da la sensaci\u00f3n de que el Real Madrid da por perdida la Liga??<\/p>\n<p>R.- No es esa la \u00fanica sensaci\u00f3n, pues el nerviosismo es el verdadero signo de preocupaci\u00f3n, ya que no favorece el juego de equipo; Pepe, por ejemplo, con su nerviosismo no ayuda al equipo.<\/p>\n<p>P.- Ha vivido usted un caso similar al que pasa la plantilla del Rayo Vallecano? Tanto descentra a un jugador no cobrar? Y las declaraciones de la presidenta qu\u00e9 le parecieron?<\/p>\n<p>R.- No, a mi no me ha pasado. Pero sobre el Rayo, puedo decir que es l\u00f3gico que la situaci\u00f3n se relfeje en el campo.<\/p>\n<p>P.- Mi pregunta es sobre el equipo al que los dos amamos. Es imprescindible la presencia de David de Gea en la plantilla del Atl\u00e9tico de Madrid para volver a crear un equipo campe\u00f3n?? Desgraciadamente, porque creo que le van a vender, yo creo que s\u00ed&#8230;<\/p>\n<p>R.- Creo que s\u00ed. Es un jugador que transmite poder\u00edo. Aun as\u00ed, tiene a otros jugadores por detr\u00e1s, como Joel, que podr\u00edan solventar la posible salida de De Gea.<\/p>\n<p>P.- \u00bfEs usted partidario de sancionar comportamientos como el de David Navarro, jugador del Valencia, en San Mam\u00e9s? Un saludo genio. Ra\u00fal.<\/p>\n<p>R.- Rotundamente s\u00ed. Debe ser sancionado para que sirva como ejemplo y que no vuelva a ocurrir, porque es una cosa que no favorece la imagen del f\u00fatbol.<\/p>\n<p>P.- Hola, cuando pensamos en los cuatro o cinco grandes futbolistas de la historia creo que todos nos ponemos mas o menos de acuerdo, pero creo que no hay la misma unanimidad con los entrenadores&#8230; \u00bfA que crees que se debe? y \u00bfcual seria tu ranking? Saludo y gracias.<\/p>\n<p>R.- Juzgar a mis colegas no es nada f\u00e1cil, pues cada entrenador trabaja en diferentes condiciones. Es evidente que cada \u00e9poca se ajusta con un entrenador que haga un cambio radical en su juego, pero no me mojo al respecto.<\/p>\n<p>P.- Hola, sinceramente estoy harto de las excusas de Mourinho, cuando no son los arbitros, son los horarios&#8230; todo para conseguir que no se hable de futbol en las ruedas de prensa, ni de sus fallos tacticos. Kak\u00e1 no est\u00e1 para ser titular y s\u00ed para que vaya entrando en las segundas partes con los partidos ya de cara, Di Maria debe ser titular, etc&#8230;La competici\u00f3n es mejorable, como todas, pero estoy algo harto de que este recien llegado este continuamente dando lecciones.Las televisiones mandan y gracias a ellas el puede fichar grandes jugadores. Gracias y un saludo.<\/p>\n<p>R.- Creo que Mourinho no habla de lo que tiene que hablar. Le falta discutir verdaderamente sobre f\u00fatbol; por ejemplo la ausencia de Pedro Le\u00f3n en Riazor, que si hubiese estado habr\u00eda ofrecido algo que el equipo no ten\u00eda en algunos momentos.<\/p>\n<p>P.- Radomir, s\u00e9 que fuiste un enamorado del Sevilla de los t\u00edtulos. \u00bfA qu\u00e9 crees que se debe su ca\u00edda y c\u00f3mo volver a estar arriba?<\/p>\n<p>R.- Creo que es evidente que el Sevilla enamor\u00f3 en esa \u00e9poca con un f\u00fatbol de autoridad y conjunto. Pero ahora, con las mismas aspiraciones, hay jugadores que se creen estar por encima del grupo. Sin embargo, la llegada de Rakitic est\u00e1 justificando el buen hacer de la directiva para solventar el problema.<\/p>\n<p>P.- Radomir \u00bfcrees que la soluci\u00f3n del Atleti es tirar de la cantera? Hacer un fichaje por a\u00f1o de garant\u00edas y el resto gente de la cantera d\u00e1ndoles tiempo. \u00bfLo ves factible en el Calder\u00f3n?<\/p>\n<p>R.- El Atleti tiene motivos de sobra para analiza su situaci\u00f3n actual. Elegir un camino no es nada f\u00e1cil y lo equivocado ser\u00eda que la cantera, en caso de florecer, fuera la excusa donde se centraran las cr\u00edticas.<\/p>\n<p>P.- Hola Sr. Antic. Le admiro como profesional del futbol, por sus conocimientos y por su educaci\u00f3n. Soy del Betis y mi pregunta es: \u00bfNo le parece RIDICULO que semana tras semana la prensa trate de comparar a C. Ronaldo (un jugador excelente) con Leo Messi (un jugador de otro mundo)?<\/p>\n<p>R.- Yo creo que las \u00faltimas actuaciones han acallado estas comparaciones. Las cosas se han puesto solas en su sitio.<\/p>\n<p>P.- hola radomir soy juanma de cadiz un saludo bueno te pregunto \u00bf quien ve mejor para el madrid en el cenro campo borja valero o cesc?<\/p>\n<p>R.- Son dos grandes jugadores pero la apuesta futbol\u00edstica del Real Madrid no favorece a ninguno de ellos, ya que no existe movimiento por delante del bal\u00f3n.<\/p>\n<p>P.- Cuando uno recuerda como Gil animaba a los jugadores, viendo como el nuevo dirigente indio del Santander tambien motiva los suyos, no crees que eso es lo que necesita ante todo el Atl\u00e9ti (plagado de buenos jugadores), que los dirigentes vivan esa f\u00e9 rojiblanca y la transmitan y compartan ?<\/p>\n<p>R.- Por supuesto, esto llena de moral. Y se ve en los buenos resultados que est\u00e1 logrando el Racing y en el juego desplegado.<\/p>\n<p>P.- Es Mestalla el campo m\u00e1s complicado que le queda al Barcelona? Si ganan all\u00ed, se habr\u00e1 acabado la Liga?<\/p>\n<p>R.- All\u00ed el Barcelona no debe preocuparse, pues no s\u00f3lo tiene ventaja de puntos sino que adem\u00e1s est\u00e1 jugando bajo presi\u00f3n con gran solvencia. Adem\u00e1s, los resultados del Valencia est\u00e1n por encima de su juego, que no es colectivo.<\/p>\n<p>P.- A qu\u00e9 cree que se debe el gran rendimiento de Reyes en los \u00faltimos partidos? Usted e spartidario de juagr con dos extremos o sacrificar a uno de los dos y poner a un tercer mediocentro. En este Atle\u00b4tico de Madrid me refiero.<\/p>\n<p>R.- Yo, sinceramente, no lo calificar\u00eda de gran rendimiento. Aunque su talento es innegable, no basta s\u00f3lo con un gol o una aistencia y \u00e9l mismo no tiene que estar satisfecho de su juego, ya que puede dar mucho m\u00e1s de s\u00ed.<\/p>\n<p>P.- \u00bfporque parece se sigue critcando a Unai Emery, cuando el Valencia con los jugadores que le han vendido, el caos economico del club, a pesar de todo, esta tercero en una liga fuerte, esta en la champions, etc.. porque crees que son esas criticas desde la misma aficion valencianista?<\/p>\n<p>R.- Emery est\u00e1 haciendo una buena temporada, pero su juego carece de dominio y autoridad en los partidos en casa, as\u00ed que la afici\u00f3n le exige m\u00e1s.<\/p>\n","protected":false},"excerpt":{"rendered":"<p>El t\u00e9cnico serbio, ex entrenador de Real Madrid, Barcelona y Atl\u00e9tico, contestar\u00e1 a las preguntas de los lectores todos los lunes en su consultorio: la Liga espa\u00f1ola, los torneos europeos, la Champions&#8230; Charle de f\u00fatbol con uno de los entrenadores m\u00e1s experientados del panorama futbol\u00edstico mundial.<\/p>\n","protected":false},"author":1,"featured_media":0,"comment_status":"open","ping_status":"open","sticky":false,"template":"","format":"standard","meta":{"footnotes":""},"categories":[],"tags":[],"class_list":["post-3231","post","type-post","status-publish","format-standard","hentry"],"_links":{"self":[{"href":"https:\/\/intervius.com\/index.html\/wp-json\/wp\/v2\/posts\/3231","targetHints":{"allow":["GET"]}}],"collection":[{"href":"https:\/\/intervius.com\/index.html\/wp-json\/wp\/v2\/posts"}],"about":[{"href":"https:\/\/intervius.com\/index.html\/wp-json\/wp\/v2\/types\/post"}],"author":[{"embeddable":true,"href":"https:\/\/intervius.com\/index.html\/wp-json\/wp\/v2\/users\/1"}],"replies":[{"embeddable":true,"href":"https:\/\/intervius.com\/index.html\/wp-json\/wp\/v2\/comments?post=3231"}],"version-history":[{"count":0,"href":"https:\/\/intervius.com\/index.html\/wp-json\/wp\/v2\/posts\/3231\/revisions"}],"wp:attachment":[{"href":"https:\/\/intervius.com\/index.html\/wp-json\/wp\/v2\/media?parent=3231"}],"wp:term":[{"taxonomy":"category","embeddable":true,"href":"https:\/\/intervius.com\/index.html\/wp-json\/wp\/v2\/categories?post=3231"},{"taxonomy":"post_tag","embeddable":true,"href":"https:\/\/intervius.com\/index.html\/wp-json\/wp\/v2\/tags?post=3231"}],"curies":[{"name":"wp","href":"https:\/\/api.w.org\/{rel}","templated":true}]}}