{"id":3227,"date":"2011-03-02T00:00:00","date_gmt":"2006-11-06T00:00:00","guid":{"rendered":"https:\/\/intervius.com\/index.html\/?p=3227"},"modified":"2006-11-06T00:00:00","modified_gmt":"2006-11-06T00:00:00","slug":"Manuela_Velles3227","status":"publish","type":"post","link":"https:\/\/intervius.com\/index.html\/Manuela_Velles3227\/","title":{"rendered":"Manuela Vell\u00e9s"},"content":{"rendered":"<p>Pregunta.- Hola Manuela. Vi Secuestrados y es incre\u00edble la tensi\u00f3n que genera, sal\u00ed de la sala temblando y pienso que hay que destacar mucho el trabajo de todos los actores; se nota que os dejasteis la piel. \u00bfPuede haber sido tu rodaje m\u00e1s complicado? Un beso fuerte y enhorabuena&#8230; \ud83d\ude42<\/p>\n<p>Respuesta.- Hola, muchas gracias. Desde luego ha sido el trabajo m\u00e1s dif\u00edcil que he hecho y tambi\u00e9n el m\u00e1s arriesgado ya que en el inicio no ten\u00edamos claro c\u00f3mo iba a quedar. Hubo cierta preparaci\u00f3n y tiempo de ensayos, pero la verdadera puesta en escena fue ya en el rodaje y los actores nos expusimos a vivir casi un secuestro real.<\/p>\n<p>P.- Hola Manuela, bonito nombre, te llamas como mi mujer. Mi pregunta es, \u00bfcuando ponen la nueva temporada de Hispania? estoy ansioso y muy enganchado. Espectacular serie y espectacular tu trabajo. Enhorabuena<\/p>\n<p>R.- Qu\u00e9 bien que te guste tanto Hispania. Acabamos de empezar el rodaje de la segunda temporada y creo que se comenzar\u00e1 a emitir a partir de abril. Entran nuevos personajes y sigue siendo una serie de aventuras en la que se lucha por el honor y el amor.<\/p>\n<p>P.- Hola Manuela. Me encantaste en Secuestrados. Ese plano secuencia en el que t\u00fa tienes que llevar todo el peso de la acci\u00f3n y transmitir tantas cosas seguidas, bufff, me pusiste los pelos de punta. Como actriz y a su vez espectadora&#8230; \u00bfEntiendes que haya gente que &#8220;disfrute&#8221; pasandolo mal viendo este tipo de pel\u00edculas? A ver si alguna vez nos regalas esa preciosa voz que tienes en un disco, wapa. Un beso!<\/p>\n<p>R.- Lo entiendo perfectamente. Creo que el cine est\u00e1 para hacernos sentir cosas. Esta pel\u00edcula es una experiencia brutal que te mantiene en tensi\u00f3n en la butaca desde el principio hasta el final. Yo como actriz tambi\u00e9n sent\u00ed esta adrenalina que se siente al experimentar algo tan extremo. Creo que en Secuestrados el espectador siente lo mismo.<\/p>\n<p>P.- \u00bfCu\u00e1l fue el primer paso que diste para convertirte en actriz? \u00bfTe apuntaste a una agencia? \u00bfCu\u00e1l fue tu primer c\u00e1sting?<\/p>\n<p>R.- Lo primero que hice fue apuntarme a una escuela de interpretaci\u00f3n. Soltarme, perder la verg\u00fcenza, improvisar. Despu\u00e9s me present\u00e9 a alg\u00fan c\u00e1sting y tuve la enorme suerte de encontrar a mi representante muy pronto. Mi primer c\u00e1sting fue para una pel\u00edcula de miedo, qu\u00e9 casualidad.<\/p>\n<p>P.- Si hicieran un remake en Hollywood de Secuestrados, \u00bfqui\u00e9n te gustar\u00eda que hiciera tu papel y quien escoger\u00edas como director?<\/p>\n<p>R.- Para mi papel me escojo a m\u00ed&#8230; aunque no s\u00e9 si me apetecer\u00eda repetir la experiencia. Si no, puestos a pedir, elijo a Natalie Portman, que me tiene fascinada. Que la dirija Haneke y le ponga el punto psicol\u00f3gico y formal.<\/p>\n<p>P.- Hola Manuela, me impact\u00f3 tu interpretaci\u00f3n en &#8220;Camino&#8221;. Siendo una pel\u00edcula de tem\u00e1tica muy dura por la enfermedad de la ni\u00f1a, creo que tu papel y la frialdad del personaje respecto de la situaci\u00f3n era, con mucho, lo m\u00e1s dif\u00edcil de digerir de la pel\u00edcula. \u00bfLo ves as\u00ed? \u00bfSe te hizo dif\u00edcil? Creo que eres talento puro, adem\u00e1s de un mujer incre\u00edblemente guapa. Mucha suerte<\/p>\n<p>R.- Qu\u00e9 bien, muchas gracias. Fue un personaje complicado por su introversi\u00f3n y sutileza. Era todo contenci\u00f3n y medida. Lo que m\u00e1s me cost\u00f3 al principio era comprender la forma de actuar de Nuria. Luego fue un personaje al que quise much\u00edsimo.<\/p>\n<p>P.- Felicidades x tu tabajo.Te vi en camino y en caotica Ana.\u00bfTe gustaria estar en el teatro?.\u00bfY desde peque\u00f1ita supiste que querias ser actriz?.Myryan,Madrid.-<\/p>\n<p>R.- Me muero por hacer teatro. \u00daltimamente siempre que veo alguna funci\u00f3n me emociono imagin\u00e1ndome subida al escenario. Espero que me llegue pronto ya que ten\u00eda un proyecto y se ha retrasado. De peque\u00f1ita quer\u00eda ser cantante y despu\u00e9s form\u00e9 parte del grupo teatral del colegio. Con 14 a\u00f1os hice mi primer curso de interpretaci\u00f3n y so\u00f1aba con ser actriz.<\/p>\n<p>P.- Hola Manuela.\u00a1Felicidades por Secuestrados!\u00a1Que tensi\u00f3n de pelicula!Se pasa en un suspiro y sales del cine aliviado..y dando gracias por no tener un alto poder adquisitivo. Te v\u00ed en mi ciudad en la Seminci y me habr\u00eda gustado hacerme una foto contigo o simplemente saludarte y decirte lo que me gusta tu trabajo pero me dio verg\u00fcenza.Eres todav\u00eda m\u00e1s guap\u00edsima al natural que en la pantalla.\u00bfQue te pareci\u00f3 la Seminci?\u00bfVolver\u00e1s alg\u00fan a\u00f1o?Mucha suerte con Secuestrados,Hispania y lo que queda por venir.Besos.Jes\u00fas<\/p>\n<p>R.- Muchas gracias, Jes\u00fas. Ya he estado dos veces en la Seminici. La primera con el corto de Leticia Dolera Lo siento, te quiero y este a\u00f1o con Retornos de Luis Avil\u00e9s. Es un festival que me encanta y siempre me han tratado fenomenal en tu ciudad. Espero volver pronto.<\/p>\n<p>P.- \u00a1Hola! No puedo evitar cada vez que aparece su nombre venirme a la cabeza un pueblo de Salamanca que se llama &#8220;La Vell\u00e9s&#8221;. Quer\u00eda preguntarle \u00bfLe ha llevado la curiosidad alguna vez a este pueblo que coincide con su apellido? Un saludo<\/p>\n<p>R.- Alguna vez me lo hab\u00edan contado, pero nunca lo he visitado. Alguna vez ir\u00e9 y me har\u00e9 una foto en el cartel de entrada. No s\u00e9 muy bien de d\u00f3nde proviene mi apellido. Creo que es franc\u00e9s.<\/p>\n<p>P.- \u00a1Manuela! Que d\u00edas m\u00e1s ajetreados \u00faltimamente (entre rodajes, entrevistas y dem\u00e1s eventos) y que feliz se te ve siempre. Debe ser verdad que sarna con gusto no pica. \u00bfPero entre tanto estr\u00e9s queda tiempo libre para ti? Besos desde M\u00e1laga<\/p>\n<p>R.- La verdad es que me encanta trabajar, sobre todo cuando alg\u00fan proyecto en el que estoy va muy bien y gusta a la gente. Ahora estoy en un muy buen momento y estoy disfrut\u00e1ndolo. Mi tiempo libre \u00faltimamente lo he dedicado a ir al cine a ver las pelis de los Oscar.<\/p>\n<p>P.- Hola Manuela. Soy un aficionado al cine, y al mismo tiempo, estudiante de Historia, asi que uno lo mejor de dos mundos, ciencia y arte. \u00bfC\u00f3mo puedo hacer para unirme como asesor, y como actor, en la serie &#8220;Hispania&#8221;, para cobrar el doble? Jeje. Y otra pregunta, sobre t\u00ed: \u00bferes tan comprensiva y contradictoria como tus personajes?<\/p>\n<p>R.- A la primera pregunta siento no poder ayudarte. Pero si lo consigues, no dudes en saludarme por el plat\u00f3. A la siguiente, creo que has dado en el clavo. Intento ser siempre comprensiva ya sea con mis amigos y familia como cuando conformo un personaje. A lo de contradictoria creo que todos lo somos un poco. Yo tengo grandes cambios de humor y cambio bastante de opiniones.<\/p>\n<p>P.- Manuela. \u00bfC\u00f3mo conseguiste acceder al papel que tienes en Secuestrados e Hispania? Me pareces una gran actriz y espero que siga teniendo \u00e9xito la serie y mejore la taquilla Secuestrados.<\/p>\n<p>R.- Con Hispania hice un c\u00e1sting muy grande en el que pens\u00e9 que no me iban a coger. Para mi sorpresa, me llamaron tres semanas despu\u00e9s. No par\u00e9 de dar saltos de alegr\u00eda. El gui\u00f3n de Secuestrados lleg\u00f3 a mis manos de la productora de la \u00faltima pel\u00edcula que hab\u00eda hecho, Retornos. Me apeteci\u00f3 much\u00edsimo el proyecto desde el principio.<\/p>\n<p>P.- Hola Manuela! Me encantas de verdad, eres una gran actriz. Queria preguntarte: Das algun consejo en especial para todos aquellos que queramos estar en este mundo de la interpretacion? Un beso muy fuerte!<\/p>\n<p>R.- Trabajar desde la verdad, la ilusi\u00f3n, la pasi\u00f3n, la confianza&#8230; y ser persistente. Siempre creer\u00e9 que hay que luchar por lo que uno quiere. Y creer que uno es capaz de cualquier cosa.<\/p>\n<p>P.- Hola Manuela.El hecho de que debutases con una pelicula tan personal como Caotica Ana\u00bf no te hizo temblar un poco las piernas por la responsabilidad?Un saludo<\/p>\n<p>R.- Absolutamente s\u00ed. Al comienzo pas\u00e9 much\u00edsimo miedo y ten\u00eda una gran inseguridad. Poco a poco con el trabajo fui ganando confianza y descubriendo mi capacidad. Recuerdo perfectamente el primer d\u00eda de rodaje, en el que pens\u00e9 Ya est\u00e1, ya eres Ana.<\/p>\n<p>P.- \u00bfHasta qu\u00e9 punto es un reto interpretativo actuar en planos secuencia tan extensos como los que se ven en &#8220;Secuestrados&#8221; ;?. Enhorabuena por la pel\u00edcula y por su actuaci\u00f3n.<\/p>\n<p>R.- Creo que es una pel\u00edcula muy valiente porque fue realmente complicada de realizar. Es una apuesta arriesgada en la que todo el equipo ten\u00edamos que dar lo m\u00e1ximo de nuestra parte. Para m\u00ed fue el reto m\u00e1s grande al que me he enfrentado. Sobre todo porque por m\u00e1s que ensay\u00e1bamos nunca sab\u00edas exactamente c\u00f3mo lo ibas a hacer a la hora de rodar y en cierto modo era improvisaci\u00f3n frente a la c\u00e1mara.<\/p>\n<p>P.- Manuela: \u00bfDe qu\u00e9 fue m\u00e1s dif\u00edcil recuperarse, del \u00e9xito de haber sido elegida para &#8220;Ca\u00f3tica Ana&#8221; o de la desilusi\u00f3n de que la pel\u00edcula no tuviera ninguna nominaci\u00f3n en los Goya? Enhorabuena por tu trabajo y nunca dudes de tu talento ni de tu incre\u00edble belleza. Un beso, Jos\u00e9 Luis.<\/p>\n<p>R.- Gracias, Jos\u00e9 Luis. Recuerdo la etapa de Ca\u00f3tica Ana como la m\u00e1s intensa de mi vida. Se han puesto en mi boca cosas que yo no he dicho como que Ca\u00f3tica Ana fue un fracaso para m\u00ed y que pens\u00e9 que se hab\u00edan ca\u00eddo todos mis sue\u00f1os. Tuve ese sentimiento instant\u00e1neo solamente al saber que no ten\u00eda ninguna nominaci\u00f3n, pero absolutamente todo el resto del tiempo me ha dado alegr\u00edas y me ha llenado de orgullo. Creo que es mi trabajo de m\u00e1s implicaci\u00f3n y al que le debo toda mi carrera.<\/p>\n<p>P.- Hola, Manuela, me gustar\u00eda que me dieras tu opini\u00f3n sobre La chica de ayer, la serie que coprotagonizaste con Ernesto Alterio. A m\u00ed, personalmente, me gust\u00f3 bastante, aunque intuyo que no deb\u00ed\u00f3 tener mucho \u00e9xito de audiencia. Por cierto, en esa serie me qued\u00e9 prendado de tu dulzura y tu naturalidad. Mucha suerte en el futuro.<\/p>\n<p>R.- Qu\u00e9 bien que te gustara tanto La chica de ayer. Fue una serie muy distinta, con gran sentido del humor. Fue pensada para hacerla en dos temporadas, pero no lleg\u00f3 al porcentaje de audiencia necesario, por muy poco. Fue una pena ya que todos ten\u00edamos mucha ilusi\u00f3n y cre\u00edamos en la serie.<\/p>\n<p>P.- Se te ha visto en Cibeles. \u00bfQu\u00e9 opinas de la moda espa\u00f1ola? \u00bfqu\u00e9 desfiles te gustaron m\u00e1s?<\/p>\n<p>R.- Me gustan muchos dise\u00f1adores espa\u00f1oles: Juanjo Oliva, Teresa Helbig, Ana Locking, Jes\u00fas del Pozo&#8230; Disfruto mucho de las pasarelas. Me parecen un espect\u00e1culo. Cada vez me intereso m\u00e1s por la moda y me divierte enterarme de las nuevas tendencias.<\/p>\n<p>P.- Hola Manuela! Estaba pensando y aun te recuerdo de peque\u00f1a, \u00edbamos al mismo colegio de Madrid por Chamber\u00ed. \u00bfQu\u00e9 se siente al verse a uno mismo en la pantalla grande? Un saludo y espero que tu carrera siga creciendo! En cuanto estrenen Secuestrados ir\u00e9 a verla, tiene muy buena pinta!<\/p>\n<p>R.- Ya se ha estrenado, ve ya corriendo. Es muy raro verse en pantalla grande. A ratos no te ves a ti misma sino al personaje, pero en otros momentos s\u00ed me identifico y me da mucha verg\u00fcenza. Hay que distanciarse. Una vez que la pel\u00edcula se estrena, ya has hecho el trabajo y vuela solo. O con ayuda de los espectadores.<\/p>\n<p>P.- \u00bfC\u00f3mo lo pasaste durante el rodaje y, peor, cuando viste la peli? Te lo dice un espectador acojonado y literalmente hundido durante la proyecci\u00f3n&#8230; qu\u00e9 duro!!!<\/p>\n<p>R.- Ya lo siento haberte hecho pasar un mal rato. Yo lo pas\u00e9 mal durante dos semanas. No por miedo sino por exposici\u00f3n y entrega. Acababa absolutamente agotada, sin fuerzas ni ganas de nada. Tuve que estar en cama durante otras dos semanas al finalizar el rodaje.<\/p>\n<p>P.- Hola! en primer lugar, quiero felicitarte por tu increible trabajo en &#8220;Secuestrados&#8221;. He ido a dos pases especiales y, cada vez, me ha encantado m\u00e1s tu increible forma de actuar, muchas felicidades por este gran trabajo, y por todos la verdad. Queria preguntarte si, piensas en algun papel que te gustaria hacer en algun momento de tu carrera, nose, tipo a la prota de una comedia romantica, algo de vampiros&#8230; Nose, piensas en alguno en especial que te gustaria? Muchos besos guapa! y mucha suerte en tu carrera!<\/p>\n<p>R.- \u00daltimamente me apetece mucho la comedia, creo que tambi\u00e9n es muy dif\u00edcil. Tambi\u00e9n me imagino de asesina o en una pel\u00edcula de acci\u00f3n.<\/p>\n<p>P.- \u00bfC\u00f3mo es un d\u00eda normal en la vida de Manuela Vell\u00e9s? Alberto, Madrid<\/p>\n<p>R.- Cada d\u00eda es diferente. Tengo que hacer diferentes cosas. Si elijo el s\u00e1bado, te dir\u00eda levantarme tarde, desayunar bien, dar un paseo porque hace sol, tomar una cervecita en una terraza y por la tarde una sesi\u00f3n de cine.<\/p>\n<p>P.- Manuela, \u00bfte gusta la canci\u00f3n de Julio Iglesias que lleva tu nombre? \u00bfqu\u00e9 gustos musicales tienes?<\/p>\n<p>R.- Siempre me han cantado esa canci\u00f3n desde peque\u00f1ita as\u00ed que la tengo cierto cari\u00f1o. De peque\u00f1a odiaba mi nombre. Me gusta el jazz para escuchar y el rock para bailar.<\/p>\n<p>P.- Y &#8220;mi Goya&#8221; a la mejor actriz revelaci\u00f3n del 2008 es para&#8230; \u00a1Manuela Vell\u00e9s por Ca\u00f3tica Ana! Hola Manuela, me gustar\u00eda saber cu\u00e1l es tu escena favorita en la pel\u00edcula que supuso tu debut cinematogr\u00e1fico, dif\u00edcil elegir, supongo&#8230; Saludos (plat\u00f3nicos) de otro Anglo \ud83d\ude09<\/p>\n<p>R.- Muchisimas gracias. Qu\u00e9 ilusi\u00f3n recibir tu Goya. La escena que me viene a la cabeza es la del reencuentro de Ana y su padre en Ibiza, con el maestro Antonio Vega de fondo. Creo que es el momento m\u00e1s emotivo.<\/p>\n<p>P.- Despu\u00e9s de ver la peli te quedas con una ansiedad que lleva a pensar qu\u00e9 insaciable es el poder del miedo,pero que sin el miedo nos faltaria algo de nuestra humanidad.\u00bfCrees que en el fondo la sociedad nos ha vendido una seguridad exagerada y que cuando nos vemos desprovista de ella no sabemos reaccionar?La peli muy buena y las interpetraciones pura orfebreria.Gracias<\/p>\n<p>R.- Gracias a ti. Creo que esta pel\u00edcula es universal ya que todo el mundo puede sentir o ha sentido el miedo a que entren en su casa o a que hagan da\u00f1o a su familia. Por eso esta pel\u00edcula conecta tan bien con el p\u00fablico. Creo que no hay que vivir con miedo, pero s\u00ed tener cierta precauci\u00f3n y conocer a que te expones.<\/p>\n<p>P.- Con una voz tan bonita, \u00bfno te has planteado nunca ser tambi\u00e9n actriz de doblaje? \u00bfQu\u00e9 opinas de ese mundo? Un beso<\/p>\n<p>R.- Me encantar\u00eda doblar una pel\u00edcula de dibujos. Es una de las cosas con las que sue\u00f1o. Con respecto a doblar pel\u00edculas o series, como no soy aficionada al cine doblado ya que creo que es important\u00edsimo verlo en versi\u00f3n original, no es algo que me haga ilusi\u00f3n.<\/p>\n<p>P.- Hola Manuela. A parte de &#8220;Ca\u00f3tica Ana&#8221;, \u00bfq pel\u00edcula de J.Medem te parece la mejor, la m\u00e1s completa, la q m\u00e1s te gusta?. \u00bfC\u00f3mo os sentaron las duras cr\u00edticas a esa obra?. A m\u00ed me pareci\u00f3 q la pel\u00edcula iba de m\u00e1s a menos. Gracias..<\/p>\n<p>R.- Creo que la que m\u00e1s me gusta es Los amantes del c\u00edrculo polar. Creo que es una de las historias de amor mejor contadas. Me encanta por su po\u00e9tica y su misterio. Hubo cr\u00edticas buenas y malas para Ca\u00f3tica Ana. Me quedo con las buenas.<\/p>\n<p>P.- Hola, Manuela. Felicidades por tu carrera. \u00bfTe gusta que el director te de algo de libertad para actual e incluso variar un poco el gui\u00f3n o prefieres a otro que sea m\u00e1s r\u00edgido en ese aspecto? Suerte y gracias<\/p>\n<p>R.- Depende de la forma de trabajar del director. En el caso de Medem ten\u00eda muy claro los di\u00e1logos que quer\u00eda para sus personajes. En cambio, en series de televisi\u00f3n como Hispania me permito a veces cambiar la frase un poco a mi manera. Eso tambi\u00e9n me gusta ya que me permite ser m\u00e1s natural.<\/p>\n","protected":false},"excerpt":{"rendered":"<p>Se estren\u00f3 en el cine como protagonista de la pel\u00edcula Ca\u00f3tica Ana de Julio Medem. Han pasado cuatro a\u00f1os y sigue sumando papeles como el de Helena en la serie Hispania y su nueva pel\u00edcula, Secuestrados. En ella transmite el terror de una adolescente, que deber\u00e1 afrontar con la fuerza la violencia que, de noche, entra en su casa.<\/p>\n","protected":false},"author":1,"featured_media":0,"comment_status":"open","ping_status":"open","sticky":false,"template":"","format":"standard","meta":{"footnotes":""},"categories":[],"tags":[],"class_list":["post-3227","post","type-post","status-publish","format-standard","hentry"],"_links":{"self":[{"href":"https:\/\/intervius.com\/index.html\/wp-json\/wp\/v2\/posts\/3227","targetHints":{"allow":["GET"]}}],"collection":[{"href":"https:\/\/intervius.com\/index.html\/wp-json\/wp\/v2\/posts"}],"about":[{"href":"https:\/\/intervius.com\/index.html\/wp-json\/wp\/v2\/types\/post"}],"author":[{"embeddable":true,"href":"https:\/\/intervius.com\/index.html\/wp-json\/wp\/v2\/users\/1"}],"replies":[{"embeddable":true,"href":"https:\/\/intervius.com\/index.html\/wp-json\/wp\/v2\/comments?post=3227"}],"version-history":[{"count":0,"href":"https:\/\/intervius.com\/index.html\/wp-json\/wp\/v2\/posts\/3227\/revisions"}],"wp:attachment":[{"href":"https:\/\/intervius.com\/index.html\/wp-json\/wp\/v2\/media?parent=3227"}],"wp:term":[{"taxonomy":"category","embeddable":true,"href":"https:\/\/intervius.com\/index.html\/wp-json\/wp\/v2\/categories?post=3227"},{"taxonomy":"post_tag","embeddable":true,"href":"https:\/\/intervius.com\/index.html\/wp-json\/wp\/v2\/tags?post=3227"}],"curies":[{"name":"wp","href":"https:\/\/api.w.org\/{rel}","templated":true}]}}