{"id":3215,"date":"2011-03-10T00:00:00","date_gmt":"2006-11-06T00:00:00","guid":{"rendered":"https:\/\/intervius.com\/index.html\/?p=3215"},"modified":"2006-11-06T00:00:00","modified_gmt":"2006-11-06T00:00:00","slug":"Eduardo_Soto-Trillo3215","status":"publish","type":"post","link":"https:\/\/intervius.com\/index.html\/Eduardo_Soto-Trillo3215\/","title":{"rendered":"Eduardo Soto-Trillo"},"content":{"rendered":"<p>Pregunta.- hola Eduardo: Crees en las palabras de Mohamed VI, anoche y que lo del sahara le frustra los planes en la regionalizacion? gracias<\/p>\n<p>Respuesta.- La regionalizaci\u00f3n de Marruecos es un fiasco m\u00e1s de la monarqu\u00eda, no tiene ni pi\u00e9s ni cabeza pues se trata de una propuesta de un regimen dictatorial que nunca va a hacer una cesi\u00f3n aut\u00e9ntica de poder.<\/p>\n<p>P.- \u00bfLos \u00faltimos acontecimientos en los reg\u00edmenes del Norte de \u00c1frica pueden tener alguna repercusi\u00f3n en el conflicto del S\u00e1hara Occidental? \u00bfPueden desbloquear de alguna manera la situaci\u00f3n?<\/p>\n<p>R.- El r\u00e9gimen marroqu\u00ed empieza a tambalearse, hay mucho miedo a lo que pueda ocurrir el 20 de marzo y sin duda va a repercutir en el tema del S\u00e1hara porque necesitar\u00e1n las tropas desplegadas all\u00ed para reprimir las manifestaciones.<\/p>\n<p>P.- hace mas de 15 a\u00f1os que en mi casa acogemos a ni\u00f1os saharauis los veranos, y nos afecta muchisimo lo que pasa. mi pregunta es porque no se hace el referendum con el censo que piden los saharauis (ahora no recuerdo el a\u00f1o). quien impide, ademas de marruecos, que no se lleve a cabo.<\/p>\n<p>R.- Pues lo impide la monarqu\u00eda marroqu\u00ed apoyada por Francia y el gobierno de Zapatero, vergonzoso.<\/p>\n<p>P.- Felicidades por su libro que estoy leyendo y aporta una visi\u00f3n mas cruda y menos rom\u00e1ntica del conflicto. El Uali,padre de la patria saharaui junto con Bassiri,dijo antes de morir que los saharauis conseguir\u00edan la libertad cuando en Marruecos hubiera un proceso revolucionario,como el que parece que est\u00e1 empezando y el r\u00e9gimen est\u00e1 intentando boicotear. \u00bfUsted cree que este es ese momento para el S\u00e1hara y los saharauis o es todav\u00eda pronto? Gracias.<\/p>\n<p>R.- El momento nuevo de los saharauis comenz\u00f3 hace un a\u00f1o y sin duda va a crecer, las manifestaciones en Marruecos van a favorecer un nuevo levantamiento como el que ya vimos en noviembre pasado, ni siquiera el Polisario tiene un control de lo que va a suceder.<\/p>\n<p>P.- que perder\u00eda espa\u00f1a o que ganar\u00eda en el caso se involcra activamente en apoyar el derecho del pueblo saharaui a la autodeterminaci\u00f3n?<\/p>\n<p>R.- Economicamente, todo, el S\u00e1hara, con todas sus riquezas representa la expansi\u00f3n de Canarias, y politicamente un aliado en la regi\u00f3n siempre fiel y sin problemas.<\/p>\n<p>P.- Tras casi 36 a\u00f1os de ruina, miseria y desgracia de los saharauis, perpetrado por Marruecos y alentado y consentido por Espa\u00f1a, Francia y USA fundamentalmente, me gustar\u00eda tener alg\u00fan clavo con algo de optimismo. \u00bfCrees que en lo que dure la Administraci\u00f3n Obama todav\u00eda queda alg\u00fan resquicio para la esperanza que se celebre el refer\u00e9ndum? Un saludo Ram\u00f3n<\/p>\n<p>R.- Obama, Francia y Espa\u00f1a est\u00e1n presionando ahora a Mohammed VI para que haga reformas a toda prisa, ya han aparecido las primeras noticias, pero esto no va a ser suficiente porque son cosm\u00e9ticas, la ola se lo va a llevar todo, y esos planes se quedar\u00e1n en nada.<\/p>\n<p>P.- \u00bfQu\u00e9 posici\u00f3n mantiene la Uni\u00f3n Europea ante el conflicto saharaui? \u00bf Por qu\u00e9 se mantienen los acuerdos de pesca con Marruecos si se sabe que son contrarios al Derecho Internacional?<\/p>\n<p>R.- La posici\u00f3n de la UE es la de Francia y Espa\u00f1a que presionan a sus socios para proteger al r\u00e9gimen marroqui. Los acuerdos de pesca eran y son ilegales, como ya ha dicho el servicio jur\u00eddico del Parlamento Europeo, pero la act\u00faal prorroga lo \u00fanico que busca es apuntalar a Mohammed VI en estos dificiles momentos.<\/p>\n<p>P.- Hola Eduardo. \u00bfCu\u00e1ndo fuiste por primera vez al S\u00e1hara? \u00bfte cambi\u00f3 la experiencia? Todo el mundo queda muy tocado&#8230;<\/p>\n<p>R.- Fue hace a\u00f1os, mi libro es el relato de mis viajes y de mis investigaciones, y es sin duda la historia de un desenga\u00f1o y la asunci\u00f3n de una responsabilidad que tenemos todos los espa\u00f1oles.<\/p>\n<p>P.- \u00bfPor qu\u00e9 me recomendar\u00edas leer Viaje al abandono?<\/p>\n<p>R.- Si te interesa la historia reciente de Espa\u00f1a y te gustan los libros de viajes y de aventuras, te lo recomiendo, lo vas a devorar.<\/p>\n<p>P.- \u00bfCree que el conflicto saharaui ser\u00e1 resuelto en un futuro pr\u00f3ximo? \u00bfQu\u00e9 podemos hacer los individuos espa\u00f1oles, sirven de algo nuestras quejas y manifestaciones?<\/p>\n<p>R.- Tenemos un gobierno, el de Zapatero, que est\u00e1 apoyando la ocupaci\u00f3n ilegal de Marruecos y esto es lo importante. Tenemos nuestro voto para decidir si votamos por \u00e9l y su partido, y por todos esos intereses ocultos que est\u00e1n detr\u00e1s de ese apoyo a la dictadura marroqu\u00ed.<\/p>\n<p>P.- En tu libro das alguna alternativa o posible soluci\u00f3n al conflicto? Que opinas de la posibilidad de partir el territorio en dos partes y reubicar a la poblaci\u00f3n saharaui en una de ellas?<\/p>\n<p>R.- La soluci\u00f3n es la integraci\u00f3n econ\u00f3mica regional y la autodeterminaci\u00f3n del pueblo saharaui, s\u00f3lo as\u00ed habr\u00e1 paz y justicia en esa tierra. Estoy en contra de la partici\u00f3n, no hay soluciones salom\u00f3nicas, qui\u00e9n aceptar\u00eda partirse a s\u00ed mismo.<\/p>\n<p>P.- He viajado varias veces por el llamado sahara occidental, tanto por las zonas liberadas como las ocupadas. Y mi vuelta es siempre pesimista sobre el futuro de este pueblo. \u00bfComo ve ust\u00e9d el futuro de los saharahuis a largo plazo? \u00bfTienen alguna esperanza? \u00bfO ser\u00e1n absorvidos definitivamente por los marroquies en una desintegraci\u00f3n cultural?<\/p>\n<p>R.- Los colonos marroqu\u00edes en el S\u00e1hara s\u00f3lo est\u00e1n all\u00ed por motivos econ\u00f3micos, tienen muchos subsidios, trabajo, etc.. y eso no tiene que cambiar si hay una independencia del territorio. Mohammed VI no conf\u00eda en sus subditos y tampoco va a permitir que ellos decidan si quieren vivir en un S\u00e1hara independiente&#8230; soy optimista respecto al futuro porque los saharauis son un pueblo muy duro y lo va a seguir demostrando, lo vamos a ver muy pronto.<\/p>\n<p>P.- Buenos d\u00edas Eduardo. Soy madre de acogida de ni\u00f1os saharauis. He bajado muchas veces a los cr. sahauis, y cada a\u00f1o que pasa alli se nota en el ambiente que estan hartos, los jovenes quieren luchar por su tierra. \u00bfCrees que volveran a las armas?. Saludos Por un sahara libre ya<\/p>\n<p>R.- El resurgimiento de la violencia es muy probable y vendr\u00e1 de la mano de los jovenes saharauis que viven en el S\u00e1hara ocupado. Los jovenes del otro lado, en los campamentos de refugiados se unir\u00e1n a ellos aunque el Polisario intente oponerse.<\/p>\n<p>P.- He le\u00eddo tu libro y me ha parecido muy esclarecedor, adem\u00e1s de ameno en su lectura. En tu opini\u00f3n \u00bfser\u00eda viable que los diputados espa\u00f1oles que desean resolver el conflicto del Sahara pudiesen promover en el Congreso el reconocimiento de que Espa\u00f1a es la potencia administradora &#8220;de iure&#8221; y reclamar a la ONU su posici\u00f3n como tal, con lo que ello lleva de obligaciones y responsabilidad en el proceso hacia la autodeterminaci\u00f3n?<\/p>\n<p>R.- Como ya explico en mi libro, hubo ya un intento en septiembre pasado con una iniciativa de UPyD, pero fracas\u00f3 por el esfuerzo conjunto de PSOE, PP y CiU&#8230; pero la condici\u00f3n jur\u00eddica en el plano internacional de la ONU es incuestionable&#8230; el lobby marroqu\u00ed en Espa\u00f1a es muy poderoso, son muchos los favores personales concedidos.<\/p>\n<p>P.- \u00bfNo deber\u00eda el Rey de Espa\u00f1a hablar del tema con su homologo marroqu\u00ed? \u00bfo crees que hay intereses detr\u00e1s de ese silencio?<\/p>\n<p>R.- El Rey de Espa\u00f1a es una figura representativa que ejecuta la politica exterior aprobada por el Gobierno, que es el organo competente en decidirla. El Rey s\u00f3lo interviene cuando Zapatero se lo pide, algo muy diferente de Mohammed VI, un rey aut\u00f3crata que tiene plena libertada para actuar y decidir. Dicen que Mohammed VI siempre exige que los negocios con Marruecos vengan de la mano de Zarzuela y eso es una trampa evidente.<\/p>\n<p>P.- despu\u00e9s de casi dos a\u00f1os tragando polvo del siroco en la hamada argelina, me di cuenta que que el pueblo saharaui estaba contagiado de una enfermedad mundial de los pol\u00edticos llamada CORRUPCI\u00d3N. Los dirigentes saharauis han pasado de ser guerreros en lucha por un pueblo sin tierra a ser pol\u00edticos del tres al cuarto en busca de unos territorios que les dar\u00edan miles de millones de dolares en fosfatos, pesca y muy posiblemente petroleo. Y desde ese mismo momento el pueblo ha pasado a ser rehenes de su avaricia esgrimiendo en el nombre de la libertad del pueblo.Y as\u00ed seguir\u00e1n durante treinta a\u00f1os mas, mientras 4 saharahuis corruptos est\u00e9n llen\u00e1ndose los bolsillos con el dinero de la ayuda humanitaria. \u00bfque le parece esta opini\u00f3n?<\/p>\n<p>R.- El pueblo saharaui tiene el derecho reconocido por la ONU para decidir libremente su futuro por medio de un referendum, en eso es en lo que creo.<\/p>\n<p>P.- \u00bfPor qu\u00e9 Espa\u00f1a no da la cara y saca del agujero donde los dejamos en diciembre de 1975 cuando el rey fue a retirar nuestras tropas y hace lo mismo ahora y las lleva y ponemos aquello en condiciones y los defendemos del abuso marroqu\u00ed?<\/p>\n<p>R.- Eso exigir\u00eda una decisi\u00f3n de las Cortes anulando la ley de 1975, la \u00faltima ley franquista, que permiti\u00f3 la entrega a Marruecos. Esta ley est\u00e1 vigente para Espa\u00f1a pero es nula internacionalmente. Ello requiere el apoyo de la mayor\u00eda de los partidos, lo que no parece existir por la influencia del lobby pro marroqu\u00ed.<\/p>\n<p>P.- \u00bfPor qu\u00e9 decidiste escribir sobre el S\u00e1hara? Y, como experto en Derecho Internacional, \u00bfqu\u00e9 te parecen todas las revueltas del mundo \u00e1rabe? \u00bfQu\u00e9 escenario mundial imaginas dentro de unos a\u00f1os?<\/p>\n<p>R.- Estas revueltas son buenas para el mundo \u00e1rabe aunque ahora lo veamos todo como un caos donde puede haber abusos y descontrol, pero estos pueblos buscan democracia y derechos humanos. El mediterr\u00e1neo va a cambiar e Israel tendr\u00e1 que cambiar de pol\u00edtica.<\/p>\n<p>P.- \u00bfqu\u00e9 opciones legales &#8220;reales&#8221; tiene el S\u00e1hara m\u00e1s all\u00e1 del referendum de la Minurso? Seg\u00fan los acuerdos de Madrid del 75 con Mauritania y Marruecos, al salir de escena el primero, \u00bfpuede Espa\u00f1a reclamar desde el punto de vista del derecho internacional alg\u00fan tipo de derecho sobre el Sahara? Es decir, podr\u00eda tener Espa\u00f1a m\u00e1s derecho que Marruecos al Sahara, con vistas a imponerse en el \u00e1rea (s\u00e9 que no lo har\u00edamos por motivos varios, pero mi pregunta va sobre los &#8220;derechos&#8221;) para luego garantizar as\u00ed un proceso de desconolizaci\u00f3n que no ha tenido lugar todav\u00eda? Muchas gracias. Me interesa mucho el tema del Sahara y tengo muchas ganas de leer su libro<\/p>\n<p>R.- Todo esto est\u00e1 explicado en el libro. Espa\u00f1a es la potencia administradora del S\u00e4hara occidental, Marruecos ha ocupado ilegalmente el territorio por medio de un acuerdo ilegal con Espa\u00f1a. Espa\u00f1a tiene la llave para reasumir sus funciones y llevar a cabo una verdadera descolonizaci\u00f3n pero eso supondr\u00eda problemas con Francia, la gran beneficiaria de todo esto.<\/p>\n<p>P.- Hola, antes que nada darle la enhorabuena por el libro y mi agradecimiento como saharaui por su aportaci\u00f3n a la causa. mi pregunta es que si cree que el referendum celebrado en SUD\u00c1N es extrapolable al SAHARA con toda la implicaci\u00f3n de la comunidad internacional como pas\u00f3 alli . Gracias.<\/p>\n<p>R.- El sur de Sudan no ten\u00eda ni siquiera un derecho internacionalmente reconocido a la autodeterminaci\u00f3n como sucede con el S\u00e1hara occidental. El gobierno de Jartum lo ha celebrado, ha reconocido el resultado y no ha pasado nada, es una gran lecci\u00f3n.<\/p>\n<p>P.- Buenos dias El otro dia oi en una radio, que habia polisarios mercenarios apoyando a Gadafi. Sabe Uds. algo de esta informacion???<\/p>\n<p>R.- Es absurdo. Ahora mismo en Libia lo que hay es un conjunto de ni\u00f1os y jovenes saharauis que estaban estudiando con becas y que ahora es muy dificil evacuar. En Espa\u00f1a no hay becas para los saharauis.<\/p>\n<p>P.- Qu\u00e9 negocios o acuerdos oscuros crees que pueden tener la c\u00fapula gobernate espa\u00f1ola actual con el Majzen alauita para llegar a defender tanto los intereses marroqu\u00edes?<\/p>\n<p>R.- S\u00f3lo hay que bucear un poco en google para saber de estos posibles negocios, la monarqu\u00eda marroqu\u00ed es experta en el arte de los regalos y de los deberes que conllevan.<\/p>\n<p>P.- Buenos d\u00edas. que puede hacer un ciudadano espa\u00f1ol para ayudar al S\u00e1hara y que no caiga en el olvido?<\/p>\n<p>R.- Exigir con su voto un cambio en la pol\u00edtica del gobierno de turno y ser consciente de nuestra responsabilidad colectiva.<\/p>\n<p>P.- \u00bfPor qu\u00e9 Francia es &#8220;la gran beneficiaria de todo esto&#8221;? Ampl\u00eda, por favor. Gracias.<\/p>\n<p>R.- Francia es el gran socio econ\u00f3mico de la monarqu\u00eda marroqu\u00ed, los presidentes y los ministros franceses de cualquier signo pasan all\u00ed sus vacaciones, hacen negocios, est\u00e1n como en casa&#8230; por otra parte, la \u00e9lite marroqu\u00ed est\u00e1 educada en Francia, \u00e9sto crea unos v\u00ednculos muy fuertes. Espa\u00f1a por el contrario, s\u00f3lo tiene problemas con sus vecinos del sur, s\u00f3lo una democratizaci\u00f3n de Marruecos podr\u00eda mejorar las relaciones.<\/p>\n","protected":false},"excerpt":{"rendered":"<p>En Viaje al abandono. Por qu\u00e9 no permiten al S\u00e1hara ser libre (Ed. Aguilar) se sumerge en la historia del pueblo saharaui y en los motivos de su situaci\u00f3n actual. Eduardo Soto-Trillo, experto en Derecho Internacional, repasa la historia de los \u00faltimos 35 a\u00f1os a la vez que explica el trasfondo legal, cuya realidad conoce de cerca.<\/p>\n","protected":false},"author":1,"featured_media":0,"comment_status":"open","ping_status":"open","sticky":false,"template":"","format":"standard","meta":{"footnotes":""},"categories":[],"tags":[],"class_list":["post-3215","post","type-post","status-publish","format-standard","hentry"],"_links":{"self":[{"href":"https:\/\/intervius.com\/index.html\/wp-json\/wp\/v2\/posts\/3215","targetHints":{"allow":["GET"]}}],"collection":[{"href":"https:\/\/intervius.com\/index.html\/wp-json\/wp\/v2\/posts"}],"about":[{"href":"https:\/\/intervius.com\/index.html\/wp-json\/wp\/v2\/types\/post"}],"author":[{"embeddable":true,"href":"https:\/\/intervius.com\/index.html\/wp-json\/wp\/v2\/users\/1"}],"replies":[{"embeddable":true,"href":"https:\/\/intervius.com\/index.html\/wp-json\/wp\/v2\/comments?post=3215"}],"version-history":[{"count":0,"href":"https:\/\/intervius.com\/index.html\/wp-json\/wp\/v2\/posts\/3215\/revisions"}],"wp:attachment":[{"href":"https:\/\/intervius.com\/index.html\/wp-json\/wp\/v2\/media?parent=3215"}],"wp:term":[{"taxonomy":"category","embeddable":true,"href":"https:\/\/intervius.com\/index.html\/wp-json\/wp\/v2\/categories?post=3215"},{"taxonomy":"post_tag","embeddable":true,"href":"https:\/\/intervius.com\/index.html\/wp-json\/wp\/v2\/tags?post=3215"}],"curies":[{"name":"wp","href":"https:\/\/api.w.org\/{rel}","templated":true}]}}