{"id":306,"date":"2003-11-12T00:00:00","date_gmt":"2006-11-06T00:00:00","guid":{"rendered":"https:\/\/intervius.com\/index.html\/?p=306"},"modified":"2006-11-06T00:00:00","modified_gmt":"2006-11-06T00:00:00","slug":"Pere_Esteve306","status":"publish","type":"post","link":"https:\/\/intervius.com\/index.html\/Pere_Esteve306\/","title":{"rendered":"Pere Esteve"},"content":{"rendered":"<p>Pregunta.- Sr. Pere me gustar\u00eda que me dijera qu\u00e9 le ha aportado a usted ERC y qu\u00e9 ha aportado usted al partido.<\/p>\n<p>Respuesta.- A mi me ha aportado un espacio de coherencia pol\u00edtica y de no subordinaci\u00f3n al PP, que es la situaci\u00f3n contraria a la que me encontraba en CiU. \u00bfQu\u00e9 he aportado yo y la gente de mi asociaci\u00f3n Catalu\u00f1a 2003? Creo que con una muy buena visi\u00f3n de ERC hemos ampliado el campo de inter\u00e9s pol\u00edtico a clases medias y en general al espacio nacionalista.<\/p>\n<p>P.- Seg\u00fan el Sr. Carod, ahora casi nada es lo que era, incluso ech\u00f3 por tierra aquello de que &#8220;los catalanes no somos espa\u00f1oles&#8221;. \u00bfTiene algo que ver esta moderaci\u00f3n con una posible alianza de gobierno tras las elecciones con el PSC &#8211; o con CiU-. \u00bfC\u00f3mo valora usted esos posibles pactos?<\/p>\n<p>R.- El discurso actual de ERC no tiene tanto que ver con los pactos futuros como con una voluntad de abrir el mensaje, en un cierto sentido, de universalizarlo al conjunto de la sociedad catalana. Hoy el discurso de Carod va dirigido a un catal\u00e1n que hable catal\u00e1n y a un catal\u00e1n que hable castellano, a un catal\u00e1n nacionalista y a un catal\u00e1n no nacionalista. Porque los temas m\u00e1s importantes afectan a todos los catalanes por igual.<\/p>\n<p>P.- Me podr\u00eda decir qu\u00e9 opina de los extra\u00f1os paralelismos que estableci\u00f3 Mayor Oreja entre el Pa\u00eds Vasco y Catalu\u00f1a y la comparaci\u00f3n de ERC con ETA?<\/p>\n<p>R.- Interpretar a Mayor Oreja es en un cierto sentido muy sencillo, me refiero a lo que le motiva, y en cuanto a las dimensiones que va tomando su discurso, es cada vez m\u00e1s complejo. Buscar paralelismos en el sentido de Mayor Orja entre Catalu\u00f1a y Pa\u00eds Vasco tiene una intenci\u00f3n maligna sobre la que prefiero no contestar ni extenderme.<\/p>\n<p>P.- Usted que ha sido una pieza importante de los \u00faltimos a\u00f1os en CiU, \u00bfqu\u00e9 opina de la gesti\u00f3n de Pujol?\u00bfC\u00f3mo se ve el partido desde fuera?\u00bfNo se siente extra\u00f1o en ERC o se sent\u00eda m\u00e1s extra\u00f1o en CiU?<\/p>\n<p>R.- No me siento extra\u00f1o en absoluto en ERC. Y respecto a Pujol, desde el respeto, valoro positivamente la primera mitad de su gesti\u00f3n, y valoro negativamente los \u00faltimos a\u00f1os.<\/p>\n<p>P.- Si llegan a formar un gobierno de izquierdas con PSC e Iniciativa, \u00bfCu\u00e1les ser\u00e1n los puntos de su programa que impondr\u00e1n como condici\u00f3n y a qu\u00e9 puestos aspiran?<\/p>\n<p>R.- Lo de la aspiraci\u00f3n a puestos est\u00e1 por definir, es lo \u00faltimo de nuestro calendario negociador. La primera etapa del calendario negociador son las condiciones previas. Y de \u00e9stas, las principales son: sea con con Convergencia o sea con socialistas, ninguna vinculaci\u00f3n con el PP. Acuerdo por un gobierno austero, eficaz y transparente. Calendario para el nuevo estatuto, y calendario para denunciar la situaci\u00f3n del d\u00e9ficit fiscal de Catalu\u00f1a.<\/p>\n<p>P.- Sr. Esteve, le importar\u00eda decirnos lo que piensa a grandes rasgos de los candidatos a la Presidencia de la Generalitat, incluido el de su partido.<\/p>\n<p>R.- Creo que el nuestro es un hombre coherente, honesto, preparado y con carisma. Artur Mas creo que es un sucesor que s\u00f3lo cubre algunos flancos de lo que su partido le exige. Maragall creo que es un hombre que no est\u00e1 ya en su mejor momento. Piqu\u00e9 es un profesional puro de la pol\u00edtica y defiende con inteligencia ideas de las que soy antag\u00f3nico. Saura mantiene una l\u00ednea de izquierdas que qued\u00f3 muy comprometida en las \u00faltimas elecciones.<\/p>\n<p>P.- Su actual formaci\u00f3n es partidaria de una reforma del Estatuto, incluso su l\u00edder ha dicho que se convocar\u00e1 un refr\u00e9ndum al margen de la ley si el Gobierno central rechaza el Estut. Eso me sue\u00f1a a plan Ibarretxe y a defensa con u\u00f1as y dientes de la independencia. \u00bfEstar\u00eda de broma el d\u00eda que lo dijo, verdad?<\/p>\n<p>R.- No exactamente, porque el proceso planteado por ERC es el proceso constitucional para el nuevo Estatuto. Pero si este proceso, ante una voluntad ampliamente mayoritaria de Catalu\u00f1a, se bloquease en el Congreso, se entrar\u00eda en una situaci\u00f3n de grave conflicto y en aqu\u00e9l instante, diga lo que diga el Gobierno central, el pueblo de Catalu\u00f1a deber\u00eda pronunciarse.<\/p>\n<p>P.- No acabo de entender como entre sus posibilidades esta el pactar con un partido el PSC que siempre deber\u00e1, para cada paso que quiera dar en Catalunya, consultar a los Ibarra, Bono, Chaves&#8230; No lo entiendo. D\u00edgame la diferencia de pactar con CiU que si bien es verdad que ha tenido acuerdos con el PP, siempre lo ha hecho desde su propia independencia y no tiene que pedir permiso a &#8220;papa Madrid&#8221; para decidir sus pol\u00edticas y alianzas.<\/p>\n<p>R.- Tanto CiU como el PSC tienen en Madrid todo tipo de dependencias org\u00e1nicas, puesto que PSC est\u00e1 ligado al PSOE, pero UDC est\u00e1 ligada al PP a nivel europeo y a nivel internacional. Tienen dependencias a nivel pol\u00edtico, e intenciones a nivel pol\u00edtico: ministerios, portavoc\u00edas&#8230; Y tienen dependencias a nivel econ\u00f3mico. La distinci\u00f3n de dependencias entre socialistas y convergentes es impropia, los dos dependen.<\/p>\n<p>P.- Hola Pere, sinceramente, repito, sinceramente, cree que si usted hubise sido elegido sucesor de Pujol el CiU estar\u00eda mejor situado en las encuestas. \u00bfCree que se equivocaron con usted o con Mas o con los dos? Est\u00e1 usted dolido todav\u00eda?<\/p>\n<p>R.- No, conmigo no se equivocaron porque nunca opt\u00e9 a la sucesi\u00f3n, no viene al caso. He dicho siempre que mi problema con CiU no fue personal, sino de orientaci\u00f3n pol\u00edtica general.<\/p>\n<p>P.- Buenos d\u00edas, \u00bfConsidera usted que su partido es un partido de izquierdas? \u00bfPodria definir que es para usted ser de izquierdas o de derechas, y en base a esto colocar los diferentes partidos pol\u00edticos en uno u otro lado? Gracias y suerte en las pr\u00f3ximas elecciones.<\/p>\n<p>R.- Claramente creo que ERC, no por el nombre, sino por su ideario, es un partido de izquierdas, en todos los sentidos de esta palabra. Est\u00e1 m\u00e1s por el progreso que por la reacci\u00f3n o por el conservadurismo, est\u00e1 con los d\u00e9biles m\u00e1s que con los fuertes, est\u00e1 con la gente, no con los poderosos, est\u00e1 por la igualdad y la justicia&#8230; En resumen, creo que es de izquierdas y creo que siguen existiendo derechas e izquierdas, creo que no han desaparecido.<\/p>\n<p>P.- \u00bfCu\u00e1l es su idea de Espa\u00f1a? \u00bfCree en un estado catal\u00e1n independiente total o dependiente del gobierno de Madrid? \u00bfPor qu\u00e9 la independencia?Gracias por su atencion. (Madrid)<\/p>\n<p>R.- Yo de esto tengo un curr\u00edculum muy claro, no fui uno de los promotores, fui el promotor, de la Declaraci\u00f3n de Barcelona. Era una apuesta yo creo que muy constructiva por un Estado plurinacional, que ten\u00eda el apoyo de gallegos, vascos y catalanes, y que desgraciadamente no se pudo aprovechar. Ideol\u00f3gicamente yo sigo defendiendo lo mismo.<\/p>\n","protected":false},"excerpt":{"rendered":"<p>Todo apunta a que tras las elecciones catalanas del pr\u00f3ximo domingo, Esquerra Republicana (ERC) tendr\u00e1 un papel protagonista a la hora de decidir qui\u00e9n sustituir\u00e1 a Jordi Pujol al frente de la Generalitat. El n\u00famero tres de ERC y ex secretario general de Converg\u00e8ncia, Pere Esteve, ha sido entrevistado.<\/p>\n","protected":false},"author":1,"featured_media":0,"comment_status":"open","ping_status":"open","sticky":false,"template":"","format":"standard","meta":{"footnotes":""},"categories":[],"tags":[],"class_list":["post-306","post","type-post","status-publish","format-standard","hentry"],"_links":{"self":[{"href":"https:\/\/intervius.com\/index.html\/wp-json\/wp\/v2\/posts\/306","targetHints":{"allow":["GET"]}}],"collection":[{"href":"https:\/\/intervius.com\/index.html\/wp-json\/wp\/v2\/posts"}],"about":[{"href":"https:\/\/intervius.com\/index.html\/wp-json\/wp\/v2\/types\/post"}],"author":[{"embeddable":true,"href":"https:\/\/intervius.com\/index.html\/wp-json\/wp\/v2\/users\/1"}],"replies":[{"embeddable":true,"href":"https:\/\/intervius.com\/index.html\/wp-json\/wp\/v2\/comments?post=306"}],"version-history":[{"count":0,"href":"https:\/\/intervius.com\/index.html\/wp-json\/wp\/v2\/posts\/306\/revisions"}],"wp:attachment":[{"href":"https:\/\/intervius.com\/index.html\/wp-json\/wp\/v2\/media?parent=306"}],"wp:term":[{"taxonomy":"category","embeddable":true,"href":"https:\/\/intervius.com\/index.html\/wp-json\/wp\/v2\/categories?post=306"},{"taxonomy":"post_tag","embeddable":true,"href":"https:\/\/intervius.com\/index.html\/wp-json\/wp\/v2\/tags?post=306"}],"curies":[{"name":"wp","href":"https:\/\/api.w.org\/{rel}","templated":true}]}}