{"id":305,"date":"2003-11-12T00:00:00","date_gmt":"2006-11-06T00:00:00","guid":{"rendered":"https:\/\/intervius.com\/index.html\/?p=305"},"modified":"2006-11-06T00:00:00","modified_gmt":"2006-11-06T00:00:00","slug":"Josep_Antoni_Duran_i_Lleida305","status":"publish","type":"post","link":"https:\/\/intervius.com\/index.html\/Josep_Antoni_Duran_i_Lleida305\/","title":{"rendered":"Josep Antoni Duran i Lleida"},"content":{"rendered":"<p>Pregunta.- El PP empieza a flaquear, se han planteado que tras las pr\u00f3ximas elecciones generales, ustedes puede que sean la llave del futuro Gobierno. \u00bfCree que ser\u00e1 ese el momento de plantear sus reivindicaciones de reforma del Estatuto? \u00bfEstar\u00edan dispuestos a participar en ese Gobierno si se diese ese escenario?<\/p>\n<p>Respuesta.- Sea el PP o sea el PSOE quien gane las elecciones ,si no lo hace por mayor\u00eda absoluta, y requiere de nuestro apoyo, habr\u00e1 una condici\u00f3n necesaria, que no suficiente, planteada en t\u00e9rminos democr\u00e1ticos de que se acepten las tesis de la propuesta de nuevo Estatuto. A partir de ah\u00ed estamos dispuestos a implicarnos en el Gobierno, pero s\u00f3lo a partir de ah\u00ed.<\/p>\n<p>P.- Sr. Duran me gustar\u00eda que me dijese si en cierta forma no es verdad que todo lo que est\u00e1 pasando en el Pa\u00eds Vasco con el Plan Ibarretxe les beneficia: Si sale mal, ustedes siguen siendo los moderados entre aquellos que reclaman su identidad e incluso aspiran a la independencia. Si sale bien, ustedes podr\u00edan aprovechar la circunstancia para reclamar lo mismo. \u00bfQu\u00e9 opina usted del Plan del lehendakari.<\/p>\n<p>R.- Nosotros somos nosotros, y el modelo de Catalu\u00f1a, fundamentado en la convivencia y en la paz, consideramos que es el buen modelo. No miramos de reojo lo que sucede en el Pa\u00eds Vasco. Nuestra propuesta es la de un nuevo Estatuto, enmarcado en las previsiones constitucionales. Respetamos, en cualquier caso, que Ibarretxe defienda sus propuestas, y todas aquellas que se defiendan mediante la palabra y no la violencia. PP y PSOE se equivocan en cerrar las puertas al di\u00e1logo, hay que aceptarlo aunque sea para dejar constancia de la discrepancia.<\/p>\n<p>P.- Sr. Duran, def\u00edname campa\u00f1a electoral. \u00bfSirven para algo? \u00bfQu\u00e9 es lo mejor y lo peor que ha o\u00eddo en la campa\u00f1a de sus rivales? \u00bfCree que la gente ha perdido el inter\u00e9s por la elecci\u00f3n de sus gobernantes?<\/p>\n<p>R.- Creo que en este caso en Catalu\u00f1a, la campa\u00f1a electoral va a ser decisiva, aunque admito que esto no siempre es as\u00ed, porque es cierto que hay un distanciamiento de la pol\u00edtica y los pol\u00edticos de la ciudadan\u00eda. Creo indispensable para recuperar la confianza del elector cambiar el sistema electoral, el propio funcionamiento de los parlamentos e incluso fortalecer las bases democr\u00e1ticas del funcionamiento de los partidos. En esta campa\u00f1a electoral destacar\u00eda de CiU el incremento progresivo de votantes que al principio hab\u00edan optado por otra fuerza. Creo que Maragall se ha desfondado, se ha mostrado claramente acabado, y creo que PP y ERC van a ser v\u00edctimas del voto \u00fatil, y en el caso de ERC, de su equidistancia, \u00fatil para hacer oposici\u00f3n, pero ineficazz en una campa\u00f1a electoral.<\/p>\n<p>P.- Jordi Pujol es y ser\u00e1 una de las grandes figuras de Catalu\u00f1a. Me gustar\u00eda preguntarle si no cree que fue un error no haber aprovechado la oportunidad de formar parte de ninguno de los gobiernos de Espa\u00f1a. \u00bfNo habr\u00eda supuesto este hecho un avance importante para el logro de m\u00e1s objetivos y al mismo tiempo tambi\u00e9n bueno para el pa\u00eds?<\/p>\n<p>R.- Pujol ser\u00e1 y es un pol\u00edtico importante en Catalu\u00f1a y lo ha sido tambi\u00e9n para Espa\u00f1a. Siempre he defendido que ser\u00eda bueno para Catalu\u00f1a y para Espa\u00f1a que el catalanismo pudiera implicarse directamente en el gobierno del Estado, pero para ello deben darse unas condiciones que no se dieron ni con Felipe Gonz\u00e1lez ni con Aznar. La inc\u00f3gnita radica en saber si en el futuro se querr\u00e1 hacer de la diversidad nacional, lingu\u00edtisca y cultural un patrimonio com\u00fan, o segur\u00e1 rechaz\u00e1ndose un modelo de Espa\u00f1a que la garantice.<\/p>\n<p>P.- \u00bfSi CiU no consigue los votos suficientes para gobernar lo considerar\u00e1n un fracaso? \u00bfSe imaginan en la oposici\u00f3n?<\/p>\n<p>R.- Democr\u00e1ticamente uno tiene la obligaci\u00f3n de considerar la derrota como una de las expresiones de la voluntad popular. Pero soy optimista, creo en la victoria aunque sea incierta, y creo que finalemente podremos continuar garantizando la estabilidad pol\u00edtica de Catalu\u00f1a, y desde Catalu\u00f1a, seguir aportando nuestros activos a la pol\u00edtica espa\u00f1ola.<\/p>\n<p>P.- Si no gana, puede peligrar Mas, que por cierto me gustar\u00eda saber si estar\u00e1 a la altura del president Pujol?<\/p>\n<p>R.- Es injusto comparar a Mas con Pujol, para empeque\u00f1ecerle ante Maragall, Piqu\u00e9, Saura o Carod Rovira. A Mas hay que compararle con ellos, y por supuesto es el que est\u00e1 mejor preparado para gobernar Catalu\u00f1a. En caso de derrota, insisto en no contemplarla, Artur Mas seguir\u00e1 siendo nuestro candidato. La federaci\u00f3n de CiU est\u00e1 e ir\u00e1 m\u00e1s all\u00e1 del resultado electoral.<\/p>\n<p>P.- \u00bfC\u00f3mo se imagina Catalu\u00f1a dentro de diez a\u00f1os? \u00bfC\u00f3mo definir\u00eda la visi\u00f3n que tiene el resto de Espa\u00f1a de su Comunidad y de su gente? Oiga, y usted, \u00bfse siente tambi\u00e9n espa\u00f1ol?<\/p>\n<p>R.- Me imagino y deseo una Catalu\u00f1a puntera en Europa, que sea punto de referencia europeo. S\u00e9 que no seremos Estado, por mucho que algunos intenten confundir a sus electores. Por tanto, nuestro liderazgo en la Uni\u00f3n Europea no podr\u00e1 ser tanto pol\u00edtico sino serlo en el \u00e1mbito social, en el de la educaci\u00f3n y formaci\u00f3n, en el de un modelo de convivencia que sintetice identidad y globalizaci\u00f3n como dos caras de una misma moneda. Creo que ha habido y hay una ignorancia mutua y sin duda a mi juicio se tiene la percepci\u00f3n desenfocada de Catalu\u00f1a, y de ello hay una responsabilidad importante de los partidos pol\u00edticos. PP y PSOE han utilizado mutuamente la participaci\u00f3n de CiU en el apoyo a los gobiernos de Madrid como isntrumento de desgaste del adversario, present\u00e1ndo no como gente a la que s\u00f3lo nos importa pedir insaciablemente, y mostrando como punto de nuestra diferencia reivindicaci\u00f3n de &#8220;la pela&#8221; cuando eso no es as\u00ed y nuestro nacionalismo es profundamente cultural y esa es su raz\u00f3n de ser.<br \/>\nMe siento catal\u00e1n, muy consciente de que una de las vocacioens de Catalu\u00f1a es la hispanista, de que formamos parte de Espa\u00f1a y me gustar\u00eda que un d\u00eda pudiera toda Espa\u00f1a, como dije antes, sentir y aceptar el ser catal\u00e1n como un patrimonio de todos.<\/p>\n<p>P.- Sr. Duran, hace tiempo que le sigo y que me pregunto: \u00bfCu\u00e1ndo tendremos los catalanes un ministro como usted en Madrid?<\/p>\n<p>R.- Lo de menos es que yo sea o no ministro. Lo importante es que se puedan dar las condiciones para que CiU pueda tener ministros. Quede claro que no tengo ninguna obsesi\u00f3n por el Ministerio. Pude serlo tanto en la \u00e9poca socialista como en la \u00e9poca del PP, y no lo acept\u00e9.<\/p>\n<p>P.- Un gran problema que afecta tambi\u00e9n a Catalu\u00f1a: el precio de la vivienda. \u00bfC\u00f3mo es posible que la burbuja inmobiliaria abrace a todo el territorio nacional independientemente del color del gobierno auton\u00f3mico o local y que no se ponga remedio? \u00bfEstamos irremediablemente en manos de los peque\u00f1os y grandes especuladores?<\/p>\n<p>R.- No, el que afecte a todas las Comunidades Aut\u00f3nomas, independienntemente de qui\u00e9n gobierna, refleja que en buena medida una parte importante de esa burbuja no es debida a decisiones o inhibiciones de los gobiernos auton\u00f3micos. Interviene el tipo de inter\u00e9s, interviene el rendimiento de las bolsas, ha tenido algo que ver la reconversi\u00f3n de pesetas en euros, etc\u00e9tera. Nosotros hemos hecho una ley de urbanismo que obliga a los Ayuntamientos a reservar como m\u00ednimo el 15% del suelo para construir vivienda oficial, y proponemos f\u00f3rmulas innovadoras para facilitar el acceso de los j\u00f3venes a su primera vivienda, sea de propiedad o de alquiler. Por ejemplo, acompa\u00f1ando la Generalitat al joven como socios en la compra de su primer piso, hasta un 20%. Ese piso, ese joven, tiene la obligaci\u00f3n de venderlo el d\u00eda que quiera a la Generalitat, y \u00e9sta a su vez, lo pondr\u00e1 en el parque de alquiler, y tanto el precio de compra como el de venta se tasa previamente para evitar la especulaci\u00f3n. O en el \u00e1mbito de alquiler, donde hay mucho piso desocupado, le Generalitat har\u00e1 una oferta de alquiler a sus propietarios a un precio m\u00e1s bajo del de mercado, que a su vez alquilar\u00e1 a j\u00f3venes tambi\u00e9n ayudando en la subvenci\u00f3n del precio de alquiler.<\/p>\n<p>P.- \u00bfC\u00f3mo cree que puede afectar a su pol\u00edtica, acostumbrados a gobernar en solitario, un pacto de gobierno con ERC, cree que sus votantes estar\u00edan de acuerdo con ese pacto?<\/p>\n<p>R.- Nadie ha dicho con qui\u00e9n \u00edbamos a pactar, al respecto hemos hecho s\u00f3lo dos afirmaciones: nuestro votos no van a servir para hacer presidente de Catalu\u00f1a a Maragall, ni en nuestro gobierno va a haber consejeros del PP. A partir de ah\u00ed, en funci\u00f3n del apoyo electoral, habr\u00e1 que ver a partir de nuestro programa, y sin renunciar a ning\u00fan compromiso b\u00e1sico, si es posible, articular un gobierno estable con apoyos parlamentarios puntuales o coaligados con alguien, pero esto deber\u00e1 verse despu\u00e9s.<\/p>\n<p>P.- Sr. Duran \u00bfUsted cree que Espa\u00f1a y Europa se pueden permitir en pleno siglo XXI, una disgregaci\u00f3n de Espa\u00f1a y Europa, como la que proponen los Nacionalismos? \u00bfAsumir\u00edan los nacionalistas disgregaciones en &#8220;sus naciones&#8221;?<\/p>\n<p>R.- Nuestro planteamineto no propone disgregaci\u00f3n alguna, no estamos apostando por la segregaci\u00f3n de Catalu\u00f1a y la constituci\u00f3n de un Estado propio. PEro es precisamente el hecho europeo uno de los que nos obligan a replantear la capacidad de Gobierno que tenga en sus manos Catalu\u00f1a para dar respuesta a retos que ni Espa\u00f1a ni Catalu\u00f1a ten\u00edan cuando se hizo la Constituci\u00f3n o el Estatuto. Por ejemplo, no era necesario garantizar un mecanismo de participaci\u00f3n en la Uni\u00f3n Europea para defender nuestras competencias, porque no form\u00e1bamos parte de ella. Hoy s\u00ed. O refieri\u00b4\u00f1endonos a otro aspecto, no era vital demandar que el Gobierno catal\u00e1n pudiera intervenir junto al Gobierno central en todo lo que es selecci\u00f3n y regulaci\u00f3n de la inmigraci\u00f3n extranjera. Hace 25 a\u00f1os no ten\u00edamos paenas inmigraci\u00f3n extranjera. Hoy tenemos mucha, exacatamente el 25% del total que hay en toda Espa\u00f1a.<\/p>\n","protected":false},"excerpt":{"rendered":"<p>Tras seis victorias consecutivas, CiU se enfrenta este domingo al reto de revalidar la confianza del electorado catal\u00e1n pero esta vez sin Jordi Pujol. Las encuestas no se decantan entre el convergente Artur Mas o el socialista Pasquall Maragall. El secretario general de CiU y n\u00famero dos de la coalici\u00f3n nacionalista por Barcelona, Josep Antoni Duran i Lleida, ha sido entrevistado.<\/p>\n","protected":false},"author":1,"featured_media":0,"comment_status":"open","ping_status":"open","sticky":false,"template":"","format":"standard","meta":{"footnotes":""},"categories":[],"tags":[],"class_list":["post-305","post","type-post","status-publish","format-standard","hentry"],"_links":{"self":[{"href":"https:\/\/intervius.com\/index.html\/wp-json\/wp\/v2\/posts\/305","targetHints":{"allow":["GET"]}}],"collection":[{"href":"https:\/\/intervius.com\/index.html\/wp-json\/wp\/v2\/posts"}],"about":[{"href":"https:\/\/intervius.com\/index.html\/wp-json\/wp\/v2\/types\/post"}],"author":[{"embeddable":true,"href":"https:\/\/intervius.com\/index.html\/wp-json\/wp\/v2\/users\/1"}],"replies":[{"embeddable":true,"href":"https:\/\/intervius.com\/index.html\/wp-json\/wp\/v2\/comments?post=305"}],"version-history":[{"count":0,"href":"https:\/\/intervius.com\/index.html\/wp-json\/wp\/v2\/posts\/305\/revisions"}],"wp:attachment":[{"href":"https:\/\/intervius.com\/index.html\/wp-json\/wp\/v2\/media?parent=305"}],"wp:term":[{"taxonomy":"category","embeddable":true,"href":"https:\/\/intervius.com\/index.html\/wp-json\/wp\/v2\/categories?post=305"},{"taxonomy":"post_tag","embeddable":true,"href":"https:\/\/intervius.com\/index.html\/wp-json\/wp\/v2\/tags?post=305"}],"curies":[{"name":"wp","href":"https:\/\/api.w.org\/{rel}","templated":true}]}}