{"id":3031,"date":"2011-06-10T00:00:00","date_gmt":"2006-11-06T00:00:00","guid":{"rendered":"https:\/\/intervius.com\/index.html\/?p=3031"},"modified":"2006-11-06T00:00:00","modified_gmt":"2006-11-06T00:00:00","slug":"Belen_Gopegui3031","status":"publish","type":"post","link":"https:\/\/intervius.com\/index.html\/Belen_Gopegui3031\/","title":{"rendered":"Bel\u00e9n Gopegui"},"content":{"rendered":"<p>Pregunta.- Al gritar en la Puerta del Sol, a las 12 de la noche del viernes 20 de mayo, me acord\u00e9 de Martina. \u00bfCrees que nosotros ya le hemos puesto m\u00fasica a nuestra generaci\u00f3n?<\/p>\n<p>Respuesta.- S\u00ed, creo que lo estais haciendo. En la puerta del Sol, en el 15M, en las asambleas de los barrios y en las generales, hay actitud, puede que haya tambi\u00e9n confusi\u00f3n, infiltraci\u00f3n, etc\u00e9tera, pero he visto muchos actos, gestos y comportamientos que tienen actitud.<\/p>\n<p>P.- Hola Bel\u00e9n. Estoy terminando de leerme Acceso no autorizado, gracias por este libro. Una curiosidad \u00bfPorque el \u00fanico personaje al que no cambias el nombre por uno ficticio es el de Felipe Gonz\u00e1lez? Y otra pregunta m\u00e1s \u00bfQue diferencia hay para ti entre tener disciplina o tener fuerza de voluntad? Rendida a tus pies desde que me le\u00ed La escala de los mapas, todav\u00eda recuerdo a Brezo Varela y Sergio Prim. Alicia<\/p>\n<p>R.- Hola Alicia. No cambio el nombre de Felipe Gonz\u00e1lez porque las declaraciones que se citan de \u00e9l pertenecen a lo real, cualquiera puede encontrarlas y conocerlas, mientras que el resto de los personajes son una construcci\u00f3n imaginaria, y sus actos tambi\u00e9n, son ficci\u00f3n, m\u00e1s all\u00e1 de que pueda haber tomado datos de la realidad. Dir\u00eda que la disciplina es una fuerza de voluntad organizada, pero m\u00e1s que disciplina me gusta la idea de firmeza cuando se trata de escribir, creo que conviene tener un car\u00e1cter firme, al menos a rachas. Me alegra que recuerdes a Brezo y a Sergio Prim.<\/p>\n<p>P.- \u00bfCu\u00e1ndo y por qu\u00e9 pensaste en Mar\u00eda Teresa Fern\u00e1ndez de la Vega como protagonista de tu novela?<\/p>\n<p>R.- Pens\u00e9 en un personaje que se le parciera ya en los primeros cap\u00edtulos, aunque empec\u00e9 la novela con el abogado y el hacker cuando tuve que decidir qu\u00e9 pol\u00edtico ser\u00eda me interes\u00f3 ese puesto, justo el escal\u00f3n anterior a la presidencia, y me interesaron tambi\u00e9n algunos comportamientos del personaje real.<\/p>\n<p>P.- \u00bfCu\u00e1nto hay de realidad en Acceso no autorizado? Gracias.<\/p>\n<p>R.- Todo es ficci\u00f3n, incluso los datos reales son ficci\u00f3n porque est\u00e1n al servicio de una historia construida que busca intervenir en lo real desde la imaginac\u00f3n.<\/p>\n<p>P.- Hola Bel\u00e9n, hace poco la vi sentada en la asamblea de sol, como uno de sus personajes. Sus novelas remueven conciencias. No he le\u00eddo todav\u00eda su nueva novela. \u00bfPretende llegar a la conciencia de los pol\u00edticos? \u00bfNo cree que ellos representan lo que somos la mayor\u00eda de la sociedad? \u00bfNo cree que las descargas ilegales son semilla de corrupci\u00f3n? \u00bfNo lo hacen porque pueden sin pensar lo mas m\u00ednimo en lo que hay detr\u00e1s ? Gracias y feliz d\u00eda<\/p>\n<p>R.- Creo que la realidad es inestable, parece s\u00f3lida pero son s\u00f3lo part\u00edculas movi\u00e9ndose y cambiando continuamente. Hay contradicciones, entre las condiciones objetivas y las subjetivas, entre lo que los pol\u00edticos hacen y lo que querr\u00edan, entre lo que la sociedad quiere y lo que logra canalizar a trav\u00e9s de las instituciones que ya existen y a trav\u00e9s de las que reinventa, como una asamblea en la plaza p\u00fablica. El movimiento que surge de la contradicci\u00f3n puede provocar m\u00e1s caos, m\u00e1s injusticia, pero tambi\u00e9n puede generar un orden nuevo. Una novela es un elemento m\u00ednimo, sin embargo, como el resto de las cosas, tambi\u00e9n influye en la realidad. En cuanto a las descargas, las leyes debe buscar la legitimidad, cuando se produce un salto cualitativo en la forma de reproducci\u00f3n del conocimiento, creo que la ley debe procurar reflejar ese salto, de lo contrario la distancia entre lo legal y lo leg\u00edtimo puede llegar a ser infranqueable.<\/p>\n<p>P.- Hola Bel\u00e9n, me gustar\u00eda saber cu\u00e1les son tus libros o escritores de cabecera, los que te han dejado huella o m\u00e1s te han marcado como persona y como escritora.<\/p>\n<p>R.- Hola 848513, esta pregunta siempre me crea la angustia de dejar tantos libros sin nombrar. Te digo algunos, aun sabiendo todos los que faltan: Brecht, Elizabeth Taylor (la escritora, no la actriz) Gunter Anders, Capote, Idea Vilari\u00f1o, Carlos Fern\u00e1ndez Liria y Santiago Alba, Armando L\u00f3pez Salinas, Jack London.<\/p>\n<p>P.- Hola Bel\u00e9n \u00bfHay algo de Alicia en el pa\u00eds de las maravillas en este libro? A veces me recuerda como cuando Amaya dice que le gustar\u00eda apoyarse sobre Eduardo y que una puerta se abriera o cuando escribes &#8230;un mundo al otro lado, donde termina el alumbrado y empieza el bosque, lo salvaje, la otra orilla. Y tambi\u00e9n quisiera saber que se te hace tan atractivo del mundo hacker \u00bfTiene que ver tambi\u00e9n con esos agujeros por los que se introducen? Gracias. Raquel.<\/p>\n<p>R.- Hola Raquel. Agujeros, huecos, brechas, &#8220;no hay fortaleza inexpugnable ni prisi\u00f3n que no contenga un defecto&#8221;&#8230;escribi\u00f3 Mercedes Soriano. Es verdad&#8230;, me interesa todo lo que sea salir de un orden establecido que no es justo, ni bueno, que da\u00f1a innecesariamente. Quiz\u00e1 si vivi\u00e9ramos en otra sociedad no buscar\u00edamos esos t\u00faneles de Alicia, nos bastar\u00eda con sentarnos en calma, con las piernas colgando en el muelle de la bah\u00eda. Lo que me gusta del mundo hacker es la actitud de querer conocer, de no conformarse con las estructuras ya dadas ni con las verjas donde pone, precisamente, acceso no autorizado.<\/p>\n<p>P.- Hola Bel\u00e9n. Acabo de terminar de leer tu libro -hace escasos cinco minutos-&#8230; entro en la web y veo que a la 13h hay un encuentro digital contigo. Solo te puedo decir: el libro me ha encantado!!! Incluidas las siestas de las panteras que est\u00e1n rosas. Me ha sorprendido muy gratamente lo bien documentado que est\u00e1 el libro en relaci\u00f3n al tema inform\u00e1tico&#8230; \u00bfte cost\u00f3 profundizar en ese mundo? Saludos desde la ciudad amurallada&#8230; Luis.<\/p>\n<p>R.- Hola Luis, me alegra que te guste el libro y en especial la referencia a esa canci\u00f3n, La siesta de la pantera, rosa (la coma no es una errata, hay que leer la letra de la canci\u00f3n y o\u00edrla). Tuve muy buenas ayudas en la cuesti\u00f3n inform\u00e1tica, tambi\u00e9n recog\u00ed varios ordenadores abandonados de la calle, y romp\u00ed alguno haciendo experimentos. Pero sobre todo hay mucha generosidad en el mundo del software libre y entre los hackers y abogados que me ayudaron.<\/p>\n<p>P.- Hola Bel\u00e9n \u00bfque te ha parecido el minuto de gloria del principe Felipe? Saludos, Hector.<\/p>\n<p>R.- La Monarqu\u00eda deber\u00eda abolirse, a mi modo de ver.<\/p>\n<p>P.- \u00bfC\u00faal es tu posici\u00f3n ideologica?, sin medias tintas.<\/p>\n<p>R.- Marxista revolucionaria.<\/p>\n<p>P.- \u00bfDuele tanto escribir tus novelas como leerlas?<\/p>\n<p>R.- No es mi intenci\u00f3n que duela leerlas. Al contrario, querr\u00eda transmitir cierto impulso, unas gotas de actitud, adem\u00e1s de preguntas y respuestas, pero sobre todo una inclinaci\u00f3n a lo posible, a ampliar el campo de lo posible. Escribirlas no duele, se pasa por muchos estados mientras se escribe, pero el m\u00e1s abundante, en mi caso, es una forma de concentraci\u00f3n casi adictiva.<\/p>\n<p>P.- Buenos d\u00edas, Adem\u00e1s de la novela, \u00bfle interesan otros formatos o cree que ese es el mejor medio para transmitir seg\u00fan qu\u00e9 ideas?, \u00bfpara cu\u00e1ndo un ensayo (sin olvidar el breve Pistoletazo en medio de un concierto) o una obra de teatro? Muchas gracias, es usted un modelo para muchas personas. Un saludo. Marta<\/p>\n<p>R.- Hola Marta, me interesan otros formatos pero al final reincido en la novela. Con la Unidad de Producci\u00f3n Alcores trabaj\u00e9 en un texto teatral, y ahora hay un proyecto en marcha tambi\u00e9n sobre teatro que espero poder hacer. Gracias a ti, creo que no hay modelos pero s\u00ed una tradici\u00f3n de lucha que atraviesa la historia y ojal\u00e1 que un d\u00eda pueda haber formado parte de ella, aunque la lucha verdaderamente importante la han hecho siempre los que no tienen nombre.<\/p>\n<p>P.- Hola, Bel\u00e9n. Me llamo C\u00e9sar, tengo 29 a\u00f1os y soy doctor en Astrof\u00edsica. He admirado mucho a tu padre Luis Ru\u00edz de Gopegui, a quien conoc\u00ed personalamente. Lo tuyo por el Derecho o las letras es rebeld\u00eda de hija? C\u00e9sar. Negreira<\/p>\n<p>R.- Hola C\u00e9sar,yo tambi\u00e9n admiro a mi padre, pero recuerda que tambi\u00e9n hay madres en las familias&#8230;, la m\u00eda me condujo a los libros desde muy pronto, y tambi\u00e9n ha sido ella quien me ha ense\u00f1\u00f3 a interesarme por lo justo y lo injusto. Saludar\u00e9 a Luis de tu parte, suerte con la Astrof\u00edsica.<\/p>\n<p>P.- Muchos de los personajes de tu \u00faltima novela est\u00e1n inspirados en personas reales. Aunque es f\u00e1cil saberlo tras leerla, me gustar\u00eda o\u00edrlo de tus propios dedos. \u00bfPor cu\u00e1l sientes m\u00e1s ternura, y por qu\u00e9?<\/p>\n<p>R.- Creo que una cierta empat\u00eda con los personajes es imprescindible para escribir. El personaje que tiene un referente, aunque no sea conocido de forma p\u00fablica, y por el que m\u00e1s afecto siento, es Amaya. Porque en ella confluyen personas que he conocido en momentos muy distintos y que se han entregado su tiempo y su energ\u00eda a algo que nos afectaba a los dem\u00e1s, siempre les y las he visto hacerlo con generosidad, sin hacer valer esa energ\u00eda gastada, con una alegr\u00eda muy poderosa.<\/p>\n<p>P.- Simplemente quiero aprovechar esta ocasion para mandarle un saludo desde Taiwan. Conoci a su tio, un jesuita que esta en Brasil (una persona extraordinaria por cierto), hace unos a\u00f1os y a trav\u00e9s de \u00e9l conoc\u00ed su obra&#8230; Me encanta la sensibilidad que tiene al expresar las situaciones de exclusi\u00f3n y marginaci\u00f3n que hay en este mundo sin caer, con perd\u00f3n, en la din\u00e1mica muy propia de la postmodernidad de acercarse al dolor sin tocarlo y sin jugarlo. De donde le viene esa sensibilidad por lo social?<\/p>\n<p>R.- Gracias por sus palabras, me tengo que ir ya, pero seguro que mi t\u00edo le puede contar donde est\u00e1 el origen de algo que no s\u00e9 si tengo pero que viv\u00ed desde muy muy peque\u00f1a por circunstancias personales.<\/p>\n","protected":false},"excerpt":{"rendered":"<p>Acceso no autorizado (Ed. Mondadori) es su nueva novela. Un thriller pol\u00edtico e inform\u00e1tico con personajes que se parecen mucho a una vicepresidenta y a un ministro muy conocidos. Una historia de Bel\u00e9n Gopegui que pone al descubierto la soledad y la violencia del poder en todas sus formas.<\/p>\n","protected":false},"author":1,"featured_media":0,"comment_status":"open","ping_status":"open","sticky":false,"template":"","format":"standard","meta":{"footnotes":""},"categories":[],"tags":[],"class_list":["post-3031","post","type-post","status-publish","format-standard","hentry"],"_links":{"self":[{"href":"https:\/\/intervius.com\/index.html\/wp-json\/wp\/v2\/posts\/3031","targetHints":{"allow":["GET"]}}],"collection":[{"href":"https:\/\/intervius.com\/index.html\/wp-json\/wp\/v2\/posts"}],"about":[{"href":"https:\/\/intervius.com\/index.html\/wp-json\/wp\/v2\/types\/post"}],"author":[{"embeddable":true,"href":"https:\/\/intervius.com\/index.html\/wp-json\/wp\/v2\/users\/1"}],"replies":[{"embeddable":true,"href":"https:\/\/intervius.com\/index.html\/wp-json\/wp\/v2\/comments?post=3031"}],"version-history":[{"count":0,"href":"https:\/\/intervius.com\/index.html\/wp-json\/wp\/v2\/posts\/3031\/revisions"}],"wp:attachment":[{"href":"https:\/\/intervius.com\/index.html\/wp-json\/wp\/v2\/media?parent=3031"}],"wp:term":[{"taxonomy":"category","embeddable":true,"href":"https:\/\/intervius.com\/index.html\/wp-json\/wp\/v2\/categories?post=3031"},{"taxonomy":"post_tag","embeddable":true,"href":"https:\/\/intervius.com\/index.html\/wp-json\/wp\/v2\/tags?post=3031"}],"curies":[{"name":"wp","href":"https:\/\/api.w.org\/{rel}","templated":true}]}}