{"id":3028,"date":"2011-06-11T00:00:00","date_gmt":"2006-11-06T00:00:00","guid":{"rendered":"https:\/\/intervius.com\/index.html\/?p=3028"},"modified":"2006-11-06T00:00:00","modified_gmt":"2006-11-06T00:00:00","slug":"Matilde_Asensi3028","status":"publish","type":"post","link":"https:\/\/intervius.com\/index.html\/Matilde_Asensi3028\/","title":{"rendered":"Matilde Asensi"},"content":{"rendered":"<p>Pregunta.- \u00bfTe sientes c\u00f3moda en la Feria del Libro? \u00bfalguna an\u00e9cdota de esta edici\u00f3n? Un beso<\/p>\n<p>Respuesta.- Me siento muy, muyb c\u00f3moda. Piensa que hace muchos a\u00f1os que vengo y siempre he sido estupendamente acogida por los madrile\u00f1os. En esta edici\u00f3n s\u00f3lo he estado una ma\u00f1ana, as\u00ed que no ha habido todav\u00eda mucho tiempo para an\u00e9cdotas.<\/p>\n<p>P.- 20 millones de lectores en todo el mundo es una pasada. \u00bfEn qu\u00e9 pa\u00edses te ha sorprendido m\u00e1s tener \u00e9xito?<\/p>\n<p>R.- \u00bfQu\u00e9 te parece Corea del Sur&#8230;? Muerta me qued\u00e9 el d\u00eda que lo supe. Y ni te cuento el d\u00eda que me llegaron los ejemplares de mis libros en coreano.<\/p>\n<p>P.- Lo que no me ha quedado claro es si &#8220;Mart\u00edn Ojo de Plata&#8221; es la conclusi\u00f3n de la trilog\u00eda o es s\u00f3lo un resumen de los dos primeros libros con un pr\u00f3logo de la autora???<\/p>\n<p>R.- Te lo aclaro: no es la tercera parte y \u00faltima de la trilog\u00eda. Es una edici\u00f3n especial que unifica, no resume, los dos primeros vol\u00famenes, de manera que, por el precio de uno, se pueden comprar los dos, con un pr\u00f3logo que me qued\u00f3 muy chulo y material a\u00f1adido por la editorial.<\/p>\n<p>P.- \u00bfHabr\u00e1 alguna firma de libros en Mallorca? Tuve el placer de conocerte en la feria del libro del a\u00f1o pasado y la verdad es que eres una persona muy agradable en la que adem\u00e1s de una firma de libro estar\u00eda muy bien hacer una gran tertulia con un caf\u00e9 o un t\u00e9 con lim\u00f3n en la mano. Un abrazo desde Mallorca. \u00c0ngel.<\/p>\n<p>R.- Hola, \u00c1ngel. De momento, no tengo previsto pasar por Mallorca. Sorry. Pero gracias por lo del caf\u00e9 o el t\u00e9 (mejor caf\u00e9). Quedamos emplazados. Un besote.<\/p>\n<p>P.- La considero si no la mejor, una de las mejores escritoras de nuestro pa\u00eds, y personalmente tengo colecci\u00f3n de (casi) todos sus libros. Por un lado quer\u00eda preguntarle hasta cu\u00e1ndo nos va a tener en ascuas con el \u00faltimo libro de &#8220;Mart\u00edn Ojo de Plata&#8221;. Y por otro, tengo curiosidad por si conoce a Julia Navarro y qu\u00e9 piensa de ella como profesional, ya que os considero a ambas grandes narradoras de un g\u00e9nero muy similar. Un saludo, y suerte en sus pr\u00f3ximas publicaciones. Desde Murcia, Victoria.<\/p>\n<p>R.- Hola, Victoria. Gracias por ser tan buena lectora de mis libros. La tercera parte (y \u00faltima de Mart\u00edn Ojo de Plata) saldr\u00e1 en septiembre\/octubre de 20Lo ha programado as\u00ed la editorial, as\u00ed que las ascuas se mantendr\u00e1n un poquito m\u00e1s. En cuanto a Julia Navarro, claro que la conozco. Es un encanto. Me cae fenomenal y me gustan mucho sus libros.<\/p>\n<p>P.- Hola Matilde, \u00bfest\u00e1s preparando ya alguna nueva novela?<\/p>\n<p>R.- Estoy con la tercera parte de Mart\u00edn, pero tengo varias pilas de libros de distintos temas encima de la mesa de mi despacho. Cosas que me han llamado la atenci\u00f3n durante el tiempo de la trilog\u00eda y que me llaman por mi nombre.<\/p>\n<p>P.- Para escribir El \u00daltimo Cat\u00f3n usted tuvo que documentarse sobre los lugares en los que se realizaba la prueba. \u00bfVisit\u00f3 todos los lugares que aparecen en el libro?<\/p>\n<p>R.- No, todos no. Casi todos. Y algunos, varias veces, pero no estuve en el bosque de R\u00e1vena, por ejemplo. No lo necesitaba, porque era mejor para m\u00ed imaginarlo que verlo (con una gran base de documentaci\u00f3n, por supuesto).<\/p>\n<p>P.- Hola Matilde. M\u00e1s que preguntarte quiero darte la enhorabuena por tu obra. Soy de Alicante y presumo mucho de paisana escritora. He leido casi toda tu obra y mi favorita sigue siendo Peregrinatio. Me gustan los temas medievales. \u00bfTienes alg\u00fan proyecto a la vista que siga con temas medievales? Un saludo desde la admiraci\u00f3n.<\/p>\n<p>R.- Hola, compatriota. Te escribo desde Madrid, desde la mism\u00edsima feria del libro. Gracias por lo que me dices. No s\u00e9 qu\u00e9 escribir\u00e9 a continuaci\u00f3n, despu\u00e9s de la trilog\u00eda, pero uno de los temas que me llaman si que se acerca mucho a la E.M. Igual s\u00ed que vuelvo a la \u00e9poca de Iacobus. La verdad es que no lo s\u00e9.<\/p>\n<p>P.- Nada, s\u00f3lo felicitarla por ser una gran escritora&#8230;<\/p>\n<p>R.- Much\u00edsimas gracias, en serio \ud83d\ude42<\/p>\n<p>P.- yo se muy poco de usted: \u00bfcomo se definiria en una sola frase? Gracias.<\/p>\n<p>R.- Soy un poco friki, la verdad. Me encantan los cacharros de inform\u00e1tica, los c\u00f3mics y los libros, pero nadie se lo imagina de una escritora de mediana edad.<\/p>\n<p>P.- \u00bfEstar\u00eda dispuesta a colaborar en el gui\u00f3n de una pel\u00edcula sobre El \u00daltimo Cat\u00f3n? Si Hollywood descubriese su novela ser\u00eda una superproducci\u00f3n al m\u00e1s puro estilo taquillero norteamercano.<\/p>\n<p>R.- Llevo muchos a\u00f1os esperando a Steven o a George, y no llaman a mi puerta&#8230; (Para el que no caiga, Steven Spielberg y George Lucas).<\/p>\n<p>P.- Soy un \u00e1vido lector de sus libros. El \u00daltimo Cat\u00f3n lo habr\u00e9 le\u00eddo 15 veces sin exagerar y lo he regalado tantas veces que su editorial va a tener que darme una comisi\u00f3n por ventas jaja. Sus dos \u00faltimos libros, Tierra Firme y Venganza en Sevilla son dos obras magnificas. Como historiador en especialista en Historia Moderna quisiera preguntarle si su documentaci\u00f3n para ambas novelas ha sido bibliogr\u00e1fica o tambi\u00e9n documental. \u00bfHay alg\u00fan trasfondo de realidad en el personaje de ambas obras?<\/p>\n<p>R.- Comisi\u00f3n concedida. Ponte en contacto con mi editorial \ud83d\ude42 La documentaci\u00f3n que utlizo para todos mis libros es, mayoritariamente, bibliogr\u00e1fica. Los documentales suelen ser bastante superficiales y no entran en materia tanto como yo necesito. En cuanto a la realidad de Catalina\/Mart\u00edn, s\u00f3lo tienes que mirar la literatura del Siglo de Oro, ver\u00e1s el personaje de la mujer travestida de hombre por todas partes.<\/p>\n<p>P.- Enhorabuena por los \u00e9xitos. Unas preguntas un poco \u00edntimas, ma non troppo. \u00bfLlegaste a la escritura de novela hist\u00f3rica fascinada por el pasado o asqueada por el presente? Al escribir novelas hist\u00f3ricas, \u00bfajustamos cuentas con el pasado, como hicieron los novelistas del XIX? Gracias por tus libros y por tus respuestas.<\/p>\n<p>R.- Gracias por tus preguntas. Yo dir\u00eda que tanto fascinada como un poquito harta (por no decir &#8220;asqueada&#8221;, que me parece fuerte). En eso, aciertas al 100%. Y s\u00ed, creo que los escritores de novela hist\u00f3rica ajustamos cuentas con el pasado cuando creamos nuestras historias.<\/p>\n<p>P.- \u00bfQu\u00e9 consejos me dar\u00eda para empezar a escribir? Siento que deber\u00eda contar mi vida. \u00bfC\u00f3mo lo hago? \u00bfPor d\u00f3nde empiezo?<\/p>\n<p>R.- Lo que m\u00e1s nos gusta a todos es que nos cuenten historias, as\u00ed que si tienes historias que contar, escribe. Tambi\u00e9n te dir\u00eda que \u00e9ste es un momento especialmente dif\u00edcil para conseguir que te publiquen. La crisis econ\u00f3mica ha hecho que las editoriales no arriesguen demasiado con autores n\u00f3veles, pero si lo que te gusta es contar historias, lo conseguir\u00e1s. Besos.<\/p>\n<p>P.- Buenas tardes Matilde, \u00bfcu\u00e1ndo y en qu\u00e9 casetas firmar\u00e1s ma\u00f1ana? Me encantar\u00eda tener Mart\u00edn Ojo de Plata dedicado por ti.<\/p>\n<p>R.- Ma\u00f1ana, d\u00eda de mi cumplea\u00f1os (12 de junio), firmar\u00e9 de 12 a 14 en la caseta n\u00ba 167 y por la tarde, de 19 a 21 horas, en la n\u00ba 8Te espero.<\/p>\n<p>P.- matilde, ayer la o\u00ed en un programa de radio y, aunque ya la conoc\u00eda como escritora, me encant\u00f3 como mujer. Yo escribo, pero me es imposible acceder a ninguna editorial. \u00bfCree que internet ser\u00e1 una v\u00eda seria y real para los nuevos escritores? Gracias. Un beso de admiraci\u00f3n y muy cari\u00f1oso.<\/p>\n<p>R.- Gracias. Deja que te explique una cosa: internet YA es fundamental para los nuevos escritores y no s\u00f3lo porque, realmente, es el futuro de todo, sino porque es una manera de que los editores de libros en papel te hagan caso. Por lo que estoy viendo, o publicas en internet (blogs y tal), o no te miran. Un beso.<\/p>\n<p>P.- El problema de leer sus libros es que me gustan mucho, y por hablar de ellos termino prest\u00e1ndolos. \u00bfEst\u00e1 en contra de este tipo de pirater\u00eda? Me parece una pregunta apropiada teniendo en cuenta que est\u00e1 en la Feria del Libro. Un saludo afectuoso.<\/p>\n<p>R.- \u00bfC\u00f3mo voy a estar en contra del pr\u00e9stamos amistoso-familiar de libros? En absoluto. Pero, cuidado, siempre y cuando lo devuelvan. Los libros, con devoluci\u00f3n. Yo he perdido tambi\u00e9n un mont\u00f3n as\u00ed y alg\u00fan d\u00eda publicar\u00e9 los nombres de los amigos con manos largas \ud83d\ude42<\/p>\n<p>P.- \u00bfAlguna rutina a la hora de escribir?<\/p>\n<p>R.- Empezar corrigiendo todo lo escrito el d\u00eda anterior y tener un caf\u00e9 delante por la ma\u00f1ana y una Coca-cola por la tarde. Creo que s\u00f3lo esto&#8230;<\/p>\n<p>P.- \u00bf cuando vendras a Medell\u00edn a la feria del libro? Silvia Barrera<\/p>\n<p>R.- Hola, Silvia. No puedo responder a tu pregunta como me gustar\u00eda porque no lo s\u00e9. Ahora estoy trabajando en el tercer libro de la trilog\u00eda y despu\u00e9s, cuando salga, tendr\u00e9 que hacer promoci\u00f3n. Estamos hablando de un par de a\u00f1os, as\u00ed que, si voy a Colombia (cosa que me encantar\u00eda), ser\u00e1 despu\u00e9s de ese tiempo. Un abrazo muy grande y nos vemos por all\u00ed \ud83d\ude42<\/p>\n<p>P.- Comenz\u00f3 mi madre, y uno a uno hemos ido cayendo todos los de mi familia prendidos ante sus libros. El Sal\u00f3n de \u00c1mbar fue el primero que le\u00ed, y guardo un grato recuerdo. Luego vinieron todos los dem\u00e1s. Mi pregunta es, \u00bfse inspira en algo para escribir sus historias o simplemente deja volar su imaginaci\u00f3n? Por cierto, mi nombre es Aymara, y me hizo mucha ilusi\u00f3n el libro El Origen Perdido, hasta ahora no hab\u00eda leido ning\u00fan relato que tratara sobre esa entra\u00f1able tribu. Gracias por las magn\u00edficas tardes que me ha hecho pasar =)<\/p>\n<p>R.- Gracias a ti y a tu familia. No sabes lo que me gustan las &#8220;capturas&#8221; de lectores en grupo \ud83d\ude09 En cuanto a tu pregunta, la inspiraci\u00f3n suele venirme leyendo, o sea, que las ideas vienen de alg\u00fan lugar y no s\u00f3lo de dejar volar la imaginaci\u00f3n. Y, por cierto, tu nombre me gusta mucho, Aymara, no s\u00e9 por qu\u00e9 ser\u00e1.<\/p>\n","protected":false},"excerpt":{"rendered":"<p>Ha enganchado a m\u00e1s de 20 millones de lectores en todo el mundo. Matilde Asensi es una de las escritoras que m\u00e1s firma estos d\u00edas en la Feria del Libro de Madrid. En Mart\u00edn Ojo de Plata (Ed. Planeta) se reunen en un solo volumen Tierra firme y Venganza en Sevilla, sus dos primeras novelas.<\/p>\n","protected":false},"author":1,"featured_media":0,"comment_status":"open","ping_status":"open","sticky":false,"template":"","format":"standard","meta":{"footnotes":""},"categories":[],"tags":[],"class_list":["post-3028","post","type-post","status-publish","format-standard","hentry"],"_links":{"self":[{"href":"https:\/\/intervius.com\/index.html\/wp-json\/wp\/v2\/posts\/3028","targetHints":{"allow":["GET"]}}],"collection":[{"href":"https:\/\/intervius.com\/index.html\/wp-json\/wp\/v2\/posts"}],"about":[{"href":"https:\/\/intervius.com\/index.html\/wp-json\/wp\/v2\/types\/post"}],"author":[{"embeddable":true,"href":"https:\/\/intervius.com\/index.html\/wp-json\/wp\/v2\/users\/1"}],"replies":[{"embeddable":true,"href":"https:\/\/intervius.com\/index.html\/wp-json\/wp\/v2\/comments?post=3028"}],"version-history":[{"count":0,"href":"https:\/\/intervius.com\/index.html\/wp-json\/wp\/v2\/posts\/3028\/revisions"}],"wp:attachment":[{"href":"https:\/\/intervius.com\/index.html\/wp-json\/wp\/v2\/media?parent=3028"}],"wp:term":[{"taxonomy":"category","embeddable":true,"href":"https:\/\/intervius.com\/index.html\/wp-json\/wp\/v2\/categories?post=3028"},{"taxonomy":"post_tag","embeddable":true,"href":"https:\/\/intervius.com\/index.html\/wp-json\/wp\/v2\/tags?post=3028"}],"curies":[{"name":"wp","href":"https:\/\/api.w.org\/{rel}","templated":true}]}}