{"id":3019,"date":"2011-06-16T00:00:00","date_gmt":"2006-11-06T00:00:00","guid":{"rendered":"https:\/\/intervius.com\/index.html\/?p=3019"},"modified":"2006-11-06T00:00:00","modified_gmt":"2006-11-06T00:00:00","slug":"Lucia_Martin3019","status":"publish","type":"post","link":"https:\/\/intervius.com\/index.html\/Lucia_Martin3019\/","title":{"rendered":"Luc\u00eda Mart\u00edn"},"content":{"rendered":"<p>Pregunta.- Luc\u00eda: En las generaciones anteriores era com\u00fan que los hijos prosperaran profesionalmente m\u00e1s que sus padres y sin embargo ahora sucede lo contrario. \u00bfA qu\u00e9 crees que se debe esto? Jacobo<\/p>\n<p>Respuesta.- Lo primero, daros las gracias a todos por estar aqu\u00ed y por vuestras preguntas. En efecto Jacobo, es lo que pasa ahora. Un autor franc\u00e9s hizo un estudio en el que analizaba el sueldo de los treinta\u00f1eros analizando si eran bajos por cuesti\u00f3n de generaci\u00f3n (por el momento en que has nacido). Y ten\u00eda que ver: ha habido mucho titulado y muy pocos puestos ad hoc para ellos. Eso hace que pocos accedan a buenos puestos y buenos sueldos. Nuestros padres prosperaban m\u00e1s facilmente que nosotros. Las reglas del mercado laboral han cambiado. Gracias<\/p>\n<p>P.- Le cost\u00f3 mucho tiempo documentarse?<\/p>\n<p>R.- Hola, aproximadamente un a\u00f1o, m\u00e1s o menos. Pero tuve suerte y pude contar con declaraciones de gente que sab\u00eda mucho del tema. Gracias<\/p>\n<p>P.- Luc\u00eda, a qu\u00e9 es lo m\u00e1s dif\u00edcil que crees que se enfrenta esta generaci\u00f3n??? Mil gracias Fina<\/p>\n<p>R.- Hola Fina, pues lo tienen crudo en cuanto a mercado laboral se refiere: muchos titulados, pocos buenos puestos, unas expectativas que les vendieron que ya no son v\u00e1lidas (trabaja en una empresa en la que te jubilar\u00e1s..), sueldos precarios, inestabilidad laboral&#8230; Pero esas condiciones son v\u00e1lidas para todos, no s\u00f3lo para los j\u00f3venes: tambi\u00e9n los de 40 o 50 sufren lo mismo. Hay que reinventarse la carrera y sobre todo, las expectativas. Gracias por tu pregunta.<\/p>\n<p>P.- \u00bfQu\u00e9 te parece el Movimiento 15-M y en lo que est\u00e1 derivando? Lo que sucedi\u00f3 ayer del parlamento catal\u00e1n es intolerable.<\/p>\n<p>R.- Hola, me alegr\u00f3 mucho que sucediese lo del 15 M porque precisamente yo defiendo en mi libro, que sali\u00f3 antes de que nada de esto sucediera, que los j\u00f3venes, al contrario de lo que se dice, s\u00ed tienen valores, lo que pasa es que sus valores son distintos de los de sus hermanos mayores o padres. Y el movimiento del 15 M ven\u00eda a confirmarlo. Respecto al uso de la violencia, en fin, no me parece lo m\u00e1s apropiado. Entiendo que la gente est\u00e9 harta y descontenta con los pol\u00edticos y con el sistema pero eso no justifica la violencia.<\/p>\n<p>P.- \u00bfPiensas que el sistema pone cada vez m\u00e1s obst\u00e1culos al futuro de los j\u00f3venes? Es evidente que los j\u00f3venes son cada vez m\u00e1s pobres en nuestro pa\u00eds, \u00bfhasta d\u00f3nde crees t\u00fa que est\u00e1n dispuestos a ver recortados sus medios? Generaci\u00f3n Perdida remite al movimiento literario de Hemingway y compa\u00f1\u00eda, que en Estados Unidos fue seguido por la generaci\u00f3n Im-perdida (Unlost), que tambi\u00e9n se conoci\u00f3 como la generaci\u00f3n beat (golpeada, desencantada). Esa generaci\u00f3n fue el motor de movimientos como el pacifismo, los hippies y las pruebas con \u00e1cido&#8230; Es el movimiento del 15m o las actuaciones de Anonimous el primer paso hacia otros?<\/p>\n<p>R.- Hola, pues espero que s\u00ed, que el movimiento 15M sea el embri\u00f3n de algo m\u00e1s, de reformas en la ley electoral, de cambios que tengan que ver con la educaci\u00f3n y el sistema, con el mercado laboral, con el de la vivienda&#8230;. Como todo es tan inestable que no se sabe que va a pasar ma\u00f1ana, todo est\u00e1 por ver, \u00bfno? Vivimos tiempos en el que todo es muy cambiante, ya lo dec\u00eda el autor de Modernidad L\u00edquida. Pero tambi\u00e9n creo que hay que quejarse no s\u00f3lo cuando vienen mal dadas porque cuando se viv\u00eda el boom del mercado inmobiliario aqu\u00ed no se quejaba nadie y el acceso a la vivienda era igual de dif\u00edcil, \u00bfno crees? Gracias por tu pregunta.<\/p>\n<p>P.- \u00bfPor qu\u00e9 este libro?<\/p>\n<p>R.- Hola. Curiosamente cuando la editorial me lo encarg\u00f3 me lo pidi\u00f3 para demostrar que la gente joven era vaga, escasa de valores, conformista, en un principio se iba a llamar Generaci\u00f3n Noqueada, en afirmativo. A medida que fui realizando la investigaci\u00f3n fui descubriendo, con datos en la mano, que no, que no estaban tan noqueados y que en algunos aspectos hab\u00edan salido mejor parados que por ejemplo, los de mi generaci\u00f3n, la denominada generaci\u00f3n X. Por eso el actual t\u00edtulo y por eso este libro. Gracias<\/p>\n<p>P.- Tras Mayo del 68 y a pesar de la victoria de De Gaulle en las elecciones, comenz\u00f3 a construirse en Europa lo que llamamos &#8220;estado del bienestar&#8221;. Desmantelado ya \u00e9ste por los mercados, \u00bfhay alguna posibilidad de que el movimiento del 15-M lo resucite? Besos. Manuel.<\/p>\n<p>R.- Hola Manuel, pues como so\u00f1ar es gratis, ojal\u00e1, no? Aunque s\u00f3lo sea porque algunos podamos correr delante de otros similares a los grises (parece que cuando no lo hiciste porque no hab\u00edas nacido y oyes a alguien que si lo hizo te mira como con cierta superioridad). Ya sin bromas: ojal\u00e0, ojal\u00e1 que el movimiento del 15 M sirva para conseguir una sociedad m\u00e1s igualitaria, donde haya menos impunidad y corrupci\u00f3n pol\u00edtica. Gracias.<\/p>\n<p>P.- \u00bfTu crees que con las reformas que pregonan los empresarios, si se llegan a poner en marcha, \u00e9stos acabar\u00e1n contratando a los j\u00f3venes, y lo har\u00e1n pag\u00e1ndoles sueldos acordes a sus capacidades o con unos sueldos \u00ednfimos?<\/p>\n<p>R.- Hola. Pues espero que contraten a j\u00f3venes porque hay muchos con mucho talento. Y que les paguen en funci\u00f3n de lo que valen, ser\u00eda lo id\u00f3neo. Todos en general, empresarios, pol\u00edticos&#8230; debieran ver a m\u00e1s largo plazo: gente con 30 a\u00f1os que no puede ni pagarse el alquiler, es gente que consume menos, que retrasa la edad para tener hijos&#8230; \u00bfQu\u00e9 clase de futuro estamos engendrando con estas condiciones?<\/p>\n<p>P.- Generaci\u00f3n perdida, \u00bfs\u00ed o no?<\/p>\n<p>R.- Rotundamente noooo. Quiz\u00e1s la sociedad en general, la sociedad occidental capitalista es la que est\u00e9 un poco perdida. Gracias.<\/p>\n<p>P.- Dices que tienes declaraciones en el libro de mucha gente que sab\u00eda sobre el tema. \u00bfDe qui\u00e9nes?<\/p>\n<p>R.- Uy, pues intentar\u00e9 citar a algunos pero se me olvidar\u00e1n otros, espero que no se enfaden. Muchos empresarios y j\u00f3venes adem\u00e1s (Jes\u00fas Encinar, de idealista; los fundadores de El Ganso; el director general del Injuve; profesores y soci\u00f3logos (Julio Caraba\u00f1a, Juan Ignacio Mart\u00ednez, Rafael Prieto Lacaci&#8230;), el fundador de Bubok, etc etc.<\/p>\n<p>P.- Poniendo tu nombre en Google, al no conocerte de nada, he visto que publicaste un libro sobre sexo. \u00bfEres la misma? Se me hace raro.<\/p>\n<p>R.- Si, \u00e9ste es mi segundo libro. Los periodistas intentamos ser muy polifac\u00e9ticos: el primero fue una investigaci\u00f3n sobre el dinero que mueven los negocios del sexo. Y \u00e9ste es una investigaci\u00f3n sobre la generaci\u00f3n de los 25 a los 35 a\u00f1os. Gracias.<\/p>\n<p>P.- Buenos d\u00edas. \u00bfQu\u00e9 t\u00f3pico sobre los j\u00f3venes te saca m\u00e1s de quicio?<\/p>\n<p>R.- Desde luego no me gusta nada lo de vagos (los hay que se ven obligados a pluriemplearse porque no les llegan los sueldos \u00ednfimos). Y el de sin valores tampoco me gusta. S\u00ed que es cierto que son poco emprendedores pero tampoco se puede achacar a los j\u00f3venes: en Espa\u00f1a se ha emprendido poco siempre. Gracias.<\/p>\n<p>P.- \u00bfPor qu\u00e9 no hay j\u00f3venes en puestos de responsabilidad? Ni en empresas ni en ayuntamientos o ministerios.<\/p>\n<p>R.- Hola, discrepo, yo creo que s\u00ed los hay, quiz\u00e1s donde m\u00e1s haya sea en el mundo empresarial (de gente que se lo ha montado por su cuenta). Pero no tengo estad\u00edsticas sobre porcentajes. Gracias.<\/p>\n<p>P.- Hola Lucia. Lo que yo veo que no es justo en este pais es que a los jovenes se les pida tanta preparacion (titulo universitario, master, dos idiomas) para acceder a un puesto de trabajo decente y luego veamos que hay gente que nos gobierna (ministros, diputados, alcaldes, etc..), con la responsabilidad que conlleva, que no tienen ni las mas minima preparacion universitaria y llegan muy alto. Gracias. Juan Luis<\/p>\n<p>R.- Hola Juan Luis. Estoy de acuerdo contigo pero vamos por partes. Se les exige un determinado curriculum, es verdad, y luego muchos sueldos dejan que desear en muchos casos tambi\u00e9n. Y es cierto que muchos pol\u00edticos no tienen la mitad de esa formaci\u00f3n. Pero tambi\u00e9n somos responsables en esto, porque les hemos votado, \u00bfno? Habr\u00eda que refundar muchas cosas me parece.. Gracias.<\/p>\n<p>P.- Despu\u00e9s de la ca\u00edda de Lehman Brothers, se hablaba sobre la refundaci\u00f3n del capitalismo. Muchos autores hablan de un sistema econ\u00f3mico, pol\u00edtico y social, durante las Asambles organizadas por el 15-M, se hablaba en parte de esto, en un respuesta hablas de que los valores de los j\u00f3venes son diferentes que los de las generaciones futuras -aunque tambi\u00e9n hab\u00eda personas mayores en las protestas-, \u00bfpiensas que esta generaci\u00f3n ser\u00e1 capaz de articular un nuevo sistema?. Por otro lado, a este movimiento se les exige cosas pragm\u00e1ticas, y dejarse de metaf\u00edsica e ir a cosas concretas, \u00bfestas exigencias pueden conseguir que se deje de reflexionar sobre los principios que mueven al sistema actual?. Muchas gracias<\/p>\n<p>R.- Espero sinceramente que esta generaci\u00f3n y otros miembros de otras, por qu\u00e9 no porque en el sistema estamos todos, cambien las cosas porque esto no se sostiene: no se sostiene que empresas que ganen dinero despidan a trabajadores (con su consiguiente subida en Bolsa); no se sostiene que se premie el funcionariado o el trabajo por cuenta ajena y que no se promueva emprender; no se sostiene un sistema educativo que no va en consonancia con lo que quieren los trabajadores; no se sostienen los partidos pol\u00edticos (de hecho los j\u00f3venes y muchos otros no se sienten representados). As\u00ed podr\u00edamos seguir d\u00edas y d\u00edas! Gracias.<\/p>\n<p>P.- \u00bfC\u00f3mo cree usted que el clima sociopol\u00edtico de apertura, posterior a la dictadura, ha afectado a la llamada &#8220;Generaci\u00f3n Perdida&#8221;?\u00bfCree que es una generaci\u00f3n pol\u00edticamente madura y concienciada?\u00bfm\u00e1s o menos que la generaci\u00f3n anterior?<\/p>\n<p>R.- Creo que como crecieron en un clima de libertad, lo que no fue el caso para otras generaciones, no han tenido tanta necesidad de afiliaci\u00f3n pol\u00edtica y sindical. Muchos estudios ponen de manifiesto que est\u00e1n desvinculados de los partidos pol\u00edticos y no digamos de los sindicatos (aunque esto es v\u00e1lido para otras edades tambi\u00e9n). No se sienten representados por los partidos, para ellos son algo lejano. Gracias.<\/p>\n","protected":false},"excerpt":{"rendered":"<p>En \u00bfGeneraci\u00f3n perdida? Desmontando ideas sobre los j\u00f3venes (Ed. \u00c1ltera) trata de derribar los clich\u00e9s y barbaridades que se dicen sobre los j\u00f3venes. Dominique Strauss-Khan acu\u00f1\u00f3 lo de &#8220;generaci\u00f3n perdida&#8221;, pero existen otros calificativos: noqueados, mileuristas, precarios\u2026<\/p>\n","protected":false},"author":1,"featured_media":0,"comment_status":"open","ping_status":"open","sticky":false,"template":"","format":"standard","meta":{"footnotes":""},"categories":[],"tags":[],"class_list":["post-3019","post","type-post","status-publish","format-standard","hentry"],"_links":{"self":[{"href":"https:\/\/intervius.com\/index.html\/wp-json\/wp\/v2\/posts\/3019","targetHints":{"allow":["GET"]}}],"collection":[{"href":"https:\/\/intervius.com\/index.html\/wp-json\/wp\/v2\/posts"}],"about":[{"href":"https:\/\/intervius.com\/index.html\/wp-json\/wp\/v2\/types\/post"}],"author":[{"embeddable":true,"href":"https:\/\/intervius.com\/index.html\/wp-json\/wp\/v2\/users\/1"}],"replies":[{"embeddable":true,"href":"https:\/\/intervius.com\/index.html\/wp-json\/wp\/v2\/comments?post=3019"}],"version-history":[{"count":0,"href":"https:\/\/intervius.com\/index.html\/wp-json\/wp\/v2\/posts\/3019\/revisions"}],"wp:attachment":[{"href":"https:\/\/intervius.com\/index.html\/wp-json\/wp\/v2\/media?parent=3019"}],"wp:term":[{"taxonomy":"category","embeddable":true,"href":"https:\/\/intervius.com\/index.html\/wp-json\/wp\/v2\/categories?post=3019"},{"taxonomy":"post_tag","embeddable":true,"href":"https:\/\/intervius.com\/index.html\/wp-json\/wp\/v2\/tags?post=3019"}],"curies":[{"name":"wp","href":"https:\/\/api.w.org\/{rel}","templated":true}]}}