{"id":3013,"date":"2011-06-21T00:00:00","date_gmt":"2006-11-06T00:00:00","guid":{"rendered":"https:\/\/intervius.com\/index.html\/?p=3013"},"modified":"2006-11-06T00:00:00","modified_gmt":"2006-11-06T00:00:00","slug":"Ramiro_Ruiz_Medrano3013","status":"publish","type":"post","link":"https:\/\/intervius.com\/index.html\/Ramiro_Ruiz_Medrano3013\/","title":{"rendered":"Ramiro Ruiz Medrano"},"content":{"rendered":"<p>Pregunta.- \u00bfQu\u00e9 opina del movimiento del 15-M? \u00bfNo cree justa la reivindicaci\u00f3n de la reforma de una ley electoral que condena a miles y miles de personas a emitir un voto in\u00fatil porque nunca conseguir\u00e1 representaci\u00f3n en las instituciones?<\/p>\n<p>Respuesta.- Es un movimiento muy respetable e incluso en algunos de sus planteamientos puedo coincidir. La reforma electoral habr\u00eda que hacerla de forma pactada y hay cuestiones muy mejorables, por ejemplo que un candidato se quede a unos poquitos votos de la mayor\u00eda absoluta pueda ser desalojado de esa responsabilidad por la uni\u00f3n de distintas fuerzas pol\u00edticas contrapuestas a veces no est\u00e1 justificado.<\/p>\n<p>P.- Despu\u00e9s de 18 a\u00f1os en un cargo que le ha permitido estar muy cerca de la calle y de la gente del medio rural, \u00bfno siente que cierra p\u00e1gina para entrar en otro tipo de pol\u00edtica, esa que los ciudadanos sienten mucho m\u00e1s lejana y con la que apenas se identifican?<\/p>\n<p>R.- Qu\u00e9 duda cabe que la pol\u00edtica local es la m\u00e1s cercana al ciudadano. Durante muchos a\u00f1os he tenido la suerte de participar en esa acci\u00f3n pol\u00edtica. Ahora me corresponde, por las nuevas responsabilidades que se me han otorgado, tambi\u00e9n acercar la pol\u00edtica auton\u00f3mica a los ciudadanos de Castilla y Le\u00f3n.<\/p>\n<p>P.- Hola Presidente, con su marcha se cierra un ciclo de desarrollo y bonanza econ\u00f3mica en nuestros pueblos, \u00bfqu\u00e9 acci\u00f3n o programa destacar\u00eda de los puestos en marcha estos a\u00f1os?. Gracias.<\/p>\n<p>R.- Siempre que un alcalde ha visto hecho realidad un proyecto para la Diputaci\u00f3n y para m\u00ed como su presidente, siempre es motivo de satisfacci\u00f3n. Si hubiera que destacar alguna, ser\u00eda la mejora de las carreteras de titularidad provincial.<\/p>\n<p>P.- \u00bf Cual es su mejor y su peor recurerdo de su paso por la Diputaci\u00f3n? Javi<\/p>\n<p>R.- Los malos recuerdos los tengo olvidados. Me gusta mucho m\u00e1s llevar en mi mochila de presidente de la Diputaci\u00f3n todos los buenos recuerdos que he podido vivir con las gentes de nuestra provincia<\/p>\n<p>P.- Presidente, podr\u00eda destacar o recordar un momento, una anecdota con un alcalde o concejal en un pueblo de nuestra provincia.<\/p>\n<p>R.- A lo largo de estos a\u00f1os, han sido muchas las situaciones comprometidas pero que ahora podemos considerar con la categor\u00eda de an\u00e9cdota. Por ejemplo, en un pueblo, me pareci\u00f3 algo parecido a lo del ex ministro Trillo. A la hora de intervenir y hablar de mi amigo el alcalde, le llam\u00e9 Juan cuando su nombre era Abel. Hubo un peque\u00f1o murmullo y el alcalde se apresur\u00f3 a corregirme; la situaci\u00f3n hubiera sido dram\u00e1tica si me hubiera confundido en el nombre del pueblo en vez de del alcalde.<\/p>\n<p>P.- Despu\u00e9s de 17 a\u00f1os al frente de la Diputaci\u00f3n de Valladolid, habr\u00e1 pasado por todo tipo de momentos, \u00bfcu\u00e1l ha sido el momento m\u00e1s emotivo y cu\u00e1l el m\u00e1s dif\u00edcil en su cargo de Presidente?<\/p>\n<p>R.- Los momentos dif\u00edciles han sido cuando he asistido al entierro de alg\u00fan alcalde o compa\u00f1ero diputado. He visto c\u00f3mo los compa\u00f1eros arropaban a la familia o entre ellos. Emotivo fue cuando me dieron la oportunidad de pregonar la Semana Santa de Valladolid. Tambi\u00e9n me gustar\u00eda destacar mi despedida ante los alcaldes y los trabajadores de la Diputaci\u00f3n. Fueron momentos de gran emotividad<\/p>\n<p>P.- Como valora que casi 300 trabajadores de la diputaci\u00f3n le organizaran un homenaje de despedida de la diputaci\u00f3n?<\/p>\n<p>R.- Fue una sorpresa y un d\u00eda de enorme alegr\u00eda; ver que una parte important\u00edsima de la plantilla (otros no pudieron) me arroparan en ese actos, significa una gratitud inmensa a esos trabajadores. Si la Diputaci\u00f3n funciona y es necesaria en el mundo rural, es gracias a los trabajadores de la Instituci\u00f3n provincial.<\/p>\n<p>P.- Por que decide dejar la diputaci\u00f3n despu\u00e9s de 18 a\u00f1os de brillante gesti\u00f3n ?<\/p>\n<p>R.- Agradezco el calificativo de brillante pero a buen seguro no para todo el mundo tendr\u00e1 esta valoraci\u00f3n. S\u00ed que puedo afirmar que han sido 18 a\u00f1os de una gran intensidad en buscar un mejor desarrollo de nuestros pueblos. Era el momento de cerrar un ciclo y, lo m\u00e1s importante, de abrir otro. Corresponde a la nueva Corporaci\u00f3n escribir las p\u00e1ginas m\u00e1s brillantes de la Instituci\u00f3n y de la provincia<\/p>\n<p>P.- Se\u00f1or Presidente podr\u00e1 dormir tranquilo lo que le quede de vida? espero que no y espero que todas las noches se acuerde de las personas que llamaro a la puerta de su despacho pidiendo una solucion a su problema y no les recibi\u00f3, espero que mi dolor se convierta en su dolor no por venganza solo por justicia.<\/p>\n<p>R.- Buenos d\u00edas. No soy consciente de no haber recibido a ninguna persona que haya llamado a la puerta de la Diputaci\u00f3n. Siempre he dado instrucciones a mis colaboradores para que toda aquella persona que quisiera verme o plantear un problema, se le diera acceso. Si por cualquier circunstancia esto no ha ocurrido con usted, lo lamento enormemente y le pido disculpas. A Dios gracias, duermo generalmente muy bien. Le deseo que usted tambi\u00e9n lo haga y todo tipo de suerte en un futuro. Siempre a su disposici\u00f3n.<\/p>\n<p>P.- Hola Presidente, usted es un municipalista convencido, \u00bfC\u00f3mo ve el futuro de nuestros pueblos?. Muchas gracias.<\/p>\n<p>R.- Con la preocupaci\u00f3n l\u00f3gica de estos momentos pero tambi\u00e9n con la esperanza de que entre todos podamos superar estos momentos dif\u00edciles. La provincia de Valladolid tiene buenas infraestructuras que hemos construido entre todos. Hay que superar esta situaci\u00f3n de crisis para relanzarla y dinamizarla econ\u00f3micamente.<\/p>\n<p>P.- Usted lleva casi 18 a\u00f1os como presidente de la Diputaci\u00f3n de Valladolid y ahora es el vicepresidente primero de las Cortes de Castilla y Le\u00f3n. \u00bfNo cree que deber\u00eda haber m\u00e1s comunicaci\u00f3n y coordinaci\u00f3n entre las Administraciones regional y provincial para impulsar a\u00fan m\u00e1s la acci\u00f3n de gobierno en los municipios de Valladolid y de Castilla y Le\u00f3n?<\/p>\n<p>R.- Coincido en esa apreciaci\u00f3n. La coordinaci\u00f3n entre administraciones es fundamental para una mayor eficacia en la gesti\u00f3n. Desde la nueva responsabilidad intentar\u00e9 buscarla para conseguir una mayor calidad en los servicios y agilidad a la hora de prestarlos<\/p>\n<p>P.- \u00bfNo le parece curioso que cada ciclo electoral se cuestione las Diputaciones como instituci\u00f3n al servicio de los municipios, cuando el derroche econ\u00f3mico viene dado sobre todo por el Estado y despu\u00e9s las Autonom\u00edas, y no de los ayuntamientos -salvo casos aislados- y de las diputaciones como entidades prestadoras de servicios a los pueblos?<\/p>\n<p>R.- Lo que conozco en profundidad son las diputaciones y puedo afirmar que no existe ning\u00fan tipo de derroche. Son instituciones que desarrollan labor eficaz y son muy bien valoradas por el mundo rural. Me atrevo a decir que las diputaciones son imprescindibles para garantizar el desarrollo del mundo rural<\/p>\n<p>P.- \u00bfCu\u00e1les han sido las inquietudes m\u00e1s comunes de los alcaldes en estos \u00faltimos 18 a\u00f1os desde la Diputaci\u00f3n Provincial de Valladolid?<\/p>\n<p>R.- Las inquietudes han evolucionado como la vida misma. Recuerdo que al principio los alcaldes planteaban sus inquietudes en dos direcciones: el arreglo de carreteras y de iglesias y ermitas. En este momento vienen planteadas a trav\u00e9s de la mejora del transporte p\u00fablico y de la nuevas tecnolog\u00edas.<\/p>\n<p>P.- \u00bfQu\u00e9 es lo que piensa cuando escucha a los indignados corear su lema del &#8220;Que no, que no, que no nos representan&#8221;?\u00bfSe siente identificado?<\/p>\n<p>R.- Cualquier lema que lance cualquier ciudadano ha de servir para la reflexi\u00f3n. Personalmente, como todos los que hemos sido elegidos democr\u00e1ticamente, estamos perfectamente legitimados y tenemos la representaci\u00f3n que nos han otorgado los ciudadanos en las urnas.<\/p>\n<p>P.- \u00bfQu\u00e9 tal? En primer lugar gracias por charlar un rato con todos los internautas de elmundo.es. \u00bfNo cree que 18 a\u00f1os sentado en el mismo sill\u00f3n puede llegar a ser perjudicial para una Instituci\u00f3n? Ya sabe eso de que: &#8220;la avaricia rompe el saco&#8221;. No s\u00f3lo me refiero a usted, pero &#8230; \u00bfNo ser\u00eda mejor poner un l\u00edmite temporal al cargo, por ejemplo, de dos legislaturas?<\/p>\n<p>R.- Yo no soy partidario de poner l\u00edmites a los mandatos. Pueden existir cargos p\u00fablicos que a los cuatro a\u00f1os se sientan agotados y no ser\u00eda explicable su continuidad y otros que lleven 30 a\u00f1os, como alg\u00fan alcalde, y est\u00e9n con la misma ilusi\u00f3n y fortaleza que el primer d\u00eda.<\/p>\n<p>P.- Buenos d\u00edas. \u00bfQu\u00e9 le parece la decisi\u00f3n de su compa\u00f1era Cospedal en Castilla-La Mancha de eliminar el 60% de los altos cargos pol\u00edticos?\u00bfSe podr\u00eda aplicar eso mismo a la Junta y a las Cortes de CyL?<\/p>\n<p>R.- Me parece una buena decisi\u00f3n y estoy seguro de que los castellanomanchegos tambi\u00e9n la aplaudir\u00e1n. En Castilla y Le\u00f3n, la gran reducci\u00f3n de altos cargos se hizo en la \u00e9poca de Aznar y estoy seguro de que en esta nueva legislatura tambi\u00e9n el presidente Herrera continuar\u00e1 en esa l\u00ednea de austeridad<\/p>\n<p>P.- \u00bfEs partidario de las listas abiertas?<\/p>\n<p>R.- Seguramente haya que avanzar en esa l\u00ednea. En algunos procesos electorales existen ya (Senado, municipios menores de 250 habitantes..) De todas formas, habr\u00eda que analizar y corregir las posibles deficiencias que ocasionaran este tipo de listas<\/p>\n<p>P.- !Hola Ramiro!\u00bfPor qu\u00e9 cree que los pol\u00edticos espa\u00f1oles est\u00e1n tan mal valorados por los ciudadanos tal y como reflejan los sondeos del CIS?\u00bfQu\u00e9 falla?<\/p>\n<p>R.- Seguramente por nuestros propios dem\u00e9ritos. Falla, acaso, la propia clase pol\u00edtica. Intentaremos ser mucho m\u00e1s sensibles a los ciudadanos e implicarnos mucho m\u00e1s en las preocupaciones principales de las gentes<\/p>\n<p>P.- Se\u00f1or Ruiz Medrano, \u00bfno cree usted que el PP le debe un instituto a La Cisterniga?<\/p>\n<p>R.- CoincidO en que un instituto sea necesario en La Cist\u00e9rniga. No coincido en que sea una deuda del PP. Ser\u00e1 una deuda de las instituciones competentes en la materia.<\/p>\n<p>P.- \u00bfQu\u00e9 recomendaciones le puede hacer a su sustituto, Jes\u00fas Julio Carnero?<\/p>\n<p>R.- No soy muy dado a dar consejos, pero si me pide una recomendaci\u00f3n le dir\u00eda que act\u00fae siempre mirando los intereses de los pueblos a trav\u00e9s del di\u00e1logo y el acuerdo.<\/p>\n<p>P.- \u00bfHa ganado amigos durante estos 18 a\u00f1os?<\/p>\n<p>R.- Lo m\u00e1s importante es que creo haber mantenido todos los que ten\u00eda al iniciar esta andadura. Adem\u00e1s, he tenido la suerte de, a lo largo de estos a\u00f1os, no s\u00f3lo conocer a mucha gente, sino haber hecho grandes amigos. A todos les doy las gracias por su amistad y su comprensi\u00f3n.<\/p>\n","protected":false},"excerpt":{"rendered":"<p>Ramiro Ruiz Medrano deja la Presidencia de la Diputaci\u00f3n tras casi 18 a\u00f1os al frente de la Instituci\u00f3n. Ahora afronta un nuevo reto como vicipresidente primero de las Cortes de Castilla y Le\u00f3n.<\/p>\n","protected":false},"author":1,"featured_media":0,"comment_status":"open","ping_status":"open","sticky":false,"template":"","format":"standard","meta":{"footnotes":""},"categories":[],"tags":[],"class_list":["post-3013","post","type-post","status-publish","format-standard","hentry"],"_links":{"self":[{"href":"https:\/\/intervius.com\/index.html\/wp-json\/wp\/v2\/posts\/3013","targetHints":{"allow":["GET"]}}],"collection":[{"href":"https:\/\/intervius.com\/index.html\/wp-json\/wp\/v2\/posts"}],"about":[{"href":"https:\/\/intervius.com\/index.html\/wp-json\/wp\/v2\/types\/post"}],"author":[{"embeddable":true,"href":"https:\/\/intervius.com\/index.html\/wp-json\/wp\/v2\/users\/1"}],"replies":[{"embeddable":true,"href":"https:\/\/intervius.com\/index.html\/wp-json\/wp\/v2\/comments?post=3013"}],"version-history":[{"count":0,"href":"https:\/\/intervius.com\/index.html\/wp-json\/wp\/v2\/posts\/3013\/revisions"}],"wp:attachment":[{"href":"https:\/\/intervius.com\/index.html\/wp-json\/wp\/v2\/media?parent=3013"}],"wp:term":[{"taxonomy":"category","embeddable":true,"href":"https:\/\/intervius.com\/index.html\/wp-json\/wp\/v2\/categories?post=3013"},{"taxonomy":"post_tag","embeddable":true,"href":"https:\/\/intervius.com\/index.html\/wp-json\/wp\/v2\/tags?post=3013"}],"curies":[{"name":"wp","href":"https:\/\/api.w.org\/{rel}","templated":true}]}}