{"id":3011,"date":"2011-06-21T00:00:00","date_gmt":"2006-11-06T00:00:00","guid":{"rendered":"https:\/\/intervius.com\/index.html\/?p=3011"},"modified":"2006-11-06T00:00:00","modified_gmt":"2006-11-06T00:00:00","slug":"Joaquin_Araujo3011","status":"publish","type":"post","link":"https:\/\/intervius.com\/index.html\/Joaquin_Araujo3011\/","title":{"rendered":"Joaqu\u00edn Ara\u00fajo"},"content":{"rendered":"<p>Pregunta.- Hola Joaqu\u00edn! felicidades por tu labor. Soy una espa\u00f1ola que vive en Ecuador desde hace tres a\u00f1os. Los bosques aqu\u00ed est\u00e1n muy amenazados por actividades extractivistas como la mineria. \u00bfQu\u00e9 estrateg\u00eda recomendar\u00eda usted para preservar los bosques de tales actividades tan destructivas y a la vez tan poderosas (economicamente hablando)? \u00d3jala pueda conseguir tu libro por aqu\u00ed. Muchas gracias. Un abrazo,Lola<\/p>\n<p>Respuesta.- Gracias por el est\u00edmulo, espero que llegue el Libro, la editorial as\u00ed lo pretende. La \u00fanica forma de proteger el bosque es con el reconocimiento, por parte del poder econ\u00f3mico, que es mucho mayor el valor de sus servicios que por el de cualquiera de sus materias primas. Saludos<\/p>\n<p>P.- Hola Joaqu\u00edn, enhorabuena por tu labor divulgadora, por el verbo que en ti encarna, por el atalantamiento que siempre muestras; a\u00fan as\u00ed, hay una faceta tuya que me causa perplejidad: \u00bfc\u00f3mo es posible que con todo el conocimiento que tienes (el gigantesco da\u00f1o medio ambiental que causa una alimentaci\u00f3n c\u00e1rnica) no seas a\u00fan vegetariano? \u00bferes todav\u00eda esclavo de las papilas gustativas? \u00bfpor qu\u00e9 no derrocas al tirano y pones al mando a tu hermoso coraz\u00f3n y tu l\u00facida cabeza? Muchas gracias y un abrazo. Aquiles Garc\u00eda-Casillas<\/p>\n<p>R.- Tienes toda la raz\u00f3n, aunque soy en un 85% vewgetariano me falta la coherencia del paso final. Espero darlo cualquier d\u00eda de estos. Gracias por seguir algo de lo que digo y escribo. Saludos<\/p>\n<p>P.- Buenos d\u00edas Joaquin, hace a\u00f1os vi un documental tuyo donde dec\u00edas que viv\u00edas en Extremadura. Como est\u00e1 la poblacion de Auila Imperial all\u00ed? Crees que seremos capaces de salvar la especie?. Muchas gracias<\/p>\n<p>R.- La recuperaci\u00f3n de la Imperial es un hecho. Ya tenemos m\u00e1s de d200 parejas. En Extremadura unas 4Si seguimos as\u00ed se salvar\u00e1 la especie. Gracias y que la vida te atalante.<\/p>\n<p>P.- Se\u00f1or Ara\u00fajo,\u00bfqu\u00e9 est\u00e1 fallando para que no se vea el beneficio econ\u00f3mico y social en la protecci\u00f3n y preservaci\u00f3n de la naturaleza?.En estos tiempos,casi parece un crimen contra la econom\u00eda y la humanidad hablar de esto.\u00bfNo cree que ha arraigado la idea de que como ya no da tiempo a parar el cambio clim\u00e1tico ya no hace falta esforzarse para ser mas cuidadosos con el planeta?.Muchas gracias por su excelente trabajo divulgador.<\/p>\n<p>R.- No hay mejor modelo econ\u00f3mico que el propuesto desde hace millones de a\u00f1os por los bosques, consiste en no distinguir entre consumidor y lo consumido. Por ah\u00ed hemos de salir de la crisis y de la ignorancia de la que hacen gala los poderes y los mercados. conservar la productividad primaria es el mejor negocio. Gracias y que la vida te atalante.<\/p>\n<p>P.- Hola Joaqu\u00edn, en primer lugar felicitarte por tu trayectoria en la divulgaci\u00f3n y defensa de la naturaleza. \u00bfQue opinion te merece el movimiento 15 M y que futuro le auguras?. Felicidaes por tu libro Arbol, que tanta belleza desprende. Gracias por emboscarme. Javier Palenzuela (Granada)<\/p>\n<p>R.- Poco o nada de lo propuesto por el 15 M estaba fuera de lo que el pensamiento ecol\u00f3gico lleva proponiendo desde hace 40 a\u00f1os. Estoy por tanto plenamente de acuerdo. Gracias por el elogio y que la vida te atalante.<\/p>\n<p>P.- Tengo una curiosidad desde hace muchos a\u00f1os, hay un nido de golondrinas junto a la entrada de mi garage, a\u00f1o tras a\u00f1o anuncian la primavera viniendo a criar, mi pregunta es: cuando la pareja &#8220;propietaria&#8221; del nido muere (por cierto \u00bfcuanto tiempo viven?) \u00bfcual de sus crias hereda el nido? me gustar\u00eda que me explicaras como funciona &#8220;el negocio inmobiliario&#8221; entre las aves&#8230;\u00a1\u00a1Mil gracias!!<\/p>\n<p>R.- Ciertamente los nidos de golondrina com\u00fan pueden ser ocupados muchos a\u00f1os seguidos. Estas aves viven poco, como mucho 6\/7 a\u00f1os. LOs pollos pueden regresar, de adultos, al lugar de nacimiento. Gracias y que la vida te atalante.<\/p>\n<p>P.- Mar\u00eda.- Buenas tardes, se\u00f1or Ara\u00fajo. \u00bfCree usted que hoy en d\u00eda le damos la importancia que se merece a los bosques, y sobre todo, a los \u00e1rboles? \u00bfQu\u00e9 ser\u00eda necesario para concienciar a la poblaci\u00f3n mundial de la importancia de los mismos? Reciba un cordial saludo de una amante de los \u00e1rboles y los versos.<\/p>\n<p>R.- Los bosques son la m\u00e1s completa, compleja y poblada realidad natural del planeta. Son la mejor ocurrencia de la histORIA de la vida. Toda la divulgaci\u00f3n ser\u00eda poca a la hora de eliminar la ignorancia que conlleva a la destrucci\u00f3n del bosqus. Nos falta mucho m\u00e1s en los medios, en el sistema educativo y en la vida cotidiana. Gracias y que la vida te atalante.<\/p>\n<p>P.- Joaqu\u00edn, crees que es viable a largo plazo la reintroducci\u00f3n que se ha hecho del lobo ib\u00e9rico en la pen\u00ednsula? Que poblaci\u00f3n se estima que hay en la actualidad ? Un saludo Juan Romero.Valverde del Camino.<\/p>\n<p>R.- No ha sido reintroducido, estaba en un p\u00e9sima situaci\u00f3n, acaso menos de 500 supervivientes pero se ha ido recuperando espectacularmente. Se estima en un m\u00ednimo de 2.000 los ejemplares que ahora mismo tenemos, con una si recolonizaci\u00f3n de amplios territorios de donde faltaba desde hace m\u00e1s de 60 a\u00f1os. Gracias y que la vida te atalante.<\/p>\n<p>P.- Siendo F\u00e9lix Rodr\u00edguez de la Fuente un defensor de la caza racional, \u00bfpor qu\u00e9 usted y la mayor\u00eda de los ecologistas espa\u00f1oles (a diferencia de muchos centroeuropeos) han hecho de su odio a la caza una de sus l\u00edneas de trabajo?<\/p>\n<p>R.- Lamento comunicarle que en abosoluto he usado el odio a la caza como arma de trabajo. Es m\u00e1s en cientos de ocasiones he dicho que la caza es el m\u00e1s leve de los impactos ambientales. cierto es que no concibo que matar sea divertido pero si procuro que se cace lo m\u00e1s deportivamente y de forma responsable para el ambiente. Gracias y que la vida te atalante. Y F\u00e9lix no acertaba en todo.<\/p>\n<p>P.- Sr Araujo: \u00bfno cree que la protecci\u00f3n de la naturaleza est\u00e1 abocada a la creaci\u00f3n de zonas de acceso restringido? dado el crecimiento demogr\u00e1fico que considero imparable veo imposible el mantener un equilibrio o un respeto por el entorno si no es vallando literalmente ciertas \u00e1reas.<\/p>\n<p>R.- cierto es que el acceso, y no digamos si es c\u00f3modo, es el primer paso para la p\u00e9rdida de calidad en cualquier paisaje o sistema natural. Que se restringa el acceso a veces es lo menos que se debe hacer. Pero el respeto no se logra con prohibiciones sino con cultura y sensibilidad, que en el campo ambiental todav\u00eda resulta escasa. Por eso trabajamos muchos comunicadores y naturalistas. Gracias y que la vida te atalante.<\/p>\n<p>P.- Joaqu\u00edn, que opinas de la introducci\u00f3n de Osos balc\u00e1nicos en el Pirineo? puede ser que distorsione la originalidad de la especie? Gracias<\/p>\n<p>R.- Las diferencias gen\u00e9ticas son escasas, adem\u00e1s ya hay casi docena y media de osos en los Pirineos que por lo menos en dos ocasiones han criado en total libertad. Todo parece indicar que tenemos poblaci\u00f3n en marcha. Gracias y que la vida te atalante.<\/p>\n<p>P.- Buenos d\u00edas Joaquin. La Universidad de Burgos ha aprobado el nombramiento como Doctor Honoris Causa para F\u00e9lix Rodr\u00edguez de la Fuente a t\u00edtulo p\u00f3stumo. Qu\u00e9 opini\u00f3n le merece este reconocimiento que parte de su tierra, cree que Burgos deber\u00eda haberse volcado m\u00e1s con la personalidad del naturalista desaparecido.<\/p>\n<p>R.- ADem\u00e1s de aquello de que nadie es profeta&#8230; Lo cierto es que no parece que oficialmente la figura de FRF haya sido bien tratada en su tierra. El DOctorado me parece bien por mucho que yo, a pesar de ser su principal colaborador, no estuviera de acuerdo en bastantes cosas con el famoso doctor. Gracias y que la vida te atalante.<\/p>\n<p>P.- Hola Joaqu\u00edn, desde nuestro pueblo extreme\u00f1o te traslado la siguiente pregunta, \u00bf Crees que volver\u00e1 a habitar el Lobo ib\u00e9rico en nuestra zona ? y \u00bf Crees que el Lince podr\u00eda habitar all\u00ed ? Recuerdo que mi abuelo me ha contado alguna vez que antiguamente los hab\u00eda por toda la sierra. Un saludo<\/p>\n<p>R.- Si las inciativas de recuperaci\u00f3n del Lince siguen por donde se ha marcado, estoy seguro de que volver\u00e1 a haberlos en nuestras sierras. EL lobo volver\u00e1 solo a poco que contin\u00fae su notable expansi\u00f3n. De hecho los hay muy cerca. Gracias y que la vida te atalante.<\/p>\n<p>P.- Buenos d\u00edas. Hace una semana disfrut\u00f1\u00e9 en el parque de El Retiro de la exposici\u00f3n de los bosques y quer\u00eda saber si a trav\u00e9s de su editorial o de la Fundaci\u00f3n AXA, patrocinadora si no recuerdo mal, usted organiza otro tipo de muestra como esta. Un saludo y enhorabuena.<\/p>\n<p>R.- LLevamos cinco a\u00f1os con exposiciones como la de BOsques del Mundo. Algunas como la del Agua, la Tierra desde el cielo fueron enormes \u00e9xitos como la de esta temporada. EL a\u00f1o que viene seguramente volveremos con el mundo submarino. El d\u00eda 7 inauguramos en la Alhambra de >Granada. Gracias y que la vida te atalante.<\/p>\n<p>P.- \u00bfLe llam\u00f3 el se\u00f1or Zapatero para ser ministro de medio rural y marino? \u00bfHubiese aceptado?<\/p>\n<p>R.- Llamarme no me llam\u00f3 auqnue se especul\u00f3 en varios medios sobre la posibilidad. En cualquier caso nunca hubiera aceptado es m\u00e1s escribi un blog en este mismo \u00e1mbito explicando los motivos de tal decisi\u00f3n. Gracias y que la vida te atalante.<\/p>\n<p>P.- Una vez le le\u00ed en un art\u00edculo que cualquier plantaci\u00f3n de \u00e1rboles, por provisional que fuera, era mejor que nada. \u00bfContinua pensando igual?.<\/p>\n<p>R.- Desde luego siempre y cuando tenga unos m\u00ednimos de posibilidades de supervivencia. A menudo este razonamiento es v\u00e1lido para algunas repoblaciones con con\u00edferas que pueden abrir la puerta a la recolonizaci\u00f3n por especies aut\u00f3ctonas. Gracias y que la vida te atalante.<\/p>\n<p>P.- En el Parque Nacional de Monfrag\u00fce, antes era casi imposible ver a un ciervo, a nivel de visitante normal, y no con visitas guiadas o con alg\u00fan miembro del parque. Ultimamente en una de mis visitas, eran muchos ciervos los que se acercaban a comer lo que les tiraban los visitantes y tambi\u00e9n se acercaban a fuentes a beber, sin huir en absoluto de las personas \u00bf a qu\u00e9 se debe este comportamiento?<\/p>\n<p>R.- A la progresiva confianza y a la no deseable alimentaci\u00f3n regalo. Una parte de la poblaci\u00f3n se hace mansa, pero no es conveniente que esto se generalce por mucho que facilite la observaci\u00f3n por parte de los visitantes. Gracias y que la vida te atalante.<\/p>\n<p>P.- \u00bfPodr\u00eda indicar un paraje para disfrutar de la naturaleza en oto\u00f1o de especial relevancia para usted?<\/p>\n<p>R.- Buena parte de la COrdillera Cant\u00e1brica resulta ideal para disfrutar del incendio sin llamas de las arboledas. Por ejemplo los aleda\u00f1os de Ria\u00f1o, puerto de Tarna, Pinar de Lillo. Gracias y que la vida te atalante.<\/p>\n<p>P.- \u00bfqu\u00e9 se siente al ver que casi todos vamos en la direcci\u00f3n equivocada? Resignaci\u00f3n, indignaci\u00f3n, esperanza&#8230;<\/p>\n<p>R.- La indignaci\u00f3n debe convertirse en fuerza positiva, a mi me sucede, para seguir intentando la mejor divulgaci\u00f3n, la m\u00e1s sincera emotividad y el m\u00e1s s\u00f3lido compromiso de, por y para la continuidad de la vida. Gracias y que la vida te atalante<\/p>\n<p>P.- Hola Joaqu\u00edn, estoy leyendo tu \u00faltimo libro, &#8220;\u00c1rbol&#8221;, y me est\u00e1 encantando. No conoc\u00eda tu faceta de poeta y escritor de aforismos. \u00bfCu\u00e1nto tiempo llevas cultiv\u00e1ndola? \u00a1Saludos!<\/p>\n<p>R.- Escrib\u00ed mis primeros poemas con 14 a\u00f1os, es decir hace casi 48, los aforismos se incorporaron a mi ininterrumpida labor hace unos Gracias por el comentario elogioso y que la vida te atalante.<\/p>\n<p>P.- Buenos dias Joaquin.\u00bfpor que crees que al planeta no le preocupa el da\u00f1o que se le puede estar ocasionando al planeta? yo creo que el problema empieza a ser muy preocupante&#8230;..\u00bf cuanta vida crees que le queda a la raza humana si esto no cambia?. Gracias<\/p>\n<p>R.- Que vamos por un camino m\u00e1s que peligroso no admite dudas. La duraci\u00f3n de lo que nos queda como especie seguramente incalculable en t\u00e9rminos realistas, lo que s\u00ed es seguro es que este modelo de saqueo y contaminaci\u00f3n toca ya a su fin. Gracias y que la vida te atalante.<\/p>\n<p>P.- Buenos d\u00edas, Sr. Ara\u00fajo. Tan solo una pregunta. \u00bfPodr\u00eda explicarme, siquiera brevemente, qu\u00e9 es eso de que la vida te atalante? Gracias mil.<\/p>\n<p>R.- La palabra atalantar, en peligro de extinci\u00f3n, quiere decir que te cuide, mime, acompa\u00f1e, hospede. Atalantar es compartir lo que se tiene con el visitante, incluso convidarle a lo \u00faltimo que te queda. Gracias y pos supuesto que la vida te atalante.<\/p>\n<p>P.- Hola Joaqu\u00edn. De los muchos que tendr\u00e1s, dest\u00e1canos un recuerdo imborrable del Doctor F\u00e9lix. Por cierto, eres el culpable de mi afici\u00f3n desde hace m\u00e1s de 25 a\u00f1os a la Ornitolog\u00eda. Alg\u00fan d\u00eda me las pagar\u00e1s. Siempre agradecido desde Cieza (Murcia).<\/p>\n<p>R.- Mejor el hecho de que mi puesto de trabajo fue durante seis a\u00f1os su propia casa. Lo mucho que aprend\u00ed, trabaj\u00e9 y disfrut\u00e9 de la rara suerte de que me llamara a su lado para esos trabajos. Me alegro de contagiar algo tan sano y libre como contemplar aves. Gracias y que la vida te atalante.<\/p>\n<p>P.- hola Joaqu\u00edn, cuando era ni\u00f1o me no me perd\u00eda ni uno de los cap\u00edtulos de &#8220;El Arca de No\u00e9&#8221;. Supongo que se lo habr\u00e1n preguntado miles de veces, \u00bfde qui\u00e9n era la genial banda sonora de la presentaci\u00f3n? un saludo y muchas gracias!!<\/p>\n<p>R.- Fue la primera serie de documentales tras el HOmbre y la tIERRA. lA M\u00fasica era de un genio. Jos\u00e9 Nieto. Gracias y que la vida te atalante.<\/p>\n<p>P.- Que opina sobre las llamada energias limpias ?. Desde mi punto de vista, en el caso de la eolica, la contaminacion est\u00e9tica y paisajistica es brutal. Sin contar el n\u00famero de aves que mueren al a\u00f1o bajo sus aspas.<\/p>\n<p>R.- La e\u00f3lica resulta imprescindible. Por eso deber\u00edan haber sido mucho m\u00e1s exigentes a la hora de las instalaciones, tantas nefastas. Siempre le recuerdo a los que dicen que esas ubicaciones son imprescindibles que hay un parque e\u00f3lico en el pol\u00edgono industrial de las Palmas de Gran Canaria, y ese es el tipo de lugar donde deber\u00edan estar la mayor\u00eda. Gracias y que la vida te atalante.<\/p>\n<p>P.- Hola, soy dan\u00e9s. Veo televisi\u00f3n espa\u00f1ol. En Espa\u00f1a Directa ayer se informaba sobre el \u00e1guila imperial que est\u00e1 en peligro de extinci\u00f3n. Seg\u00fan lo que se dec\u00eda en Sevilleja de la Jara, cerca de Toledo, se ha logrado criar un pajaro. Sin embargo, no me parece claro c\u00f3mo lo han hecho los cient\u00edficos. Hay adultos en cautividad o coleccionan &#8230;? Evald Mehlsen (Falta una ? inversa &#8211; no se d\u00f3nde est\u00e1).<\/p>\n<p>R.- La reproducci\u00f3n en cautividad del \u00c1guila Imperial es factible. Pero en estos momentos la vigilancia de los nidos, la alimentaci\u00f3n suplementaria y la persecuci\u00f3n del veneno ha conseguido que la poblaci\u00f3n salga del estricto peligro de extinci\u00f3n dejando en poco interesante la reproducci\u00f3n en cautividad. gracias y que la vida te atalnte.<\/p>\n<p>P.- Hola Joaqu\u00edn, estoy pensando en criar \u00e1rboles (plantados a partir de semillas) y regalarlos a quien los pueda cuidar, amigos, etc. (somos todos gente m\u00e1s o menos urbana), los t\u00edpicos \u00e1rboles de ciudad que m\u00e1s o menos son aut\u00f3ctonos, \u00bfcrees que sirve para algo? Me parece que al menos es poner mi granito de arena&#8230; Mar\u00eda<\/p>\n<p>R.- Por supuesto y mi enhorabuena. Todos podemos tener un peque\u00f1o vivero, incluso urbano. Mejor lo de aut\u00f3ctonos. Gracias y que la vida y esos \u00e1rboles te atalanten.<\/p>\n<p>P.- El otro d\u00eda le\u00ed las declaraciones de un famoso ec\u00f3logo que dec\u00eda que las especies invasoras estaban en su mayor parte (refir\u00edendose a plantas), condenadas a su extinci\u00f3n, ya que a la larga estar\u00e1n menos adaptadas al nuevo ecosistema al no haber evolucionado a la par. \u00bfPiensas que todo el dinero que ent\u00e1n empleando las administraciones en eliminar estos nuevos vecinos (sin resultados aparentes), no es hoy en d\u00eda un dispendio? Gracias, un seguidor de su programa de radio.<\/p>\n<p>R.- Hay excepciones porque algunas plantas no solo no ser\u00e1n barridas por las locales sino justo al contrario. La erradicaci\u00f3n, adem\u00e1s de cara es poco menos que imposible en no pocos casos. En cualquier caso, es diner empleado es rid\u00edculo en comparaci\u00f3n a la tarea pretendida. Gracias y que la vida te atalante.<\/p>\n<p>P.- \u00bfQue le parece el proyecto de estaci\u00f3n de esqu\u00ed en la monta\u00f1a palentina y leonesa, con el consentimiento de la junta de Castilla y Le\u00f3n?<\/p>\n<p>R.- Inadmisible que en tan precioso lugar como San GLorio se pretenda una dr\u00e1stica transformaci\u00f3n. ADem\u00e1s la administraci\u00f3n de justicia ha dado la raz\u00f3n a los que est\u00e1bamos en contra de la estaci\u00f3n de esqu\u00ed. Gracias y que la vida te atalante.<\/p>\n","protected":false},"excerpt":{"rendered":"<p>Firma destacada en temas de naturaleza, ahora se le podr\u00e1 leer en Natura, el nuevo portal verde de ELMUNDO.es. Adem\u00e1s, Joaqu\u00edn Ara\u00fajo acaba de publicar \u00c1rbol (Ed. Gadir), un capricho bibliogr\u00e1fico con motivo del A\u00f1o Internacional de los Bosques.<\/p>\n","protected":false},"author":1,"featured_media":0,"comment_status":"open","ping_status":"open","sticky":false,"template":"","format":"standard","meta":{"footnotes":""},"categories":[],"tags":[],"class_list":["post-3011","post","type-post","status-publish","format-standard","hentry"],"_links":{"self":[{"href":"https:\/\/intervius.com\/index.html\/wp-json\/wp\/v2\/posts\/3011","targetHints":{"allow":["GET"]}}],"collection":[{"href":"https:\/\/intervius.com\/index.html\/wp-json\/wp\/v2\/posts"}],"about":[{"href":"https:\/\/intervius.com\/index.html\/wp-json\/wp\/v2\/types\/post"}],"author":[{"embeddable":true,"href":"https:\/\/intervius.com\/index.html\/wp-json\/wp\/v2\/users\/1"}],"replies":[{"embeddable":true,"href":"https:\/\/intervius.com\/index.html\/wp-json\/wp\/v2\/comments?post=3011"}],"version-history":[{"count":0,"href":"https:\/\/intervius.com\/index.html\/wp-json\/wp\/v2\/posts\/3011\/revisions"}],"wp:attachment":[{"href":"https:\/\/intervius.com\/index.html\/wp-json\/wp\/v2\/media?parent=3011"}],"wp:term":[{"taxonomy":"category","embeddable":true,"href":"https:\/\/intervius.com\/index.html\/wp-json\/wp\/v2\/categories?post=3011"},{"taxonomy":"post_tag","embeddable":true,"href":"https:\/\/intervius.com\/index.html\/wp-json\/wp\/v2\/tags?post=3011"}],"curies":[{"name":"wp","href":"https:\/\/api.w.org\/{rel}","templated":true}]}}