{"id":2996,"date":"2011-07-05T00:00:00","date_gmt":"2006-11-06T00:00:00","guid":{"rendered":"https:\/\/intervius.com\/index.html\/?p=2996"},"modified":"2006-11-06T00:00:00","modified_gmt":"2006-11-06T00:00:00","slug":"Elena_Rosell2996","status":"publish","type":"post","link":"https:\/\/intervius.com\/index.html\/Elena_Rosell2996\/","title":{"rendered":"Elena Rosell"},"content":{"rendered":"<p>Pregunta.- \u00bfLorenzo, Rossi, Pedrosa o Stoner?<\/p>\n<p>Respuesta.- Todos y ninguno. No tengo predilecci\u00f3n por ninguno en especial, pero me quedo con lo mejor de cada uno. De Lorenzo, por ejemplo, me gusta el pilotaje; de Pedrosa, su t\u00e9cnica a la hora de levantar la moto; de Stoner, su capacidad de adaptaci\u00f3n a las circunstancias, la rapidez con las que las afronta, y de Rossi indudablemente el carisma que tiene, que es algo que lo hace \u00fanico.<\/p>\n<p>P.- Hola Elena, \u00bfCrees que alg\u00fan piloto del mundial llegar\u00eda a tirarte con tal de que no le adelantaras? Gracias y enorabuena.<\/p>\n<p>R.- No creo. Los pilotos no van a tirar a sus rivales, al menos es algo que no se hace con mala intenci\u00f3n. En ocasiones, entras colado o cometes un error y eso hace que impactes con otra moto, pero nunca a prop\u00f3sito.<\/p>\n<p>P.- Estimada Elena, \u00bfen la adaptaci\u00f3n a esta moto que fu\u00e9 lo que te result\u00f3 m\u00e1s d\u00edficil?<\/p>\n<p>R.- Pues yo creo que fueron las circunstancias. Realmente, la primera toma de contacto con la moto fue muy positiva, pero la climatolog\u00eda se present\u00f3 adversa, entonces quiz\u00e1s no me dej\u00f3 descubir realmente el funcionamiento de la moto. Pero insisto en que las primeras sensaciones fueron muy buenas.<\/p>\n<p>P.- Hola Elena, que rabia que no corrieras finalmente en Assen&#8230; seguro que pronto tendr\u00e1s de nuevo otra oportunidad merecida..suerte!! la pregunta: \u00bfcual es para ti el mejor piloto de motociclismo de todos los tiempos?<\/p>\n<p>R.- No tengo un piloto predilecto, pero cierto es que Valentino Rossi ha escrito parte de la historia del motociclismo. Y sigue en ello.<\/p>\n<p>P.- Hola Elena, segui los entrenos de Assen y tuviste mala suerte, lluvia, aceite, moto nueva etc. \u00bfno crees que Aspar te deberia dar otra oportunidad y que en cierta forma te ha usado publicitariamente? Saludos<\/p>\n<p>R.- Bueno, realmente me la ha dado. Vamos a trabajar para poder disputar un Gran Premio en condiciones y con respecto al asunto publicitario no estoy de acuerdo. Aspar ha valorado mi trayectoria y por eso se me dio esa oportunidad y por eso vamos a continuar trabajando juntos.<\/p>\n<p>P.- \u00bfQue opinas sobre el art\u00edculo de Sito Pons en &#8220;AS&#8221; describiendo tu participaci\u00f3n en Assen como una mera herramienta de Marketing por parte del Team Aspar?<\/p>\n<p>R.- Yo no entro en esa din\u00e1mica, ni opino al respecto.<\/p>\n<p>P.- Hola Elena. Lo primero, enhorabuena por lo que est\u00e1s consiguiendo. Mi pregunta es simple: \u00bfCrees que una mujer est\u00e1 igual de capacitada que un hombre para llevar una moto de gran cilindrada? Y lo digo por cuestiones de fuerza, porque no es f\u00e1cil sujetar esas motos y si ya a muchos hombres les cuesta&#8230; Ojal\u00e1 que puedas volver pronto al Mundial.<\/p>\n<p>R.- A ver. Con respecto a la Moto2 no creo que tengamos ning\u00fan inconveniente. La moto que llevo en el Campeonato de Espa\u00f1a es much\u00edsimo m\u00e1s pesada y m\u00e1s potente, aunque estamos trabajando para mejorar el tema de la fuerza. Quiz\u00e1s en esta categor\u00eda se note un poco m\u00e1s, pero en la Moto2 la m\u00e1quina es m\u00e1s ligera y es menos potente. Al lado de la que llevo en el CEV es un juguete.<\/p>\n<p>P.- Con qu\u00e9 cosas positivas te quedas de la experiencia de Assen? Mucha suerte.<\/p>\n<p>R.- Yo creo que con la experiencia en s\u00ed. El hecho de haber ido a un Mundial, el vivir el momento en un circuito desconocido, todo&#8230; Todo es mucho m\u00e1s profesional que en el campeonato de Espa\u00f1a. Se nota que est\u00e1s con los mejores. Si tuviera que hacer un balance, no me quedar\u00eda con nada espec\u00edfico.<\/p>\n<p>P.- \u00bfCrees que existe alg\u00fan tipo de handicap\/diferencia por el hecho de ser mujer y competir en un mundo de hombres c\u00f3mo es el del motociclismo? \u00bfHay competiciones de motociclismo s\u00f3lo de mujeres?<\/p>\n<p>R.- Siempre ha habido bastantes tapujos a este respecto. La \u00faltima chica que participi\u00f3 en un Mundial fue hace ocho a\u00f1os. Es muy dif\u00edcil llegar, tanto siendo chica como siendo chico, pero quiz\u00e1 m\u00e1s si eres mujer. En cuanto a las competiciones, en otros pa\u00edses s\u00ed que hay competiciones s\u00f3lo de mujeres. En Espa\u00f1a no, y tampoco las quiero.<\/p>\n<p>P.- Buenas tardes Elena. \u00bfComo ves la posibilidad de ser titular el pr\u00f3ximo a\u00f1o en un equipo para disputar la pr\u00f3xima temporada de Moto 2? Mucha suerte y \u00e1nimo campeona.<\/p>\n<p>R.- Hay que ser realistas. Y sabemos que nos queda mucho trabajo por delante. Si surgiera la oportunidad, estar\u00eda encantada, pero creo que a\u00fan me queda mucho por aprender.<\/p>\n<p>P.- Hola Elena, sent\u00ed mucho tu mala suerte. \u00bfC\u00f3mo notaste la moto respecto a la que llevas habitualmente? Es cierto que frena tanto?<\/p>\n<p>R.- Pues mucho m\u00e1s ligera. Tiene menos potencia. Gira much\u00edsimo m\u00e1s. En fin, me parece que cambia much\u00edsimo. En cuanto a los frenos, es cierto que frena much\u00edsimo m\u00e1s. Quiz\u00e1s fuera ese uno de los mayores h\u00e1ndicaps que tuviera respecto a lo poco que dur\u00f3 Assen.<\/p>\n<p>P.- Hola Elena. \u00bfQu\u00e9 notas que ha cambiado en t\u00ed y en tu entorno desde que participabas en aquella Copa Kawasaki hasta hoy en d\u00eda que corres en Stock-Extreme y has coqueteado incluso con el Mundial? Mucha suerte guapa.<\/p>\n<p>R.- Pues que ahora estamos trabajando en una l\u00ednea m\u00e1s estable, m\u00e1s profesional. Estoy en un equipo profesional, donde tengo que aprender muchas cosas en cuanto a expresarme para poner a punto la moto. Pero s\u00ed hay mucho que ha cambiado en cuanto a la forma de trabajar, pero yo sigo siendo la misma.<\/p>\n<p>P.- C\u00f3mo har\u00edas cerrar la boca a los que no creen en t\u00ed ?? un beso y mucho \u00e1nimo V\u00b4s. Carlos (Sevilla)<\/p>\n<p>R.- Creo que en la pista. Ah\u00ed es donde puedo demostrar lo que s\u00e9 hacer. Espero tener la oportunidad pronto.<\/p>\n<p>P.- \u00bfCrees que llegar\u00e1 el d\u00eda en el que mujeres y hombres compitan por igual en este campeonato?<\/p>\n<p>R.- Realmente espero que s\u00ed, pero queda un largo camino para ello. Deber\u00eda haber m\u00e1s mujeres, y van entrando poco a poco, poco a poco somos m\u00e1s&#8230;<\/p>\n<p>P.- Hola Elena. \u00bfQu\u00e9 te parece la pol\u00e9mica sobre Simoncelli? \u00bfCrees que tiene una forma de pilotar tan agresiva como la pintan? Saludos desde Melilla y mucha suerte<\/p>\n<p>R.- Realmente se ha cuestionado mucho su pilotaje. Es un piloto agresivo, s\u00ed, pero creo que tampoco hab\u00eda realizado acciones como para que se estuviera tan pendiente de \u00e9l como cuando corri\u00f3 en 250 cc. Han sucedido varias acciones que, debido a toda la pol\u00e9mica que se hab\u00eda generado en torno a \u00e9l, han agrandado el problema. Espero que los pilotos le puedan responder en la pista y como mejor lo pueden hacer es bati\u00e9ndole en carrera.<\/p>\n<p>P.- \u00bfQu\u00e9 opinas de la pol\u00e9mica entre Sito Pons y Aspar? Un saludo desde Manises.<\/p>\n<p>R.- Pues, como he dicho antes, no entro en pol\u00e9mica. Creo que Jorge se ha tomado la molestia de seguir mi trayectoria y mi progresi\u00f3n y por ello me dio la oportunidad y me la digue dando. En cuanto a Sito, no lo conozco personalmente y cuando no conozco a alguien prefiero no opinar de \u00e9l.<\/p>\n<p>P.- Porque no te dieron la oportunidad de correr en Mugello??<\/p>\n<p>R.- Valoramos un poco todo el fin de semana de Assen. No tuvimos la oportunidad de corren en Mugello, pero tuvimos una oportunidad mejor, que fue la de realizar varios test con la Moto2 y poder realizar un Gran Premio en buenas condiciones. Lo de Mugello no depend\u00eda tanto de Assen. Se valoraron diferentes circunstancias y se tom\u00f3 una decisi\u00f3n con la que estoy muy contenta a la vista del resultado final.<\/p>\n<p>P.- \u00bfrealmente crees que el CEV es el mejor nacional del Mundo?<\/p>\n<p>R.- Indudablemente. Es el campeonato por el cual han pasado la mayor\u00eda de pilotos que est\u00e1n actualmente en el Mundial, y donde hay much\u00edsimo nivel.<\/p>\n<p>P.- Hola Elena, \u00bfcrees que se conseguir\u00e1 que el mundial sea mixto en un futuro pr\u00f3ximo? Y de los pilotos que hay ahora mismo en Moto GP, \u00bfcon cu\u00e1l te gustar\u00eda tener una bella lucha por la victoria? Gracias, y sigue as\u00ed ^^ Esther.<\/p>\n<p>R.- Con respecto a lo primero, ojal\u00e1 sea as\u00ed. Y cuanto a lo segundo, pues tengo muchas dudas&#8230;<\/p>\n<p>P.- Hola guapa !!! \u00bfCu\u00e1ndo vas a volver al Mundial de Moto2? Alca\u00f1iz, Cheste&#8230; Una pista, por favor<\/p>\n<p>R.- Pues espero tener la oportunidad cuando realmente lo creamos conveniente. Ojal\u00e1 sea en Motorland, pero tenemos que trabajar para ello.<\/p>\n","protected":false},"excerpt":{"rendered":"<p>Con 25 a\u00f1os, Elena Rosell se convirti\u00f3 en Assen en la primer mujer espa\u00f1ola en pilotar en el Mundial de Motociclismo en la categor\u00eda de Moto2. Ahora, dos carreras despu\u00e9s la valenciana repasa su experiencia y cuenta sus expectativas de futuro.<\/p>\n","protected":false},"author":1,"featured_media":0,"comment_status":"open","ping_status":"open","sticky":false,"template":"","format":"standard","meta":{"footnotes":""},"categories":[],"tags":[],"class_list":["post-2996","post","type-post","status-publish","format-standard","hentry"],"_links":{"self":[{"href":"https:\/\/intervius.com\/index.html\/wp-json\/wp\/v2\/posts\/2996","targetHints":{"allow":["GET"]}}],"collection":[{"href":"https:\/\/intervius.com\/index.html\/wp-json\/wp\/v2\/posts"}],"about":[{"href":"https:\/\/intervius.com\/index.html\/wp-json\/wp\/v2\/types\/post"}],"author":[{"embeddable":true,"href":"https:\/\/intervius.com\/index.html\/wp-json\/wp\/v2\/users\/1"}],"replies":[{"embeddable":true,"href":"https:\/\/intervius.com\/index.html\/wp-json\/wp\/v2\/comments?post=2996"}],"version-history":[{"count":0,"href":"https:\/\/intervius.com\/index.html\/wp-json\/wp\/v2\/posts\/2996\/revisions"}],"wp:attachment":[{"href":"https:\/\/intervius.com\/index.html\/wp-json\/wp\/v2\/media?parent=2996"}],"wp:term":[{"taxonomy":"category","embeddable":true,"href":"https:\/\/intervius.com\/index.html\/wp-json\/wp\/v2\/categories?post=2996"},{"taxonomy":"post_tag","embeddable":true,"href":"https:\/\/intervius.com\/index.html\/wp-json\/wp\/v2\/tags?post=2996"}],"curies":[{"name":"wp","href":"https:\/\/api.w.org\/{rel}","templated":true}]}}