{"id":2974,"date":"2011-09-07T00:00:00","date_gmt":"2006-11-06T00:00:00","guid":{"rendered":"https:\/\/intervius.com\/index.html\/?p=2974"},"modified":"2006-11-06T00:00:00","modified_gmt":"2006-11-06T00:00:00","slug":"Miguel_Guillen2974","status":"publish","type":"post","link":"https:\/\/intervius.com\/index.html\/Miguel_Guillen2974\/","title":{"rendered":"Miguel Guill\u00e9n"},"content":{"rendered":"<p>Pregunta.- Soy abonada del R.Betis Balompi\u00e9 ante todo. Como m\u00e1ximo representante que es usted de esta centenaria entidad, quiero agradecerle el trabajo realizado en estos meses, y que poco a poco ( ya lo estamos viendo ) est\u00e1 haciendo y har\u00e1 que el R. Betis est\u00e9 en el lugar que se merece, siendo una entidad moderna, profesional, bien gestionada&#8230; mis m\u00e1s sinceras felicitaciones y h\u00e1galo part\u00edcipe a todo el Consejo..<\/p>\n<p>Respuesta.- Much\u00edsimas gracias. Es important\u00edsimo el apoyo que estamos recibiendo de toda la afici\u00f3n, ya que ellos son los aut\u00e9nticos protagonistas de la regeneraci\u00f3n del Real Betis.<\/p>\n<p>P.- \u00bfEn cu\u00e1nto tiempo estar\u00e1 el club saneado econ\u00f3micamente?<\/p>\n<p>R.- El plazo que estmiamos para salir del concurso de acreedores ir\u00e1 en funci\u00f3n de la categor\u00eda en la que se encuentre el Real Betis, debido a la diferencia de ingresos que supone estar en Primera o en Segunda. En cualquier caso confiamos en que entre cinco y ocho a\u00f1os, el club deber\u00eda estar totalmente saneado, independientemente de la categ\u00f3ria en la que haya militado.<\/p>\n<p>P.- Buenos d\u00edas, se\u00f1or Guill\u00e9n. Si fracasara la rebeli\u00f3n de los clubes contra el actual sistema, \u00bfqu\u00e9 futuro aguarda al f\u00fatbol espa\u00f1ol?<\/p>\n<p>R.- Confiamos en que se va a llegar a un acuerdo l\u00f3gico y razonable por el bien de la Liga BBVA. En caso contrario, seguir\u00e1 habiendo dos ligas diferentes. Una la del Real Madrid y Bar\u00e7a, y la otra con el resto de equipos. Y significar\u00e1 que la Liga espa\u00f1ola pierda much\u00edsimo inter\u00e9s.<\/p>\n<p>P.- Es posible rescindir el actual contrato televisivo, o hay que esperar a 2014??<\/p>\n<p>R.- Lo l\u00f3gico es respetar el contrato que hay firmado hasta 20En el caso del Betis, es un contrato bastante satisfactorio. No obstante, hay que ir trabajando ya para mejorar las condiciones del pr\u00f3ximo contrato, que ser\u00e1 a partir de 2015.<\/p>\n<p>P.- Buenos d\u00edas, presidente. He le\u00eddo que Mediapro, la empresa que ostenta los derechos audiovisuales de la Liga, podr\u00eda imponer una multa de 2 millones de euros a los equipos que dejen acceder libremente a sus estadios a las radios. \u00bfEs cierto?. Mucha suerte para la temporada<\/p>\n<p>R.- En el caso del Betis, puedo decirle que no nos consta ninguna notificaci\u00f3n oficial por parte del propietario de los derehcos radiof\u00f3nicos del Betis. Si nos llegara y constat\u00e1ramos la obligaci\u00f3n de impedir el acceso a las radios, posiblemente tendr\u00edamos que acatarla.<\/p>\n<p>P.- Buenas noches Sr. Guill\u00e9n. Pese a que la entrada de nuevos inversores en el club est\u00e1 en el aire hasta que se termine el proceso contra el m\u00e1ximo accionista, \u00bfse ha planteado la entrada en el club del conocido &#8220;m\u00fasculo financiado&#8221;?, es decir, b\u00e9ticos solventes que puedan facilitar la viabilidad del club.<\/p>\n<p>R.- No nos lo hemos planteado. Hasta el momento, estamos convencidos de que el club puede salir adelante por sus propios medios y recursos. Estamos seguros de ello.<\/p>\n<p>P.- \u00bfque numero exacto de abonados tenemos a dia de hoy y con cuantos se espera terminar la cqmpa\u00f1a dea abonados?<\/p>\n<p>R.- Estamos en 36.300 abonados actualmente, y seguimos con el ambicioso objetivo de alcanzar los 40.000 socios. No descansaremos hasta llegar a esa cifra. Estamos convencidos de que el juego del equipo empujar\u00e1 a los b\u00e9ticos a sacar su abono y a venir al campo. Me gustar\u00eda aprovechar la ocasi\u00f3n para agradecer el esfuerzo que han realizado todos estos b\u00e9ticos para contar con su abono a pesar de la dif\u00edcil situaci\u00f3n econ\u00f3mica.<\/p>\n<p>P.- Sr. Guill\u00e9n, ayer escuch\u00e9 al presidente del Racing reconocer lo que su equipo tiene estipulado por televisi\u00f3n: 16 millones. Es el que menos cobra de Primera. \u00bfPodr\u00eda aclararnos cu\u00e1nto cobra actualmente el Betis y a cu\u00e1nto podr\u00eda aspirar? \u00bfO al menos al nivel de qu\u00e9 otros clubes lo ve? Gracias<\/p>\n<p>R.- Actualmente el Betis, en Primera Divisi\u00f3n, recibe anualmente 29 millones de euros por derechos de televisi\u00f3n. Por audiencias, afici\u00f3n, historia y repercusi\u00f3n, el d\u00eda de ma\u00f1ana el Real Betis deber\u00eda tener un contrato acorde con los del grupo de cabeza, entre los cinco primeros de la Liga.<\/p>\n<p>P.- Presidente, hago cuentas y no me salen. Con las ventas de los jugadores, el ahorro de sus fichas, y lo que se han gastado en fichajes, as\u00ed como la remodelaci\u00f3n de la Ciudad Deportiva, \u00bfc\u00f3mo se van a cuadrar las cuentas para el a\u00f1o que viene? si no entiendo mal, el Betis tiene que tener un super\u00e1vit de 10 millones de euros. Gracias<\/p>\n<p>R.- Las cuentas est\u00e1n perfectamente estudiadas por tres administradores concursales, un administrador judicial y el consejo de administraci\u00f3n. Si bien es cierto que estamos siendo previsores, ya que queremos tener cubierto cualquier imprevisto que se pueda dar durante el a\u00f1o en curso. Una vez firmado el convenio con los acreedores, el incumplimiento de cualquiera de los pagos puede llevar a la liquidaci\u00f3n de la Sociedad An\u00f3nima Deportiva. Es por esto que estamos siendo tan previsores en lo econ\u00f3mico.<\/p>\n<p>P.- \u00bfVe al Betis capaz de conseguir alg\u00fan d\u00eda una cota de \u00e9xitos en Europa como la que alcanz\u00f3 el Sevilla a\u00f1os atr\u00e1s? \u00bfSer\u00e1 posible a medio o largo plazo? Un saludo y felicidades de un sevillista y marido de b\u00e9tica<\/p>\n<p>R.- Sin lugar a dudas, s\u00ed. Con trabajo, responsabilidad y esfuerzo, es el objetivo a medio plazo. Queremos que el Real Betis sea en lo deportivo lo que es en lo social, es decir, uno de los grandes de Espa\u00f1a y con constante presencia en Europa. En los \u00faltimos a\u00f1os, el club, a pesar de su gran potencial, ha visto c\u00f3mo los problemas institucionales y sociales han lastrado sus resultados deportivos. En el nuevo Betis, con el apoyo de la afici\u00f3n, se dan las circunstancias id\u00f3neas para el logro de ese gran objetivo deportivo.<\/p>\n<p>P.- \u00bfQu\u00e9 lugar cree que ocupar\u00e1 Lopera en la historia del beticismo?<\/p>\n<p>R.- Ser\u00e1 el que los b\u00e9ticos le quieran dar.<\/p>\n<p>P.- \u00bfA que se debe la posible incorporacion de Tristan una persona que nunca ha trabajado para ninguna cantera en un club que se quiere profesionalizar?<\/p>\n<p>R.- Los responsables de la cantera han estimado conveniente contar con su colaboraci\u00f3n para la formaci\u00f3n de los escalafones inferiores. Hasta ahora, siempre hab\u00eda preparadores de porteros. La formaci\u00f3n de los delanteros tambi\u00e9n es muy importante. En cualquier caso, trabajar\u00e1 como colaborador externo dos d\u00edas a la semana.<\/p>\n<p>P.- \u00bfQu\u00e9 le parecen las declaraciones de Eman\u00e1, despu\u00e9s de que parec\u00eda que se hab\u00eda marchado feliz y con una despedida sentida del mismo club?<\/p>\n<p>R.- Me parecen totalmente fuera de lugar. La versi\u00f3n que el jugador ha dado ahora sobre su salida del Real Betis no se ajusta a la realidad<\/p>\n<p>P.- \u00bfLe han tirado de las orejas (cese a la siguiente) al responsable del caos de las taquillas del miniderby? Hay que cuidar al que paga. Desbordados ante las previsiones, falta de taquilleros&#8230; \u00bfD\u00f3nde estuvo el fallo?<\/p>\n<p>R.- Reconocemos una vez m\u00e1s la falta de previsi\u00f3n de la masiva afluencia de b\u00e9ticos al derbi chico. El consejo ha exigido a las personas responsables que no se vuelva a repetir ninguna situaci\u00f3n que suponga un perjuicio para nuestros abonados y aficionados.<\/p>\n<p>P.- Dice Mel que el discurso de los 42 puntos es pobre y de mal deportista. \u00bfD\u00f3nde pone usted la meta del equipo para esta temporada?<\/p>\n<p>R.- Como b\u00e9tico, sue\u00f1o con puestos europeos. Pero desde mi responsabilidad como presidente de la entidad, entiendo que el objetivo para este a\u00f1o debe ser el de sellar la permanencia. Las declaraciones de Mel demuestran su profesionalidad, implicaci\u00f3n y ambici\u00f3n. Estamos seguros de que con nuestro entrenador, llegaremos muy lejos.<\/p>\n<p>P.- Hola Miguel. me gustar\u00eda saber el motivo por el que se quit\u00f3 la modalidad de pago semestral de los carnets. Entiendo que el club necesita la m\u00e1xima liquidez de inmediato, pero as\u00ed se impide a mucha gente sacar el abono al no poder pagar (ahora en agosto menos) de golpe todo lo que vale. Felicidades por su trabajo. Gracias<\/p>\n<p>R.- Fue una decisi\u00f3n dif\u00edcil. Mantener esa modalidad representaba un problema para el club en lo econ\u00f3mico. La alternativa que se llev\u00f3 a cabo, la financiaci\u00f3n mensual, persigue el mismo objetivo, que es dar facilidades a nuestros abonados. Con esta financiaci\u00f3n, lo que pretendemos es que todos los b\u00e9ticos, independientemente de su situaci\u00f3n econ\u00f3mica, puedan tener acceso a su abono.<\/p>\n<p>P.- Me gustar\u00eda saber su opini\u00f3n respecto al debut de Vadillo, si usted le ve con cualidades suficientemente formadas para estar ya entre la elite. Gracias<\/p>\n<p>R.- Estamos muy ilusionados con la irrupci\u00f3n de \u00c1lvaro Vadillo en el primer equipo, ya que es la punta del iceberg del talento que emerge de nuestra cantera. La cantera es uno de los pilares fundamentales del proyecto del nuevo Betis. Y no s\u00f3lo est\u00e1 Vadillo. Est\u00e1 Sergio, Pozuelo, que se sali\u00f3 en el derbi chico, \u00c1lex Mart\u00ednez, Manu Palancar&#8230; y tantos otros que llegar\u00e1n. As\u00ed ser\u00e1 gracias a la filosof\u00eda de nuestro entrenador, que encaja a la perfecci\u00f3n con el proyecto del nuevo Betis.<\/p>\n<p>P.- \u00bfPor qu\u00e9 se apost\u00f3 finalmente por reforzar el lateral zurdo y no por traer un segundo delantero con Santa Cruz, como hab\u00eda pedido Mel semanas atr\u00e1s? \u00bfFue el propio entrenador quien vari\u00f3 sus exigencias? Musho Betis!!<\/p>\n<p>R.- Se hizo lo que nos ped\u00edan la secretar\u00eda t\u00e9cnica y el entrenador, con el fin de equilibrar la plantilla. Son decisiones que corresponden a los profesionales que se encargan de la parcela deportiva. Estamos encantados con los fichajes que han llegado. Con Santa Cruz tenemos cuatro delanteros en la plantilla. Adem\u00e1s, el paraguayo aporta experiencia internacional, con tres Mundiales y un amplio curr\u00edculum en las ligas alemana e inglesa. Estamos seguros de que nos dar\u00e1 un gran rendimiento y muchas m\u00e1s alegr\u00edas.<\/p>\n","protected":false},"excerpt":{"rendered":"<p>El presidente del Real Betis Balompi\u00e9 analiza el arranque de la Liga, la actualidad del club verdiblanco y responde a las dudas de los lectores de ELMUNDO.es.<\/p>\n","protected":false},"author":1,"featured_media":0,"comment_status":"open","ping_status":"open","sticky":false,"template":"","format":"standard","meta":{"footnotes":""},"categories":[],"tags":[],"class_list":["post-2974","post","type-post","status-publish","format-standard","hentry"],"_links":{"self":[{"href":"https:\/\/intervius.com\/index.html\/wp-json\/wp\/v2\/posts\/2974","targetHints":{"allow":["GET"]}}],"collection":[{"href":"https:\/\/intervius.com\/index.html\/wp-json\/wp\/v2\/posts"}],"about":[{"href":"https:\/\/intervius.com\/index.html\/wp-json\/wp\/v2\/types\/post"}],"author":[{"embeddable":true,"href":"https:\/\/intervius.com\/index.html\/wp-json\/wp\/v2\/users\/1"}],"replies":[{"embeddable":true,"href":"https:\/\/intervius.com\/index.html\/wp-json\/wp\/v2\/comments?post=2974"}],"version-history":[{"count":0,"href":"https:\/\/intervius.com\/index.html\/wp-json\/wp\/v2\/posts\/2974\/revisions"}],"wp:attachment":[{"href":"https:\/\/intervius.com\/index.html\/wp-json\/wp\/v2\/media?parent=2974"}],"wp:term":[{"taxonomy":"category","embeddable":true,"href":"https:\/\/intervius.com\/index.html\/wp-json\/wp\/v2\/categories?post=2974"},{"taxonomy":"post_tag","embeddable":true,"href":"https:\/\/intervius.com\/index.html\/wp-json\/wp\/v2\/tags?post=2974"}],"curies":[{"name":"wp","href":"https:\/\/api.w.org\/{rel}","templated":true}]}}