{"id":2944,"date":"2011-10-04T00:00:00","date_gmt":"2006-11-06T00:00:00","guid":{"rendered":"https:\/\/intervius.com\/index.html\/?p=2944"},"modified":"2006-11-06T00:00:00","modified_gmt":"2006-11-06T00:00:00","slug":"Loquillo2944","status":"publish","type":"post","link":"https:\/\/intervius.com\/index.html\/Loquillo2944\/","title":{"rendered":"Loquillo"},"content":{"rendered":"<p>Pregunta.- Hola, \u00bfc\u00f3mo surgi\u00f3 la idea de llevar a cabo esta brillante combinaci\u00f3n? saludos.<\/p>\n<p>Respuesta.- Es una idea que tiene 12 a\u00f1os de antig\u00fcedad. Despu\u00e9s de la grabaci\u00f3n del disco Con elegancia decidimos que ten\u00edamos que dedicar un trabajo espec\u00edfico a un poeta espa\u00f1ol contempor\u00e1neo y moderno. \u00c9se era Luis Alberto de Cuenca. Durante este tiempo hemos ido recopilando el poemario adecuado y juntamente con \u00e9l hemos trabajado con el productor Jaime Stinus hasta hoy.<\/p>\n<p>P.- Larga vida al Loco! Para mi y mis amigos (cuarentones ya..) decirte que has contribuido a la banda sonora de nuestras vidas y que nos has trasmitido una forma muy especial de ver la vida. Gracias por todo esto;ahora, \u00bfcu\u00e1l es el principal secreto para mantenerte fiel a ti mismo d\u00e9cada tras d\u00e9cada y seguir siendo un referente en el rock and roll y la cultura de este pais?<\/p>\n<p>R.- Trabajo, trabajo, trabajo. Hacer lo que a uno le gusta. Y formar parte de una cultura que abarca desde la m\u00fasica, hasta el cine, el teatro, la literatura y hacerla viable en un proyecto como \u00e9ste.<\/p>\n<p>P.- Hola, Loco. \u00bfQu\u00e9 nuevas incorporaciones hay en la banda para gira de teatros?<\/p>\n<p>R.- Se estrena una secci\u00f3n de cuerda y adem\u00e1s Igor Pascual inicia su gira en solitario. De ese modo, se modifica la banda solo para estos proyectos. Es un momento para descansar y dedicarse a los proyectos personales de cada uno.<\/p>\n<p>P.- \u00bfHay posibilidades de que saques en el futuro discos en la senda de Cuero Espa\u00f1ol o Feo, Fuerte y Formal o incluso Arte y Ensayo? \u00bf o Balmoral ha significado un punto de inflexi\u00f3n definitivo? Muchas gracias<\/p>\n<p>R.- Lo que yo haga o deje de hacer es asunto m\u00edo. Nunca lo comento con anterioridad.<\/p>\n<p>P.- Serrat puso m\u00fasica a poemas de Machado y Hern\u00e1ndez y ahora usted, Loquillo, se adentra en el universo po\u00e9tico de Luis Alberto de Cuenca, \u00bftienen esperanzas de que la hornada de Operaci\u00f3n Triunfo tenga alg\u00fan d\u00eda una inquietud intelectual tan alta? Un abrazo a los dos<\/p>\n<p>R.- \u00bfQui\u00e9nes son?<\/p>\n<p>P.- Loquillo, piensas seguir en San Sebasti\u00e1n por muchos a\u00f1os o a veces te planteas regresar a Barcelona?. Por aqu\u00ed somos muchos los que te echamos de menos, a pesar de los pol\u00edticos y dem\u00e1s&#8230;.Y, aunque suene fr\u00edvolo \u00bfqu\u00e9 te parece el momento actual del basket en Espa\u00f1a, crees que hubieras llegado a internacional de seguir en el Coto?<\/p>\n<p>R.- Vivo en San Sebasti\u00e1n con mi familia. Sobre el basket: tenemos la mejor selecci\u00f3n y unos juniors y unos juveniles que no solo est\u00e1n a la altura sino que van a superarlos.<\/p>\n<p>P.- Me encanta el Loco del cuero, grandes escenarios y rock and roll, y me apasiona y emociona el Loco de los teatros, poes\u00eda, compromiso y actitud. La pregunta, que faceta va ganando terreno segun cumple a\u00f1os? y dos agradecimientos, el primero, gracias por descubrirme al se\u00f1or Luis Alberto de Cuenca, reconozco que hasta ahora no le hab\u00eda le\u00eddo; y dos, gracias por La vida por delante, mujeres en pie de guerra y dos canciones, Autopista y siempre libres. Gracias a los dos por unirse, como veran no he sido muy politicamente incorrecto&#8230;saludos<\/p>\n<p>R.- Le traslado a Luis Alberto tu agradecimiento. Sin duda, cada proyecto a la que me lanzo es un cambio de registro. No me gusta permanecer siempre en el mismo lugar. Me gusta descubrir todos los personajes que hay en m\u00ed.<\/p>\n<p>P.- \u00bfvas a hacerr gira?<\/p>\n<p>R.- A partir del 5 de noviembre en Zaragoza inicio la gira solo en teatros y donde solo tocar\u00e9 mi trayectoria en solitario. Los tres discos de poes\u00eda, la banda sonora de Mujeres en pie de guerra, Balmoral y Nueve tragos. El teatro merece ese repertorio. El repertorio de rock&#038; roll lo he venido realizando en los escenarios adecuados durante los dos \u00faltimos a\u00f1os. Para este proyecto era necesario el espacio del teatro. Siempre hay que tener en cuenta el concepto de \u00e9tica y est\u00e9tica.<\/p>\n<p>P.- he visto anunciado que esta tarde est\u00e1is en fnac de barcelona, en Diagonal Mar. Vais a cantar? a recitar? a charlar??<\/p>\n<p>R.- Es una charla.<\/p>\n<p>P.- Buenos d\u00edas. \u00bfPueden comentarnos algo de ese pr\u00f3logo de Arturo P\u00e9rez-Reverte a su disco, c\u00f3mo surge la relaci\u00f3n con este autor, qu\u00e9 opinan de \u00e9l&#8230;? Gracias.<\/p>\n<p>R.- Somos amigos y, por mi parte, Arturo es un referente. Tan pol\u00edticamente incorrecto como nosotros.<\/p>\n<p>P.- Eso de musicar a excelentes poetas, como ya he hecho en otras ocasiones, se me antoja que es debida a la m\u00e1s que acusada carencia en la composici\u00f3n que desde hace a\u00f1os sufre Loquillo y su banda, concretamente desde que la abandon\u00f3 Sabino M\u00e9ndez. \u00bfNo cree que con esta opci\u00f3n se asemeja m\u00e1s a un cantautor que a una banda de rock?.<\/p>\n<p>R.- Veo que desconoces por completo el trabajo anterior con Gabriel Sope\u00f1a. La vida por delante, Con elegancia o Mujeres en pie de guerra. Te invito a que conozcas el trabajo po\u00e9tico y juzgues despu\u00e9s.<\/p>\n<p>P.- \u00bfEsperais que esta obra os reporte a ambos un reconocimiento m\u00e1s &#8220;popular&#8221;? \u00bfo est\u00e1 hecho para qui\u00e9n ya os sigue y si os reconoce?<\/p>\n<p>R.- Gabriel Sope\u00f1a y yo pretend\u00edamos llevar la poes\u00eda al p\u00fablico que no est\u00e1 acostumbrado a ella a trav\u00e9s de la m\u00fasica de nuestra generaci\u00f3n. Y, al mismo tiempo, seguir la tradici\u00f3n iniciada por Alberto Cortez, Amancio Prada o Paco Ib\u00e1\u00f1ez, que dieron a conocer a mi generaci\u00f3n a los poetas cl\u00e1sicos del siglo 20.<\/p>\n<p>P.- Loco, desde mi m\u00e1s sincera admiraci\u00f3n, \u00bfc\u00f3mo crees que ver\u00e1n tus &#8220;amigos&#8221; los pol\u00edticos de Cataluna, que despu\u00e9s de abandonar Catalu\u00f1a e irte a vivir al Pa\u00eds Vasco, ahora hayas hecho un disco (cojonudo por lo que he o\u00eddo) con un poeta que colabor\u00f3 en \u00e9l gobierno de Aznar? Un fuerte abrazo desde Extremadura. V\u00edctor.<\/p>\n<p>R.- Apoy\u00e9 la candidatura de Felipe Gonz\u00e1lez en el 93, de Pere Camps en el 2000 en las primarias de Iniciativa per Catalunya y en el 2003 a Jos\u00e9 Mar\u00eda Mendiluce por Los Verdes en Madrid. \u00bfQu\u00e9 problema hay? Un poeta y un cantante de rock colaborando juntos. Ni m\u00e1s ni menos.<\/p>\n<p>P.- Buenos d\u00edas Loco! Una pregunta muy trillada pero que sigue en boca de todos: \u00bf\u00bfPara cuando la gira de lujo con los Se\u00f1ores Andr\u00e9s, Enrique y Jaime?? Gracias y suerte con vuestros proyectos!<\/p>\n<p>R.- Me retir\u00e9 de ese proyecto hace seis meses. Una cuesti\u00f3n de seriedad. Me hubiera encantado participar en \u00e9l.<\/p>\n<p>P.- Hola Loco, despu\u00e9s de seguirte durante m\u00e1s de 22 a\u00f1os y haber estado en m\u00e1s de 100 conciertos tuyos, en uno de tus \u00faltimos dij\u00edste que hab\u00eda canciones que no volver\u00edas a cantar en directo, \u00bfPuedes decirnos a cu\u00e1les te refer\u00edas?? Eres el puto amo. Salud y Rnroll<\/p>\n<p>R.- Las que acusan el paso del tiempo. No hay nada m\u00e1s pat\u00e9tico que un tipo de 50 a\u00f1os cantando algo m\u00e1s propio de un adolescente.<\/p>\n<p>P.- Para Loquillo \u00bfPor qu\u00e9 Gabriel Sope\u00f1a a su lado en gran parte de sus trabajos y en todos los conciertos de zaragoza? Sope\u00f1a es, posiblemente el mejor profesor universitario que he tenido en mi vida. Apuesta por el rock &#038; roll!!!! Abrazos desde Zaragoza.<\/p>\n<p>R.- Gabriel Sope\u00f1a es mi alter ego en los trabajos de poes\u00eda. Sin \u00e9l ser\u00eda imposible llevarlos a cabo. Por otro lado, nuestra labor conjunta en la composici\u00f3n hace que sea para m\u00ed una persona imprescindible.<\/p>\n<p>P.- \u00bfQue tal un recopilatorio en directo con todos los poemas y Mujeres en pie de guerra? Salud, compa\u00f1ero.<\/p>\n<p>R.- La gira que iniciamos va a dar pie a todo ello.<\/p>\n<p>P.- Propongo a Loquillo al frente del pr\u00f3ximo ministerio de cultura en la seguridad de que -con buen criterio- su primera medida ser\u00eda suprimirlo. Enhorabuena por ser pol\u00edticamente incorrecto y defender aquello en lo que crees con independencia de que los dogm\u00e1ticos de turno lo consideren de izquierdas o de derechas y, naturalmente, te se\u00f1alen por ello. Recuerdo un concierto en Majadahonda en el que reivindicaste la memoria de Oriana Fallaci (reci\u00e9n fallecida) &#8230; si te llega a oir alg\u00fan miembro de la progres\u00eda oficial te habr\u00eda tildado de peligroso fascista, je, je.<\/p>\n<p>R.- A m\u00ed me han llamado de todo: maric\u00f3n por hacer poemas de Gil de Biedma, rojo por realizar la producci\u00f3n Mujeres en pie de guerra, y ahora supongo que me llamar\u00e1n neoliberal por trabajar al lado de Luis Alberto. \u00a1Bingo!. \u00bfQu\u00e9 m\u00e1s se puede pedir?<\/p>\n<p>P.- Hola Loco! tienes pensado un nuevo disco para 2012? Un saludo y gracias!<\/p>\n<p>R.- S\u00ed. Estoy trabajando en otro proyecto coral centrado en el sonido garaje.<\/p>\n<p>P.- \u00bfComo puede ser que cada vez est\u00e9s m\u00e1s guapo, Loquillo? \u00bfCon quien has pactado para no envejecer?<\/p>\n<p>R.- Formol. Lo de las cremitas se lo dejo a Mick (Jagger).<\/p>\n<p>P.- Crees como afirman muchos que Heroes del Silencio fue el mejor grupo de Rock de toda la historia del rock espa\u00f1ol? Saludos desde Mallorca.<\/p>\n<p>R.- Loquillo y Los Trogloditas fueron la mejor banda de rock &#038; roll, no de rock, entre 1983 y 199A partir de entonces, la corona pas\u00f3 a los H\u00e9roes del Silencio. Hasta que la tuvieron que ceder a M-Clan, con permiso de Extremoduro.<\/p>\n<p>P.- Que d\u00fao m\u00e1s raro, m\u00e1s sano, m\u00e1s enriquecedor. Menos tonter\u00edas y m\u00e1s criterio, m\u00e1s cultura de verdad y no tanto pastiche!!!!! \u00c1nimo y gracias<\/p>\n<p>R.- En eso estamos. Contra el sectarismo que cree que la cultura es para unos cuantos. La cultura es un bien com\u00fan. Y no importa la ideolog\u00eda sino el trabajo bien hecho, a favor de.<\/p>\n<p>P.- Hola Loco. Como sacas tiempo para tantos proyectos? y cuales tienes planeados para el futuro. Salud2.<\/p>\n<p>R.- Soy un tipo muy activo y aprendo de todo lo que hago. Me rodeo de los mejores. Siendo yo el peor, solo me queda esforzarme y aprender para estar a la altura.<\/p>\n<p>P.- Lo que m\u00e1s me ha inquietado de todo esto es que Luis A., ese hombre serio y &#8220;conservador&#8221; (?) fuera el compositor de Hola mi amor, soy yo tu lobo&#8230; Me encanta imaginarme al Loco cabreado en la cama de la mili esperando encontrarse alg\u00fan d\u00eda con el compositor&#8230; saludos!<\/p>\n<p>R.- Pues te aseguro que no fue una ni dos veces las ganas que tuve de meterle mientras estaba en el servicio militar. Era una tortura estalinista. De repente sal\u00edan los focos del dormitorio donde hab\u00eda 300 ni\u00f1atos y aparec\u00eda por los altavoces la canci\u00f3n de marras. Pura tortura. Jaja.<\/p>\n<p>P.- \u00bfTe molesta si me bajo tu disco de internet?<\/p>\n<p>R.- Te perder\u00edas un formato que no encontrar\u00e1s de otra manera. Yo robaba discos en El Corte Ingl\u00e9s. No me parece excitante bajarte nada. \u00bfD\u00f3nde est\u00e1 el riesgo?<\/p>\n<p>P.- para cuando un disco o gira con Bunbury?<\/p>\n<p>R.- Cuando \u00e9l quiera. Comparto muchas cosas con \u00e9l. Adem\u00e1s, me siento orgulloso de haber contribu\u00eddo a su \u00e9xito, al haber sido telonero de mi gira del 89 con H\u00e9roes.<\/p>\n<p>P.- Hola Loquillo, tocas mucho en Zaragoza, tienes alguna relaci\u00f3n especial con esta ciudad?. Rub\u00e9n<\/p>\n<p>R.- Mi oficina de contrataci\u00f3n est\u00e1 en Zaragoza y Gabriel Sope\u00f1a es un aragon\u00e9s ilustre que da clases en la Universidad de Zaragoza.<\/p>\n<p>P.- No estoy en absoluto de acuerdo en que un tipo de 50 a\u00f1os no cante canciones de adolescente. Yo tengo cuarenta y tantos y todav\u00eda me emociono con algunas de tu primer epoca<\/p>\n<p>R.- El tema es cre\u00e9rselo. Si no te lo crees, no lo cantas. As\u00ed de f\u00e1cil.<\/p>\n<p>P.- \u00a1Ya era hora de otra gira de teatros! La he esperado desde el 9Sinceramente, \u00bfte aburres alguna vez de cantar tus grandes \u00e9xitos?<\/p>\n<p>R.- S\u00ed, por eso cada cierto tiempo me embarco en proyectos distintos. No quiero estar permanentemente en algo que podr\u00eda definirse como c\u00e1rcel interpretativa, de la que no puedes salir. Cuando eso ocurre, me voy corriendo.<\/p>\n<p>P.- De este nuevo disco. Podrias contarnos si tienes alguna canci\u00f3n que destacar sobre las otras? \u00bfy porqu\u00e9? Gracias por seguir ah\u00ed, no te vayas nunca, espero que de inmortal pases a eterno.<\/p>\n<p>R.- Cuando viv\u00edas en la Castellana. Por una cuesti\u00f3n netamente personal.<\/p>\n<p>P.- \u00bfqu\u00e9 tipo de gira de conciertos va a hacer este invierno ? vivo en Salamanca y me gustar\u00eda saber qu\u00e9 Loquillo voy a ver en Diciembre.<\/p>\n<p>R.- El Loquillo de teatros. Para \u00e1quel que me haya visto antes ya he dicho anteriormente que mi repertorio se ci\u00f1e a los discos en solitario.<\/p>\n<p>P.- Loco, tu que has simpatizado con el PSOE, \u00bfComo ves el momento actual?<\/p>\n<p>R.- La izquierda tiene que regenerarse. Dejar de ser sectaria y demag\u00f3gica. De la misma manera que la derecha debe dejar de ser rancia y patriotera. Es necesario una generaci\u00f3n nueva. Todo es muy casposo. Aparte de que es necesaria una nueva Ley Electoral. Y listas abiertas.<\/p>\n<p>P.- \u00bfporque loquillo , siendo un referente \u00fanico del ROCK ESPA\u00d1OL, y quiz\u00e1 el mejor rockero como tal, no tiene la repercusi\u00f3n en los medios que tienen otros?<\/p>\n<p>R.- Porque soy pol\u00edticamente incorrecto.<\/p>\n<p>P.- Si os pudi\u00e9rais reencarnar en un personaje hist\u00f3rico, a cu\u00e1l elegir\u00edais? Un abrazo, Nuria.<\/p>\n<p>R.- En Loquillo.<\/p>\n<p>P.- Hola Crack, te escribo desde Holanda, que tal fue tu colaboraci\u00f3n con El Columpio asesino?<\/p>\n<p>R.- Fue muy divertido grabar Disparar\u00e9 y terminar con el mobiliario del estudio. Es real. Es una banda muy interesante y con las orejas muy abiertas. Ha sido un honor.<\/p>\n<p>P.- y por qu\u00e9 no vienes a tocar a Lisboa??? Con la de espa\u00f1oles que vivimos aqu\u00ed y portugueses a los que tambi\u00e9n les gustas, seguro que era un concierto cojonudo!!! Un beso!!! (Estudi\u00e9 toda la selectividad con &#8220;Hombres&#8221; jaja)<\/p>\n<p>R.- Estuve viviendo en Lisboa, en la Alfama. Fue una etapa muy intensa de mi vida. Dios, c\u00f3mo me gustar\u00eda volver. Qu\u00e9 cerca y tan lejos.<\/p>\n<p>P.- Pero bueno, Loco, \u00bfQu\u00e9 ha pasado? \u00bfDamos ya por muerto el rocknroll?.<\/p>\n<p>R.- \u00bfY qu\u00e9 es la poes\u00eda?<\/p>\n<p>P.- \u00bfPor que tantos tienen miedo a ponerse el mundo por montera y tu, Loco, te lo pones, te lo quitas y haces lo que te brota?<\/p>\n<p>R.- Porque siempre he hecho caso a lo que dec\u00eda Cristina de Suecia: La pasi\u00f3n es la sal de la vida.<\/p>\n","protected":false},"excerpt":{"rendered":"<p>Pregunta.- Hola, \u00bfc\u00f3mo surgi\u00f3 la idea de llevar a cabo esta brillante combinaci\u00f3n? saludos. Respuesta.- Es una idea que tiene 12 a\u00f1os de antig\u00fcedad. Despu\u00e9s de la grabaci\u00f3n del disco Con elegancia decidimos que ten\u00edamos<span class=\"theme-excerpt-more\"> [&#8230;] <a href=\"https:\/\/intervius.com\/index.html\/Loquillo2944\/\" title=\"Loquillo\">Read More<\/a><\/span><\/p>\n","protected":false},"author":1,"featured_media":0,"comment_status":"open","ping_status":"open","sticky":false,"template":"","format":"standard","meta":{"footnotes":""},"categories":[],"tags":[],"class_list":["post-2944","post","type-post","status-publish","format-standard","hentry"],"_links":{"self":[{"href":"https:\/\/intervius.com\/index.html\/wp-json\/wp\/v2\/posts\/2944","targetHints":{"allow":["GET"]}}],"collection":[{"href":"https:\/\/intervius.com\/index.html\/wp-json\/wp\/v2\/posts"}],"about":[{"href":"https:\/\/intervius.com\/index.html\/wp-json\/wp\/v2\/types\/post"}],"author":[{"embeddable":true,"href":"https:\/\/intervius.com\/index.html\/wp-json\/wp\/v2\/users\/1"}],"replies":[{"embeddable":true,"href":"https:\/\/intervius.com\/index.html\/wp-json\/wp\/v2\/comments?post=2944"}],"version-history":[{"count":0,"href":"https:\/\/intervius.com\/index.html\/wp-json\/wp\/v2\/posts\/2944\/revisions"}],"wp:attachment":[{"href":"https:\/\/intervius.com\/index.html\/wp-json\/wp\/v2\/media?parent=2944"}],"wp:term":[{"taxonomy":"category","embeddable":true,"href":"https:\/\/intervius.com\/index.html\/wp-json\/wp\/v2\/categories?post=2944"},{"taxonomy":"post_tag","embeddable":true,"href":"https:\/\/intervius.com\/index.html\/wp-json\/wp\/v2\/tags?post=2944"}],"curies":[{"name":"wp","href":"https:\/\/api.w.org\/{rel}","templated":true}]}}