{"id":2943,"date":"2011-10-05T00:00:00","date_gmt":"2006-11-06T00:00:00","guid":{"rendered":"https:\/\/intervius.com\/index.html\/?p=2943"},"modified":"2006-11-06T00:00:00","modified_gmt":"2006-11-06T00:00:00","slug":"Eva_Martin2943","status":"publish","type":"post","link":"https:\/\/intervius.com\/index.html\/Eva_Martin2943\/","title":{"rendered":"Eva Mart\u00edn"},"content":{"rendered":"<p>Pregunta.- Hola, Eva. Enhorabuena por tu grand\u00edsimo papel en &#8220;Amar en tiempos revueltos&#8221; y el \u00e9xito obtenido. Me gustar\u00eda saber qu\u00e9 tienes en com\u00fan con Irene y si el rodaje de la serie tuvo alg\u00fan &#8220;pero&#8221;, \u00bfcu\u00e1l fue? Gracias.<\/p>\n<p>Respuesta.- Hola! Muchas gracias. Pues creo que Irene y yo somos dos mujeres parecidas en la sensibilidad y la serenidad (en general, que la pobre ha tenido que sufrir mucho y muchas cosas que yo espero no tener que pasar nunca!). El rodaje fue una experiencia genial. El pero&#8230; los madrugones! Un beso.<\/p>\n<p>P.- Wow, no sab\u00eda que cantabas! \u00bfQu\u00e9 tipo de m\u00fasica te gusta escuchar? \u00bfHAs lanzado alg\u00fan CD?<\/p>\n<p>R.- Pues s\u00ed, la m\u00fasica es una de mis pasiones desde hace a\u00f1os. Me gusta mucho el jazz, la bossa nova, el funky&#8230; un mont\u00f3n de estilos distintos, la verdad. Me encantar\u00eda poder grabar disco, claro que s\u00ed, aunque de momento&#8230; os presento un repertorio in\u00e9dito en el concierto del pr\u00f3ximo d\u00eda 13 en el Auditorio de Conde Duque. Espero veros por all\u00ed y que lo disfrut\u00e9is!<\/p>\n<p>P.- Hola Eva! Encantada de poder escribirte. Solo quer\u00eda decirte que me ha encantado la pasada temporada de Amar en tiempos revueltos y sobre todo porque tu la protagonizabas, en la actual temporada faltas tu, se nota tu ausencia. Me encanta tu naturalidad en la forma de actuar. \u00bfNo vas a volver a &#8220;Amar en tiempos revueltos&#8221;? Me gustar\u00eda poder verte en m\u00e1s series, \u00bfvamos a poder verte en alguna serie? Qu\u00e9 tengas mucha suerte en tu proyecto musical, aunque me gustar\u00eda seguir viendote como actriz tambi\u00e9n. Un besazo.<\/p>\n<p>R.- Hola! Pues muchas gracias, me alegro de que hayas disfrutado de la temporada y te agradezco mucho lo que dices. De momento, el personaje de Irene est\u00e1 en Par\u00eds&#8230; y ya veremos si vuelve! Entre tanto, quiz\u00e1 me ve\u00e1is colaborando en alguna otra serie&#8230; Un besazo para ti tambi\u00e9n!<\/p>\n<p>P.- Hola Eva, ante todo mucha suerte en \u00e9sta nueva faceta musical, tengo mucha curiosidad por escucharte. Y ahora una pregunta sobre &#8220;Amar&#8230;&#8221;: todo mi entorno estamos &#8220;enganchados&#8221; a la serie y el comentario com\u00fan tras el final de temporada fue que dio la impresi\u00f3n de ser un poco improvisado y que no se sab\u00eda muy bien por d\u00f3nde cortar, \u00bfhay algo de cierto en esto? Y por cierto, esperamos verte de nuevo en alg\u00fan especial. Saludos desde Ross-on-Wye.<\/p>\n<p>R.- Hola! Muchas gracias, espero que te vengas al auditorio y disfrutes del concierto. En cuanto a la serie, pues realmente no s\u00e9 decirte porque yo no escribo los guiones. \ud83d\ude42 Hacer una serie de casi una hora diaria durante tantos meses tiene mucha dificultad y supongo que tambi\u00e9n imprevistos que van apareciendo, con lo cual es l\u00f3gico que los guiones puedan ser flexibles tambi\u00e9n&#8230; no crees? Un abrazo!<\/p>\n<p>P.- Eva! Guapa! Lo primero de todo, mil gracias por compartir este ratito con nosotros! y mi pregunta va ahi, en tres palabras como defines tu estilo musical? Yo desde aqu\u00ed animo a todo el mundo a ir a envolverse con la magia de tu voz el d\u00eda 13! Yo he tenido la oportunidad de escucharte y fue maravilloso! Eres increible! Besitos enormes de Mar\u00eda Luisa (C\u00f3rdoba) Pd. No me pierdo el concierto por nada del mundo!<\/p>\n<p>R.- Jaja! Gracias, Mar\u00eda Luisa! Pues en este concierto te vas a encontrar un repertorio completamente diferente, porque son canciones nuevas y m\u00fasicos nuevos, aunque el estilo sigue siendo similar. Realmente es world music porque incluye de todo, desde lo jazzero a lo m\u00e1s funky. Espero que animes a mucha gente y que lo disfrut\u00e9is! Un beso. Nos vemos el 13!<\/p>\n<p>P.- \u00bfTienes planes para un pr\u00f3ximo trabajo en cine?<\/p>\n<p>R.- Pues en eso estamos. El cine me apasiona y hasta ahora s\u00f3lo he hecho alguna &#8220;mini incursi\u00f3n&#8221;. As\u00ed que espero poder deciros pronto que me vais a ver en la gran pantalla. Un beso!<\/p>\n<p>P.- \u00bfCuales son tus discos y\/o artistas de cabecera?<\/p>\n<p>R.- Pues la verdad es que me gustan muchos estilos de m\u00fasica distintos, dependiendo del momento y el lugar. Algunos de los que admiro van desde Sade, Djavan, Caetano Veloso&#8230; hasta Jorge Drexler y Macaco. Y un largo etc&#8230;!<\/p>\n<p>P.- Hola Eva.Te recuerdo perfectamente hace unos a\u00f1os en Valladolid,en la puerta de la casa de tus padres,cargada de ilusiones, con las maletas listas y con la mirada puesta en Madrid.He asistido a tu crecimiento profesional y me alegra adem\u00e1s much\u00edsimo que est\u00e9s afrontando nuevos retos con ilusi\u00f3n.Llegar hasta donde est\u00e1s ahora no es nada f\u00e1cil, y conociendo que el camino es aun muy largo y lleno probablemente de obst\u00e1culos,\u00bfno crees que hace falta en este pa\u00eds m\u00e1s valent\u00eda y esfuerzo por parte de los productores, televisiones y organismos para que el empuje de las series de ficci\u00f3n sea un ingrediente m\u00e1s que ayude y revitalice la recuperaci\u00f3n econ\u00f3mica de un pa\u00eds que sufre hoy por los 4 costados?.<\/p>\n<p>R.- Hola! Pues no veo tu nombre pero me alegran mucho tus palabras y saber que nos conocimos hace a\u00f1os y que &#8220;nos hemos seguido la pista&#8221;&#8230; Gracias! En cuanto a lo que dices, pues sin duda creo que la tv tiene una gran responsabilidad social y que en su programaci\u00f3n hay un mensaje claro que queda en el inconsciente colectivo. Y valent\u00eda y esfuerzo efectivamente son lo que deber\u00edamos tener todos, no s\u00f3lo la tv, sino cada uno desde su lugar, para poder afrontar estos momentos de dificultad econ\u00f3mica, pol\u00edtica, social&#8230; y an\u00edmica.<\/p>\n<p>P.- Protagonizar una serie de TV, \u00bfmarca mucho el futuro como actriz? Corre el riesgo de ser &#8220;Irene&#8221; durante muchos a\u00f1os&#8230;<\/p>\n<p>R.- Pues lo que va a marcar el futuro, no s\u00e9 decirte porque todav\u00eda es pronto. Y en el caso de Amar&#8230; supongo que el hecho de ser una serie de \u00e9poca hace que los actores parezcamos muy distintos a c\u00f3mo somos en realidad, con lo cual no creo que Irene interfiera para poder encarnar otros papeles.<\/p>\n<p>P.- Cuales y donde son tus pr\u00f3ximos conciertos<\/p>\n<p>R.- Pues de momento tenemos todas nuestras energ\u00edas concentradas en Conde Duque el d\u00eda 13 de octubre, pero estamos cerrando fechas para noviembre en Las Tablas y posiblemente alg\u00fan lugar m\u00e1s en Madrid antes de salir un poquito por otras ciudades. Toda esa informaci\u00f3n la podr\u00e9is ir obteniendo en: www.facebook.com\/evamartinmusic<\/p>\n<p>P.- Hola Eva!!! Para cuando un CD con todas tus canciones, que podamos oirlas hasta que nos cansemos??? jejejejeje \ud83d\ude1b Un besazoooooooo!!! Nos vemos el d\u00eda 13!!!! Marga y Bel\u00e9n \ud83d\ude09<\/p>\n<p>R.- Pues espero que para pronto, guapas! Gracias, all\u00ed nos vemos. Un beso.<\/p>\n<p>P.- Hola Eva, no es una pregunta y no s\u00e9 si te acordar\u00e1s de un d\u00eda que estabas esperando para comer en Casa Mingo y se acerc\u00f3 una ni\u00f1a (Mar\u00eda) pregunt\u00e1ndote si realmente eras Irene de Amar en Tiempos Revueltos. Pues s\u00f3lo para decirte, que fue antes del verano y a d\u00eda de hoy, tiene tu aut\u00f3grafo pegado en la estanter\u00eda de su habitaci\u00f3n. Mucha suerte.<\/p>\n<p>R.- Jaja! S\u00ed, me acuerdo perfectamente de Mar\u00eda! Y de que era uno de esos primeros d\u00edas de sol para comer en terracita. Pues qu\u00e9 ilusi\u00f3n que lo guardes, Mar\u00eda! Te mando un beso fuerte, preciosa. Mu\u00e1!<\/p>\n<p>P.- En primer lugar enhorabuena por su actuaci\u00f3n en &#8220;Amar en tiempos revueltos&#8221;, es usted una actriz que emociona que llega dentro. Mi pregunta \u00bfparticip\u00f3 usted, de alguna forma, con los guionistas de la serie a la hora de introducir temas musicales, la tienda, el gusto por la m\u00fasica de su compa\u00f1ero de serie Osvaldo&#8230;?.<\/p>\n<p>R.- Muchas gracias. La verdad es que no particip\u00e9 en ello, pero me gust\u00f3 mucho descubrir el v\u00ednculo con la m\u00fasica (con el jazz en concreto)que iban a tener Ubaldo e Irene. Ah\u00ed los guionistas hicieron un trabajo estupendo de documentaci\u00f3n de la \u00e9poca y yo personalmente, aprend\u00ed muchas cosas y lo disfrut\u00e9 un mont\u00f3n. Un abrazo.<\/p>\n<p>P.- Hola Eva, que algria descubrir esta nueva faceta tuya. No echas de menos a la serie Amar En Tiempos Revueltos ? (yo como espectadora s\u00ed te echo de menos&#8230;) \u00bf Te vas a dedicar solo a la m\u00fasica a partir de ahora ?. Besos y mucha suerte, Purita<\/p>\n<p>R.- Hola! Pues al principio s\u00ed sent\u00edamos un poco de &#8220;s\u00edndrome de Estocolmo&#8221; despu\u00e9s de tantos meses dedicados en cuerpo y alma a la serie. Ahora con m\u00e1s distancia, no echo de menos sufrir como sufr\u00eda Irene (jaja) pero s\u00ed echo de menos a todos mis compa\u00f1eros, un equipo fant\u00e1stico. Y no, mi intenci\u00f3n es por supuesto continuar con la interpretaci\u00f3n y la m\u00fasica paralelamente, como llevo haciendo varios a\u00f1os. Me encantan las dos cosas y la una y la otra se retroalimentan. Un beso, Purita!<\/p>\n<p>P.- \u00bfpara cuando una gira por Espa\u00f1a? en concreto en Valencia, las actuaciones de la pasada temporada de la serie de TV fueron memorables y especialmente la suya, no sab\u00eda de su lado musical, pero estoy seguro de que ser\u00e1 sublime dada su trayectoria como atriz. \u00c1nimo y gracias por deleitarnos con su trabajo Valeriano (VLC)<\/p>\n<p>R.- Gracias, Valeriano. Es un placer saber que nuestro trabajo llega al p\u00fablico. Espero poder ir por Valencia con la m\u00fasica pronto. Un abrazo.<\/p>\n<p>P.- Seg\u00fan los &#8220;Medios&#8221;,\u00bfvivimos tiempos revueltos o es que &#8220;alguien&#8221; quiere revolver el tiempo para que no vivamos?, creo que eres la prueba de que cuando algo bueno llega da igual como est\u00e9 el mundo. Felicidades Eva&#8230;nos alegramos de que te vaya todo estupendamente. Un abrazo desde Madrid y Chicago. Myriam y Luis<\/p>\n<p>R.- Bueno, qu\u00e9 ilusi\u00f3n! Y que gracia que nos encontremos aqu\u00ed! Pues efectivamente, creo que la clave de todo es en c\u00f3mo uno recibe todo lo de afuera, venga lo que venga. Personalmente sois muchos los que me hab\u00e9is ido ayudando en el camino y os llevo en mi coraz\u00f3n. \ud83d\ude42 Espero que estos &#8220;tiempos revueltos&#8221; en los que nos est\u00e1 tocando vivir nos pillen a todos lo m\u00e1s tranquilos posibles y si no es as\u00ed, que podamos seguir echando mano de las personas que nos quieren. Un beso grande a los dos!<\/p>\n","protected":false},"excerpt":{"rendered":"<p>M\u00e1s conocida por su faceta como actriz, tras haber protagonizado la exitosa serie Amar en tiempos revueltos, Eva Mart\u00edn presenta al p\u00fablico su propuesta musical con un nuevo proyecto que tiene su base en los ritmos brasile\u00f1os, el jazz y aires de World Music. El 13 de octubre estar\u00e1 en directo actuando en Madrid, en el Conde Duque.<\/p>\n","protected":false},"author":1,"featured_media":0,"comment_status":"open","ping_status":"open","sticky":false,"template":"","format":"standard","meta":{"footnotes":""},"categories":[],"tags":[],"class_list":["post-2943","post","type-post","status-publish","format-standard","hentry"],"_links":{"self":[{"href":"https:\/\/intervius.com\/index.html\/wp-json\/wp\/v2\/posts\/2943","targetHints":{"allow":["GET"]}}],"collection":[{"href":"https:\/\/intervius.com\/index.html\/wp-json\/wp\/v2\/posts"}],"about":[{"href":"https:\/\/intervius.com\/index.html\/wp-json\/wp\/v2\/types\/post"}],"author":[{"embeddable":true,"href":"https:\/\/intervius.com\/index.html\/wp-json\/wp\/v2\/users\/1"}],"replies":[{"embeddable":true,"href":"https:\/\/intervius.com\/index.html\/wp-json\/wp\/v2\/comments?post=2943"}],"version-history":[{"count":0,"href":"https:\/\/intervius.com\/index.html\/wp-json\/wp\/v2\/posts\/2943\/revisions"}],"wp:attachment":[{"href":"https:\/\/intervius.com\/index.html\/wp-json\/wp\/v2\/media?parent=2943"}],"wp:term":[{"taxonomy":"category","embeddable":true,"href":"https:\/\/intervius.com\/index.html\/wp-json\/wp\/v2\/categories?post=2943"},{"taxonomy":"post_tag","embeddable":true,"href":"https:\/\/intervius.com\/index.html\/wp-json\/wp\/v2\/tags?post=2943"}],"curies":[{"name":"wp","href":"https:\/\/api.w.org\/{rel}","templated":true}]}}