{"id":268,"date":"2003-10-14T00:00:00","date_gmt":"2006-11-06T00:00:00","guid":{"rendered":"https:\/\/intervius.com\/index.html\/?p=268"},"modified":"2006-11-06T00:00:00","modified_gmt":"2006-11-06T00:00:00","slug":"J_Ramon_y_Edu268","status":"publish","type":"post","link":"https:\/\/intervius.com\/index.html\/J_Ramon_y_Edu268\/","title":{"rendered":"J Ramon y Edu"},"content":{"rendered":"<p>Pregunta.- \u00bfPodeis navegar con Internet?. Yo pens\u00e9 que no estaba permitido en las prisiones.<\/p>\n<p>Respuesta.- normalmente no. Esto es un estreno mundial<\/p>\n<p>P.- Aunque ya s\u00e9 eso de &#8220;a perro flaco&#8230;&#8221;, quisiera saber si es tan dif\u00edcil como parece la convivencia entre presos, si existe racismo dentro de las prisiones o se est\u00e1 mas hermanado en la desgracia en esa situaci\u00f3n que fuera.<\/p>\n<p>R.- Suponemos que como en todas partes. Aqui la convivencia forzada te &#8220;ayuda&#8221; a conocer otras culturas y a valorarlas<\/p>\n<p>P.- \u00bfAnhel\u00e1is durante toda la semana el rato de salir en antena, que yo creo que os devuelve eso tan ansiado en la c\u00e1rcel, que es la libertad, aunque al menos sea de expresi\u00f3n?<\/p>\n<p>R.- Si. es un motivo de alegr\u00eda y de reencuentro con lo que dejamos fuera<\/p>\n<p>P.- \u00bfHabeis pensado dedicaros profesionalmente al periodismo fuera de la carcel?. Sois un ejemplo, enhorabuena.<\/p>\n<p>R.- Has pensado dedicarte profesionalmente a ser un oyente? Tu si que eres un ejemplo y con buen gusto.<\/p>\n<p>P.- \u00bfQue es lo primero que hareis cada uno de vosotros, cuando volvais a pisar la calle?<\/p>\n<p>R.- Edu: Comer unos huevos fritosw con patatass de los que hace mi madre. Un beso mama Ramon: quitarme los zapatos y pisar cesped Cesar: ir a buscasr aq los ni\u00f1os al YUDO<\/p>\n<p>P.- Adem\u00e1s de la libertad, evidentemente, \u00bfqu\u00e9 es lo que m\u00e1s echais de menos ah\u00ed dentro?<\/p>\n<p>R.- Perdernos entre el bullicio de la gente y poder sentirnos uno m\u00e1s. La intimidad<\/p>\n<p>P.- \u00bfCrees que es posible organizar un taller sobre la no-violencia en la prisi\u00f3n?<\/p>\n<p>R.- Este es un buen sitio para hablar de esos temas aunque sea parad\u00f3jico<\/p>\n<p>P.- Supongo que lo habreis contado alguna vez por antena, pero yo no lo he o\u00eddo. \u00bfPor qu\u00e9 estais condenados cada uno, y a cuantos a\u00f1os?<\/p>\n<p>R.- Nos gusta que nos juzgen tambien por lo que hacemos de positivo. El Juez ya nos condeno por lo que hicimos de negativo. Mucho tiempo, demasiado tiempo?<\/p>\n<p>P.- Colaboro hace a\u00f1os en una asociacion pro-presos sociales. Me gustaria saber como se vivencia eso desde dentro. \u00bfPerciben los presos ese apoyo?, \u00bfcomo se valora?. \u00bfhay alguna asociacion que considereis que realmente se moje?, os sentis cercanos a esas asociaciones?, \u00bfcomo enfocarias vosotros nuestro trabajo? Muchas gracias, mil besos. Nos vemos en la calle.<\/p>\n<p>R.- Lo consideramos fundamental. Es un servicio a nosotros y a la sociedad. Se percibe y se valora. toda ayuda es poco. Lo haceis bien es mas una cuesti\u00f3n de actitudes que de t\u00e9cnicas.Gracias<\/p>\n<p>P.- Para Ram\u00f3n.- \u00bfSe puede dejar de fumar dentro de la prisi\u00f3n?<\/p>\n<p>R.- Otros lo han conseguido. Son mi gu\u00eda y mi frustraci\u00f3n. No me rindo<\/p>\n<p>P.- Para Edu.- \u00bfNos puedes decir donde llevas el tatuaje?<\/p>\n<p>R.- Cu\u00e1l. Los tatuajes son un signo de identificaci\u00f3n. Es secreto de sumario.\u00bfTu tienes alguno, donde?<\/p>\n<p>P.- Para Cesar.- El educador \u00bfdebe cumplir un perfil espec\u00edfico?<\/p>\n<p>R.- Si. Algunos conocimientos de ppsicologia y otros similares y una actitud dificil de definir pero imprescindible para poder hacer tu trabajo y saber estar<\/p>\n<p>P.- Para Mon.- Ya sabemos y esperamos claro est\u00e1 que no lo hagas. . . .pero dinos. . . un Pa\u00eds para fugarte.<\/p>\n<p>R.- Si hombre para que se llene de gente.<\/p>\n<p>P.- &#8211; Una norma que suprimir\u00edais y una norma que impondr\u00edais. &#8211; Vive mejor en prisi\u00f3n el que dispone de dinero?<\/p>\n<p>R.- Acostarme a las 20,30 Celda individual. Y en la calle.Como m\u00ednimo te quita la preocupaci\u00f3n de como estara tu familia<\/p>\n<p>P.- Para Cesar.- \u00bfD\u00f3nde se necesita m\u00e1s cambio, en las mentalidades de los dirigentes o en la inversi\u00f3n de recursos?<\/p>\n<p>R.- Los dirigentes hacen lo que les da votos? Si es asi su mentalidad cambiara cuando les pidan otra cosa. Lo mismo vale para la inversi\u00f3n Los recursos siempre son escasos<\/p>\n<p>P.- Para Edu y Ram\u00f3n.- Si os dejaran salir esta noche, \u00bfcreeis que podr\u00edais ligar? \u00bfQui\u00e9n ligaria primero?<\/p>\n<p>R.- Nos currariamos la p\u00e1gina de la pena. Mas triste es pedir que robar y pedir cari\u00f1o no veeas si esta caro<\/p>\n<p>P.- Hola chicos!!hace ya tiempo que vengo escuchando vuestra intervencion y he de decir que me resulta muy entretenida y amena.Queria preguntaros como es un dia cualquiera en prision.Muchas gracias y un abrazo.<\/p>\n<p>R.- Intentamos que no nos coma la rutina. Y buscamos motivos de alegria en cualquier rinc\u00f3n<\/p>\n<p>P.- hola amigos. os escucho cada semana desde hace mucho tiempo y ahora quisiera preguntaros lo siguiente: \u00bfqu\u00e9 os pasa por la cabeza cuando gente como los Albertos sigue en la calle a la espera de lo que diga el constitucional? si fuerais vosotros \u00f3 yo \u00bftambien esperariamos en la calle? un fuerte abrazo<\/p>\n<p>R.- LOs albertos no &#8220;pegan &#8221; en prisi\u00f3n aqui la gente lleva chandal \u00bfque hacen ellos con gabardina? Nos sentimos pobres y abandonados y a veces un poco chuleados. Ellos esperan en la calle porque estan &#8220;integrados&#8221; Nosotros damos miedo y ellos causan admiraci\u00f3n No nos parece justo pero es lo que hay<\/p>\n<p>P.- Edu, que clase de actividades efectu\u00e1is durante el d\u00eda? Son libres o supeditadas a vuestros superiores?.<\/p>\n<p>R.- Limpieza y aseo desayuno Radio Activa Estudios Comida Lectura Prtdia mus Terapia y otras Hay que llenar el tiempo de cosas lo m\u00e1s construcctivas posibles<\/p>\n<p>P.- Para Edu y Ram\u00f3n.- Una canci\u00f3n, un color, un lugar, un sue\u00f1o?<\/p>\n<p>R.- Dias de escuela de Asfalto El dorado de Revolver Azul o cualquiera menos el verde y el gris verdoso El hayedo en oto\u00f1o y el ruido d3el agua corriendo Que alguien me quiera como yo quiero<\/p>\n<p>P.- \u00bfOs queda\u00eds a veces con ganas de decir algo que por miedo a posteriores &#8220;partes&#8221; o represalias no podeis decir?<\/p>\n<p>R.- Procuramos pensar todo lo que decimos y no rendirnos al miedo o a las consecuencias. Lo peor ser\u00eda mentir<\/p>\n<p>P.- \u00bfComo se cultiva la esperanza dentro de la carcel para no caer en la tristeza?un saludo y apoyo sincero<\/p>\n<p>R.- Somos conscientes de que no hay alternativa a la esperanza mas que el odio y el odio te destruye. Es imprescindible la esperanza y el sentido del humor<\/p>\n<p>P.- \u00bfQue piensan el resto de reclusos de vuestra participacion, hay piques u os consideran unos &#8220;enchufaos de la radio &#8221; ?<\/p>\n<p>R.- La radio es un lugar donde muchos quieren estar y el local es peque\u00f1o Nosotros nos sentimos un poco privilegiados y la gente en general te apoya<\/p>\n<p>P.- Hola, os sigo desde hace a\u00f1os, y os agradezco muchisimo vuestra tertulia, ya que me ha cambiado la forma de ver la vida en una carcel y a la gente que alli tiene que estar, aqui va mi pregunta \u00bfQue oportunidades tienen los presos en participar en talleres como el vuestro de la radio?<\/p>\n<p>R.- Los limites los marca el espacio y la setguridad Pero si realmente quieres siempre encuentras algo<\/p>\n<p>P.- Estais de acuerdo con el actual sistema penitenciario. Creeis que se podr\u00eda mejorar?<\/p>\n<p>R.- Todo se puede mejorar. Nos gustaria que mejoraran las virtudes de este y le cambiar\u00e1n sus defectos que tambien tiene. Suponemos que eso mismo vale para la escuela, los asilos, la sanidad y etc..<\/p>\n<p>P.- Hola. Ante todo daros \u00e1nimos para aguantar la desaz\u00f3n que, me imagino, os invade ah\u00ed donde esta\u00eds. Mi pregunta es: \u00bfhay actualmente suficientes medidas de reeducaci\u00f3n y de reinserci\u00f3n en los Centros Penitenciarios?. Si la respuesta es no me podria\u00eds indicar algunas de las cosas podr\u00edan cambiar. Gracias.<\/p>\n<p>R.- Algunas medidas alternativas a la prisi\u00f3n y que hubiera mas asociaciones que ayudar\u00e1n cuando te ponen en libertad Hay mucha gente que no tiene donde ir y se siente muy rechazados<\/p>\n<p>P.- Me gustaria preguntaros que del 1 al 10 puntuaseis vuestra vida en la prision y vuestra vida antes de estar en la prision. Gracias y mucho animo para esos dias que mas falta os haga<\/p>\n<p>R.- No sabemos si son comparables La calle vista desde aqui siempre es mejor. Pero a veces en este &#8220;no-sitio&#8221; te encuentras<\/p>\n<p>P.- ayer vi una entrevista a un hombre que se pas\u00f3 casi cinco a\u00f1os en prisi\u00f3n siendo inocente. Explicaba que sufri\u00f3 repetidas violaciones durante su estancia. No decias vosotros que eso solo pasa en las pelis?<\/p>\n<p>R.- La excepci\u00f3n confirma la regla? No conocemos casos desde hace muchos a\u00f1os Supongo que alguno habr\u00e1 o no.<\/p>\n<p>P.- Hola. soy ex presidiario de la c\u00e1rcel Ja\u00e9n 2, de Ja\u00e9n, me gustar\u00eda preguntar como han sido en general las relaciones con los funcionarios de prisiones en otros lugares, pues por mi experiencia personal, ahora he entablado una amistad muy estrecha con un antiguo funcionario que conoc\u00ed all\u00ed, quiero saber si esto es algo usual para los presos o en cambio las relaciones en general se hacen frias o incluso hostiles, muchas gracias.<\/p>\n<p>R.- Nossotros creemos que no se debe mezclar trabajo y placer pero admitimos barco como animal acuatico<\/p>\n<p>P.- Hola, soy educador social en un centro de acogida. Crees, Cesar, que tu labor, la labor de loseducadores en general esta valorada por alguien? Por jefes? Instituciones, etc&#8230;.<\/p>\n<p>R.- Hola, soy educador social en un centro de acogida. Crees, Cesar, que tu labor, la labor de loseducadores en general esta valorada por alguien? Por jefes? Instituciones, etc&#8230;.<\/p>\n<p>P.- \u00bfEs cierto que entra tanta droga en la carcel, como dicen? Si lo es, \u00bfde qu\u00e9 manera os llega?<\/p>\n<p>R.- Tampoco tanta a veces no hay quien encuentre Dejara de haber droga cuando fuera no haya<\/p>\n<p>P.- Hola. Me gustaria preguntaros cual ha sido la vez q habeis pasado mas miedo ahi dentro.Os lo pregunto porque yo estuve 5 meses en menores en la carcel de Alhaurin (Malaga) , en menores, y algunas veces tuve verdadero miedo por mi integridad o quizas mi vida quien sabe. Gracias y que salgais pronto.<\/p>\n<p>R.- El miedo es lo \u00fanico libre en prisi\u00f3n. Nos preocupa m\u00e1s la soledad Sentimos que lo hayas pasado mal y nos alegramos de que estes fuera No vuelvas<\/p>\n<p>P.- Hola muchachos, Mi mujer participa en un programa de Caritas en la carcel de Soto del REal, va como voluntaria y participa en un taller para presos en los que da encudernaci\u00f3n. \u00bfC\u00f3mo se ve a estas personas, las que van como voluntarias, en las carceles?<\/p>\n<p>R.- Son puro oxigeno Nos traenn esperanza y perfume de calle. Gracias<\/p>\n<p>P.- Hola amigos de Valdemoro, quisiera saber si alguno de vosotros estudia alguna carrera all\u00ed. Muchas gracias. Os escucho todas las veces que puedo y me solidarizo con todos vosotros. C\u00e9sar intuyo que eres un buen profesional. Un abrazo a todos.<\/p>\n<p>R.- Edu : Educacion Social Ramon: Sociologia Cesar: Me parece que solo conoces mi perfil mas lucido. Gracias Tu tambien eres un buen Chateador<\/p>\n<p>P.- Ten\u00e9is resentimiento contra los funcionarios que os han detenido, o por el contrario cre\u00e9is que no hacen m\u00e1s que cumplir con su deber y adem\u00e1s os lo ten\u00edais merecido.<\/p>\n<p>R.- Siempre crees que es cuesti\u00f3n de mala suerte no de meritos. Normalmente te olvidas de ellos y esperas que tus victimas tampoco te guarden a ti resentimiento<\/p>\n<p>P.- Porque os prohiben navegar por internet? Seria una manera interesante de que os formarais, por ejemplo. Que m\u00e1s cosas de la vida diaria os prohiben&#8230; a parte de la libertad\u00bf<\/p>\n<p>R.- Esto es la carcel y suponemos que motivos de seguridad lo desaconsejan en todo caso depende mas de los que estais fuera que de nosotros. Aqui todo esta pautado y eso`puede agobiarte.<\/p>\n<p>P.- No creo en la inserci\u00f3n de una persona que ha estado encerrado e incomunicado con la sociedad, \u00bfQu\u00e9 opinais de la inserci\u00f3n a traves de trabajos sociales? Por ejemplo, como si fuera una Objeci\u00f3n de Conciencia.<\/p>\n<p>R.- Determinados delitos no deb\u00edan estar condenados con prisi\u00f3n y los trabajos en beneficio de la sociedad y los tribunales que facilitan la compensacion a las victimas y otras medidas similares son buenas<\/p>\n","protected":false},"excerpt":{"rendered":"<p>Jos\u00e9 Ram\u00f3n y Edu, reclusos de Valdemoro, y C\u00e9sar, educador de la prisi\u00f3n, nos cuentan cada semana en La Ventana la realidad vista desde el interior de la c\u00e1rcel. <\/p>\n","protected":false},"author":1,"featured_media":0,"comment_status":"open","ping_status":"open","sticky":false,"template":"","format":"standard","meta":{"footnotes":""},"categories":[],"tags":[],"class_list":["post-268","post","type-post","status-publish","format-standard","hentry"],"_links":{"self":[{"href":"https:\/\/intervius.com\/index.html\/wp-json\/wp\/v2\/posts\/268","targetHints":{"allow":["GET"]}}],"collection":[{"href":"https:\/\/intervius.com\/index.html\/wp-json\/wp\/v2\/posts"}],"about":[{"href":"https:\/\/intervius.com\/index.html\/wp-json\/wp\/v2\/types\/post"}],"author":[{"embeddable":true,"href":"https:\/\/intervius.com\/index.html\/wp-json\/wp\/v2\/users\/1"}],"replies":[{"embeddable":true,"href":"https:\/\/intervius.com\/index.html\/wp-json\/wp\/v2\/comments?post=268"}],"version-history":[{"count":0,"href":"https:\/\/intervius.com\/index.html\/wp-json\/wp\/v2\/posts\/268\/revisions"}],"wp:attachment":[{"href":"https:\/\/intervius.com\/index.html\/wp-json\/wp\/v2\/media?parent=268"}],"wp:term":[{"taxonomy":"category","embeddable":true,"href":"https:\/\/intervius.com\/index.html\/wp-json\/wp\/v2\/categories?post=268"},{"taxonomy":"post_tag","embeddable":true,"href":"https:\/\/intervius.com\/index.html\/wp-json\/wp\/v2\/tags?post=268"}],"curies":[{"name":"wp","href":"https:\/\/api.w.org\/{rel}","templated":true}]}}