{"id":267,"date":"2003-10-14T00:00:00","date_gmt":"2006-11-06T00:00:00","guid":{"rendered":"https:\/\/intervius.com\/index.html\/?p=267"},"modified":"2006-11-06T00:00:00","modified_gmt":"2006-11-06T00:00:00","slug":"Jordi_Sevilla267","status":"publish","type":"post","link":"https:\/\/intervius.com\/index.html\/Jordi_Sevilla267\/","title":{"rendered":"Jordi Sevilla"},"content":{"rendered":"<p>Pregunta.- He le\u00eddo que Cuevas reclama rebajas en las cotizaciones a la Seguridad Social, con el habitual argumento de crear empleo (cada d\u00eda m\u00e1s precario, por cierto). Ten\u00eda entendido que la reforma de las pensiones es un sacrificio que hacemos TODOS por el bien del Estado del BIenestar, debido a que los problemas para financiar las pensiones son INELUDIBLES. Considera responsable la posici\u00f3n de Cuevas?<\/p>\n<p>Respuesta.- S\u00ed, en la medida en que se rebajen cotizaciones al empleo estable, y permitamos con ello que haya m\u00e1s gente en mejores condiciones cotizando para las pensiones de la Seguridad Social.<\/p>\n<p>P.- No s\u00e9 por qu\u00e9 nunca se oye de nuestros pol\u00edticos econ\u00f3mistas casi nada relativo a la econom\u00eda internacional. Por favor, responda intentando no acudir a los principios ret\u00f3ricos generales en los que todos estamos de acuerdo porque quiero saber si tengo que votarles a uds., a otros o abstenerme. \u00bfTienen alguna estrategia clara y concreta, l\u00ednea tolerancia cero con lo inaceptable, para atacar la situaci\u00f3n de miseria econ\u00f3mica y falta de libertades de la mayor parte del planeta? (por favor no vuelva a contar el chiste del 0.7)<\/p>\n<p>R.- Para las miles de personas que sobreviven gracias al 0,7, le aseguro que no es ning\u00fan chiste. Adem\u00e1s, es evidente que hay que liberalizar las importaciones de productos de pa\u00edses del Tercer mundo, aunque eso signifique crear algunos problemas en nuestros propios pa\u00edses. La intervenci\u00f3n por razones pol\u00edticas en otros pa\u00edses es siempre algo complejo, porque \u00bfqui\u00e9n decide cu\u00e1ndo hay que hacerlo? Y si no, que se lo pregunten al Tr\u00edo de las Azores.<\/p>\n<p>P.- Desde una perspectiva liberal los impuestos desincentivan la econom\u00eda e incentivan el fraude. El resto no estamos de acuerdo con una visi\u00f3n tan trivial pero al menos tiene su l\u00f3gica. Lo que creo inaceptable es que se pretenda eliminar el impuesto de sucesiones. Lo que recibimos porque otros trabajaron (o lo que sea) antes que nosotros. Hasta el padre de Bill Gates est\u00e1 en contra. Por favor d\u00edgame su opini\u00f3n porque creo haber escuchado que uds.tambi\u00e9n est\u00e1n en esa l\u00ednea &#8220;modernizadora&#8221;.<\/p>\n<p>R.- Siempre he estado en contra de suprimir el Impuesto de Sucesiones, porque estoy a favor de la igualdad de oportunidades. Ello es compatible con introducir modificaciones en el impuesto que consigan su objetivo: que lo paguen los m\u00e1s ricos, y no las familias modestas cuando heredan el piso de los padres.<\/p>\n<p>P.- \u00bfQu\u00e9 opina de la nueva Ley General Tributaria que esta actualmente en elaboracion? Gracias.<\/p>\n<p>R.- Hubi\u00e9ramos preferido un consenso con el Gobierno que, desgraciadamente no ha sido posible. Creo que la Ley, tal y como va a quedar gracias a la mayor\u00eda absoluta del PP, es mejorable, muy suave con el defraudador, y desincentivadora para la labor de los Inspectores de Hacienda.<\/p>\n<p>P.- Soy un defensor de la consideraci\u00f3n de toda la vida laboral a efectos de c\u00e1lculo de las Pensiones. La considero progresista ya que se adec\u00faa a las nuevas situaciones, donde miles de trabajadores tienen contratos temporales y a partir de los 40 nos encontramos con regulaciones. Al tiempo que facilitar\u00eda la justicia en la entrada al sistema de miles de inmigrantes. \u00bfNo cree que el PSOE est\u00e1 adoptando una postura retrograda al respecto dej\u00e1ndole al PP la iniciativa?<\/p>\n<p>R.- Es posible que esa sea la situaci\u00f3n en un futuro pr\u00f3ximo, pero desde luego no lo es en estos momentos, en los que alargar el per\u00eddo de c\u00e1lculo para las pensiones significa rebajar \u00e9stas, cuando estamos aproximadamente al 60% de la media Europea.<\/p>\n<p>P.- \u00bfQu\u00e9 opina del comportamiento del Sr Zapatero el d\u00eda de las Fuezas Armadas? \u00bfLas banderas son de un partido o de todos los espa\u00f1oles?<\/p>\n<p>R.- Yo tambi\u00e9n me qued\u00e9 sentado en mi casa vi\u00e9ndolo por la televisi\u00f3n. Me parece intolerable que un Gobierno intente quedarse con la bandera y con el Ej\u00e9rcito de todos, buscando como siempre la confrontaci\u00f3n como manera de hacer pol\u00edtica. El se\u00f1or Zaplana, portavoz del Gobierno, deber\u00eda de dimitir despu\u00e9s de las declaraciones torticeras que hizo sobre la protesta de Zapatero por el abuso que signific\u00f3 el intentar apoyar la pol\u00edtica del Gobierno en Irak en el desfile del 12 de octubre.<\/p>\n<p>P.- Creo que mi generaci\u00f3n (entre 30 y 35 a\u00f1os ahora), quiz\u00e1 por ser muy numerosa, se encuentra en peor situaci\u00f3n que las inmediatamente anteriores y posteriores. Por una casa m\u00e1s peque\u00f1a pagamos una parte mayor de nuestra renta, tenemos m\u00e1s dif\u00edcil el acceso al mercado de trabajo, y cotizamos a la seguridad social a pesar de las pocas perspectivas de obtener una pensi\u00f3n digna. \u00bfIncluyen en su programa alguna medida que nos compense?.<\/p>\n<p>R.- Intentamos ofrecer un pa\u00eds distinto, en el que los poderes p\u00fablicos se preocupen de ofrecer viviendas dignas y accesibles para los j\u00f3venes, empleos estables, formaci\u00f3n adecuada y seguridad vital. Se puede conseguir aproximarnos a ese pa\u00eds con medidas diferentes de las que ha aplicado el PP, que son las que nos han conducido a la situaci\u00f3n que describes. \u00bfTe apuntas a intentarlo?<\/p>\n<p>P.- \u00bfExiste en el programa de su partido medidas encaminadas a reducir de un modo SIGNIFICATIVO el ESCANDALOSO nivel de fraude fiscal existente en la actualidad?<\/p>\n<p>R.- Aparecer\u00e1 una pol\u00edtica de tolerancia cero con el fraude fiscal, que es lo m\u00e1s injusto. Las medidas concretas son m\u00e1s de gesti\u00f3n en lo que se refiere a la Agencia Tributaria y a la labor de los Inspectores de Hacienda, que de cambios normativos. Por lo tanto, es m\u00e1s una cuesti\u00f3n de hacer que de decir.<\/p>\n<p>P.- Los funcionarios que deben de velar por los derechos laborales (adem\u00e1s del fraude en SS, explotacion de inmigrantes, seguridad e higiene, fraude en los contratos&#8230;) son los inspectores de trabajo y en menor medida los subinspectores de trabajo. En Espa\u00f1a s\u00f3lo hay &#8220;en la calle&#8221; unos 800. \u00bfPor qu\u00e9 se denuncia la falta de pol\u00edcias o de jueces y se habla tan poco de este tema? \u00bfPor qu\u00e9 se habla tanto de la inspecci\u00f3n de Hacienda y no la de Trabajo? \u00bfAf\u00e1n recaudatorio? \u00bfTiene el PSOE alg\u00fan proyecto especifico?<\/p>\n<p>R.- Tienes raz\u00f3n, sobre todo cuando hemos dicho que, por ejemplo, tenemos una de las mejores leyes de prevenci\u00f3n de riesgos laborales, y sin embargo estamos a la cabeza de Europa en accidentes laborales. Son muchos los factores que influyen en ello, pero uno de ellos es, precisamente, la falta de Inspectores y Subinspectores de Trabajo. Despu\u00e9s de 8 a\u00f1os de gobierno del PP, el sector p\u00fablico se ha reducido tanto que est\u00e1 afectando negativamente a la supervivencia de quienes no podemos pagarnos alternativas privadas a los servicios p\u00fablicos.<\/p>\n<p>P.- Quisiera saber si el PSOE va a incentivar v\u00eda, deducciones en la declaraci\u00f3n del IRPF el alquiler de viviendas, tanto por parte de la oferta como por parte de la demanda<\/p>\n<p>R.- Lo hicimos ya a mediados de los 90, y fue una medida suprimida por el primer gobierno del Partido Popular. Nuestra idea es recuperarla dentro de un plan general de fomento del alquiler.<\/p>\n<p>P.- Soy un completo ignorante en cuanto a econom\u00eda y a pol\u00edtica econ\u00f3mica se refiere, pertenezco a la rama sanitaria y tan solo quisiera saber qu\u00e9 porcentaje del PIB se dedica a este apartado en la actualidad y cu\u00e1nto dedicar\u00edan ustedes. En resumen, \u00bfcambiar\u00eda notablemente la inversi\u00f3n en sanidad?<\/p>\n<p>R.- Los sistemas p\u00fablicos sanitarios como el nuestro cubren a toda la poblaci\u00f3n con un gasto, en porcentaje del PIB, la mitad que el sistema privado de Estados Unidos. Por tanto, no es un problema de cantidad, aunque en los \u00faltimos a\u00f1os, y preparando su transferencia a las Comunidades Aut\u00f3nomas, el Gobierno del PP ha desatendido la Sanidad en los Presupuestos Generales del Estado. Nuestra idea es hacer m\u00e1s eficiente el gasto sanitario, para lo que hace falta complicidad y acuerdos con el personal sanitario. Reduciendo, por ejemplo, gasto farmac\u00e9utico, y mejorando la atenci\u00f3n a los enfermos, y no s\u00f3lo a las enfermedades.<\/p>\n<p>P.- En caso de ganar las elecciones generales \u00bfPiensan mantener la pol\u00edtica fiscal del d\u00e9ficit cero? \u00bfY la supresi\u00f3n del impuesto de actividades econ\u00f3micas?<\/p>\n<p>R.- Mantendremos el equilibrio presupuestario, como pr\u00e1ctica, a lo largo del ciclo econ\u00f3mico. Eso quiere decir que habr\u00e1 a\u00f1os con d\u00e9ficit y otros que no lo tengan. Estamos en contra de la actual ley de d\u00e9ficit cero por dos razones: Primera, porque no se puede prohibir el d\u00e9ficit por ley, como no se puede obligar a que llueva, y segunda, porque no se puede imponer desde el Gobierno central una pol\u00edtica presupuestaria concreta a los gobiernos aut\u00f3nomos o a los Ayuntamientos. El IAE no ha sido suprimido, que es lo que propusimos los socialistas, sino s\u00f3lo parcialmente, y sin las adecuadas compensaciones a los Ayuntamientos.<\/p>\n<p>P.- Despu\u00e9s del famoso episodio del micr\u00f3fono abierto al final de una comparecencia en el que se le o\u00eda comentar con Zapatero los errores en su exposici\u00f3n sobre tributos, \u00bfno temen en el PSOE que el discurso del secretario general del PSOE en el terreno econ\u00f3mico sea poco convincente? \u00bfSe puede aprender lo necesario en dos tardes?<\/p>\n<p>R.- Si tenemos que comparar el discurso econ\u00f3mico de Zapatero, por ejemplo en el debate de Presupuestos, con el inexistente discurso del candidato Rajoy, me ofrece mucha m\u00e1s tranquilidad y convicci\u00f3n el primero, que es de los pol\u00edticos espa\u00f1oles con mejor formaci\u00f3n econ\u00f3mica y el candidato a la Presidencia con mejor formaci\u00f3n econ\u00f3mica. Si ademas dedica dos tardes m\u00e1s, pues todav\u00eda mejor. Rajoy, ni con una semana.<\/p>\n<p>P.- Se espera mejorar el R\u00e9gimen de Aut\u00f3nomos en el aspecto de poder contratar a familiares directos o c\u00f3nyuges? desde mi modesta opini\u00f3n, creo que se aumentar\u00eda la cotizaci\u00f3n a la SS con contratos m\u00e1s estables. \u00bfCu\u00e1l es el motivo por el que no se lleva a cabo?<\/p>\n<p>R.- Lo hemos propuesto en una Proposici\u00f3n en el Parlamento, que fue votada en contra por la mayor\u00faia absoluta del PP. Creo que es un error tener a 300.000 personas, fundamentalmente mujeres, ayudando a sus familiares aut\u00f3nomos de manera irregular. Si no se ha llevado a cabo, es porque el gobierno del PP vot\u00f3 en contra de la propuesta del PSOE.<\/p>\n<p>P.- Despu\u00e9s de que diferentes organismos econ\u00f3micos internacionales como el B.C.E. el F.M.I. y posteriormente ya el Banco de Espa\u00f1a adviertan de la desproporci\u00f3n entre el poder adquisitivo de los espa\u00f1oles y el precio de la vivienda, si adem\u00e1s le sumamos que el gobierno no toma ninguna medida y no tiene ning\u00fan tipo de control sobre la burbuja inmobiliaria. Hecho que se va ha demostrar con los pr\u00f3ximos datos de fincas hipotecadas del mes de octubre. La pregunta es clara \u00bfEn que momento se va a desinflar la burbuja inmobiliaria?<\/p>\n<p>R.- El Gobierno del PP se ha subido a lomos de la burbuja inmobiliaria y hace que nuestro diferencial de crecimiento con Europa cabalgue a lomos de la construcci\u00f3n. Es decir, se produce una injusta transferencia de rentas desde familias altamente endeudadas hacia los especuladores inmobliarios. EL objetivo de una pol\u00edtica de suelo y vivienda que tenga en cuenta las necesidades de los ciudadanos y no los intereses del ladrillo, debe procurar un acceso razonable a la vivienda, dejando de hinchar la burbuja.<\/p>\n<p>P.- \u00bfSe puede realmente cambiar la tendencia econ\u00f3mica de abaratamiento del dinero y subida del ipc con una pol\u00edtica generalista?<\/p>\n<p>R.- No creo que tipos de inter\u00e9s bajos planteen ning\u00fan problema. El problema de la inflacci\u00f3n, como estamos viendo estos d\u00edas, tiene mucho que ver en Espa\u00f1a con la falta de competencia en algunos sectores regulados, y con la ausencia de pol\u00edtica de defensa de la competencia en otros sectores donde se dan abusos de intermediarios. Dicho de otra manera, por el pasotismo del Gobierno, tenemos una inflaci\u00f3n elevada, que vac\u00eda los bolsillos de los ciudadanos, aunque llene las arcas del Estado, como impuesto silencioso que es.<\/p>\n<p>P.- \u00bfCree usted que el se\u00f1or Rajoy est\u00e1 capacitado para conducir una econom\u00eda deudora de las ayudas europeas?<\/p>\n<p>R.- Obviamente mi opini\u00f3n sobre las capacidades como gobernante de quien habl\u00f3 de los &#8220;hilillos&#8221; del Prestige, o de la existencia de armas de destrucci\u00f3n masiva en Irak para justificar una guerra injusta, no es muy elevada. \u00bfO no?<\/p>\n<p>P.- Buenas tardes, Sr. Sevilla: Me imagino que no estar\u00e1 entre sus propuestas ni subir ni bajar los impuestos; la primera por impopular y la segunda porque ser\u00eda muy dif\u00edcil mantener y aumentar el gasto social. Pero si seguramente entrar\u00e1 en sus planes una reforma del IRPF, que lo haga m\u00e1s simple y equitativo a trav\u00e9s del tipo \u00fanico y la RBC, gravando por igual las rentas de trabajo y capital, etc. Tambi\u00e9n supongo que intentar\u00e1n &#8220;escorar&#8221; en lo posible la carga fiscal hacia la imposici\u00f3n directa, aliviando la indirecta que es m\u00e1s regresiva. Me gustar\u00eda que comentara algo sobre esto. Gracias.<\/p>\n<p>R.- Traslado su opini\u00f3n a los redactores del programa electoral del PSOE, porque no puedo estar m\u00e1s de acuerdo. La Constituci\u00f3n dice que ha de pagar impuestos m\u00e1s el que m\u00e1s tiene. En Espa\u00f1a, hoy, despu\u00e9s de ocho a\u00f1os de gobierno del PP, lo primero que hay que conseguir es que paguen lo mismo los que ganan lo mismo, aunque lo obtengan de fuentes distintas.<\/p>\n<p>P.- Como ciudadano medio tengo la sensaci\u00f3n que en los aspectos micro econ\u00f3micos tiende a no haber diferencias entre las posiciones defendidas entre socialistas y populares, lo que como persona de izquierdas me produce cierta inquietud. Dejando a un lado las propuestas cl\u00e1sicas de la izquierda y pensando en los nuevos retos, existe todav\u00eda un margen para dotar de identidad propia el discurso de los que nos consideramos progresistas. \u00bfCu\u00e1les serian esas se\u00f1ales de identidad?<\/p>\n<p>R.- Espa\u00f1a hoy despu\u00e8s de ocho a\u00f1os de gobierno del PP, est\u00e1 a la cola de Europa en gasto social, en sociedad del conocimiento, y a la cabeza en siniestralidad laboral, precariedad y precio de la vivienda. Adem\u00e1s, los espa\u00f1oles trabajamos m\u00e1s horas al a\u00f1o que la media europea, y nuestros salarios est\u00e1n por debajo de la media europea. \u00bfNo le parece que s\u00ed que hay espacio para una pol\u00edtica que revierta esta situaci\u00f3n? Yo, como ciudadano, quiero creer que nos merecemos algo mejor.<\/p>\n<p>P.- Sr Jordi Sevilla, \u00bfpodr\u00eda explicar al com\u00fan de los ciudadanos que tenemos una n\u00f3mina por cuenta ajena \u00bfPor qu\u00e9 el tipo \u00fanico del IRPF nos resultar\u00eda m\u00e1s beneficioso? Y si es as\u00ed \u00bfA qu\u00e9 se debe tanta cr\u00edtica?<\/p>\n<p>R.- Los ricos ya tienen un tipo \u00fanico para las plusval\u00edas y ganancias de capital, y no se han quejado. La idea del tipo \u00fanico, o dos, es conseguir que paguen lo mismo los que ganan lo mismo, aunque unos lo consigan mediante una n\u00f3mina y otros vendiendo pisos.<\/p>\n<p>P.- Que los alimentos han aumentado de precio de una forma b\u00e1rbara todos lo sabemos al ir al mercado no hace falta que lo digan en las estad\u00edsticas. \u00bfA qu\u00e9 cree que se ha debido? El gobierno del Partido Popular \u00bfAct\u00faa correctamente en esto?<\/p>\n<p>R.- El gobierno lleva a\u00f1os desentendi\u00e9ndose del problema de la inflaci\u00f3n en Espa\u00f1a. Hay cosas que se pueden hacer para conseguir que m\u00e1s dinero se quede en el bolsillo de quien lo gana, en lugar de transfer\u00edrselo a especuladores, sean de suelo o de tomates. Hace tiempo que le propuse en el Parlamento a Rato que pusiera a trabajar al Servicio de Defensa de la Competencia en el asunto. Por fin, parece que lo est\u00e1n haciendo. Veremos si luego hay sanciones que corrijan la situaci\u00f3n. Aunque algunos de los afectados puedan ser amigos suyos.<\/p>\n<p>P.- Sr. Sevilla, usted ha acusado al Gobierno de ocultar un d\u00e9ficit de 1,6% del PIB y de aplicar la &#8220;contabilidad creativa&#8221; para vendernos el d\u00e9ficit 0 y ocultar este dato. Me parece una acusaci\u00f3n muy grave, cuando una empresa hace estas cosas se la investiga, se la multa y alguna se ha ido a la quiebra. \u00bfNo se puede hacer nada porque la denuncia es muy grave?<\/p>\n<p>R.- No es una denuncia legal, sino pol\u00edtica y moral. El Gobierno dice tener d\u00e9ficit cero, pero se endeuda el a\u00f1o que viene por un importe del 1,6% del PIB. Es como si una familia dijera que se gasta s\u00f3lo lo que gana y no contabilizara lo que paga con tarjeta de cr\u00e9dito. Es legal. Pero es inmoral.<\/p>\n<p>P.- Hola, se ha publicado, y no en cualquier diario, sino en este diario, que considero el m\u00e1s serio de Espa\u00f1a, que Zapatero ha tenido que intervenir puesto que usted y el Sr. Miguel Sebasti\u00e1n, por un choque de competencias. \u00bfSe ha sentido desplazado por el asesor econ\u00f3mico de Zapatero? \u00bfQui\u00e9n ser\u00e1 finalmente el de coordinaci\u00f3n del programa econ\u00f3mico?<\/p>\n<p>R.- Miguel Sebasti\u00e1n es amigo m\u00edo desde hace a\u00f1os, y desde hace a\u00f1os viene colaborando, con mayor o menor &#8220;clandestinidad&#8221; conmigo y con el Partido Socialista. De hecho, me considero una de las personas que le anim\u00f3 a echarnos una mano p\u00fablica en la elaboraci\u00f3n del programa econ\u00f3mico, coordinando a los casi 200 economistas que est\u00e1n trabajando en nuestro porgrama de Gobierno. Por tanto, no s\u00f3lo no me he sentido desplazado, sino que por el principio de Arqu\u00edmedes, la incorporaci\u00f3n de un peso pesado como Miguel tambi\u00e9n me ha elevado a m\u00ed. \u00bfRechazar\u00eda alguien tener a Ra\u00fal en su equipo?<\/p>\n<p>P.- Creo que tampoco en Econom\u00eda han logrado (todav\u00eda) dar a conocer lo que piensan. \u00bfA qu\u00e9 cree Vd. que es debido?; \u00bfa que no han desvelado a\u00fan del todo su programa econ\u00f3mico?, \u00bfa que no es muy distinto al del P.P.?, \u00bfa la manipulaci\u00f3n informativa que entorpece su difusi\u00f3n &#8230;? &#8230; \u00bfa otras causas?. Gracias.<\/p>\n<p>R.- Yo tambi\u00e9n lo creo, y cr\u00e9ame usted que cuando llevo casi cuatro a\u00f1os intent\u00e1ndolo, es para sentirme un poco desesperado. Es posible que hayamos hecho algunas cosas mal desde el punto de vista medi\u00e1tico, pero no voy a matar al mensajero. Creo que nuestro programa econ\u00f3mico es bastante distinto al del Partido Popular, como tendr\u00e1 ocasi\u00f3n de comprobar en el pr\u00f3ximo debate de Presupuestos, o si entra en la p\u00e1gina web del Congreso de los Diputados y mira mi \u00faltimo debate con Rato en la Comisi\u00f3n de Econom\u00eda.<\/p>\n<p>P.- Su propuesta de Presupuestos del Estado creo que se evaluar\u00eda por objetivos conseguidos con las partidas presupuestarias, me gustar\u00eda que me explicase un poco m\u00e1s este concepto.<\/p>\n<p>R.- Creo que se refiere a nuestra propuesta de crear una Agencia Nacional de Evaluaci\u00f3n de pol\u00edticas publicas, que analice la eficiencia y la eficacia del gasto p\u00fablico. Nuestro debate presupuestario se centra demasiado en lo cuantitativo, en si gastamos 90, 100 o 110, y muy poco en si lo gastamos bien, en el sentido de cumplir los objetivos para los que pedimos a los espa\u00f1oles esos recursos econ\u00f3micos. Llevar esto a la pr\u00e1ctica es cambiar radicalmente la manera de hacer pol\u00edtica econ\u00f3mica y presupuestaria que tenemos actualemente.<\/p>\n<p>P.- \u00bfPor qu\u00e9 no se han planteado la subida del impuesto de sociedades? \u00bfTemen un castigo de las empresas en las urnas? \u00bfHasta qu\u00e9 punto se puede hacer la mejor pol\u00edtica si hay miedo a amplios grupos de presi\u00f3n?<\/p>\n<p>R.- Porque no creo que sea necesario. Antes pensar\u00eda en revisar algunas de las deducciones y desgravaciones que hacen que el tipo efectivo que se paga sea muy inferior al te\u00f3rico. No hay miedo por parte del Partido Socialista a ning\u00fan grupo de presi\u00f3n, y no deber\u00eda de haberlo por parte de nadie que aspira a tener el apoyo mayoritario de los ciudadanos. Le aseguro que no hay grupo de presi\u00f3n m\u00e1s importante que los ciudadanos con su voto.<\/p>\n<p>P.- Si no recuerdo mal, fue el PSOE el que realiz\u00f3 una reforma en 1994 (ETT, &#8220;contratos basura&#8221;) cuyas consecuencias estamos pagando ahora con la precariedad laboral. He o\u00eddo hoy en la radio que una chica tuvo m\u00e1s de 150 contratos en menos de 3 meses. \u00bfVan a aplicar medidas para reparar este error que cometieron? \u00bfQu\u00e9 planes tienen respecto al empleo?<\/p>\n<p>R.- Hay una diferencia entre tomarse una copa de vino en la comida y ser alcoh\u00f3lico. Es la que hay entre lo que hizo el PSOE con la contrataci\u00f3n temporal y los abusos y fraudes de ley que est\u00e1 permitiendo el Gobierno del Partido Popular. Introducir la causalidad en la contrataci\u00f3n temporal, regular las subcontrataciones, y poner a trabajar a la Inspecci\u00f3n, son tres medidas que ya hemos propuesto en el Parlamento, y que hoy no son ley porque se opuso la mayor\u00eda absoluta del PP.<\/p>\n<p>P.- Vds. dicen que el alto endeudamiento de las familias y la falta de ahorro son algunos de los problemas que tiene nuestra econom\u00eda, y que la gente ahorra m\u00e1s cuanto m\u00e1s renta disponible tiene. Quiere decir que la soluci\u00f3n del PSOE para fomentar el ahorro ser\u00e1 bajar los impuestos.<\/p>\n<p>R.- Que el endeudamiento de nuestras familias es peligrosamente alto y que estamos en tasas de ahorro m\u00e1s bajas de la d\u00e9cada, lo decimos nosotros, el Banco de Espa\u00f1a, el FMI, la UE, y todo el que quiera enterarse de la realidad. Una manera de fomentar el ahorro de las familias es mejorar su renta disponible, y una manera de hacer esto es bajar la presi\u00f3n fiscal a los trabajadores con n\u00f3mina, que son quienes financian casi el 90% de la recaudaci\u00f3n del IRPF y que han visto incrementarse en dos puntos la presi\u00f3n fiscal en los a\u00f1os en que el Gobierno del PP bajaba los impuestos a los m\u00e1s ricos.<\/p>\n<p>P.- \u00bfQu\u00e9 pol\u00edtica tiene el PSOE respecto a la inversion en I+D (investigaci\u00f3n y desarrollo)? Espa\u00f1a destina menos porcentaje del PIB del que deber\u00eda.<\/p>\n<p>R.- Uno de los problemas graves de nuestra econom\u00eda es la baja productividad relacionada al fracaso de la pol\u00edtica del Gobierno del PP en I+D y en todo lo relacionado con la sociedad de la informaci\u00f3n. Nuestro compromiso es dedicar m\u00e1s recursos p\u00fablicos a ello, pero tambi\u00e9n otrganizarlo mejor, creando un aut\u00e9ntico sistema nacional de I+D, y consiguiendo que, por ejemplo, los becarios cobren todos los meses, cosa que este Gobierno no ha conseguido todav\u00eda.<\/p>\n<p>P.- PAra romper un poco el tono serio de la charla&#8230; \u00bfqu\u00e9 le parece eso de tener mu\u00f1egote propio? YO en su lugar estar\u00eda encantada, porque al fin y al cabo es como lo de descartes: tengo mu\u00f1egote ergo&#8230;.aunqe parece que a Ud. se le conoce desde que corrigi\u00f3 a Zapatero&#8230; por cierto, defina progresividad y regresividad&#8230;<\/p>\n<p>R.- PAra romper un poco el tono serio de la charla&#8230; \u00bfqu\u00e9 le parece eso de tener mu\u00f1egote propio? YO en su lugar estar\u00eda encantada, porque al fin y al cabo es como lo de descartes: tengo mu\u00f1egote ergo&#8230;.aunqe parece que a Ud. se le conoce desde que corrigi\u00f3 a Zapatero&#8230; por cierto, defina progresividad y regresividad&#8230;<\/p>\n","protected":false},"excerpt":{"rendered":"<p>El secretario de Pol\u00edtica Econ\u00f3mica del PSOE, Jordi Sevilla, ha analizado los Presupuestos Generales del Estado para 2004, la renovaci\u00f3n del Pacto de Toledo y las claves del programa econ\u00f3mico que preparan los socialistas de cara a las elecciones de marzo.<\/p>\n","protected":false},"author":1,"featured_media":0,"comment_status":"open","ping_status":"open","sticky":false,"template":"","format":"standard","meta":{"footnotes":""},"categories":[],"tags":[],"class_list":["post-267","post","type-post","status-publish","format-standard","hentry"],"_links":{"self":[{"href":"https:\/\/intervius.com\/index.html\/wp-json\/wp\/v2\/posts\/267","targetHints":{"allow":["GET"]}}],"collection":[{"href":"https:\/\/intervius.com\/index.html\/wp-json\/wp\/v2\/posts"}],"about":[{"href":"https:\/\/intervius.com\/index.html\/wp-json\/wp\/v2\/types\/post"}],"author":[{"embeddable":true,"href":"https:\/\/intervius.com\/index.html\/wp-json\/wp\/v2\/users\/1"}],"replies":[{"embeddable":true,"href":"https:\/\/intervius.com\/index.html\/wp-json\/wp\/v2\/comments?post=267"}],"version-history":[{"count":0,"href":"https:\/\/intervius.com\/index.html\/wp-json\/wp\/v2\/posts\/267\/revisions"}],"wp:attachment":[{"href":"https:\/\/intervius.com\/index.html\/wp-json\/wp\/v2\/media?parent=267"}],"wp:term":[{"taxonomy":"category","embeddable":true,"href":"https:\/\/intervius.com\/index.html\/wp-json\/wp\/v2\/categories?post=267"},{"taxonomy":"post_tag","embeddable":true,"href":"https:\/\/intervius.com\/index.html\/wp-json\/wp\/v2\/tags?post=267"}],"curies":[{"name":"wp","href":"https:\/\/api.w.org\/{rel}","templated":true}]}}