{"id":261,"date":"2003-10-14T00:00:00","date_gmt":"2006-11-06T00:00:00","guid":{"rendered":"https:\/\/intervius.com\/index.html\/?p=261"},"modified":"2006-11-06T00:00:00","modified_gmt":"2006-11-06T00:00:00","slug":"Revolver261","status":"publish","type":"post","link":"https:\/\/intervius.com\/index.html\/Revolver261\/","title":{"rendered":"Rev\u00f3lver"},"content":{"rendered":"<p>Pregunta.- \u00a1Hola, Carlos!! He escuchado por ah\u00ed que adem\u00e1s de tu faceta como cantante, te dedicas a producir a otros grupos. \u00bfEs verdad? \u00bfCon qui\u00e9n has trabajado? Un saludo desde Valencia. Marisol<\/p>\n<p>Respuesta.- Pues ultimamente he trabajado con Sr No, he producido el \u00faltimo disco de Rebeldes y tambi\u00e9n a medio camino casi hemos acabado la producii\u00f3n del disco de La Guardia.<\/p>\n<p>P.- \u00bfPara cu\u00e1ndo un disco en directo? Y no me refiero a un nuevo b\u00e1sico con un reducido grupo de personas, sino un concierto real, como aquel del Palacio de Congresos de Valencia que yo pensaba que ser\u00eda el primer directo llevado a CD. Luis (luismcc@supercable.es) M\u00e1laga.<\/p>\n<p>R.- Despu\u00e9s del pr\u00f3ximo \u00e1lbum mientras se est\u00e9 de gira con este disco se grabar\u00e1 un doble \u00e1lbum en directo del cual ser\u00e1 un CD1 con banda el\u00e9ctrico y CD 2 ac\u00fastico y yo solo.<\/p>\n<p>P.- \u00bfPara cu\u00e1ndo nuevo \u00e1lbum?, \u00bfel single incluir\u00e1 los 2 in\u00e9ditos para los que tenemos todos tus discos? Un fuerte abrazo. Sergio. Le\u00f3n.<\/p>\n<p>R.- Nuevo \u00e1lbum para julio o agosto del a\u00f1o que viene. y respecto a la segunda pregunta no incluir\u00e1 estos dos in\u00e9ditos.<\/p>\n<p>P.- Hola, Go\u00f1i, soy Jorge (20 tacos). \u00bfPor qu\u00e9 muchas de tus canciones tratan de melancol\u00eda y tristeza? Suerte y gracias por contestar. Ciao.<\/p>\n<p>R.- Porque curiosamente yo esperaba que con la experiencia que dan los a\u00f1os la bolsa de respuestas estar\u00eda m\u00e1s llena que la de preguntas pero no es as\u00ed.<\/p>\n<p>P.- C\u00f3mo te sientes m\u00e1s a gusto: \u00bfsobre un escenario con toda la banda o t\u00fa s\u00f3lo con la ac\u00fastica? Un abrazo. MANDETE :o)<\/p>\n<p>R.- Necesito ambas cosas para sentirme bien con ellas. Ambas se complementan.<\/p>\n<p>P.- Hola, Carlos, un placer poder hablar contigo. Ante todo enhorabuena por tu m\u00fasica y por la trayectoria impecable de Rev\u00f3lver. \u00bfQu\u00e9 papel crees que tiene Rev\u00f3lver en el panorama musical espa\u00f1ol actual? \u00bfConsideras justa la promoci\u00f3n que te hacen los medios? Mil gracias por tu m\u00fasica y saludos de un valenciano.<\/p>\n<p>R.- Me gusta pensar que cada uno tiene lo que se merece y respecto a la promoci\u00f3n que me han hecho los medios ser\u00e1 la que han cre\u00eddo oportuna. De todas formas estoy muy contento de c\u00f3mo me ha tratado la vida.<\/p>\n<p>P.- \u00bfPor qu\u00e9 otro recopilatorio despu\u00e9s de los B\u00e1sicos?<\/p>\n<p>R.- No tiene nada que ver. Creo que fue una buena idea de la compa\u00f1ia y en cuestiones de marketing intengo no meterme demasiado. Adem\u00e1s es habitual en la carrera de un artista tener un recopilatorio de los singles m\u00e1s conocidos.<\/p>\n<p>P.- Hace un tiempo o\u00ed una explicaci\u00f3n tuya sobre la canci\u00f3n &#8220;Faro de Lisboa&#8221;, y desde entonces la escucho de otra forma. Por ello, \u00bfpara cu\u00e1ndo un libro sobre la historia y las canciones de Carlos Go\u00f1i y\/o Rev\u00f3lver? Y, por favor, no nos vuelvas a decir que no sabr\u00edas hacerlo. Si hace falta, yo soy tu &#8220;negro&#8221;, y no soy el de Ana Rosa Quintana (jejeje)<\/p>\n<p>R.- Es cierto que cuanto m\u00e1s leo y cada vez lo hago m\u00e1s, m\u00e1s me doy cuenta de que jam\u00e1s escribir\u00e9 un libro, me falta valor. En cuanto a las canciones y su significado, es interesante el contraputno que cada uno hace de lo que yo quiera decir en las canciones convirti\u00e9ndola en otra cosa distinta.<\/p>\n<p>P.- &#8220;Si es tan s\u00f3lo amor&#8221;, &#8220;Si es por ti&#8221;, &#8220;T\u00fa y yo&#8221;&#8230; todas canciones pensando en una chica que todos hemos tenido. Esas canciones, \u00bfse escriben estando enamorado o es posible escribir siendo ajeno al sentimiento? Parece que las escribes con el alma, Carlos. Gracias y p\u00e1sate pronto por La Rioja.<\/p>\n<p>R.- Siempre escribo con el alma. No se me ocurre hacerlo de otra manera.<\/p>\n<p>P.- Hola, Carlos, soy Edu de Logro\u00f1o. \u00bfCon qu\u00e9 cantante espa\u00f1ol te gustar\u00eda cantar un dueto?<\/p>\n<p>R.- Con Luz.<\/p>\n<p>P.- \u00bfQu\u00e9 grupos ves interesantes del panorama pop actual en Espa\u00f1a?<\/p>\n<p>R.- Dover, Quique Gonz\u00e1lez, Los Violadores del Verso.<\/p>\n<p>P.- \u00bfCu\u00e1ndo vas a grabar la canci\u00f3n que le dedicaste a tu hijo que tocaste en Vigo?<\/p>\n<p>R.- No lo s\u00e9.<\/p>\n<p>P.- He le\u00eddo que tu pr\u00f3ximo disco de estudio va a volver a ser &#8220;ca\u00f1ero&#8221;: \u00bfCa\u00f1ero por su mordacidad y cr\u00edtica social, por que vas a volver a ser tan guitarrero como en Si no hubiera que correr o ambas cosas a la vez (\u00a1eso ser\u00eda genial)? Besos. Patricia desde Valencia.<\/p>\n<p>R.- Ambas cosas a la vez, pero mucho m\u00e1s guitarrero que !Si no hubiera que correr`y mucho m\u00e1s mordaz que &#8220;Odio&#8221;, &#8220;Tierra Bald\u00eda&#8221; o &#8220;Calle MAyor&#8221;.<\/p>\n<p>P.- \u00bfCu\u00e1l es la mejor canci\u00f3n de Rev\u00f3lver?<\/p>\n<p>R.- Ja, ja,ja,ja &#8230; Tengo dos hijos, cu\u00e1l es m\u00e1s guapo, cu\u00e1l es m\u00e1s listo?<\/p>\n<p>P.- \u00a1Hola, Carlos! Aprovechando que el disco es un grandes \u00e9xitos (s\u00e9 que no te gusta el t\u00edtulo, jeje) y una mirada hacia toda tu carrera, me gustar\u00eda saber cu\u00e1l es el v\u00eddeoclip que m\u00e1s te gusta de los que has grabado o de cu\u00e1l guardas un mejor recuerdo. Un saludo y que sigas as\u00ed, que eres un artista cojonudo. Gracias: Chao y Nuri desde Gij\u00f3n.<\/p>\n<p>R.- Espero que del \u00faltimo porque estuve once horas y media conduciendo por el Cabo de Gata.<\/p>\n<p>P.- \u00a1A\u00fapa Carlos!! Soy un chaval de Pamplona, muy fan tuyo. Me han dicho que has producido a una banda de aqu\u00ed. \u00bfQui\u00e9nes son? Puedes contarnos cosas de tu faceta como productor?? Un saludo. Mikel<\/p>\n<p>R.- Lengua de Trapo. Son fabulosos! Aupa el Osasuna!<\/p>\n<p>P.- Saludos desde C\u00f3rdoba Carlos. Mi pregunta es la siguiente: \u00bfNunca has compuesto y cantado alguna canci\u00f3n en ingl\u00e9s?? \u00bfNo crees que ello te abrir\u00eda las puertas del mercado anglosaj\u00f3n? Gracias por darnos tan benos momentos de musica.<\/p>\n<p>R.- Una vez escrib\u00ed una pero le he cambiado la letra.<\/p>\n<p>P.- Hola Carlos. Soy un fan tuyo que toco muchas canciones tuyas con mi guitarra. Tengo el gusanillo desde que te vi que tenias una guitarra roja. He intentado buscar una similar y no la encuentro por ningun sitio. \u00bfDonde la compraste? Mas o menos \u00bfQue precio tiene? Muchas gracias y no cambies nunca. JCM<\/p>\n<p>R.- ES una Gretch ranger, en ESpa\u00f1a no se importan y sale como por unos 4.000 euros.<\/p>\n<p>P.- Si no hubieses sido musico&#8230; ser\u00edas??<\/p>\n<p>R.- Lo que era, deportista.<\/p>\n<p>P.- Hola! Me gusta tu m\u00fasica. \u00bfQu\u00e9 opinas de estos grupos? Por ejemplo El canto del loco, La oreja de van gogh, Amaral. \u00bfY sobre OT qu\u00e9 opinas?<\/p>\n<p>R.- De lo que no me gusta no opino, pero entiendo que cumplen su funci\u00f3n.<\/p>\n<p>P.- Hola Carlos, \u00bfes cierto que viviste en El Campello y que la canci\u00f3n &#8220;La Fortuna&#8221; habla de cuando toc\u00f3 all\u00ed la loter\u00eda y hace menci\u00f3n al pub &#8220;El Lobo Marino&#8221;?. Carlos. Madrid<\/p>\n<p>R.- S\u00ed, es cierto y de hecho ya estoy viviendo all\u00ed.<\/p>\n<p>P.- \u00bfCu\u00e1l es el concierto del que guardas mejor recuerdo?<\/p>\n<p>R.- De muchos. 60 conciertos al a\u00f1o dan para mucho gracias a Dios.<\/p>\n<p>P.- Escuche una vez o me lo dijeron que la canci\u00f3n del Basico &#8220;Una tormenta fuerte y Salvaje&#8221; (creo que se titula as\u00ed) la escribiste por el asesinato de Miguel Angel Blanco. Mi pregunta es si es cierto y que te inspiro a hacerla. Muchas gracias. Inma<\/p>\n<p>R.- S\u00ed es cierto y toqu\u00e9 en Santurce al d\u00eda siguiente. Me impresion\u00f3 tant\u00edsimo que cuando acab\u00f3 el concierto me fu\u00ed a escribir al hotel.<\/p>\n<p>P.- Hola Carlos!, \u00bfno crees que un grandes exitos es solo un truco de las discogr\u00e1ficas para sacar dinero al por mayor? Para los que tenemos todos tus discos&#8230;\u00bfPor qu\u00e9 deberiamos comprarlo? gracias y un saludo desde C\u00e1diz<\/p>\n<p>R.- Yo en los discos recopilatoriso siempre los he utilizado cuando no conoc\u00eda la carrera de un artista. Si tengo todos sus discos no me lo compro pero no me lo bajo de Internet ni se lo compro a un pirata.<\/p>\n<p>P.- \u00bfTe pones nervioso antes de los conciertos?, \u00bfqu\u00e9 sientes cuando interpretas el espectacular solo de Eldorado ante la multitud?. \u00bfPor qu\u00e9 utilizas la Grestch s\u00f3lo para tocar Fuera de Lugar?. \u00bfC\u00f3mo has llegado a un nivel con la guitarra similar al de Mike Olfield o Eric Clapton?. Me gustaron los conciertos de la Riviera y del Palau (Barna). Salva (Valencia)<\/p>\n<p>R.- Me pongo muy nervioso y gracias por la comparaci\u00f3n, pero no llego ni a la M de Mike ni a la C de Clapton.<\/p>\n<p>P.- Hola Carlos! \u00bfIncluir\u00e1s en la proxima gira alguna cancion de Comite Cisne?, lo digo por que a muchos de tus seguidores nos encantaria escuchar &#8220;licor&#8221; &#8220;Querer o no Querer&#8221; o &#8220;Mirame&#8221;. Lo digo por que todos los revolveros sabemos de tu directo y estaria bien hacerlas en directo. Suso (A Coru\u00f1a)<\/p>\n<p>R.- Nunca s\u00e9 qu\u00e9 es lo que voy a hacer antes de una gira. el repertorio lo s\u00e9 justo cuando lo voy a empezar, pero es probable.<\/p>\n<p>P.- Hola Carlos Soy Dani!!!me encanta tu m\u00fasica, y mi pregunta se refiere a si admites letras de otros compositores?<\/p>\n<p>R.- Gracias Dani, pero por ahora no.<\/p>\n<p>P.- Hola Carlos. Yo soy aficionado a la musica y a la guitarra y me gusta mucho tocar y cantar canciones tuyas. Me preguntaba si algun dia sacaras un libro con todas tus canciones y sus acordes. Un saludo desde Madrid. JCM<\/p>\n<p>R.- Hay varios.<\/p>\n<p>P.- Hola Carlos,\u00bf C\u00f3mo te sientes al saber que formas parte importante en la vida de personas que ni tan siquiera conoces? Para mi has formado parte importante en mi historia de amor y me acompa\u00f1as en todo momento ( incluso en mi m\u00f3vil )( si no estuvieras casado te pedia matrimonio \ud83d\ude00 )Gracias por tus canciones y no cambies!! Roc\u00edo. Madrid<\/p>\n<p>R.- Intento no saberlo para que no me mediatice de ninguna manera. Gracias por la proposici\u00f3n si no estuviera casado igual te dir\u00eda que s\u00ed.<\/p>\n<p>P.- Hola Carlos; has colaborado ya en homenajes a Secretos, Tequila, 091 y recientemente con Rebeldes.. \u00bfA qu\u00e9 otros grupos te gustar\u00eda versionar y homenajear del pop-rock nacional?<\/p>\n<p>R.- Hola Carlos; has colaborado ya en homenajes a Secretos, Tequila, 091 y recientemente con Rebeldes.. \u00bfA qu\u00e9 otros grupos te gustar\u00eda versionar y homenajear del pop-rock nacional?<\/p>\n<p>P.- He leido que te interesa QuiQue Gonzalez, me pregunto si harias un dueto con el, desde mi opini\u00f3n la mezcla seria cojonuda<\/p>\n<p>R.- Desde la m\u00eda tambi\u00e9n.<\/p>\n<p>P.- Hola Carlos soy Joan de Barcelona. Que opini\u00f3n tienes de Quique Gonz\u00e1lez? Has oido sus discos? Colaborar\u00edas con \u00e9l?<\/p>\n<p>R.- s\u00ed\u00a1, me encantan sus discos. Creo que es uno de los mejores escritores que hay ahora mismo.<\/p>\n<p>P.- Para tu gusto: un libro, un disco y una pelicula.<\/p>\n<p>R.- La Tregua de Benedetti Como pel\u00edcula, cualquiera de Tarantino o Scorsese Disco, uffffffffffffffffffff-.<\/p>\n","protected":false},"excerpt":{"rendered":"<p>El m\u00fasico, que acaba de lanzar Grandes \u00e9xitos, ha charlado con sus seguidores de los40.com.<\/p>\n","protected":false},"author":1,"featured_media":0,"comment_status":"open","ping_status":"open","sticky":false,"template":"","format":"standard","meta":{"footnotes":""},"categories":[],"tags":[],"class_list":["post-261","post","type-post","status-publish","format-standard","hentry"],"_links":{"self":[{"href":"https:\/\/intervius.com\/index.html\/wp-json\/wp\/v2\/posts\/261","targetHints":{"allow":["GET"]}}],"collection":[{"href":"https:\/\/intervius.com\/index.html\/wp-json\/wp\/v2\/posts"}],"about":[{"href":"https:\/\/intervius.com\/index.html\/wp-json\/wp\/v2\/types\/post"}],"author":[{"embeddable":true,"href":"https:\/\/intervius.com\/index.html\/wp-json\/wp\/v2\/users\/1"}],"replies":[{"embeddable":true,"href":"https:\/\/intervius.com\/index.html\/wp-json\/wp\/v2\/comments?post=261"}],"version-history":[{"count":0,"href":"https:\/\/intervius.com\/index.html\/wp-json\/wp\/v2\/posts\/261\/revisions"}],"wp:attachment":[{"href":"https:\/\/intervius.com\/index.html\/wp-json\/wp\/v2\/media?parent=261"}],"wp:term":[{"taxonomy":"category","embeddable":true,"href":"https:\/\/intervius.com\/index.html\/wp-json\/wp\/v2\/categories?post=261"},{"taxonomy":"post_tag","embeddable":true,"href":"https:\/\/intervius.com\/index.html\/wp-json\/wp\/v2\/tags?post=261"}],"curies":[{"name":"wp","href":"https:\/\/api.w.org\/{rel}","templated":true}]}}