{"id":260,"date":"2003-10-06T00:00:00","date_gmt":"2006-11-06T00:00:00","guid":{"rendered":"https:\/\/intervius.com\/index.html\/?p=260"},"modified":"2006-11-06T00:00:00","modified_gmt":"2006-11-06T00:00:00","slug":"Francisco_Jose_Delgado_y_David_Alon260","status":"publish","type":"post","link":"https:\/\/intervius.com\/index.html\/Francisco_Jose_Delgado_y_David_Alon260\/","title":{"rendered":"Francisco Jos\u00e9 Delgado y David Alon"},"content":{"rendered":"<p>Pregunta.- HOla Pacoj\u00f3, David&#8230;Espero cual va a ser la contestaci\u00f3n, pero ser sinceros. \u00bfDe qui\u00e9n fue la idea de escribir el libro? o al menos \u00bfqui\u00e9n fue el primero en decirla? Un saludo y mucho \u00e9xito con el libro<\/p>\n<p>Respuesta.- No se cual esperabas que fuera la respuesta pero la verdad es que el padre de la criatura fue David. A \u00e9l se le ocurri\u00f3 la idea y a mi que soy el que respondo (Pacoj\u00f3) me encant\u00f3. No le hizo falta ni insistir una sola vez.<\/p>\n<p>P.- \u00bfQu\u00e9 es m\u00e1s dif\u00edcil, escribir un libro o aguantar al De la Morena?<\/p>\n<p>R.- Lo primero hola a todos, lo segundo perd\u00f3n por empezar m\u00e1s tarde pero es que David es un desastre que siempre llega tarde, y lo tercero la respuesta a la primera cuesti\u00f3n: es mucho m\u00e1s dificil escribir un libro y para periodistas que estamos mas acostumbrados a escribir que a hablar ni te imaginas. Adem\u00e1s con De la Morena la mayor\u00eda de los d\u00edas hay poquito que &#8220;aguantar&#8221; te lo garantizo.<\/p>\n<p>P.- Felicidades por el libro. Ya era hora de que se hiciera uno diferente a los ya hechos en los deportes de la SER (historias reales en lugar de vivencias). Una pregunta que tiene poco que ver con el libro. Para David. Se dice, se comenta (y se presume que es seguramente verdad) q no te hablas (fuera de lo profesional) con Joserra. \u00bfTu q dices? \u00bfLo confirmas?UN saludo para ambos<\/p>\n<p>R.- En este mundillo se oyen muchas estupideces pero esa es la mayor que he o\u00eddo \u00faltimamente. Mi relaci\u00f3n con Jos\u00e9 Ram\u00f3n es perfecta. De hecho, ha escrito el pr\u00f3logo del libro y est\u00e1 ayud\u00e1ndonos mucho a promocionarlo. El que haya dicho eso es un ignorante y, seguramente, no muy buena persona.<\/p>\n<p>P.- En primer lugar: \u00a1Enhorabuena por el libro! A m\u00ed me ha encantado. Supongo que como a mucha gente, una de las historias que mas me ha impactado y sobrecogido ha sido la de Eduardo Abeng\u00f3zar, por su fuerza de voluntad y sus ganas de luchar y conseguir un sue\u00f1o por encima de todo, me gustar\u00eda saber c\u00f3mo est\u00e1, si sab\u00e9is algo de \u00e9l. Muchas gracias y enhorabuena. Un beso:Maria<\/p>\n<p>R.- Hola, Mar\u00eda. Lamentablemente, ya es imposible hablar con \u00e9l. Le llamamos con cierta frecuencia para saber c\u00f3mo est\u00e1 y sabemos de \u00e9l a trav\u00e9s de su madre y su hermana. Apenas puede mantener una conversaci\u00f3n y f\u00edsicamente est\u00e1 bastante mal pero, por momentos, mantiene un buen \u00e1nimo, dentro de lo que cabe.<\/p>\n<p>P.- Buenas fen\u00f3menos. \u00bfQui\u00e9n es vuestro mejor (no pregunto por peor, eso seguro q no lo contestariais) amigo en la redacci\u00f3n de deportes? Un abrazo y suerte<\/p>\n<p>R.- Supongo que no se va a enfadar ninguno de los compa\u00f1eros si os digo que es Carlos Bustillo, creo que es el mejor amigo de todos.<\/p>\n<p>P.- \u00bfPORQU\u00c9 CUANDO TELEVISAN UN PARTDO Y A LA VEZ SE JUEGA OTRO SE DA MAS TIEMPO EN LA RADIO AL TELEVISADO, SI YA MUCHA GENTE LO ESTA VIENDO? DEBERIAS FICHAR A GOZALO!!!!!!!<\/p>\n<p>R.- Es m\u00e1s una pregunta para Paco Gonz\u00e1lez pero creo que cuando un partido se televisa es el m\u00e1s importante de la jornada, de ah\u00ed que se dedique la mayor atenci\u00f3n posible. Lo de Gozalo, creo que aunque es un buen profesional, su puesto est\u00e1 aqu\u00ed muy bien cubierto.<\/p>\n<p>P.- PacoJ\u00f3 de que equipo eres? \u00bfY tu David? \u00bfcomo veis al R.Zaragoza,se mantendra en primera? Sois los mejores,me he leido el libro y es genial:Mi enhorabuena Veniros a Zaragoza de marcha.Puxa Sporting y Aupa el Zaragoza. Un asturiano que vive en Arag\u00f3n.<\/p>\n<p>R.- Hola, soy Pacoj\u00f3 mi equipo es&#8230;..la selecci\u00f3n espa\u00f1ola de baloncesto. El Zaragoza se mantendr\u00e1 seguro y har\u00eda bien si confiara en Paco Flores con m\u00e1s fuerza. Y la marcha de Zaragoza te juro que me la conozco de memoria. (DAVID) Todos tenemos nuestro equipo, como es l\u00f3gico, pero salvo De la Morena, Manolete y Bustillo, es mejor mantener la intriga. Nuestro equipo, aunque suene a despejar la pregunta, es la SER. El Zaragoza se mantendr\u00e1 sin problemas, sobre todo si Paco Flores le da m\u00e1s &#8220;bola&#8221; a un gran jugador y buen amigo nuestro: Corona.<\/p>\n<p>P.- \u00bfQu\u00e9 opinais de la atenci\u00f3n prestada al baloncesto en los medios? Pacoj\u00f3, tienes relaci\u00f3n alguna con los especialistas de basket de otras cadenas como Luis Jimenez o Albert Arranz?<\/p>\n<p>R.- Yo creo que en general es menor de la que merece pero por ejemplo con la selecci\u00f3n, que engancha m\u00e1s que los clubes, se hace un esfuerzo mayor. En cuanto a la relaci\u00f3n con el resto de compa\u00f1eros es buena tanto con Luis, como con Albert, como con Pilar aunque te garantizo que el animador n\u00famero uno de las concentraciones de la selecci\u00f3n es Javier Sais\u00f3. L\u00e1stima de ba\u00f1o en los canales de Estocolmo.<\/p>\n<p>P.- \u00bfNo os parece excesivo el seguimiento que se le esta haciendo al futbol actualmente?<\/p>\n<p>R.- Es un tema muy recurrente en los \u00faltimos a\u00f1os. Quiz\u00e1s se habla demasiado de f\u00fatbol pero si vas a un bar o est\u00e1s en una tertulia con amigos, casi siempre se habla de f\u00fatbol. De todas formas, en la SER hay un amplio abanico de deportes que tratamos con asiduidad y creo que los programas son bastante variados.<\/p>\n<p>P.- A ver si hablais algo de BASKET, pues vuestro programa es de DEPORTES y todos somos hijos de Dios. El d\u00eda que reviente el F\u00fatbol os acordar\u00e9is del Mal que nos haceis. Hoy por hoy es el Deporte que ofrece mas espect\u00e1culo, a ver si me vais a decir que es el F\u00fatbol ! Este a\u00f1o tambien nos quedaremos sin Basket por Television, pero tambien sin Radio y sin Prensa. Saludos Juan Carlos.<\/p>\n<p>R.- Hola Juan Carlos, soy Pacoj\u00f3 y creo que ni David ni yo somos sospechosos porque a ambos nos encanta el baloncesto. Creo que el seguimiento de las \u00faltimas citas de la selecci\u00f3n ha sido bastante correcto, pero el de la ACB ser\u00eda mucho mejor si los clubes unificaran horarios y esas cosas. Por cierto, habr\u00e1 baloncesto por televisi\u00f3n, seguir\u00e1 habiendo en la radio y abre el As. Te encontrar\u00e1s tambi\u00e9n con mucho basket.<\/p>\n<p>P.- Siendo El Larguero un programa que se hace para toda Espa\u00f1a. \u00bfC\u00f3mo es posible esa cont\u00ednua alabanza hacia el At. de Madrid? Y lo que es peor: siendo Jes\u00fas Gil quien es, \u00bfC\u00f3mo se le da tanto bombo? Esa persona es la misma de los esc\u00e1ndalos tanto como empresario como pol\u00edtico. No se puede cortar con un cuchillo para quedarnos s\u00f3lo con el due\u00f1o del equipo. Adem\u00e1s \u00e9l procura en las entrevistas saltar al tema pol\u00edtico en cuanto puede. Como andaluz me cuesta trabajo entenderlo. Saludos.<\/p>\n<p>R.- No hay que olvidar que, por n\u00famero de aficionados, ingresos y pay per view, el Atl\u00e9tico de Madrid es el tercer club m\u00e1s importante de Espa\u00f1a. Por tanto, es l\u00f3gico que se hable mucho de \u00e9l. En cuanto a Gil, es el personaje que ha protagonizado la historia del club en los \u00faltimos 14 a\u00f1os. A unos les gusta y a otros no, pero es indudable que es noticia y Jos\u00e9 Ram\u00f3n tiene la capacidad suficiente para guiar y conducir las entrevistas con \u00e9l.<\/p>\n<p>P.- Creo que el Larguero se ha convertido en lo mismo que criticaba a Garcia, unos prepotentes que creen que tienen mas derecho que las dem\u00e1s cadenas de radio?que pensais?.otra cuestion es ? Realmente hay algun miembro del equipo del larguero que no sea del Madrid? sois totalmente partidistas y por otra parte aguantais a Alcal\u00e1?<\/p>\n<p>R.- Esta va con bala&#8230;creo que entre Garcia y nosotros hay un abismo sinceramente, de todas maneras, nos lo haremos mirar por si acaso. El derecho al protagonista de la jornada se lo trabajan d\u00eda a d\u00eda cada uno de los compa\u00f1eros as\u00ed que al que Dios se la de&#8230;.y con Alcal\u00e1 todos nos llevamos m\u00e1s o menos bien. Hay roces, pero eso es normal en todos los trabajos. La verdad es que sus gustos musicales son m\u00e1s que discutibles&#8230;<\/p>\n<p>P.- Hola, yo siempre me he preguntado que fuentes utilizan para escribir esos libros tan complejos. Si se puede desvelar, \u00bf de donde se saca tanta informaci\u00f3n? Gracias.<\/p>\n<p>R.- Lo de las fuentes suele ser confidencial pero estos personajes se encuentran buceando bajo la superficie de la actualidad. A veces surgen por un comentario de un amigo o un conocido, otras porque lees algo breve sobre alguien e intuyes que esconde una gran historia detr\u00e1s&#8230;.Al final acabas desarrollando un olfato especial para descubrir a protagonistas tan admirables.<\/p>\n<p>P.- Siendo la SER una radio independiente y progresista, no entiendo porqu\u00e9 le dais tanta cancha y publicidad a GIL. Es lo que todos sabemos (incluidos vosotros) y aun as\u00ed le segu\u00eds haciendo &#8220;famoso&#8221; y re\u00eds sus gracias macabras. Otros por menos motivos seguir\u00edan en la carcel. Por lo dem\u00e1s sois cojonudos.<\/p>\n<p>R.- Ya noto que hay unos cuantos anti-Gil por aqu\u00ed supongo que lo del antepen\u00faltimo puesto se lleva en el coraz\u00f3n. Pero lo de Gil ya lo hemos respondido m\u00e1s o menos antes. De todas formas, seguro que notais que es menos protagonista que en a\u00f1os pasados. Al fin y al cabo ya no es presidente del Atleti.<\/p>\n<p>P.- Hola, paco j\u00f3 y david&#8230;\u00bfCual ha sido vuestro h\u00e9roe dentro del periodismo???El espejo en donde os habeis mirado??? No vale decir Joserra( pelotas)&#8230;<\/p>\n<p>R.- La respuesta f\u00e1cil ser\u00eda decir Joserra y la verdad es que desde que empez\u00f3 a hacer El Larguero en el a\u00f1o 89 los dos somos oyentes suyos. Es una forma de hacer periodismo con la que nos sentimos muy identificados pero si hay un periodista deportivo que sea completo en este pa\u00eds y que sea bueno en todo es Manolo Lama. (Manolo, nos debes un jam\u00f3n). Sin olvidar a Paquito, que es otro crack. Hala ya hemos quedado como unos completos pelotas.<\/p>\n<p>P.- Quisiera saber a que es debido ese mote de pacoJO. Gracias<\/p>\n<p>R.- Francisco igual a Paco. Jos\u00e9 igual a Jo. As\u00ed de sencillo, el m\u00e9rito es de De La Morena que el primer d\u00eda ya me hab\u00eda rebautizado. Lo que sufri\u00f3 mi pobre madre&#8230;<\/p>\n<p>P.- Hola cracks, me he comprado vuestro libro. A\u00fan no me lo he leido entero pero esta bien hecho. \u00bfVais a venir a Zaragoza a presentarlo? \u00bfCu\u00e1ndo empezasteis a escribirlo? \u00bfDe quien fue la idea? \u00bfOs llevais la misma parte de ganancias?Contestadme por favor. un saludo<\/p>\n<p>R.- \u00bf Te gusta la portada ?&#8230;la verdad es que es una buena manera de encarar la lectura. A Zaragoza nos escaparemos a poco que nos dejen. Empezamos hace nueve meses, creo que es lo m\u00e1s parecido a dar a luz que vamos a hacer en esta vida y la idea fue de David. Por eso trinca m\u00e1s. La verdad es que Pacoj\u00f3 es un aprovechado. Se ha subido al carro y se lleva la mitad de las ganancias, que de momento, es nada (te lo juro).<\/p>\n<p>P.- \u00bfEra necesario este libro?<\/p>\n<p>R.- Pues la verdad es que no, pero algo hay que hacer durante el tiempo libre&#8230;.y escribir es sano y barato. Pero cuando Coto Matamoros public\u00f3 uno nos preguntamos: \u00bfpor qu\u00e9 no nosotros? Ya veo que te ha encantado, Garc\u00eda.<\/p>\n<p>P.- \u00bfMe gustar\u00eda saber por qu\u00e9 sois tan poco imparciales y tan del Real Madrid?. Creo que las emisoras locales est\u00e1n para adular a los equipos de su zona, pero las nacionales deber\u00edan mirar m\u00e1s por lo ecuanimidad.<\/p>\n<p>R.- Alucinar\u00edas si te cont\u00e1ramos la n\u00f3mina de equipos de la redacci\u00f3n de Madrid de la Ser. Los hay del Barca, del Atletico de Madrid, de la Real Sociedad, del Athletic de Bilbao&#8230;y por cierto, adem\u00e1s de ser la redacci\u00f3n central somos tambi\u00e9n de Madrid y es l\u00f3gico que algo quede.<\/p>\n<p>P.- Bueno lo primero un saludo a ambos. La pregunta es, y me gustar\u00eda q fuerais sinceros si trabajar en el larguero o en el carrusel es tan divertido como parece o no todo es tan buen rollo. Gracias<\/p>\n<p>R.- La verdad es que es insufrible pero tenemos que dar buena imagen porque est\u00e1n vigilando los jefes. Sinceramente, es incre\u00edble y el buen rollo que se transmite en antena es el que realmente tenemos en la redacci\u00f3n. Es muy divertido y lo pasamos genial.<\/p>\n<p>P.- Hola David, hola Pacoj\u00f3. \u00bfCu\u00e1l es vuestra meta, profesionalmente hablando, en estos momentos? \u00bfY cu\u00e1l era cuando erais peque\u00f1os? Un beso<\/p>\n<p>R.- David: Cuando era peque\u00f1o so\u00f1aba con ser futbolista, como tantos chicos, y luego periodista deportivo. Luego con cubrir un gran acontecimiento (Mundial, Juegos Ol\u00edmpicos,&#8230;), presentar alg\u00fan programa y escribir un libro. De momento todo va saliendo a la perfecci\u00f3n. Estamos teniendo mucha suerte y nos conformamos con que todo siga as\u00ed. Los pr\u00f3ximos objetivos son los Juegos de Atenas y la Eurocopa de Portugal, si nos clasificamos.<br \/>\nHola, soy Pacoj\u00f3, lo peor de ser dos es que no siempre compartimos la misma opini\u00f3n. Yo de peque\u00f1o quer\u00eda ser astronauta, para que enga\u00f1arnos, en cuanto a lo dem\u00e1s estoy completamente de acuerdo que dir\u00eda el Poli Rinc\u00f3n.<\/p>\n<p>P.- En primer lugar , sois unos fen\u00f3menos . \u00bfPor qu\u00e9 ninguno de los dos habeis vuelto a hacer el Larguero de fin de semana ? La verdad , es que teneis ambos menos presencia que antes . \u00bf A qu\u00e9 os dedicais mas que nada ?<\/p>\n<p>R.- A vivir que son dos dias&#8230;gran programa por cierto, yo creo que los oyentes necesitaban un descanso y decidieron d\u00e1rselo. Adem\u00e1s trabajar en la sombra tambi\u00e9n esta muy bien. De hecho hace menos calor.<\/p>\n<p>P.- \u00bf Hubo algun momento de mal rollo entre vosotros mientras escribiais el libro o cada cual tenia lo suyo y no habia contacto ?<\/p>\n<p>R.- Ha habido muchos momentos de mal rollo. De hecho, hab\u00edamos pensado publicar dos libros, cada uno con sus personajes. Bueno, quiz\u00e1s nos estamos pasando con la iron\u00eda. Ha ido todo perfecto porque nos repartimos los protagonistas al principio y cada uno ha tenido libertad absoluta para escribir. De hecho, ambos hemos le\u00eddo hace poco los cap\u00edtulos del otro.<\/p>\n<p>P.- \u00bf Os llevais bien con Alcal\u00e1 ? El os quito el puesto del Larguero los fines de semana<\/p>\n<p>R.- Pacoj\u00f3: que man\u00eda con los malos rollitos&#8230;insisto yo le discuto el gusto musical en lo dem\u00e1s el trato es superior a correcto te lo aseguro. David: No suelo salir con \u00e9l de copas ni es uno de mis \u00edntimos. Simplemente, un compa\u00f1ero m\u00e1s.<\/p>\n<p>P.- Pregunta para ambos . \u00bf con qui\u00e9n os llev\u00e1is mejor dentro de la redacci\u00f3n ? Venga decirme , ninguno de los dem\u00e1s se sentira ofendido&#8230;\u00bfqui\u00e9s es el que mas os hace reir y todos esos rollos ? Los oyentes queremos saber m\u00e1s sobre vosotros !!!<\/p>\n<p>R.- (David) Coincido con Pacoj\u00f3 en que el mejor t\u00edo de la redacci\u00f3n es Busti. Pero hay muy buena gente aparte de \u00e9l&#8230;.Divertidos somos casi todos. Lo cierto es que somos unos gansos y la redacci\u00f3n a veces parece un parvulario pero tal vez el m\u00e1s cachondo es Antonio Ruiz. Si tiene el d\u00eda inspirado al irte a casa te duele la mand\u00edbula de tanto reir.<\/p>\n<p>P.- HAY TAN BUEN ROLLO EN LA REDACCION COMO PARECE O SOLO ES ESO , PARECE ????<\/p>\n<p>R.- De veras hay buen rollo en general, todos tenemos nuestros d\u00edas buenos y malos pero la mayor\u00eda de las veces solemos reirnos. Y tambi\u00e9n trabajar, que como esto lo lea Ferreras (director de la Ser) a final de mes lo vamos a notar.<\/p>\n<p>P.- CUANTOS MESES , DISGUSTOS etc etc OS HA LLEVADO ESTE LIBRO ??? HAY ALGUNA COLABORACION DE ALGUN COMPA\u00d1ERO DE LA SER ??? OS GUSTA MAS CONTAR ESTAS HISTORIAS O HABLAR SOBRE EL DICHOSO FUTBOL???<\/p>\n<p>R.- Nos ha llevado aproximadamente 9 meses porque ya conoc\u00edamos a los personajes. Hemos tenido que profundizar mucho en ellos y te prometo que ha sido un honor y un placer. Ha sido una experiencia muy enriquecedora y nos ha permitido darnos cuenta de que hay un mundo fascinante m\u00e1s all\u00e1 del f\u00fatbol. Jos\u00e9 Ram\u00f3n ha escrito el pr\u00f3logo, el resto nos lo hemos guisado entre los dos.<\/p>\n<p>P.- \u00bfA qu\u00e9 personaje del mundo del deporte os gustaria entrevistar y por qu\u00e9?<\/p>\n<p>R.- (DAVID) He tenido dos grandes \u00eddolos en el mundo del deporte. Uno es Miguel Indur\u00e1in, y he tenido la suerte de poder entrevistarle varias veces (un 10 como deportista y un 11 como persona). El otro es Michael Jordan, porque para m\u00ed ha sido el mejor deportista de todos los tiempos. Es una utop\u00eda pero no lo descarto alg\u00fan d\u00eda. Pacoj\u00f3: A mi me gustar\u00eda preguntarle a Maradona por qu\u00e9 ?. Como se pasa de ser Dios a quemarse en el infierno de la coca. Aunque creo que ser\u00eda dif\u00edcil de responder.<\/p>\n<p>P.- Hola David y Paco Jo, tengo 26 a\u00f1os y soy de Melilla y quiero preguntarles si con las historias que tienen su libro, har\u00edan alguna de sus aventuras para saber realmente que es real lo que cuentan? GRACIAS<\/p>\n<p>R.- Nos consideramos incapaces de realizar esas aventuras e incluso de intentarlo. Nos conformamos con escribir sobre ellas. En cuanto a su veracidad, no hay ninguna duda. Son historias contrastadas al 100%<\/p>\n<p>P.- Me gustaria saber si conoceis alguna aventura mas de Juan Antonio Alegre, tiene algun libro publicado o haceis mencion de el en vuestro libro. Un fuerte abrazo para los dos y al programa deportivo de la cadena ser. Felicidade por el libro, sin duda lo comprar\u00e9.<\/p>\n<p>R.- Me gustaria saber si conoceis alguna aventura mas de Juan Antonio Alegre, tiene algun libro publicado o haceis mencion de el en vuestro libro. Un fuerte abrazo para los dos y al programa deportivo de la cadena ser. Felicidade por el libro, sin duda lo comprar\u00e9.<\/p>\n<p>P.- \u00bfQu\u00e9 os anim\u00f3 a escribir este libro? \u00bfCu\u00e1nto tard\u00e1steis en escribirlo? Y una \u00faltima pregunta que no tiene mucho que ver con el libro&#8230;. \u00bfqu\u00e9 os parece el papel de la mujer en el mundo del periodismo deportivo? \u00bfNo cre\u00e9is que se nos discrimina un poco? Muchas gracias y enhorabuena por el libro!<\/p>\n<p>R.- Dar la bola que se merecen a deportistas que habitualmente m\u00e1s que ver la luz se encuentran muy en la sombra. Tardamos cerca de nueve meses y encima nos apretaron en la fecha de entrega. La \u00faltima semana dormimos m\u00e1s bien poquito. Y en cuanto a lo de la mujer, cada vez m\u00e1s se encuentra representada en los medios. M\u00e1s en la tele que en otros medios pero creo que su presencia esta en alza. En la SER tenemos muy buenos ejemplos como Mar\u00eda Bretones o Ana Guantes, compa\u00f1era de Vigo que es sencillamente genial.<\/p>\n<p>P.- \u00bf Que os ha sido mas dificil a la hora de escribir el libro ? \u00bf Ha sido grata la experiencia ?<\/p>\n<p>R.- Pacoj\u00f3: Hab\u00eda d\u00edas en que era una desesperaci\u00f3n porque pasabas horas y horas en blanco delante del ordenador. Pero te juro que compensa, ha sido de lo mejor que me ha pasado profesionalmente en los \u00faltimos a\u00f1os. David: Lo m\u00e1s dif\u00edcil ha sido encontrar cada d\u00eda la dichosa inspiraci\u00f3n, que a veces se esconde mejor que Bin Laden. Pero ha sido incre\u00edble. Lo que ocurre es que cada vez que le\u00edamos lo escrito, lo cambi\u00e1bamos otra vez, as\u00ed que hubo que poner punto final en alg\u00fan momento.<\/p>\n<p>P.- Para David: \u00bfEs verdad que os peg\u00e1is por ir a la Vuelta Ciclista a Espa\u00f1a? \u00bfEs cierto que ligais mucho con las azafatas?<\/p>\n<p>R.- Tanto como pegarnos no pero cada a\u00f1o hay unas oposiciones muy duras que hay que pasar. Es un acontecimiento muy apetecible. Lo de las azafatas es leyenda&#8230;.ya me gustar\u00eda que fuera verdad, aunque con lo simp\u00e1ticos y majos que somos no s\u00e9 como no se nos rifan.<\/p>\n<p>P.- \u00bfC\u00f3mo llev\u00e1is las broncas del De la Morena?<\/p>\n<p>R.- Como todos los empleados con sus jefes. Cuando hay tormenta hay que sacar el paraguas, pero, por suerte, enseguida vuelve a salir el sol.<\/p>\n<p>P.- PREGUNTA PARA DAVID QUE ENTREVISTA A GENTE RARA, \u00bfENTREVISTAR\u00cdAS A CARMEN DE MAIRENA LA MUJER HOMBRE DE CRONICAS MARCIANAS???? UN SALUDO.<\/p>\n<p>R.- Lo siento, pero no tengo ni idea de qui\u00e9n es. Ya sabes que a la hora de Cr\u00f3nicas nosotros estamos en pleno programa pero si tiene buena historia av\u00edsame y le damos un toque.<\/p>\n<p>P.- Hola Pacojo,ya s\u00e9 que en ciertas ocasiones diriges el Larguero,pero no con tanta asiduidad como a\u00f1os anteriores. \u00bfHay alguna posibilidad de que en este verano te puedas hacer cargo del programa?.Como nost\u00e1lgico de la vida me gustar\u00eda seguir escuchando aquellas voces con las que tan buenos momentos he pasado. Solo felicitarte y darte animos para que sigas asi. Un granadino<\/p>\n<p>R.- Gracias, ya te mandar\u00e9 alguna cinta con programas anteriores. Si eres granadino lo mismo eres familia. Mira que advert\u00ed que no mandarais preguntas de peloteo&#8230;.que eso siempre queda mal..<\/p>\n<p>P.- Hola buenas tardes,amigos,\u00bfos han puesto muchas trabas al escribir este libro?Me encanta el contenido del libro, me gusta que la cadena SER se interese por las aventuras de unos pocos, y no s\u00f3lo f\u00fatbol,muhas gracias y un saludo.<\/p>\n<p>R.- Trabas ?&#8230;ninguna, si nos est\u00e1n dando una bola que somos la envidia de cualquier escritor. Por cierto, nos encanta que te encante.<\/p>\n","protected":false},"excerpt":{"rendered":"<p>Francisco Jos\u00e9 Delgado &#8220;Pacoj\u00f3&#8221; y David Alonso son los redactores de deportes de la SER y autores del libro &#8220;Rompiendo l\u00edmites, la gran aventura de El Larguero&#8221;.<\/p>\n","protected":false},"author":1,"featured_media":0,"comment_status":"open","ping_status":"open","sticky":false,"template":"","format":"standard","meta":{"footnotes":""},"categories":[],"tags":[],"class_list":["post-260","post","type-post","status-publish","format-standard","hentry"],"_links":{"self":[{"href":"https:\/\/intervius.com\/index.html\/wp-json\/wp\/v2\/posts\/260","targetHints":{"allow":["GET"]}}],"collection":[{"href":"https:\/\/intervius.com\/index.html\/wp-json\/wp\/v2\/posts"}],"about":[{"href":"https:\/\/intervius.com\/index.html\/wp-json\/wp\/v2\/types\/post"}],"author":[{"embeddable":true,"href":"https:\/\/intervius.com\/index.html\/wp-json\/wp\/v2\/users\/1"}],"replies":[{"embeddable":true,"href":"https:\/\/intervius.com\/index.html\/wp-json\/wp\/v2\/comments?post=260"}],"version-history":[{"count":0,"href":"https:\/\/intervius.com\/index.html\/wp-json\/wp\/v2\/posts\/260\/revisions"}],"wp:attachment":[{"href":"https:\/\/intervius.com\/index.html\/wp-json\/wp\/v2\/media?parent=260"}],"wp:term":[{"taxonomy":"category","embeddable":true,"href":"https:\/\/intervius.com\/index.html\/wp-json\/wp\/v2\/categories?post=260"},{"taxonomy":"post_tag","embeddable":true,"href":"https:\/\/intervius.com\/index.html\/wp-json\/wp\/v2\/tags?post=260"}],"curies":[{"name":"wp","href":"https:\/\/api.w.org\/{rel}","templated":true}]}}