{"id":2259,"date":"2008-09-15T00:00:00","date_gmt":"2006-11-06T00:00:00","guid":{"rendered":"https:\/\/intervius.com\/index.html\/?p=2259"},"modified":"2006-11-06T00:00:00","modified_gmt":"2006-11-06T00:00:00","slug":"Manolo_Lama2259","status":"publish","type":"post","link":"https:\/\/intervius.com\/index.html\/Manolo_Lama2259\/","title":{"rendered":"Manolo Lama"},"content":{"rendered":"<p>Pregunta.- Hola Manolo,sinceramente \u00bfDe que equipo eres del Madrid o del Atletico? Un saludo<\/p>\n<p>Respuesta.- Del Egabrense, provincia de C\u00f3rdoba<\/p>\n<p>P.- Buenas tardes Manolo, \u00bfguardas algun tipo de rencor a Clemente por lo que ha dicho?<\/p>\n<p>R.- No, s\u00f3lo lo siento por \u00e9l! SEguramente no lo est\u00e9 pasando bien<\/p>\n<p>P.- Buenas tardes. \u00bfNo le parece que le han dado ustedes demasiado bombo a las declaraciones de Clemente, perdiendo una oportunidad de ser m\u00e1s elegantes? Gracias. Un saludo<\/p>\n<p>R.- Yo solamente le he respondido con iron\u00eda. No le doy valor a sus declaraciones.<\/p>\n<p>P.- Manolo, que te parece que no se le de nada de bola a los paralimpicos?? No crees que si la gente no lo sigue es porque los medios no lo sacan? Muchas gracias<\/p>\n<p>R.- La SER ha mandado a un enviado especial, todos los d\u00edas tenemos un bloque de diez minutos y habr\u00eda que pregunt\u00e1rselo a los medios que no le regalan ni un segundo!<\/p>\n<p>P.- <\/p>\n<p>R.- <\/p>\n<p>P.- <\/p>\n<p>R.- <\/p>\n<p>P.- <\/p>\n<p>R.- <\/p>\n","protected":false},"excerpt":{"rendered":"<p>El periodista deportivo ha charlado con los lectores sobre las declaraciones de Clemente en las que afirm\u00f3 que le hubiese venido bien &#8220;que Manolo Lama se hubiese muerto en 1985&#8221;.<br \/>\nManolo Lama, en lalistaWIP.com<\/p>\n","protected":false},"author":1,"featured_media":0,"comment_status":"open","ping_status":"open","sticky":false,"template":"","format":"standard","meta":{"footnotes":""},"categories":[],"tags":[],"class_list":["post-2259","post","type-post","status-publish","format-standard","hentry"],"_links":{"self":[{"href":"https:\/\/intervius.com\/index.html\/wp-json\/wp\/v2\/posts\/2259","targetHints":{"allow":["GET"]}}],"collection":[{"href":"https:\/\/intervius.com\/index.html\/wp-json\/wp\/v2\/posts"}],"about":[{"href":"https:\/\/intervius.com\/index.html\/wp-json\/wp\/v2\/types\/post"}],"author":[{"embeddable":true,"href":"https:\/\/intervius.com\/index.html\/wp-json\/wp\/v2\/users\/1"}],"replies":[{"embeddable":true,"href":"https:\/\/intervius.com\/index.html\/wp-json\/wp\/v2\/comments?post=2259"}],"version-history":[{"count":0,"href":"https:\/\/intervius.com\/index.html\/wp-json\/wp\/v2\/posts\/2259\/revisions"}],"wp:attachment":[{"href":"https:\/\/intervius.com\/index.html\/wp-json\/wp\/v2\/media?parent=2259"}],"wp:term":[{"taxonomy":"category","embeddable":true,"href":"https:\/\/intervius.com\/index.html\/wp-json\/wp\/v2\/categories?post=2259"},{"taxonomy":"post_tag","embeddable":true,"href":"https:\/\/intervius.com\/index.html\/wp-json\/wp\/v2\/tags?post=2259"}],"curies":[{"name":"wp","href":"https:\/\/api.w.org\/{rel}","templated":true}]}}