{"id":2252,"date":"2008-09-12T00:00:00","date_gmt":"2006-11-06T00:00:00","guid":{"rendered":"https:\/\/intervius.com\/index.html\/?p=2252"},"modified":"2006-11-06T00:00:00","modified_gmt":"2006-11-06T00:00:00","slug":"Leonor_Perez_Pita2252","status":"publish","type":"post","link":"https:\/\/intervius.com\/index.html\/Leonor_Perez_Pita2252\/","title":{"rendered":"Leonor P\u00e9rez Pita"},"content":{"rendered":"<p>Pregunta.- Quer\u00eda saber por qu\u00e9 se elige a las modelos con la talla 38, cuando la talla media espa\u00f1ola suele ser a partir de la 42. Gracias.<\/p>\n<p>Respuesta.- Desgraciadamente no est\u00e1n unificadas las tallas. Depende del fabricante una modelo puede ser una 38 o una 42. Por lo tanto, en CIBELES nunca hablamos de tallas.<\/p>\n<p>P.- Llevo desde siempre queriendo presenciar algun desfile en Cibeles, mis dise\u00f1adores favoritos son V&#038;L (q por cierto me hicieron el traje de novia), pero nunca se me habia ocurrido ir por motivos de trabajo.Este ese impedimento estaba salvado, pero&#8230;&#8230;..\u00bfno hay ninguna posibilidad de ir a estos eventos???A parte de periodistas, famosos,etc, q acuden a los desfiles, \u00bfno hay &#8220;entradas&#8221; para el pueblo llano??al final somos los q compramos los dise\u00f1os<\/p>\n<p>R.- El grueso de las invitaciones las reparten los dise\u00f1adores participantes. Estoy segura, conociendo a Jos\u00e9 Victor y a Jos\u00e9 Luis que, habi\u00e9ndote hecho tu traje de novia, estar\u00e1n encantados en mandarte invitaciones a su desfile<\/p>\n<p>P.- Si no es indiscrecci\u00f3n, \u00bfSu nombre es Cuca Solana o Leonor? A mi Leonor me parece un nombre precioso.<\/p>\n<p>R.- Mi nombre &#8220;de pila&#8221; es Leonor. El &#8220;mote&#8221; es Cuca. Cualquiera de los dos me gusta.<\/p>\n<p>P.- Estimada Leonor: Yo quisiera preguntarte c\u00f3mo le puedo hacer para mostrarte el trabajo de una dise\u00f1adora mexicana que est\u00e1 teniendo mucho \u00e9xito en M\u00e9xico. Ella incorpora nuevos materiales y dise\u00f1os en su trabajo textil que es tradicional de su pueblo de origen: Juchit\u00e1n, Oaxaca, Se llama Natalia Toledo y es hija del pintor mexicano Francisco Toledo. Me gustar\u00eda tener alg\u00fan medio para contactarte, alg\u00fan correo electr\u00f3nico. Recibe un cordial saludo desde M\u00e9xico. <\/p>\n<p>R.- Me encantar\u00e1, si vienes por Madrid, poder charlar largo y tendido contigo. Hasta la fecha, s\u00f3lo participan en nuestra pasarela dise\u00f1adores espa\u00f1oles, pero puede que en un futuro no muy lejano nos planteemos otras incorporaciones.<\/p>\n<p>P.- Hola Leonor, soy fotografo y en algunas ocasiones he podido trabajar como ayudante en cibeles cuando aun estaba en el Juan Carlos I. La verdad ha sido de las mejores cosas que me han pasado en mi vida profesional. Despu\u00e9s de ver a los grandes dise\u00f1adores, tengo una duda. \u00bfQue los hace tan grandes? o \u00bfQue los diferencia del resto?<\/p>\n<p>R.- Permiteme que te aclare que seguimos en IFEMA. Tu pregunta es para nota!!! Y te respondo &#8220;a la gallega&#8221; (lo soy) \u00bfQu\u00e9 hace tan grande a un arquitecto de renombre internacional? \u00bfQu\u00e9 hace tan grande a un pintor como Rafael Canogar?<\/p>\n<p>P.- Leonor: \u00bf como sobrevive una actividad de este tipo a 48 ediciones ?, \u00bf qu\u00e9 conviene mejorar de la Pasarela Cibles ?. Este a\u00f1o Cibles y Ego juntos: \u00bf superar\u00e1n los noveles a los consagrados ? Mi respeto y mi afecto, es Vd. una magn\u00edfica profesional. <\/p>\n<p>R.- &#8211;Con entusiasmo y creyendo en el proyecto &#8211;En esta edici\u00f3n se da un paso muy importante. Estoy segura que ayudar\u00e1 a esa mejora que comentas. &#8211;\u00bfPor qu\u00e9 hacer &#8220;cajoncitos&#8221; con las profesiones. Habr\u00e1 noveles buenos y consagrados buenos; y noveles excelentes y consagrados igualmente excelentes.<\/p>\n<p>P.- Buenas tardes. Queria por favor que me confirmase con datos, si es posible, \u00bfCu\u00e1ntos de los dise\u00f1adores que desfilan en Cibeles producen esas colecciones para despu\u00e9s poder encontrar ese producto en las tiendas. Tengo la impresi\u00f3n que esta pasarela es simplemente un show que se monta para las se\u00f1oras que salen en las revistas y amparada por la Sra. Esperanza Aguirre. Con todos los respetos y bajo mi punto de vista. \u00bfPor qu\u00e9 cree usted qu\u00e9 esta pasarela es tan poco profesional?<\/p>\n<p>R.- Siento no coincidir EN NADA con usted. Por supuesto que se trata de una pasarela PROFESIONAL donde 52 dise\u00f1adores presentan las colecciones en las que llevan trabajando durante meses. Y, cr\u00e9ame Vd. Venden!<\/p>\n<p>P.- \u00bfHay alguna sorpresa reservada para este a\u00f1o? Un abrazo, Cuca.<\/p>\n<p>R.- &#8211;Cuatro. Pero si las adelanto, no ser\u00edan sorpresa.<\/p>\n<p>P.- Gracias por su compromiso en la Pasarela Cibeles para luchar contra la extrema delgadez. \u00a1 Ojal\u00e1 todos los pa\u00edses de referencia en la moda imitaran ese modo de actuar ! Especialmente Francia en la que algunos (K.L. el primero) se permiten decir que ellos no pueden presentar ropa para gente que no est\u00e9 delgada. Todas las mujeres no usamos la talla 34 \u00f3 36. \u00bf Este a\u00f1o tambi\u00e9n se controlar\u00e1 el peso de las modelos ?<\/p>\n<p>R.- Por supuesto. La Pasarela tiene que transmitir imagen de salud y de belleza.<\/p>\n<p>P.- \u00bfQu\u00e9 te parece El Delgado Buil? Yo las amo. Me parecen que trabajan muy bien. Gracias.<\/p>\n<p>R.- DE ACUERDO!!!!!!!<\/p>\n<p>P.- \u00bfPor que Cibeles sigue sin ser una feria para compradores internacionales? Parece que el exito de Cibeles se mide por las fotos de famosos asistentes no de ventas.<\/p>\n<p>R.- \u00b4Mar\u00eda, siento no estar de acuerdo contigo. A la pasarela vienen compradores y representantes de medios de comunicaci\u00f3n de muchos paises.<\/p>\n<p>P.- Pq Cibeles se tiene que celebrar en una recinto ferial? no ser\u00eda mejor que cada dise\u00f1ador pudiera decidir donde presentar su colecci\u00f3n? desde luego tendria mucho mas glamour y dar\u00eda una mejor imagen internacional de la creatividad y puesta en escena de los dise\u00f1adores espa\u00f1oles<\/p>\n<p>R.- IFEMA no podr\u00eda costear 52 desfiles en 52 sitios diferentes.<\/p>\n<p>P.- Buenas tardes Leonor, \u00bfcu\u00e1l crees que es el problema para que Espa\u00f1a no juegue en la &#8220;1\u00aa Divisi\u00f3n&#8221; de la moda?<\/p>\n<p>R.- En la primera divisi\u00f3n del Futbol hab\u00eda (cuando yo era m\u00e1s joven) una veintena de equipos. Si CIBELES ocupa el 4\u00ba lugar, podemos decir que s\u00ed est\u00e1 en 1\u00aa divisi\u00f3n<\/p>\n<p>P.- Buenos d\u00edas, \u00bfse va a producir un incremento de las medidas preventivas en cuanto a la talla y el peso de las modelos?<\/p>\n<p>R.- Sara, Eso de &#8220;incremento en las medidas preventivas&#8221; suena un poco fuerte, no crees? Las tallas no est\u00e1n unificadas. Por lo tanto no podemos utilizarlo como medida. Con el peso y la altura se calcula el Indice de Masa Corporal y, en el caso de CIBELES no puede ser inferior a 18, siguiendo las recomendaciones de la O.M.S.<\/p>\n<p>P.- \u00bfQu\u00e9 te parece la propuesta &#8220;Ahora Madrid es Moda&#8221; del alcalde Alberto Ruiz-Gallard\u00f3n? <\/p>\n<p>R.- &#8211;EXCELENTE!!!<\/p>\n<p>P.- \u00bfQu\u00e9 se espera de un dise\u00f1ador joven?<\/p>\n<p>R.- En primer lugar, que siga con el entusiasmo con que ha empezado. Y, finalmente, que tenga \u00e9xito en su profesi\u00f3n.<\/p>\n<p>P.- Mas conocimiento de la Moda, es lo que hace falta, para jugar en Primera hay que ser los mejores, trabajar mucho , tener talento (no subvencioando), creer en la calidad y no en la amistad, por parte de los &#8220;dise\u00f1adores&#8221; consagrados , pero poco apetecibles y ya acaudalados, dejar paso a otros &#8230;.<\/p>\n<p>R.- Muchos son los mejores, trabajan mucho, tienen talento, creen en la calidad y dejan paso a otros. Te veo muy duro!!!<\/p>\n<p>P.- \u00bfQu\u00e9 podemos esperar de El Ego de este a\u00f1o?<\/p>\n<p>R.- Que los 16 que presentan colecci\u00f3n este a\u00f1o en IFEMA sean tan impactantes como los de a\u00f1os anteriores. Y que en el showroom que hemos instalado tambien en IFEMA vendan mucho!<\/p>\n<p>P.- \u00bfPor qu\u00e9 la lucha contra la anorexia y la bulimia se identifica siempre con la moda cuando es un problema que afecta a muchas chicas? La influencia negativa viene de los medios de comunicaci\u00f3n adem\u00e1s, no s\u00f3lo de la moda. <\/p>\n<p>R.- Totalmente de acuerdo. Es una injusticia asociar moda con anorexia.<\/p>\n<p>P.- \u00bfTiene informaci\u00f3n sobre qu\u00e9 ofrecera nuevo David Delf\u00edn esta edici\u00f3n?<\/p>\n<p>R.- Me encantar\u00eda saberlo. Pero los dise\u00f1adores no &#8220;desvelan&#8221; su colecci\u00f3n hasta que la traen al vestuario. Y, en el caso de David, estoy segura que ser\u00e1, como siempre, impresionante.<\/p>\n","protected":false},"excerpt":{"rendered":"<p>Del 15 al 19 de septiembre se celebrar\u00e1 la 48\u00aa edici\u00f3n de la Pasarela Cibeles. Adem\u00e1s, este a\u00f1o la Pasarela adquiere una nueva identidad y pasa a denominarse Cibeles Madrid Fashion Week. Gracias a este nuevo modelo tendr\u00e1n cabida las propuestas tanto de los dise\u00f1adores j\u00f3venes como de los dise\u00f1adores consagrados. Su directora, Leonor P\u00e9rez-Pita , ha charlado con los lectores sobre las novedades de esta edici\u00f3n.<\/p>\n","protected":false},"author":1,"featured_media":0,"comment_status":"open","ping_status":"open","sticky":false,"template":"","format":"standard","meta":{"footnotes":""},"categories":[],"tags":[],"class_list":["post-2252","post","type-post","status-publish","format-standard","hentry"],"_links":{"self":[{"href":"https:\/\/intervius.com\/index.html\/wp-json\/wp\/v2\/posts\/2252","targetHints":{"allow":["GET"]}}],"collection":[{"href":"https:\/\/intervius.com\/index.html\/wp-json\/wp\/v2\/posts"}],"about":[{"href":"https:\/\/intervius.com\/index.html\/wp-json\/wp\/v2\/types\/post"}],"author":[{"embeddable":true,"href":"https:\/\/intervius.com\/index.html\/wp-json\/wp\/v2\/users\/1"}],"replies":[{"embeddable":true,"href":"https:\/\/intervius.com\/index.html\/wp-json\/wp\/v2\/comments?post=2252"}],"version-history":[{"count":0,"href":"https:\/\/intervius.com\/index.html\/wp-json\/wp\/v2\/posts\/2252\/revisions"}],"wp:attachment":[{"href":"https:\/\/intervius.com\/index.html\/wp-json\/wp\/v2\/media?parent=2252"}],"wp:term":[{"taxonomy":"category","embeddable":true,"href":"https:\/\/intervius.com\/index.html\/wp-json\/wp\/v2\/categories?post=2252"},{"taxonomy":"post_tag","embeddable":true,"href":"https:\/\/intervius.com\/index.html\/wp-json\/wp\/v2\/tags?post=2252"}],"curies":[{"name":"wp","href":"https:\/\/api.w.org\/{rel}","templated":true}]}}