{"id":2211,"date":"2008-08-28T00:00:00","date_gmt":"2006-11-06T00:00:00","guid":{"rendered":"https:\/\/intervius.com\/index.html\/?p=2211"},"modified":"2006-11-06T00:00:00","modified_gmt":"2006-11-06T00:00:00","slug":"Raul_Arevalo2211","status":"publish","type":"post","link":"https:\/\/intervius.com\/index.html\/Raul_Arevalo2211\/","title":{"rendered":"Ra\u00fal Ar\u00e9valo"},"content":{"rendered":"<p>Pregunta.- \u00bfNo te da pena participar de la amputaci\u00f3n de un libro como los girasoles ciegos relegando su contenido a uno s\u00f3lo de sus 4 impresionantes cuentos?<\/p>\n<p>Respuesta.- Muy buenas. Adaptar un libro de tanto n\u00edvel es dificil\u00edsimo, y siempre hay que elegir cosas. Y muchas otras se quedan fuera. Es una adaptaci\u00f3n muy libre de una de las historias, la que m\u00e1s le interes\u00f3 a Cuerda. Creo que no se puede comparar el libro con la pel\u00edcula menos en los personajes y en lo que cuenta por supuesto. Pero la esencia creo que est\u00e1. Aunque el estilo, evidentemente, es diferente. <\/p>\n<p>P.- Hola Ra\u00fal!! soy Sonia, de MMP, hace mucho que no nos vemos y no he tenido oportunidad de decirte, lo mucho que me alegro de tu \u00e9xito, que he visto tus pelis y me encanta tu trabajo, tienes madera y adem\u00e1s como te conozco s\u00e9 que eres un encanto de persona, as\u00ed que por f\u00edn puedo darte la enhorabuena y a ver si nos vemos pronto por el pueblo. Un besazo grande grande.<\/p>\n<p>R.- Muy buenas Sonia. Muchas gracias por todo. Viva Mart\u00edn Mu\u00f1oz!!!<\/p>\n<p>P.- Hola Ra\u00fal, tu trayectoria est\u00e1 siendo envidiable. &#8220;Los girasoles ciegos&#8221; se enmarca en la postguerra espa\u00f1ola \u00bfno crees que la cinta pueda tener menos inter\u00e9s en el p\u00fablico por la enorme cantidad de films, series televisivas.. que tratan sobre este terrible periodo hist\u00f3rico? Mucha suerte!!<\/p>\n<p>R.- Es algo que se dice mucho. &#8220;Otra peli de guerra o postguerra&#8221;. Esta en concreto es ta ambientada en el a\u00f1o 40 y habla sobre la represion de aquella epoca. Creo que la memoria es importante y no hay que olvidar para no repetir errores. Siempre el ser humano tropieza en la misma piedra y eso es as\u00ed. Por mucho que se diga no creo que la mayor\u00cda de la gente joven (y me incluyo) tenga mucho conocimiento de los horrores que se vivieron. <\/p>\n<p>P.- Hola Ra\u00fal, me encant\u00f3 AzulOscuroCasiNegro.. gracias por formar parte de ese proyecto. Normalmente has trabajado con directores j\u00f3venes o con una trayectoria no muy larga detras de las c\u00e1maras, en esta ocasi\u00f3n te est\u00e1 dirigiendo toda una leyenda como Cuerda \u00bfqu\u00e9 diferencias ves entre la manera de rodar de los primeros y la de un veterano como Jos\u00e9 Luis Cuerda? Mucha suerte con la peli!!<\/p>\n<p>R.- Con todos se aprende y a cada uno es diferente. Yo como actor no he notado tanto la edad del director. Lo que si es cierto es que Cuerda en concreto por su experiencia tiene las cosas muy claras. <\/p>\n<p>P.- Hola, Ra\u00fal. Ante todo, enhorabuena por tu trabajo. Me pareces el actor m\u00e1s prometedor de las nuevas generaciones. Te hemos visto sobre todo en dramas (por ejemplo, en la gran &#8220;AzulOscuroCasiNegro&#8221;) y comedias (como en la descacharrante &#8220;8 citas&#8221;). \u00bfHay otro g\u00e9nero que te atraiga y que a\u00fan no te hayan ofrecido? \u00bfQuiz\u00e1 la ciencia-ficci\u00f3n, g\u00e9nero actualizado con grandes filmes como &#8220;3 d\u00edas&#8221; o &#8220;Los cronocr\u00edmenes&#8221;? Un abrazo y que sigas teniendo suerte en tu prometedora carrera.<\/p>\n<p>R.- Me encantar\u00eda trabajar en una pel\u00ed de ciencia ficci\u00f3n claro que s\u00ed. Ojal\u00e1 se hicieran m\u00e1s en Espa\u00f1a. Ser\u00eda divertid\u00edsimo. Un abrazo. <\/p>\n<p>P.- \u00bfPor qu\u00e9 nos recomendar\u00edas ir a ver tu pel\u00edcula?. Gracias. Un saludo.<\/p>\n<p>R.- Jajajaja. Seria muy fuerte decir que para verme a m\u00ed, no?. No, en serio. Esta pel\u00edcula en concreto cuenta con muchos atractivos. Una historia fant\u00c1stica, el \u00faltimo gui\u00f3n de Rafael Azcona, una Maribel Verd\u00fa que se sale, Javier Camara, Jose Angel Egido y una gran factura. Ole ah\u00ed!<\/p>\n<p>P.- He leido que &#8220;cuando seas mayor&#8221; te gustar\u00eda escribir tus propios guiones. \u00bfTienes alg\u00fan proyecto en mente?.<\/p>\n<p>R.- Siempre. Me encanta so\u00f1ar con dirigir algun d\u00eda. Y siempre tengo mis historias entre manos. Alguna con amigos, como Juan Jose, jejejje. <\/p>\n<p>P.- \u00bfc\u00faando estabas en la serie Compa\u00f1eros pensabas que llegarias donde est\u00e1s ahora?<\/p>\n<p>R.- No s\u00e9 d\u00f3nde estoy la verdad. Pero ni de co\u00f1a me hubiera imaginado trabajar tan pronto con directores y compa\u00f1eros como los que me he encontrado. <\/p>\n<p>P.- \u00bfqu\u00e9 papel del cine cl\u00e1sico te hubiera gustado interpretar? besos sean penn!<\/p>\n<p>R.- Si &#8220;El Padrino&#8221; lo consideras cine cl\u00e1sico, me encantar\u00eda hacer uno como el de Michael Corleonne o sino el personaje de Jack Lemmon en el apartamento. Aunque son personajes, ya hechos por algunos de los mejores actores del mundo claro y por eso me gustan. Bueno&#8230; Un abrazo. <\/p>\n<p>P.- Hola Ra\u00fal! Soy Luc\u00eda, la chica que lleva tu fotolog (;P). \u00bfC\u00f3mo es interpretar el lado oscuro de la iglesia (sobre todo en la iglesia de la posguerra)? Por cierto, te veremos por el Festival de Donosti o andar\u00e1s liadillo con Urtain? En el caso de que vayas, nos vamos de pintxos? ;^P Un beso y nunca dejes de sorprendernos!<\/p>\n<p>R.- Hola Lucia!!!! Muy buenas guapa. Lo primero gracias por todo. Al festival de San Sebasti\u00e1n no ir\u00e9 porque estar\u00e9 lilado con los ensayos, s\u00ed. He estado muy apoyado por cuerda en este personaje. El fue seminarista cinco a\u00f1os y el ha sido mi biblioteca particular. Un besazo. <\/p>\n<p>P.- El otro d\u00eda comentaste que en el libro los personajes eran un poco maniqueos, los malos muy malos y los buenos muy buenos y, que te gustaba mucho que el director hubiera humanizado m\u00e1s a esos personajes. \u00bfNo piensas de verdad que hay situaciones reales en que los malos son muy malos y los buenos son muy buenos?<\/p>\n<p>R.- No me gusta pensar que hay gente mala. Auque a veces cueste&#8230;. Creo que todo tiene que ver con las circunstancias. Y en el caso de la pelicula, mi personaje en concreto es un joven que ha recibido una educaci\u00f3n con unos valores determinados en los que ser buena persona es ser buen cristiano y buen espa\u00f1ol. Y desde ah\u00ed actua. No ha conocido otra cosa. No tiene otra elecci\u00f3n. Todo lo que se salga de ser buen cristiano y buen espa\u00f1ol es malo.<\/p>\n<p>P.- \u00bfC\u00f3mo es trabajar con Pepe Bejines, el director de por qu\u00e9 se frotan las patitas?<\/p>\n<p>R.- Es un t\u00edo genial. Y muy, muy, muy divertido. <\/p>\n<p>P.- \u00a1Hola Ra\u00fal! Te debo unas fotos&#8230; lo s\u00e9, me pondr\u00e9 a ello. Dos preguntillas: \u00bfQu\u00e9 te aporto tu papel en Los Girasoles Ciegos? y \u00bfCu\u00e1l va a ser tu siguiente proyecto en cine? Muxo \u00e9xitooooooo con la peli!!! Peazo de actor y de persona, se\u00f1ores. Besos<\/p>\n<p>R.- Hola guapa! Creo que este personaje es el mas dificil al que me he enfrentado hasta ahora, y me ha aportado cantidad de cosas. Ha sido un reto y una diversion al mismo tiempo. Estoy terminando de rodar Gordos, de Daniel Sanchez Arevalo. Un besazo. <\/p>\n<p>P.- Este personaje parece muy diferente a los que has interpretado antes, \u00bflos has preparado de alguna manera especial?<\/p>\n<p>R.- Bueno. S\u00ed. He tenido la suerte de que me dieran algo muy diferente a m\u00ed. Y ha sido muy divertido. Gente como mi amigo Pepe me ayudo mucho. Es una persona muy catolica, de familia muy, muy catolica y fue un gran apoyo. <\/p>\n<p>P.- \u00bf C\u00f3mo es tu personaje en la pel\u00edcula?<\/p>\n<p>R.- Es un joven diacono que ha pasado una guerra combatiendo en el bando nacional, y cuando vuelve al seminario, a terminar los estudios se le plantea la duda de si puede seguir su camino al sacerdocio habiendo matado, fusilado gente, acostado con mujeres&#8230; Y ah\u00ed, conoce para colmo al personaje de Maribel Verd\u00fa, que le vuelve loco y le plantea m\u00e1s dudas a\u00fan. <\/p>\n<p>P.- Hola estoy esperando al estreno para poder veros a todos porque cada uno me gusta mucho en particular y creo que la mezcla es realmente buena. Que tal el rodaje? \u00bfMe recomiendas antes de ver la peli leer el libro? Un besito y muchas suerte<\/p>\n<p>R.- La peli solo se centra en una historia del libro y el estilo es muy diferente. El libro es una maravilla y te lo recomiendo. Pero por supuesto la peli va por otro lado. <\/p>\n<p>P.- Hola Ra\u00fal me encantastes en AzulOscuroCasiNegro \u00bfQue tal va el proyecto de &#8220;Gordos&#8221;?<\/p>\n<p>R.- Gordos termina de rodarse en Octubre. Va a ser una pelicula genial. Dani es increible y se merece que le vaya bien. Muchas gracias. Un abrazo. <\/p>\n<p>P.- Cu\u00e9ntame de qu\u00e9 va Urtain, la obra que estas ensayando con Animalario. \u00bfQui\u00e9nes est\u00e1is?<\/p>\n<p>R.- Urtain era un boxeador que en el a\u00f1o setente era el tio m\u00e1s famoso de espa\u00f1a. Se suicido en el a\u00f1o 92. Esta es la historia de su vida, representada encima de un ring de boxeo. <\/p>\n<p>P.- Hola de nuevo! He le\u00eddo por ah\u00ed que te gustar\u00eda dirigir,y he visto los dos cortos que has hecho (que son geniales). \u00bfQui\u00e9nes son tus referentes? \u00bfQu\u00e9 tipo de historias te gustar\u00eda contar y dirigir? Y esta ya es mi \u00faltima pregunta, lo prometo. Un beso y gracias por todo!<\/p>\n<p>R.- Bueno en realidad tengo muchos referentes, pero ninguno claro. Mis gustos como espectador a veces son diferentes a las historias que me gusta contar. No se. Ya hablaremos de eso. Un besito. <\/p>\n<p>P.- Hola Raul, creo que Maribel Verd\u00fa ha tenido &#8220;la culpa&#8221; de que est\u00e9s en la pel\u00edcula. \u00bfC\u00f3mo ha sido trabajar con ella?<\/p>\n<p>R.- Maribel es mi hada madrina. Es una gran amiga. Ella le hablo a cuerda de m\u00ed. Y en gran parte estoy en esta peli por ella. Todo lo que diga bueno sobre Maribel es poco. <\/p>\n<p>P.- Considero que la pelicula \u00bfPor qu\u00e9 se frotan las patitas? fue uno de los mejores t\u00edtulos de ese a\u00f1o. \u00bfCree que en Espa\u00f1a estamos preparados para disfrutar con otros g\u00e9neros m\u00e1s all\u00e1 del costumbrismo o las comedias rancias? Suerte!<\/p>\n<p>R.- Por supuesto. Si una pelicula es buena a la gente le gusta. Otra cosa es que vayan a verla y para eso hace falta lo que mas falta: DINERO (para promocionarla)<\/p>\n<p>P.- Buenos d\u00edas raras son las veces que se graban peliculas fuera de estudios o de grandes ciudades &#8230; \u00bf que te pareci\u00f3 la grabaci\u00f3n en una ciudad peque\u00f1a y con gente tan expectante a todo lo que acontec\u00eda durante la grabaci\u00f3n? S\u00e9 que a Cuerda le encanta Galicia y m\u00e1s para sus peliculas &#8230;. \u00bf por qu\u00e9 crees que los directores no suelen escoger peque\u00f1as poblaciones para grabar? Gracias. y cuenta con una ourensana que dar\u00e1 beneficios a la peli. jjejejeje<\/p>\n<p>R.- Rodar en galicia es un lujo. El paisaje, el clima, la comida, la comida, la comida&#8230;. Y en Ourense hemos disfrutado de una gente magnifica que nos cuidaron mucho. Es una ciundad perfecta para esta pelicula. los colores, las atmosferas&#8230; Me imagino que cada pelicula requieres algo diferente y los girasoles ciegos es Ourense. Un besazo. <\/p>\n<p>P.- Si los girasoles son ciegos y el azul es casi negro&#8230; \u00bfencuentras muchos &#8220;agujeritos&#8221; para ver la luz en tu vida? Ha sido dif\u00edcil llegar a ser protagonista de un filme? Saludos<\/p>\n<p>R.- Esta es una carrera de fondo y suerte. Yo he hecho una decima parte de fondo y he tenido una gran parte de suerte. Hay que estar ah\u00ed luchando. Lo dem\u00e1s no depende mucho de uno. Saludos. <\/p>\n<p>P.- \u00bfQu\u00e9 recuerdos te llevas de rodar en el monasterio de Montederramo?<\/p>\n<p>R.- Un pulpo que me com\u00ed alli al lado. Y un paisaje increible. <\/p>\n<p>P.- \u00bfQu\u00e9 significa para ti ser uno de los actores m\u00e1s importantes de la cantera nacional? \u00bfTe ves en Hollywood o actuando por Europa como el pr\u00f3ximo Sergi L\u00f3pez? <\/p>\n<p>R.- Jeejejjeej. Gracias por el piropo. Yo puedo ser muy ambicioso pero entre mis sue\u00f1os no esta el ir a hollywood la verdad. Siempre se sue\u00f1a con trabajar con Al pacino o Daniel Day Lewis, pero cuando he conocido a gente que ha trabajado o trabaja alli te das cuenta que es muy dificil una llevar una vida as\u00ed. Debe ser muy duro. Y yo soy muy blando y muy casero. <\/p>\n<p>P.- Hola guap\u00edsimo, \u00bfhoy para ti es un d\u00eda especial, puede ser tu gran noche?<\/p>\n<p>R.- podre cantar una dulce cancion a la luz de la luna&#8230; <\/p>\n<p>P.- Hola soy Victoria de MMP (madre de Arena), solamente para darte la enhorabuena, por toda tu trayectoria cinematografica. Y que sigas cosechando exitos cada vez mayores, demostrando toda esa madera de actor que llevas dentro. Tus \u00e9xitos seran una alegr\u00eda para nosotros. Un beso<\/p>\n<p>R.- Mil gracias Victoria. Un besazo muy fuerte. Nos vemos. Gracias. <\/p>\n<p>P.- Hola, \u00a1Qu\u00e9 ganas de ver Urta\u00edn!, \u00bfQu\u00e9 tal con los de Animalario? \u00bf Es tu primera obra de teatro?<\/p>\n<p>R.- Urtain va a ser muy divertida. Mucho. Trabajar con animalario es para mi un sue\u00f1o cumplido. No es mi primera obra. Es la sexta. Pero es la primera vez que actuo a un teatro as\u00ed y con una compa\u00f1ia profesional. <\/p>\n","protected":false},"excerpt":{"rendered":"<p>El actor que particip\u00f3 en pel\u00edculas como El camino de los ingleses o AzulOscuroCasiNegro, estrena ahora Los girasoles ciegos. En este filme, basado en la novela de Alberto M\u00e9ndez y llevada a la pantalla grande por Jos\u00e9 Luis Cuerda, narra la vida de una fr\u00e1gil familia de Ourense en 1940 que ver\u00e1 alterada su vida con la llegada de un di\u00e1cono algo desorientado y obsesionado con la madre de esa familia. Ra\u00fal Ar\u00e9valo ha charlado con los lectores de la pel\u00edcula y sobre sus pr\u00f3ximos proyectos.<\/p>\n","protected":false},"author":1,"featured_media":0,"comment_status":"open","ping_status":"open","sticky":false,"template":"","format":"standard","meta":{"footnotes":""},"categories":[],"tags":[],"class_list":["post-2211","post","type-post","status-publish","format-standard","hentry"],"_links":{"self":[{"href":"https:\/\/intervius.com\/index.html\/wp-json\/wp\/v2\/posts\/2211","targetHints":{"allow":["GET"]}}],"collection":[{"href":"https:\/\/intervius.com\/index.html\/wp-json\/wp\/v2\/posts"}],"about":[{"href":"https:\/\/intervius.com\/index.html\/wp-json\/wp\/v2\/types\/post"}],"author":[{"embeddable":true,"href":"https:\/\/intervius.com\/index.html\/wp-json\/wp\/v2\/users\/1"}],"replies":[{"embeddable":true,"href":"https:\/\/intervius.com\/index.html\/wp-json\/wp\/v2\/comments?post=2211"}],"version-history":[{"count":0,"href":"https:\/\/intervius.com\/index.html\/wp-json\/wp\/v2\/posts\/2211\/revisions"}],"wp:attachment":[{"href":"https:\/\/intervius.com\/index.html\/wp-json\/wp\/v2\/media?parent=2211"}],"wp:term":[{"taxonomy":"category","embeddable":true,"href":"https:\/\/intervius.com\/index.html\/wp-json\/wp\/v2\/categories?post=2211"},{"taxonomy":"post_tag","embeddable":true,"href":"https:\/\/intervius.com\/index.html\/wp-json\/wp\/v2\/tags?post=2211"}],"curies":[{"name":"wp","href":"https:\/\/api.w.org\/{rel}","templated":true}]}}