{"id":2189,"date":"2008-08-12T00:00:00","date_gmt":"2006-11-06T00:00:00","guid":{"rendered":"https:\/\/intervius.com\/index.html\/?p=2189"},"modified":"2006-11-06T00:00:00","modified_gmt":"2006-11-06T00:00:00","slug":"Miguel_Madariaga2189","status":"publish","type":"post","link":"https:\/\/intervius.com\/index.html\/Miguel_Madariaga2189\/","title":{"rendered":"Miguel Madariaga"},"content":{"rendered":"<p>Pregunta.- Hola Miguel, \u00bfEs Samuel el mejor corredor que hab\u00e9is tenido en Euskaltel? saludos<\/p>\n<p>Respuesta.- S\u00ed, sin lugar a duda, no s\u00f3lo por la medalla, aunque ha habido muy buenos corredores, es el m\u00e1s completo que hemos tenido nunca.<\/p>\n<p>P.- \u00bfPiensa que puede variar la situaci\u00f3n de Samuel dentro del Equipo Euskaltel? (Mayor responsabilidad, etc&#8230;), o por el contrario piensa que tiene la templanza y madurez para no dejarse influir por lo que le ocurrir\u00e1 al llegar a Espa\u00f1a?<\/p>\n<p>R.- Yo pienso que Samuel tiene la suficiente madurez para saber lo que ha hecho este equipo y yo. Tambi\u00e9n reconozco que nosotros tendremos que ajustarnos un poco mejor al contrato que tiene hasta finales del 2010. Pero, no creo que vaya a haber ning\u00fan problema ya que antes tampoco lo ha habido.<\/p>\n<p>P.- Aparte de lo gran corredor que es Samuel, \u00bfpiensas que puede llegar a ser un clasic\u00f3mano de las Ardenas tan bueno como lo es Rebellin o Valverde?<\/p>\n<p>R.- Yo pienso que Samuel puede todav\u00eda llegar m\u00e1s lejos. A m\u00ed no me gusta comparar a nadie , pero s\u00ed te digo que todavia la trayectoria de Samuel tiene recorrido.<\/p>\n<p>P.- Buenos d\u00edas. \u00bfQu\u00e9 te llam\u00f3 m\u00e1s la atenci\u00f3n la primera vez que viste correr a Samuel? Felicidades por lo que te toca<\/p>\n<p>R.- Pues la primera vez que le vi me llamo la atenci\u00f3n su humildad. Entonces era un ni\u00f1o y quer\u00eda abrirse camino en el ciclismo y como casi siempre donde m\u00e1s equipos hay en la l\u00ednea amateur es en Euskadi \u00e9l quer\u00eda venirse aqu\u00ed. As\u00ed que, yo le abr\u00ed las puertas y por esa puerta entr\u00f3.<\/p>\n<p>P.- Lo primero, muchas felicidades por un equipo tan combativo y por la medalla de Samuel. \u00bfQu\u00e9 supone el oro para tu equipo? \u00bfEs m\u00e1s o menos que un campeonato del mundo? \u00bfImaginas un doblete de Samu JJ OO-Mundial?<\/p>\n<p>R.- Pues ser\u00eda una de las mayores ilusiones para m\u00ed. Pero, sinceramente con la alegr\u00eda que tengo y tenemos es suficiente. Y para nosotros que somos un equipo con bajo presupuesto supone que con esfuerzo y trabajo se puede tener a un campe\u00f3n y disfrutar de todo ello.<\/p>\n<p>P.- Hola Miguel, como socio de la fundaci\u00f3n me gustar\u00eda saber como ves al equipo en el medio y largo plazo, si tenemos alguna perla en la cantera que veas con posibilidades de destacar. Felicidades por haber apostado por Samu.<\/p>\n<p>R.- Yo pienso que el trabajo sigue y pienso que van a salir m\u00e1s joyas dentro de la base de este equipo. Viene Igor Ant\u00f3n y otros chavalitos que apuntan muy bien pero, que todav\u00eda no puedo daros nombres.<\/p>\n<p>P.- Buenos dias Miguel,\u00bfpodrias describirnos las caracteristicas de las bicicletas de Samuel? Tanto de la campeona olimpica como la de contrareloj. Gracias<\/p>\n<p>R.- Es una bicicleta Orbea y la de contralejoj se ha desarrolado en base a su posici\u00f3n en la bici, es una horca de carbono con el material Simano.<\/p>\n<p>P.- Muy buenas y enhorabuena por lo que le toca al Euskaltel en la medalla de oro de &#8220;Samu&#8221;. Tengo curiosidad en saber c\u00f3mo un ciclista asturiano corre en un equipo ciclista que viene a ser el Athletic del futbol pero en ciclismo. Saludos<\/p>\n<p>R.- Los estatutos de la fundaci\u00f3n son id\u00e9nticos a los del Athletic los corredores son nacidos o criados en Euskadi. Es decir, hay que hacerle la prueba de la fundaci\u00f3n cuando se est\u00e1 terminando la categor\u00eda de juvenil y despu\u00e9s en amateur tiene que pasar a un euipo vasco y tiene que correr como m\u00ednimo el 70 o el 80 % de un trofeo que se disputa s\u00f3lo en el Pa\u00eds Vasco y se llama el trofeo Lehendakari por lo tanto, si cumple esos requisitos puede ser de donde quiera y Samuel los cumple.<\/p>\n<p>P.- \u00bfHay alguna posibilidad de que Samuel S\u00e1nchez corra la Vuelta, aunque no sea entera?<\/p>\n<p>R.- Pues no, porque ser\u00eda quitarle el puesto a un compa\u00f1ero y \u00e9l mismo no quiere correrla.<\/p>\n<p>P.- Aupa Madari: Se le va hacer mallot o algo especial para Super Samu???<\/p>\n<p>R.- Por supuesto que s\u00ed con arreglo a las normas del COI. As\u00ed que, vamos a esperar a ver lo que nos permiten.<\/p>\n<p>P.- Enhorabuena por el trabajo que habeis empe\u00f1ado en Samuel. Mi pregunta es \u00e9sta: Como todos sabemos Samuel es un gran ciclista, pero \u00bfcrees que llegar\u00e1 el d\u00eda en el que gane alg\u00fan Tour, Giro o Vuelta y sea un &#8220;poco m\u00e1s&#8221; conocido de lo que es ahora?<\/p>\n<p>R.- Yo pienso que Samuel tiene mucho ciclismo dentro y vamos a intentar seguir en la misma l\u00ednea para que consiga algo grande.<\/p>\n<p>P.- \u00bfY el equipo? Tiene un camino trazado del que no va a desviarse (creo que les ha dado buen resultado), o cambia su estrategia el tener un campe\u00f3n ol\u00edmpico en sus filas?<\/p>\n<p>R.- En absoluto vamos a seguir el camino que tenemos marcado.<\/p>\n<p>P.- Samu tiene 30 a\u00f1os. Sastre ha ganado con 33 el Tour. Samu es un corredor completo, con fondo y capaz de ganar en contrarreloj como demostr\u00f3 el a\u00f1o pasado en la Vuelta. \u00bfCrees que prepar\u00e1ndose espec\u00edficamente para el Tour, Samuel puede hacer podium el a\u00f1o que viene?<\/p>\n<p>R.- No lo vamos a preparar especificamente porque ya lo hemos hecho. Cada Tour es diferente por tanto, espero que alg\u00fan d\u00eda Samuel haga podium en el Tour.<\/p>\n<p>P.- Hola Miguel,\u00bfQu\u00e9 se siente que todo un campe\u00f3n ol\u00edmpico diga que esa medalla de oro que \u00e9l ha conseguido es un trocito tuya?<\/p>\n<p>R.- La mayor alegr\u00eda del mundo. Pero, yo pienso que hay motivos para estar feliz y orgulloso de tener un campe\u00f3n dentro y fuera de la carretera.<\/p>\n<p>P.- Hola Miguel. Cuando di\u00f3 la oportunidad en el a\u00f1o 2000 de debutar a Samuel, \u00bfcrey\u00f3 que llegar\u00eda tan lejos, incluso hasta ganar un oro ol\u00edmpico? Gracias.<\/p>\n<p>R.- Samuel es ganador nato y cuando le sub\u00ed a profesional yo sab\u00eda que pod\u00eda hacer grandes cosas. Los primeros dos a\u00f1os fueron duros para \u00e9l por la muerte de su madre pero, yo estuve all\u00ed con \u00e9l porque sab\u00eda lo que val\u00eda.<\/p>\n<p>P.- Muy buenas Miguel, tiene la cantera de la fundaci\u00f3n Euskadi unos cuantos chavales de fuera del territorio vasco como lo es Samu, \u00bfestar\u00eda dispuesto a subirles al primer equipo si lo merecen aunque muchos de los socios no esten de acuerdo con esta situaci\u00f3n, como le pas\u00f3 con el actual campe\u00f3n ol\u00edmpico?<\/p>\n<p>R.- Los socios cuando son socios lo primero que saben son los estatutos y si cumplen los requisitos nunca tendr\u00e9 problema en subir a profesional a corredores de fuera del territorio vasco.<\/p>\n","protected":false},"excerpt":{"rendered":"<p>\u201cSoy ciclista por Miguel Madariaga. Un trozo de esta medalla es de \u00e9l y de su hijo V\u00edctor\u201d, declar\u00f3 Samuel S\u00e1nchez horas despu\u00e9s de hacerse con el oro ol\u00edmpico en Pek\u00edn. Miguel Madariaga fue el descubridor del ciclista asturiano, que desde sus inicios lleva unida su carrera deportiva al equipo vasco. En el a\u00f1o 2000 debut\u00f3 como profesional despu\u00e9s de permanece tres a\u00f1os en las categor\u00edas inferiores de Euskaltel. El manager general de Euskaltel ha charlado con los lectores sobre el oro ol\u00edmpico de Samuel S\u00e1nchez.<\/p>\n","protected":false},"author":1,"featured_media":0,"comment_status":"open","ping_status":"open","sticky":false,"template":"","format":"standard","meta":{"footnotes":""},"categories":[],"tags":[],"class_list":["post-2189","post","type-post","status-publish","format-standard","hentry"],"_links":{"self":[{"href":"https:\/\/intervius.com\/index.html\/wp-json\/wp\/v2\/posts\/2189","targetHints":{"allow":["GET"]}}],"collection":[{"href":"https:\/\/intervius.com\/index.html\/wp-json\/wp\/v2\/posts"}],"about":[{"href":"https:\/\/intervius.com\/index.html\/wp-json\/wp\/v2\/types\/post"}],"author":[{"embeddable":true,"href":"https:\/\/intervius.com\/index.html\/wp-json\/wp\/v2\/users\/1"}],"replies":[{"embeddable":true,"href":"https:\/\/intervius.com\/index.html\/wp-json\/wp\/v2\/comments?post=2189"}],"version-history":[{"count":0,"href":"https:\/\/intervius.com\/index.html\/wp-json\/wp\/v2\/posts\/2189\/revisions"}],"wp:attachment":[{"href":"https:\/\/intervius.com\/index.html\/wp-json\/wp\/v2\/media?parent=2189"}],"wp:term":[{"taxonomy":"category","embeddable":true,"href":"https:\/\/intervius.com\/index.html\/wp-json\/wp\/v2\/categories?post=2189"},{"taxonomy":"post_tag","embeddable":true,"href":"https:\/\/intervius.com\/index.html\/wp-json\/wp\/v2\/tags?post=2189"}],"curies":[{"name":"wp","href":"https:\/\/api.w.org\/{rel}","templated":true}]}}