{"id":2131,"date":"2008-07-04T00:00:00","date_gmt":"2006-11-06T00:00:00","guid":{"rendered":"https:\/\/intervius.com\/index.html\/?p=2131"},"modified":"2006-11-06T00:00:00","modified_gmt":"2006-11-06T00:00:00","slug":"Florenci_Rey2131","status":"publish","type":"post","link":"https:\/\/intervius.com\/index.html\/Florenci_Rey2131\/","title":{"rendered":"Florenci Rey"},"content":{"rendered":"<p>Pregunta.- Hola Florenci, El domingo tengo una boda en Vigo. \u00bfQue tal d\u00eda tendremos?<\/p>\n<p>Respuesta.- Ambiente fresco. Habr\u00e1 bastante nubes y puede caer alg\u00fan chubasco puntual. Temperaturas frescas, por debajo de los 20\u00baC<\/p>\n<p>P.- Me gustaria saber que tiempo hara este fin de semana en Margate (UK) ? Vivo en Londres y me gustaria ir a la playa&#8230; Muchas gracias<\/p>\n<p>R.- Habr\u00e1 nubes con m\u00e1ximas de 20\u00baC y m\u00ednimas de 13\u00baC. Llover\u00e1 por la tarde. lo siento<\/p>\n<p>P.- \u00bfQu\u00e9 tiempo har\u00e1 durante el fin de semana y principios de la siguiente en el valle del Roncal (Navarra)?<\/p>\n<p>R.- Cielos cubiertos y en ocasiones chubascos d\u00e9biles. Te puede caer alguna tormenta. Har\u00e1 fr\u00edo por debajo de los 15\u00ba. Ya el lunes desaparecer\u00e1n las lluvias y subir\u00e1n algo las temperaturas. <\/p>\n<p>P.- \u00bfQueda mucho de la ola de calor que estamos padeciendo en Murcia, hasta 44 grados y se hace insoportable x la noche?<\/p>\n<p>R.- De momento hasta finales de la pr\u00f3xima semana seguir\u00e1s con ese bochorno. por la noche la m\u00ednima ser\u00e1 de 23\u00baC <\/p>\n<p>P.- Buenas Florenci, \u00bfQu\u00e9 tiempo tendremos en Pamplona para el chupinazo y en general, para todos los sanfermines? Gracias<\/p>\n<p>R.- Har\u00e1 fresco. La m\u00e1xima apenas alcanzar\u00e1 los 18\u00baC. Llover\u00e1 ma\u00f1ana y el domingo, el d\u00eda del chupinazo, puede caer alguna gota poco importante. Eso s\u00ed el cielo estar\u00e1 nuboso.<\/p>\n<p>P.- Estado de la Mar el s\u00e1bado d\u00eda 5 de Julio 2008 en la Costa de Sol, localmente en Fuengirola. Gracias.<\/p>\n<p>R.- Vientos flojos del oeste-suroreste. Mar tranquila. Olas de medio metro. <\/p>\n<p>P.- Hola, quisiera saber el tiempo que va a hacer la pr\u00f3xima semana en Grecia Saludos<\/p>\n<p>R.- Durante la primera mitad de la semana pasar\u00e1s muchos calor con m\u00e1ximas de 35\u00baC. Fuerte sensaci\u00f3n de bochorno. Del resto de la semana es pronto para saberlo, pero todo apunta a que seguir\u00e1 igual.<\/p>\n<p>P.- \u00bfTendremos un verano fresco, como el del a\u00f1o pasado?<\/p>\n<p>R.- Parece que este a\u00f1o pasaremos algo m\u00e1s de calor porque llegar\u00e1n un mayor n\u00famero de masas de aire c\u00e1lido desde el norte de \u00c1frica, que son las reponsables de que haga m\u00e1s calor.<\/p>\n<p>P.- \u00bfQu\u00e9 prevision le darias a Fernando Alonso para el domingo?<\/p>\n<p>R.- A Fernando Alonso le espera agua para el domingo que es lo que le gusta para correr. Atenci\u00f3n tambi\u00e9n al viento que soplar\u00e1 con fuerza. Temperaturas por debajo de los 20\u00baC<\/p>\n<p>P.- Hola Florenci, \u00bfPara cuando tendremos d\u00edas de playa en Galicia ?<\/p>\n<p>R.- Este fin de semana no tendr\u00e1s playa. A partir del mi\u00e9rcoles o jueves parece que llegar\u00e1 el tiempo m\u00e1s estable a Galicia.<\/p>\n<p>P.- Buenas tardes \u00bfqu\u00e9 tiempo puede hacer en Cantabria (isla) del 12 \/7 al 25\/7? gracias <\/p>\n<p>R.- Todav\u00eda es pronto para saberlo con fiabilidad. El mi\u00e9rcoles 9 mejora el tiempo, pero el domingo 13 regresar\u00e1 una depresi\u00f3n y el tiempo ser\u00e1 algo m\u00e1s inestable.<\/p>\n<p>P.- Hola Florenci, lo primero de todo decirte que eres mi \u00eddolo, me encantan tus apariciones en La Ventana, etc. Mi pregunta es: \u00bfQue tiempo har\u00e1 desde el lunes en adelante (1 semana o asi) en Ferrol (A Coru\u00f1a) y en las r\u00edas altas?? Muchas gracias, un saludo<\/p>\n<p>R.- Se agradecen los piropos que nunca vienen mal. El mi\u00e9rcoles 9 mejorar\u00e1 y subir\u00e1n las temperaturas. Que lo pases bien. <\/p>\n<p>P.- Mi hijo est\u00e1 de campamento en Valga\u00f1\u00f3n, La Rioja y me gustar\u00eda saber que tiempo va a hacer en los pr\u00f3ximos d\u00edas. Gracias<\/p>\n<p>R.- El s\u00e1bado llover\u00e1 y bajan las temperaturas, en especial el domingo, con m\u00e1ximas de 22\u00baC. El lunes ya no llover\u00e1 y habr\u00e1 algunas nubes. Entre el martes y el mi\u00e9rcoles har\u00e1 m\u00e1s calor.<\/p>\n<p>P.- \u00bfQu\u00e9 tiempo har\u00e1 la semana del 21 de julio en la regi\u00f3n de los fiordos en Noruega?<\/p>\n<p>R.- Es muy pronto para decirte algo fiable. La semana que viene te puedo decir algo m\u00e1s concreto.<\/p>\n<p>P.- Hola, Florenci; \u00bfsabr\u00eda decirme qu\u00e9 tiempo har\u00e1 en Asturias la segunda quincena de julio?<\/p>\n<p>R.- Todav\u00eda es pronto para darte una informaci\u00f3n concreta para la segunda quincena. Por ahora te puede decir que el mi\u00e9rcoles 9 mejora el tiempo en esa zona, pero el 13 parece que regresan las lluvias. La semana que viene sabremos m\u00e1s.<\/p>\n","protected":false},"excerpt":{"rendered":"<p>Florenci Rey, meteor\u00f3logo de la Cadena SER, ha charlado con los lectores sobre el tiempo que nos espera este fin de semana y las previsiones para este verano.<\/p>\n","protected":false},"author":1,"featured_media":0,"comment_status":"open","ping_status":"open","sticky":false,"template":"","format":"standard","meta":{"footnotes":""},"categories":[],"tags":[],"class_list":["post-2131","post","type-post","status-publish","format-standard","hentry"],"_links":{"self":[{"href":"https:\/\/intervius.com\/index.html\/wp-json\/wp\/v2\/posts\/2131","targetHints":{"allow":["GET"]}}],"collection":[{"href":"https:\/\/intervius.com\/index.html\/wp-json\/wp\/v2\/posts"}],"about":[{"href":"https:\/\/intervius.com\/index.html\/wp-json\/wp\/v2\/types\/post"}],"author":[{"embeddable":true,"href":"https:\/\/intervius.com\/index.html\/wp-json\/wp\/v2\/users\/1"}],"replies":[{"embeddable":true,"href":"https:\/\/intervius.com\/index.html\/wp-json\/wp\/v2\/comments?post=2131"}],"version-history":[{"count":0,"href":"https:\/\/intervius.com\/index.html\/wp-json\/wp\/v2\/posts\/2131\/revisions"}],"wp:attachment":[{"href":"https:\/\/intervius.com\/index.html\/wp-json\/wp\/v2\/media?parent=2131"}],"wp:term":[{"taxonomy":"category","embeddable":true,"href":"https:\/\/intervius.com\/index.html\/wp-json\/wp\/v2\/categories?post=2131"},{"taxonomy":"post_tag","embeddable":true,"href":"https:\/\/intervius.com\/index.html\/wp-json\/wp\/v2\/tags?post=2131"}],"curies":[{"name":"wp","href":"https:\/\/api.w.org\/{rel}","templated":true}]}}