{"id":2129,"date":"2008-07-04T00:00:00","date_gmt":"2006-11-06T00:00:00","guid":{"rendered":"https:\/\/intervius.com\/index.html\/?p=2129"},"modified":"2006-11-06T00:00:00","modified_gmt":"2006-11-06T00:00:00","slug":"Eusebio_Unzue2129","status":"publish","type":"post","link":"https:\/\/intervius.com\/index.html\/Eusebio_Unzue2129\/","title":{"rendered":"Eusebio Unzu\u00e9"},"content":{"rendered":"<p>Pregunta.- Sin Contador \u00bfA qui\u00e9n ve con posibilidades reales de ganar el Tour?<\/p>\n<p>Respuesta.- Yo creo que en estos momentos hay cinco o seis corredores que tienen opciones a ganar este Tour encabezado por Evans, Valverde, Cunego, Menchov, estos son un poco los principales favoritos y luego un grupo de corredores como sastre o Zubeldia, Kirchen, Soler, Mor\u00f3, Ricco.<\/p>\n<p>P.- \u00bfCu\u00e1les son las opciones reales de Valverde de cara al Tour? \u00bfSu favorito?<\/p>\n<p>R.- Reales, pues lo vamos a ver. Su misi\u00f3n era llegar aqu\u00ed en buena forma y eso se ha conseguido. Es uno de los grandes favoritos y candidato al podio, l\u00f3gicamente. Pero sabemos que el Tour es una carrera que entra\u00f1a muchas sorpresas. Sabemos que su estado de forma en el Km. cero ya es muy buena.<\/p>\n<p>P.- \u00bfAlguna vez su equipo se plante\u00f3 el fichaje de Contador? Creo que es, cuando menos, extra\u00f1o, que no corra en un equipo espa\u00f1ol y estoy convencido que un corredor as\u00ed atraer\u00eda por s\u00ed solo algun co-patrocinador de entidad. Un saludo.<\/p>\n<p>R.- S\u00ed, seguro que lo traer\u00eda. Es verdad que hablamos hace dos a\u00f1os, pero \u00e9l entend\u00eda, y el tiempo lo ha demostrado con buen criterio, que compartir\u00eda liderazgo con Alejandro y Pereiro y esa fue la raz\u00f3n fundamental por la que el tema no se llev\u00f3 hasta el final pero si tuvimos una peque\u00f1a conversaci\u00f3n.<\/p>\n<p>P.- Buenas tardes Eusebio. \u00bfQu\u00e9 condiciones se deben dar para que Valverde corra la Vuelta Espa\u00f1a este a\u00f1o? \u00bfSiempre que no ganase el Tour la correr\u00eda? Muchas gracias y suerte.<\/p>\n<p>R.- No, yo creo que ni por no ganarlo ni por ganarlo no lo correr\u00eda. Para m\u00ed si el termina el Tour ya hay un motivo definitivo que es que tenga que ir despu\u00e9s a China a las Olimpiadas. Esto condiciona mucho su presencia en la Vuelta porque nuestro objetivo en principio es Tour y Vuelta y no ha sucedido nada para que esos planes cambien.<\/p>\n<p>P.- Buenos d\u00edas Eusebio. T\u00fa has sido el director de dos fen\u00f3menos como Indur\u00e1in y Perico. Vindo el actual pelot\u00f3n, \u00bfqui\u00e9n crees que es l\u00edder actual? \u00bfNo te parace una injusticia lo que se ha hecho con Contador? Un abrazo.<\/p>\n<p>R.- En estos momentos, efectivamente, he sido parte de los afortunados que hemos disfrutado trabajando con Indurain y Perico y aunque es verdad que en estos momentos un Miguel no hay, pero a lo mejor Alejandro es un poco el corredor que m\u00e1s se puede aproximar a Perico. En cuanto a lo de Contador, sin lugar a dudas es una injusticia. Ha sido un poco exagerado no respetar al \u00faltimo l\u00edder del Tour, pero tambi\u00e9n han demostrado que no tienen contemplaciones con nada ni con nadie y estoy de acuerdo en que es injusto privarle a este deporte de uno de los corredores que es un corredor espectacular. Hay que mirar al futuro y es muy joven por lo que puede volver y esto puede ser un aliciente para su superaci\u00f3n.<\/p>\n<p>P.- \u00bfPor qu\u00e9 no van en el nueve del Tour corredores en gran forma como Dani Moreno o Rigoberto Ur\u00e1n? \u00bfNo consideras que pueden faltar gregarios de calidad en las etapas alpinas como ya sucedi\u00f3 en la fat\u00eddica etapa de Morzine de Floyd Landis?<\/p>\n<p>R.- Bueno, porque son corredores de mucha calidad pero cuando t\u00fa haces un equipo alrededor de un l\u00edder, en el caso de Ur\u00e1n es su juventud, significa que en esta carrera aunque tenga calidad no ser\u00eda conveniente pensado en su futuro. Moreno ha estado muy bien, y ha hecho muy buena temporada, pero esos eran los objetivos fijados y creo que es un corredor que preferimos opt\u00e9 a objetivos m\u00e1s concretos, carreras cl\u00e1sicas, de una semana. Creo que \u00e9l es ah\u00ed m\u00e1s brillante. El equipo necesita corredores que son m\u00e1s eficaces para Alejandro y para el equipo, aunque \u00e9l sea brillante.<\/p>\n<p>P.- \u00bfC\u00f3mo ves a Damiano Cunego? \u00bfCrees que puede tener buenas opciones al haber apostado este a\u00f1o por no correr el Giro y centrarse en el Tour? <\/p>\n<p>R.- Junto con Menchov son los \u00fanicos corredores que han vencido en carreras por etapas, irrumpi\u00f3 en el ciclismo venciendo el Giro y sin embargo, a partir de ah\u00ed, no se le ha visto mejor en otras vueltas. Pero si lo ha hecho con 22 a\u00f1os seguramente pueda hacerlo otra vez y el Giro le dio una presi\u00f3n que le costo asimilar pero creo que este a\u00f1o vemos a un Cunego muy brillante en ciertos momentos y hay que tenerlo en cuenta.<\/p>\n<p>P.- \u00bfQu\u00e9 tal don Eusebio? \u00bfQu\u00e9 opiniar\u00eda si las grandes vueltas duraran s\u00f3lo 2 semanas? \u00bfServir\u00eda de algo para reducir el dopaje o su intento?. Un fuerte abrazo de un apasionado del deporte <\/p>\n<p>R.- No, creo que ser\u00edan l\u00f3gicamente diferentes. Es m\u00e1s, me muestro partidario de grandes vueltas reducidas a 15 d\u00edas porque creo que el espect\u00e1culo iba estar garantizado, podr\u00edan optar m\u00e1s corredores, porque hay muchos que es la tercera semana las que no les hace ganar. A m\u00ed me gustar\u00eda probar esta f\u00f3rmula porque ser\u00eda interesante y pienso que la veremos en el futuro. Esto garantizar\u00eda ver a grandes corredores en dos vueltas al 100%. No como ahora que es dif\u00edcil estar al 100%. Cuando se pruebe creo que quedaremos satisfechos con esta f\u00f3rmula.<\/p>\n<p>P.- Hola Eusebio, \u00bfqu\u00e9 etapa ves m\u00e1s dif\u00edcil para el equipo?<\/p>\n<p>R.- Puff&#8230; En el Tour, en teor\u00eda, todos apuntamos a las grandes etapas de monta\u00f1a. Pero en el ciclismo d\u00edas insignificantes pueden entra\u00f1ar mucho peligro, d\u00edas de llano, de abanico. En ciclismo cuando uno tiene posibilidades de ganar, est\u00e1s obligado a ser regular por lo que tienes que estar pendiente todos los d\u00edas de conseguir y ser regular. Hay d\u00edas m\u00e1s c\u00f3modos pero cualquier d\u00eda puede ser dif\u00edcil. Lo peor las etapas de monta\u00f1a y contrarreloj. La etapa de la Mongie y el Alpe DHuez, son etapas muy duras y selectivas.<\/p>\n<p>P.- \u00bfAguantar\u00e1 Valverde las tres etapas dur\u00edsimas de los Alpes?<\/p>\n<p>R.- Pues, sobre todo ahora, adem\u00e1s de creer, lo deseo. Ha demostrado que es un hombre regular, que se defiende bien en monta\u00f1a. De nuevo vamos a estar ante un gran reto para \u00e9l, pero ya lo hemos visto en el podium, as\u00ed que cuanto menos es de los mejores aunque sabemos que el Tour es otra carrera y el a\u00f1o pasado consigui\u00f3 llegar el sexto y eso esta bien. Ahora conoce mejor el Tour y yo creo que con las reservas que se dejan para llegar en forma a la tercera semana podemos conseguirlo.<\/p>\n<p>P.- Eusebio, se habla mucho de Evans, pero \u00bfno crees que el favorito a ganar el Tour es Menchov? <\/p>\n<p>R.- \u00bf\u00a1Y por qu\u00e9 no?! Ha ganado ya dos Vueltas. Siempre digo que tiene un Tour por la piernas, por calidad, pero tambi\u00e9n es cierto que en el Tour por una raz\u00f3n o por otra no lo logra. Pero alg\u00fan a\u00f1o le saldr\u00e1 aunque esta parezca su carrera maldita, pero es uno de mis favoritos.<\/p>\n<p>P.- Hola Eusebio. \u00bfQu\u00e9 papel opinas que va a desempe\u00f1ar Rico\u00f3 en el Tour? \u00bfCrees realmente que no es candidato a la victoria? <\/p>\n<p>R.- Yo creo que es otro de esos chavales que viene de correr el Giro y lo mejor de \u00e9l lon habr\u00e1 dejado en su pa\u00eds, pero cuando se tiene talento como \u00e9l no hay que descartar nada y es un chaval que progresa cada a\u00f1o. no lo pondr\u00eda en la l\u00ednea de favoritos pero no le descartar\u00eda porque descubriremos si ha venido a escribir experiencia o si no estar\u00e1 agotado. Este tipo de preguntas antes de Los Pirineos es dif\u00edcil responder con seguridad. \u00c9l tendr\u00eda que decir si viene a adquirir experiencia o a tratar de disputar la carrera y hacer la mejor clasificaci\u00f3n posible. <\/p>\n<p>P.- \u00bfQui\u00e9n crees que puede ser el tapado para la general del tour? Yo creo que uno de ellos ser\u00e1 Samuel S\u00e1nchez<\/p>\n<p>R.- Mmmm&#8230; Samuel es un gran corredor sin duda. Ha hecho grandes cosas en la Vuelta pero en el Tour no han sido resultados \u00f3ptimos, as\u00ed que su rendimiento en el Tour es una inc\u00f3gnita, pero podr\u00eda ser el tapado. Creo que va a ser el a\u00f1o en que m\u00e1s se ha centrado en el Tour, pero si nos guiamos con lo que ha hecho con anterioridad no tenemos la certeza de que pueda ser tapado.<\/p>\n<p>P.- Hola Eusebio. Muchas gracias por haber creado equipos ganadores como en la \u00e9poca de Indur\u00e1in y Perico o ahora con Valverde y Pereiro. Ahora bien, \u00bfcr\u00e9es que Alejandro podr\u00e1 conseguir al menos dos de los grandes objetivos que tiene marcados (Tour, Juegos, Vuelta y Mundial)? \u00a1Grande Caisse!<\/p>\n<p>R.- Si algo te garantiza Alejandro es que en cualquier carrera puede partir como favorito, cualquier carrera parece su alcance, porque Alejandro ha demostrado que puede ganar en julio, en septiembre, cualquier carrera la puede convertir en objetivo suyo por su gran calidad. Las Olimpiadas y el Mundial pienso que seg\u00fan sus caracter\u00edsticas siempre va a partir como favorito pero se necesita tambi\u00e9n ese punto de suerte. \u00c9l ganar\u00e1 en su vida deportiva las Olimpiadas, pero podr\u00eda ser este a\u00f1o incluso. Y con el Mundial exactamente igual porque ha estado en el podio 3 veces y donde no gana est\u00e1 muy cerca de ganar.<\/p>\n<p>P.- Hola, \u00bfc\u00f3mo vives los preparativos de una prueba tan importante como es el Tour?<\/p>\n<p>R.- Pues la verdad como un poco a 100 por hora pero tranquilo de haber llegado con el equipo en buenas condiciones y con la responsabilidad que cae por tener a uno de los grandes favoritos de la prueba.<\/p>\n<p>P.- Eusebio, \u00bfqui\u00e9n va a ganar el Tour? Mojate con una porra del podio<\/p>\n<p>R.- El primero&#8230; Pues pongo a Alejandro, claro. Evans como segundo y Menchov tercero.<\/p>\n<p>P.- \u00bfVe a Luis Le\u00f3n capaz de ganar alg\u00fan d\u00eda alguna vuelta de las grandes (Tour, Giro o Vuelta a Espa\u00f1a)?<\/p>\n<p>R.- Mmm&#8230; No lo descartar\u00eda sobre todo porque es joven. Tiene un importante margen de progresi\u00f3n. A d\u00eda de hoy no, est\u00e1 claro, pero tiene 25 a\u00f1os y la madurez y el rendimiento para las grandes vueltas es entre los 27 y los 32 a\u00f1os y le falta seguir progresando para optar a una buena vuelta. De momento se defiende bien en media monta\u00f1a y es bueno en la contrarreloj. Habr\u00e1 que ver c\u00f3mo progresa y si lo hace llegar\u00e1 a ser muy bueno. En este Tour va a tener oportunidad de mostrar lo que vale y sobre todo, en gran monta\u00f1a que es su mayor h\u00e1ndicap.<\/p>\n<p>P.- Muy buenos d\u00edas, \u00bfqu\u00e9 ciclista ha sido o es el m\u00e1s completo que ha estado bajo sus ordenes? y si pudiese hacer un equipo de todos los tiempos \u00bfqu\u00e9 ciclistas estar\u00edan en \u00e9l? Un cordial Saludo<\/p>\n<p>R.- Sin lugar a dudas, Miguel Indurain. Para el equipo&#8230; puff, yo me conformar\u00eda con muchos de los que hemos tenido nosotros, desde David Arroyo, Perico, Indurain, Bernard, Gorospe, Jim\u00e9nez, Alonso y Chente. Adem\u00e1s ahora de Alejandro y Pereiro.<\/p>\n<p>P.- Eusebio, gracias por entender el ciclismo de otra forma. \u00bfC\u00f3mo contemplas el futuro del equipo una vez acabada la relaci\u00f3n con el actual patrocinador?<\/p>\n<p>R.- Bueno, pues toda una inc\u00f3gnita. Yo de momento vamos a luchar por continuar y a la vez, deseando que cambie la din\u00e1mica en Espa\u00f1a y recuperemos en los nuevos tiempos el cari\u00f1os de los sponsor por este deporte. Estaremos con los brazos abiertos a cualquiera que demuestre inter\u00e9s por este deporte.<\/p>\n<p>P.- Hola Eusebio, como director del Caisse d\u00b4Espargne dir\u00e1 que Alejandro es un claro favorito a vestirse de amarillo en Par\u00eds, pero, \u00bfen qu\u00e9 otros ciclistas espa\u00f1oles nos debemos de fijar como posibles candidatos al triunfo final?<\/p>\n<p>R.- Pues, si nos guiamos por lo que han hecho, pienso en Pereiro, Sastre, Zubeldia&#8230; todos ellos tienen un perfil com\u00fan: regularidad, gran experiencia y est\u00e1n por encima de los 30 a\u00f1os. Yo a lo mejor tanto como ganar el Tour no me atrevo a decir, pero \u00d3scar lo ha conseguido y son claro ejemplo de que no hay nada imposible pero en estos momentos, su gran virtud es la regularidad que le ha dado su madurez f\u00edsica y su experiencia despu\u00e9s de tantos Tours.<\/p>\n<p>P.- Hola Eusebio, \u00bfcrees que Alejandro tendr\u00e1 en el equipo este a\u00f1o alg\u00fan compa\u00f1ero que le ayude en las etapas en alto hasta faltar 3-4 Kms que otros Tours le ha faltado? Considero que es muy importante tanto para el estrategia de carrera en tramos finales como para la moral de Alejandro en este tipo de etapas. Un saludo y a por el Tour que tanto os merec\u00e9is el equipo, Jose Miguel y t\u00fa.<\/p>\n<p>R.- Normalemnte a falta de 3-4 Kms es muy dificil que nig\u00fan lider tenga otro compa\u00f1ero de equipo, pero a\u00fan as\u00ed va con un buen equipo de corredores para la monta\u00f1a y en general un equipo polivalente. Estoy convencido de que va a tener el compa\u00f1ero que necesite, as\u00ed que en ese sentido, no creo que haya problemas. Adem\u00e1s, a 3 kil\u00f3metros de meta, el l\u00edder es como los ni\u00f1os, tien que saber llegar solo, si se cae, malo.<\/p>\n<p>P.- Buenas tardes Eusebio. \u00bfC\u00faal es la receta Echevarri-Unzu\u00e9 para el \u00e9xito en el Tour? S\u00ed, ya s\u00e9 que tener a Arroyo, Delgado, Indura\u00edn, Olano, Zuelle, Pereiro, y Valverde ayuda pero siempre lleg\u00e1is al m\u00e1ximo. \u00bfCu\u00e1nto de planificaci\u00f3n hay y cuanto de calidad de los ciclistas?<\/p>\n<p>R.- Yo creo que sobre todo calidad de los ciclistas y tuvimos suerte que en el 83 cuando fuimos la primera vez, siendo muy osados, llegamos a una carrera que estaba condenada para Espa\u00f1a ya desde aquel primer a\u00f1o, ha sido la carrera que nos ha dado todo por lo que nuestros mejores d\u00edas est\u00e1n ligados a esta carrera. Hemos tenido mucha suerte porque empezamos en esa \u00e9poca con Perico y m\u00e1s tarde con Indurain, nos hemos rodeado de hombres-tours y les hemos inculcado a los corredores que ven\u00edan el cari\u00f1o a esta carrera. Hemos vivido desde grandes d\u00edas con Arroyo, Perico, Olano, Zuelle y esto \u00faltimos a\u00f1os con Pereira y Con Valverde. Intentamos coger corredores que se adpaten bien a esta carrera y entre eso, lo que nosotros sabemos y su calidad se han conseguido estos resultados. Pero tambi\u00e9n ha sido la suerte de tener a estos corredores en nuestro equipo.<\/p>\n","protected":false},"excerpt":{"rendered":"<p>El pr\u00f3ximo 5 de julio comenzar\u00e1 la 105 edici\u00f3n de la prueba cicilista por excelencia: el Tour de Francia. El manager general del Caisse d&#8221;Epargne ha charlado con los lectores en v\u00edsperas del inicio de la competici\u00f3n.<\/p>\n","protected":false},"author":1,"featured_media":0,"comment_status":"open","ping_status":"open","sticky":false,"template":"","format":"standard","meta":{"footnotes":""},"categories":[],"tags":[],"class_list":["post-2129","post","type-post","status-publish","format-standard","hentry"],"_links":{"self":[{"href":"https:\/\/intervius.com\/index.html\/wp-json\/wp\/v2\/posts\/2129","targetHints":{"allow":["GET"]}}],"collection":[{"href":"https:\/\/intervius.com\/index.html\/wp-json\/wp\/v2\/posts"}],"about":[{"href":"https:\/\/intervius.com\/index.html\/wp-json\/wp\/v2\/types\/post"}],"author":[{"embeddable":true,"href":"https:\/\/intervius.com\/index.html\/wp-json\/wp\/v2\/users\/1"}],"replies":[{"embeddable":true,"href":"https:\/\/intervius.com\/index.html\/wp-json\/wp\/v2\/comments?post=2129"}],"version-history":[{"count":0,"href":"https:\/\/intervius.com\/index.html\/wp-json\/wp\/v2\/posts\/2129\/revisions"}],"wp:attachment":[{"href":"https:\/\/intervius.com\/index.html\/wp-json\/wp\/v2\/media?parent=2129"}],"wp:term":[{"taxonomy":"category","embeddable":true,"href":"https:\/\/intervius.com\/index.html\/wp-json\/wp\/v2\/categories?post=2129"},{"taxonomy":"post_tag","embeddable":true,"href":"https:\/\/intervius.com\/index.html\/wp-json\/wp\/v2\/tags?post=2129"}],"curies":[{"name":"wp","href":"https:\/\/api.w.org\/{rel}","templated":true}]}}