{"id":2116,"date":"2008-06-28T00:00:00","date_gmt":"2006-11-06T00:00:00","guid":{"rendered":"https:\/\/intervius.com\/index.html\/?p=2116"},"modified":"2006-11-06T00:00:00","modified_gmt":"2006-11-06T00:00:00","slug":"Tomas_Guasch2116","status":"publish","type":"post","link":"https:\/\/intervius.com\/index.html\/Tomas_Guasch2116\/","title":{"rendered":"Tom\u00e1s Guasch"},"content":{"rendered":"<p>Pregunta.- \u00bfQu\u00e9 opinas de Luis Aragon\u00e9s como entrenador (seleccionador)?<\/p>\n<p>Respuesta.- Pues que ha dado con la tecla, amigo. Ayer me recordaba mi amigo Juanito Jim\u00e9nez desde su M\u00e1laga que la noche negra con Francia en el Mundial escrib\u00ed que no se hab\u00eda perdido nada, que hab\u00edamos visto una Espa\u00f1a con una cierta idea de juego y que entend\u00eda deb\u00edamos insistir por ah\u00ed. Luis lo hizo y acert\u00f3. Son dos a\u00f1os sin perder, finalistas de la Eurocopa&#8230; Ha habido m\u00e1s de un l\u00edo que no me ha gustado, y no me refiero a lo de Ra\u00fal, y que pudo evitar. Pero ahora mismo, chapeau.<\/p>\n<p>P.- \u00bfNo le parece esta euforia en los jugadores muy peligrosa? Para m\u00ed, se ven demasiado seguros. Con Portugal frente a los alemanes pas\u00f3 lo mismo y cayeron en goleada. Alemania es muy peligrosa y a la hora de la verdad nunca falla, por muy vulnerable que juegue! Y si me pongo a pensar que Rosetti va a pitar el partido&#8230; esto puede tener mala pinta<\/p>\n<p>R.- \u00bfC\u00f3mo evitar la euforia en quienes han roto un meleficio que atrap\u00f3 a tantas generaciones? Pero creo que es eso, la euforia por el trabajo bien hecho pues ellos son los primeos que saben lo que t\u00fa: que Alemania es un hueso, una profesional de los partidos grandes como me dijo Bernd Krauss y que ese partido va a ser el parto de King Kong. Y sobre el \u00e1rbitro, pues ojal\u00e1 tenga suerte. Tambi\u00e9n te digo que no s\u00f3lo los jugadores sino la mayor\u00eda pensamos que Espa\u00f1a es mejor y debe ganar. <\/p>\n<p>P.- Guasch, con la salida de Aragon\u00e9s, \u00bfqui\u00e9n crees que ser\u00e1 el mejor entrenador para la selecci\u00f3n?<\/p>\n<p>R.- Me parece bien el que est\u00e1 fichado: Del Bosque. Heredar\u00e1 una excelente base, una idea clara, e insistir\u00e1 en ella.<\/p>\n<p>P.- T\u00fa que has visto mucho futbol y pecas de sinceridad, \u00bfalguna vez hab\u00edas visto 45 min. como los del jueves? Un Saludo!<\/p>\n<p>R.- Fueron comparables a momentazos, cada uno en su estilo, del Madrid de la Quinta, del Bar\u00e7a e Cruyff, del Mil\u00e1n de Sacchi, del Brasil del 70, del Borussia de Weisweiler&#8230; De los mejores equipos de la historia, s\u00ed. Fue maravilloso, amigo.<\/p>\n<p>P.- Me gustaria saber cual es tu opinion sobre la estrategia que estan utilizando los alemanes estos dias, para trasladar la presion a la roja y \u00bfcrees que puede afectar a los jugadores? Saludos maquina!<\/p>\n<p>R.- Es lo normal en estos casos. Un intento de pasarle la pelota al contrario, pero al final, a los alemanes les sale su casta. Fue divertido lo de Metzelder ayer. Dijo que s\u00ed, que Espa\u00f1a es buen\u00edsima, que si no nos quitan la pelota perder\u00e1n&#8230; Pero acab\u00f3 diciendo: &#8220;Ganar\u00e1 Alemania&#8221;. No hay m\u00e1s presi\u00f3n que la normal, y que no es peque\u00f1a: el t\u00edtulo en 90 minutos. \u00a1Qu\u00e9 bonita presi\u00f3n, eh!<\/p>\n<p>P.- Hola Gran Tom\u00e1s: \u00bfno crees que si ganamos la final deben declarar el lunes como d\u00eda festivo nacional para festejarlo como dios manda? Yo, si no, voy a ir al trabajo regular<\/p>\n<p>R.- Sin dudarlo. Es m\u00e1s: lo suyo ser\u00eda dar fiesta semanal nacional y no currar hasta el siete de julio. \u00a1Ah, no! Como es San Ferm\u00edn y por solidaridad con los navarros, hasta el 8. \u00a1Llamemos a la Moncloa ya!<\/p>\n<p>P.- Hola gran Guasch, \u00bfqu\u00e9 tanto por ciento crees que tiene Espa\u00f1a de ganar a Alemania el domingo?<\/p>\n<p>R.- Como poco el 51 porque somos mejores. Creo de verdad que si el partido es normal, gana Espa\u00f1a. Estoy de acuerdo con Luis, que opin\u00f3 as\u00ed ayer. A partido l\u00f3gico, ganamos.<\/p>\n<p>P.- \u00bfCantaremos el alir\u00f3n?<\/p>\n<p>R.- Hasta desga\u00f1itarnos, hasta caernos por los suelos. \u00a1Lo cantaremos!<\/p>\n<p>P.- Hola gran Guasch!!!!! \u00bfQu\u00e9 te parece que Luis Aragon\u00e9s se vaya, seg\u00fan dec\u00eds los periodistas, al Fenervache, y no se retire ganando la Eurocopa? Ya que as\u00ed lo har\u00eda como lo que es, un grande!!!!<\/p>\n<p>R.- No ser\u00eda un mal final, desde luego. Pero \u00e9l se ve con fuerza e ilusi\u00f3n para seguir&#8230; y s\u00f3lo vivimos una vez. Que tenga mucha suerte.<\/p>\n<p>P.- Hola gran Guasch, espero que te mojes como siempre en tus respuestas: \u00bfno crees que con ning\u00fan seleccionador anterior a Aragon\u00e9s se dio un bombo tan espectacular a la selecci\u00f3n desde todos los medios de comunicaci\u00f3n? \u00bfNo crees que este seleccionador tiene mucha mano entre los periodistas? y finalmente \u00bfno podr\u00eda tratarse de una campa\u00f1a medi\u00e1tica orquestada desde el Gobierno para que la gente se olvide de la gran crisis econ\u00f3mica que nos azota? No me defraudes crack y m\u00f3jate. Gracias<\/p>\n<p>R.- Luis se ha ganado el bombo, que tambi\u00e9n Camacho tuvo porque, como \u00e9l, fue un t\u00e9cnico cercano a la gente, popular, querido. S\u00e1ez fue ef\u00edmero y, para bombo, bueno y mal\u00edsimo, ninguno como el de Clemente. El periodista es una personal m\u00e1s, de la calle. Y Luis es un cl\u00e1sico al que todos conocemos. Cuando se le debi\u00f3 criticar, se le critic\u00f3. Es cierto que m\u00e1s por ciertas actitudes sobre su futuro, aquello de me voy\/me quedo, que por lo futbol\u00edstico. Pero se hizo. Y sobre la crisis, chico, esto acaba ma\u00f1ana y no hay quien la tape, me temo. Ojal\u00e1 pase pronto, claro.<\/p>\n<p>P.- \u00a1Hola Guasch! \u00bfCrees que tras la lesi\u00f3n de Villa, deber\u00edamos poner a Torres s\u00f3lo en punta, o mejor poner a G\u00fciza? \u00bfO a Cesc de media punta y Torres en punta solo?Gracias.<\/p>\n<p>R.- Pondemos a Cesc y G\u00fciza saldr\u00e1 en la segunda parte. Es lo que funcion\u00f3 y Luis piensa que lo que funciona no se toca. Y me parece bien. Ese arquero fresco, jugando al l\u00edmite del fuera de juego entre los dos grandotes de Alemania nos dar\u00e1 vida.<\/p>\n<p>P.- Gran Guasch, hace una semana habl\u00e9 contigo y te dije que me apuntaras un 2-0 a favor de la roja contra Italia. Hoy te digo que me pongas un 3-1 en la porra de Carrusel del domingo. \u00bfNo crees que a nivel futbol\u00edstico somos infinitamente superiores?, que la historia cuenta, pero en el f\u00fatlbol manda la calidad y la clase, y en eso Espa\u00f1a desborda por los cuatro costados. \u00bfQu\u00e9 opinas de Mettesaker y Metzelder, no crees que son una pareja poco fiables para una final? Un abrazo crack.<\/p>\n<p>R.- Me apunto al 3-1, cuenta con ello. Somos infinitamente superiores, s\u00ed. La historia pesa, pero Beckenbauer no juega. Ni Muller. Ni Netzer. Manda el d\u00eda en que se vive y Espa\u00f1a es hoy mejor, esperemos que tambi\u00e9n ma\u00f1ana. Los grandotes no ser\u00edan mi pareja central, precisamente. Si caso para el Estudiantes&#8230;<\/p>\n<p>P.- Gran Guasch es un honor poder saludart.\u00bfNo crees que Espa\u00f1a por fin ha aprendido a competir?<\/p>\n<p>R.- Pues da esa impresi\u00f3n, s\u00ed. Esperemoa a confirmarla ma\u00f1ana, a la hora de la verdad. Te dir\u00e9 m\u00e1s: incluso perdiendo, que no creo, espero una Espa\u00f1a competitiva, guapa. Ser\u00eda una gran se\u00f1al pensando ya en el Mundial, en el que nos pondremos a pensar el lunes.<\/p>\n<p>P.- Hola gran Guasch, 2 preguntitas: la primera, es que si deber\u00edamos jugar con el 4-4-2 de la primera parte de Rusia o el 4-5-1 de la segunda contra Alemania, y si es as\u00ed&#8230;. \u00bfarriba la pelea de Torres o el olfato de G\u00fciza? Gracias.<\/p>\n<p>R.- Por el 4-5-1, que se dio de cine en la segunda parte. Y primero, Torres. Lo que los alemanes esperan para que no se quejen de sorpresas.<\/p>\n<p>P.- \u00bfQu\u00e9 opina sobre el hecho de que la selecci\u00f3n espa\u00f1ola haya roto moldes jugando al estilo de Johan Cruyff qu\u00e9 afortunadamente trajo a Espa\u00f1a hace veinte a\u00f1os?<\/p>\n<p>R.- Pues que todo gira en torno a los jugadores que tienes y estos le vienen al pelo a esa manera de entender el f\u00fatbol. Aqu\u00ed est\u00e1 todo inventado y se trata de eso, de aplicar el sistema de juego a los hombrecillos que tienes. Y lo de hombrecillos le pega como nunca.<\/p>\n<p>P.- Tom\u00e1s \u00bfle pasara factura a Espa\u00f1a un centro del campo tan inferior fisicamente al del aleman? Y esto \u00bf crees que en parte el partido dependera del grado de dureza que permita el arbitro?<\/p>\n<p>R.- Esa es una de sus bazas; la otra, la rapidez de sus puntas y su contundencia. El \u00e1rbitro, que aplique el Reglamento. Bastar\u00e1 con eso. Y Espa\u00f1a, a tocar r\u00e1pido, a evitar el choque. No cabe duda de que el partido est\u00e1 ah\u00ed: nuestra habilidad por abajo contra su fuerza&#8230; por abajo, por arriba y por el centro. Son dos estilos muy distintos, pero me gusta m\u00e1s el nuestro.<\/p>\n<p>P.- \u00bfPor qu\u00e9 siendo Austria y Suiza unos pa\u00edses con una liga tan poco competitiva tienen unos campos que drenan tan bien?Despues de la que cayo si pasa aqui se suspende.<\/p>\n<p>R.- Pues porque su clima lo exige y porque son cuidadosos con ello. Y s\u00ed, igual aqu\u00ed se arma con una tromba de agua como aquella. Es lo de siempre: el f\u00fatbol se preocupa much\u00edsimo de todo y a menudo olvida lo principal: d\u00f3nde se juega. En fin&#8230;<\/p>\n<p>P.- Tom\u00e1s \u00bfle deber\u00edan dar el trofeo a mejor jugador de la Eurocopa a Iker Casillas?<\/p>\n<p>R.- Hoy por hoy, sin duda. Falta la final, claro.<\/p>\n<p>P.- \u00bfTe gusta el \u00e1rbitro?<\/p>\n<p>R.- S\u00ed, mucho m\u00e1s que los Busacca y compa\u00f1\u00eda. Me parece bien. Es italiano, ha visto f\u00fatbol&#8230; Me f\u00edo.<\/p>\n<p>P.- Hola Tom\u00e1s, \u00bfqu\u00e9 alem\u00e1n te preocupa m\u00e1s?<\/p>\n<p>R.- Ballack es el mejor y ese Schweistec\u00e9tera est\u00e1 bien. Pero sobre todo me preocupa esa facilidad que tienen para salirse del pozo. <\/p>\n<p>P.- Gran Guasch. \u00bfCrees que ser la favorita es mejor o peor para Espa\u00f1a?<\/p>\n<p>R.- Lo contest\u00e9 antes: no creo que influya a la hora de la verdad. Pita el \u00e1rbitro y cuenta lo que hay: 90 minutos, quiz\u00e1 pr\u00f3rroga, penalties&#8230; <\/p>\n<p>P.- Guasch, por favor, haz un pron\u00f3stico como Nostrapacus y diga el marcador de la final.<\/p>\n<p>R.- Me apunto al 3-1 de Cholo. \u00a1Y al penalti 16 tirado por Ufarte!<\/p>\n<p>P.- Tom\u00e1s, \u00bfqu\u00e9 estar\u00edas dispuesto a hacer si conseguimos ganar a Alemania?(del tipo camino de Santiago, raparte la cabeza &#8230;)<\/p>\n<p>R.- Pet\u00f3n y Xavi Aguado, el ex jugador del Zaragoza y un fen\u00f3meno, har\u00e1n una parte del Camino para dar gracias por el ascenso del Huesca. Si ganamos, me voy con ellos. No se si desde donde empiezan o desde el campo del Compos hasta el Obradoiro. Creo que me conviene m\u00e1s esta segunda opci\u00f3n, \u00a1je, je! Eso o una penitencia peor: no meterme con ning\u00fan amigo del Bar\u00e7a desde ma\u00f1ana hasta el mes de julio&#8230;<\/p>\n","protected":false},"excerpt":{"rendered":"<p>El subdirector del Diario As, Tom\u00e1s Guasch, ha charlado con los lectores sobre el partido de Espa\u00f1a-Rusia. <\/p>\n<p>ARCHIVO DE ENTREVISTAS:<\/p>\n<p>-21 de junio<br \/>\n-17 de junio<br \/>\n-13 de junio<br \/>\n-9 de junio <\/p>\n","protected":false},"author":1,"featured_media":0,"comment_status":"open","ping_status":"open","sticky":false,"template":"","format":"standard","meta":{"footnotes":""},"categories":[],"tags":[],"class_list":["post-2116","post","type-post","status-publish","format-standard","hentry"],"_links":{"self":[{"href":"https:\/\/intervius.com\/index.html\/wp-json\/wp\/v2\/posts\/2116","targetHints":{"allow":["GET"]}}],"collection":[{"href":"https:\/\/intervius.com\/index.html\/wp-json\/wp\/v2\/posts"}],"about":[{"href":"https:\/\/intervius.com\/index.html\/wp-json\/wp\/v2\/types\/post"}],"author":[{"embeddable":true,"href":"https:\/\/intervius.com\/index.html\/wp-json\/wp\/v2\/users\/1"}],"replies":[{"embeddable":true,"href":"https:\/\/intervius.com\/index.html\/wp-json\/wp\/v2\/comments?post=2116"}],"version-history":[{"count":0,"href":"https:\/\/intervius.com\/index.html\/wp-json\/wp\/v2\/posts\/2116\/revisions"}],"wp:attachment":[{"href":"https:\/\/intervius.com\/index.html\/wp-json\/wp\/v2\/media?parent=2116"}],"wp:term":[{"taxonomy":"category","embeddable":true,"href":"https:\/\/intervius.com\/index.html\/wp-json\/wp\/v2\/categories?post=2116"},{"taxonomy":"post_tag","embeddable":true,"href":"https:\/\/intervius.com\/index.html\/wp-json\/wp\/v2\/tags?post=2116"}],"curies":[{"name":"wp","href":"https:\/\/api.w.org\/{rel}","templated":true}]}}