{"id":2101,"date":"2008-06-27T00:00:00","date_gmt":"2006-11-06T00:00:00","guid":{"rendered":"https:\/\/intervius.com\/index.html\/?p=2101"},"modified":"2006-11-06T00:00:00","modified_gmt":"2006-11-06T00:00:00","slug":"Florenci_Rey2101","status":"publish","type":"post","link":"https:\/\/intervius.com\/index.html\/Florenci_Rey2101\/","title":{"rendered":"Florenci Rey"},"content":{"rendered":"<p>Pregunta.- Querido Florenci me gustar\u00eda que me dijeras el pron\u00f3stico para la primera quincena de julio en Laredo, Cantabria. Te sigo siempre, muchas gracias.<\/p>\n<p>Respuesta.- \u00bfQu\u00e9 tal, Reme? Gracias por tu amable comentario. Aciertas al escoger esa zona: el calor no ser\u00e1 tan intenso (al menos durante la primera semana del mes) como en el resto de Espa\u00f1a. Hay un cambio brusco, pero pasajero, previsto para el mi\u00e9rcoles: bajada de temperaturas y algunas lluvias. Las m\u00e1ximas no pasar\u00e1n de 22\u00baC.<\/p>\n<p>P.- \u00bfAlguna vez no has acertado y alg\u00fan oyente se ha quejado o te ha dicho algo?<\/p>\n<p>R.- S\u00ed, ya lo creo. Y con toda la raz\u00f3n&#8230; Pero entonces intentamos explicar el por qu\u00e9 de los fallos en los pron\u00f3sticos, de los niveles de confianza y de los umbrales de probabilidad. Es estad\u00edstica, en gran medida. Y la mayor\u00eda de las ocasiones los oyentes aceptan las explicaciones (afortunadamente) <\/p>\n<p>P.- \u00bfQu\u00e9 esperamos para Murcia a partir del lunes?<\/p>\n<p>R.- Fuerte calor los dos primeros d\u00edas de la semana, de hecho como este fin de semana, en el que el bochorno ser\u00e1 muy notable. A partir del mi\u00e9rcoles ligero descenso de temperaturas. Dif\u00edcilmente llover\u00e1. <\/p>\n<p>P.- Me quiero ir a Lisboa el pr\u00f3ximo lunes \u00bfseguir\u00e1 haciendo tanto calor como hasta ahora?<\/p>\n<p>R.- S\u00f3lo durante ese d\u00eda, el lunes. El paso de una borrasca por Portugal y Espa\u00f1a a partir del martes asegura tiempo m\u00e1s fresco en la capital lusa entre el mi\u00e9rcoles y el final de la semana, con lluvias moderadas hasta el viernes por la ma\u00f1ana. <\/p>\n<p>P.- Voy a Albacete el martes. \u00bfVoy a pasar mucho calor?<\/p>\n<p>R.- No tanto como durante el fin de semana, porque a partir del mi\u00e9rcoles se retira la bolsa de aire c\u00e1lido que domina el tiempo estos d\u00edas en Espa\u00f1a. Baja\u00e1n notablemente las temperaturas, tambi\u00e9n en Albacete<\/p>\n<p>P.- \u00bfVoy a Murcia este fin de semana?\u00bfPodr\u00e9 ir a la playa?<\/p>\n<p>R.- Sin duda. Adem\u00e1s, recomendable<\/p>\n<p>P.- \u00bfCrees que llover\u00e1 en la final de la Eurocopa en Viena este domingo?<\/p>\n<p>R.- No, Edurne. La probabilidad de lluvia ser\u00e1 inferior al 30% en Viena el domingo. Pero s\u00ed har\u00e1 calor: m\u00e1xima de 30\u00baC, unos 27\u00baC a la hora de inicio del partido.<\/p>\n<p>P.- \u00bfVa a llover en Gredos este fin de semana? \u00bfY en Madrid?<\/p>\n<p>R.- En Gredos puede hacerlo a \u00faltima hora del domingo. No se descarta la aparici\u00f3n de alguna tormenta de media tarde. En Madrid, no. Fuerte calor, bochorno y cielos casi despejados.<\/p>\n<p>P.- \u00bfQu\u00e9 lugar dices t\u00fa que es bueno en Espa\u00f1a para estar en la playa en verano en y no tener que ir a Ibiza?<\/p>\n<p>R.- Alem\u00e1n, t\u00fa lo que quieres es que el gremio de la hosteler\u00eda pida mi expatriaci\u00f3n al Gobierno&#8230; verdad? Desde el punto de vista clim\u00e1tico, el \u00f3ptimo para la salud se da en verano en las playas del norte, sin duda. A pesar de que all\u00ed el tiempo es mucho m\u00e1s variable, las temperaturas no suelen ser extremas. Pero, claro, nuestro uso social est\u00e1 enfocado al sol, las playas rebosantes, las aguas m\u00e1s c\u00e1lidas&#8230; <\/p>\n<p>P.- \u00bfEste tiempo viene bien para los cultivos o se van a secar? \u00bfNo ser\u00eda bueno que lloviera un poco m\u00e1s? Est\u00e1n los embalses a niveles aceptables respecto a otros a\u00f1os<\/p>\n<p>R.- Depende del cultivo, Parrondo. Al cereal le ha venido muy bien. Sin embargo, hay zonas de producci\u00f3n vitivin\u00edcola que han sacado al santo en procesi\u00f3n para que no llueva m\u00e1s, porque viene el mildiu a la vi\u00f1a. Va por barrios&#8230; <\/p>\n<p>P.- Tengo una boda este s\u00e1bado en Villanueva del Pardillo, es por la tarde, \u00bfc\u00f3mo se prev\u00e9 el tiempo?<\/p>\n<p>R.- Bochornoso, Lorenzo. Nada de chaqu\u00e9 pesado ni chalecos. Tendr\u00e9is m\u00e1s de 35\u00baC<\/p>\n<p>P.- \u00bfQu\u00e9 viento hace hoy en la bahia de C\u00e1diz? Gracias Florenci<\/p>\n<p>R.- Sopla levante, Pep. Moderado. As\u00ed se mantendr\u00e1 todo el fin de semana. <\/p>\n<p>P.- \u00a1Hola Florenci! Me voy a Andorra esta noche, \u00bfpuede llover moderadamente?<\/p>\n<p>R.- S\u00ed, por lo menos hasta la pr\u00f3xima madrugada. En las \u00faltimas 24 horas han descargado tormentas fuertes. Se espera que cesen entre el mediod\u00eda de ma\u00f1ana y la madrugada del domingo. <\/p>\n<p>P.- El otro d\u00eda le\u00ed que la temperatura ha subido medio grado en nuestro pa\u00eds en una d\u00e9cada. \u00bfEs un proceso irreversible o tiene que parar?<\/p>\n<p>R.- Hola, Paula. Seg\u00fan los cient\u00edficos es un proceso irreversible si no modificamos nuesra pauta de consumo energ\u00e9tico.<\/p>\n<p>P.- Hola, monstruo: El finde que viene me voy a la playa a Alicante&#8230; \u00bfc\u00f3mo estar\u00e1 la cosa por all\u00ed? Esto es genial, sigue, Florenci<\/p>\n<p>R.- Hola, Santas. No parece que vaya a haber complicaciones. Se espera un tiempo tranquilo y soleado con temperaturas algo m\u00e1s frescas que las de este fin de semana. <\/p>\n<p>P.- Hola, Florenci. Me toca trabajar todo el verano en Madrid. Anoche fue muy calurosa y entre la resaca del partido y dem\u00e1s casi no pudimos dormir&#8230; \u00bfNos espera lo mismo para lo que queda? Gracias y sigue as\u00ed!<\/p>\n<p>R.- Gracias, Ricky. No lo sabemos a ciencia cierta. Ver\u00e1s, las predicciones estacionales est\u00e1n poco desarrolladas y es muy dif\u00edcil dar un pron\u00f3stico para una ciudad. Pero si el verano es normal, hasta el 15 de agosto la media de temperaturas m\u00e1ximas suele rondar los 30\u00baC y la media de las m\u00ednimas los 18\u00baC. A partir de la segunda quincena de agosto, el calor afloja considerablemente.<\/p>\n<p>P.- Florenci, me encanta que est\u00e9 ahora en cadenaser.com. \u00bfVa a ser este verano m\u00e1s caluroso que el de otros a\u00f1os?<\/p>\n<p>R.- Gracias, \u00c1ngeles, por visitarnos. El pasado lunes la Agencia Estatal de Meteorolog\u00eda hizo p\u00fablico un dato interesante: s\u00f3lo en una diagonal que va desde el Pirineo catal\u00e1n hasta Huelva (es decir, todo el Mediterr\u00e1neo, el Valle del Ebro y la Meseta Sur) las temperaturas ser\u00e1n ligeramente m\u00e1s altas. Lo cierto es que estas predicciones estacionales todav\u00eda son muy gen\u00e9ricas y adolecen de una gran incertidumbre, pero creo que es un buen marco de referencia para saber c\u00f3mo ir\u00e1 el verano. <\/p>\n<p>P.- Florenci: Buenos d\u00edas. me gustar\u00eda saber qu\u00e9 tiempo va a hacer en Pirineos del 28 de Junio al 6 de Julio. Empezando el 28 por Neouvielle (Francia) y terminando el 6 en Panticosa. Es una traves\u00eda piren\u00e1ica. Muchas gracias de antemano por tu respuesta. Un cordial saludo<\/p>\n<p>R.- Buenos d\u00edas, \u00c1ngel. Empezar\u00e9is vuestra traves\u00eda con chubascos irregulares que cesar\u00e1n el domingo. Ambiente tranquilo hasta el martes. A partir de entonces y hasta el pr\u00f3ximo viernes la probabilidad de nuevos chubascos y tormentas es muy elevada. Las temperaturas bajar\u00e1n considerablemente. <\/p>\n<p>P.- Buenos d\u00edas Florenci, en principio ayer, la previsi\u00f3n no era de tormentas en la Comunidad de Madrid, pero en la Sierra Norte nos cayeron varias tormentas, \u00bfva a seguir as\u00ed? Gracias.<\/p>\n<p>R.- Hola, Santiago. S\u00ed, de manera muy local (y en especial en la Sierra Norte) pueden desarrollarse nubes de evoluci\u00f3n diurna que derivar\u00e1n en tormentas de corta duraci\u00f3n. Est\u00e1n asociadas al fuerte calor que domina en la Pen\u00ednsula provocado por una burbuja de aire norafricano que ha llegado a la vertical de Espa\u00f1a en los \u00faltimos d\u00edas. <\/p>\n<p>P.- \u00bfDe verdad es posible que alguien pueda adelantar alg\u00fan pron\u00f3stico del tiempo? \u00bfCu\u00e1nto hay de real en sus respuestas?<\/p>\n<p>R.- Ser\u00eda algo complejo y seguramente muy largo y tedioso explicarle el mecanismo de pron\u00f3stico que utilizan los meteor\u00f3logos, pero puede visitar www.ecmwf.com, la p\u00e1gina del Centro Europeo de Predicci\u00f3n a Medio Plazo. Es la matriz de todos (o casi todos) los pron\u00f3sticos que se difunden en medios de comunicaci\u00f3n. All\u00ed encontrar\u00e1 la respuesta a su pregunta. <\/p>\n<p>P.- Me voy para C\u00e1diz ma\u00f1ana sabado y el domingo tengo un bautizo en Jerez de la Frontera. \u00bfCaluroso o muy caluroso? Gracias Florenci.<\/p>\n<p>R.- Muy, muy caluroso: viento de levante. Son las 11:40 y ya tienen 29\u00baC<\/p>\n<p>P.- Hola Florenci, \u00bftendremos las pr\u00f3ximas noches un calor tan sofocante como el de esta pasada? Soy de Albacete. Muchas gracias.<\/p>\n<p>R.- S\u00ed, hasta la llegada de un descenso t\u00e9rmico notable entre el martes y el jueves. Pero hasta entonces, fuerte calor. <\/p>\n<p>P.- \u00bfQu\u00e9 tal Folrenci? \u00bfQu\u00e9 tiempo me espera el mi\u00e9rcoles en Sevilla?, \u00bfhar\u00e1 m\u00e1s calor que en la boda de Cleopatra no?<\/p>\n<p>R.- Ja, ja, ja!!! No hay registros de temperatura de la boda de Cleopatra, pero te aseguro que el mi\u00e9rcoles bajan las temperaturas de manera significativa en Sevilla. De los 41\u00baC (o m\u00e1s, seg\u00fan alg\u00fan term\u00f3metro loco de calle que sacar\u00e1n en la tele) a los 28\u00baC, sin lluvia, que esperamos para ese d\u00eda. <\/p>\n<p>P.- Hola, \u00bfQue nos espera en Vall dAran y valles de alrededor (Fosca,Bo\u00ed&#8230;) entre las cinco de la ma\u00f1ana del sabado hasta la medianoche? \u00bfM\u00e1ximas, m\u00ednimas, lluvia? Voy a estar muchas horas a la intemp\u00e9rie&#8230; Gracias!!!<\/p>\n<p>R.- Hola, mtbiker. Supongo que necesitar\u00e1s informaci\u00f3n para zonas altas&#8230; En todo caso, la probabilidad de lluvia disminuye hasta casi el m\u00ednimo a partir de ma\u00f1ana. Cielo variable, m\u00e1s nuboso el domingo, con m\u00ednimas de unos 8\u00baC por encima de 1.500 metros y m\u00e1ximas alrededor de los 20\u00baC a esa misma altitud.<\/p>\n<p>P.- Hola Florenci, me gustaria saber si de una vez por todas se va estabilizar el tiempo en Asturias y el norte, ya que no acabamos de ver el sol por aqu\u00ed. Un saludo y gracias.<\/p>\n<p>R.- S\u00ed, habr\u00e1 una pausa en las lluvias coincidiendo con el fin de semana. M\u00e1ximas de 25\u00baC. Pero a partir del martes, aumento de la nubosidad, nuevas lluvias y bajada de temperaturas con m\u00e1ximas inferiores a 19\u00baC.<\/p>\n<p>P.- \u00bfQu\u00e9 tiempo har\u00e1 en Almer\u00eda la pr\u00f3xima semana? Quiero ir, pero me agobia el calor<\/p>\n<p>R.- Pues a partir del martes empezar\u00e1n a bajar las temperaturas. Un descenso no tan acusado como en otros puntos del pa\u00eds, pero que har\u00e1 que el calor sea soportable all\u00ed. Cielo poco nuboso. <\/p>\n<p>P.- El domingo quiero ver el partido con los amigos en la terraza de casa, \u00bfsabes si va a llover en Asturias?<\/p>\n<p>R.- Hola, Santi: creo que no, la probabilidad es muy baja. Cielo variable, 25\u00baC. Puxa Espa\u00f1a! (se dice as\u00ed, no?) <\/p>\n<p>P.- \u00bfEl verano va a ser caluroso o m\u00e1s bien flojo como el del a\u00f1o pasado?<\/p>\n<p>R.- Hola, Girona: Seg\u00fan la AEMET, algo m\u00e1s c\u00e1lido en el sur y el Mediterr\u00e1neo y algo m\u00e1s seco por el norte. Veremos. <\/p>\n<p>P.- \u00bfA qu\u00e9 hora del d\u00eda, que no sea la noche porque no puedo, me recomendar\u00edas hacer deporte cuando hace mucho calor?<\/p>\n<p>R.- Siempre un poco despu\u00e9s del amanecer. Es el momento en el que suele registrarse la temperatura m\u00ednima del d\u00eda. Si no puedes a esa hora, un poco antes de la puesta de sol en zonas costeras o en valles de monta\u00f1a, pues el mecanismo de brisa en d\u00edas tranquilos suele refrescar algo el ambiente. Todo lo contrario en zonas alejadas del mar: el calor persiste unas cuantas horas tras la puesta del sol. <\/p>\n<p>P.- Hola Florency! \u00bfQu\u00e9 tiempo nos espera en Santander este Domingo, que tenemos que celebrar las fiestas de San Pedro? Gracias.<\/p>\n<p>R.- Hola Florency! \u00bfQu\u00e9 tiempo nos espera en Santander este Domingo, que tenemos que celebrar las fiestas de San Pedro? Gracias.<\/p>\n<p>P.- \u00bfVa a llover este verano?<\/p>\n<p>R.- Hola, Teresa&#8230; Espero que s\u00ed. Mira: la pr\u00f3xima semana lo har\u00e1 en toda la mitad norte, con nuevas tormentas y descenso de temperaturas. Lo que no puedo asegurarte es que ese tipo de situaciones vaya a darse en m\u00e1s ocasiones a lo largo del verano. Saludos<\/p>\n","protected":false},"excerpt":{"rendered":"<p>Florenci Rey, meteor\u00f3logo de la Cadena SER, ha charlado con los oyentes sobre el tiempo que nos espera este fin de semana y las previsiones para este verano.<\/p>\n","protected":false},"author":1,"featured_media":0,"comment_status":"open","ping_status":"open","sticky":false,"template":"","format":"standard","meta":{"footnotes":""},"categories":[],"tags":[],"class_list":["post-2101","post","type-post","status-publish","format-standard","hentry"],"_links":{"self":[{"href":"https:\/\/intervius.com\/index.html\/wp-json\/wp\/v2\/posts\/2101","targetHints":{"allow":["GET"]}}],"collection":[{"href":"https:\/\/intervius.com\/index.html\/wp-json\/wp\/v2\/posts"}],"about":[{"href":"https:\/\/intervius.com\/index.html\/wp-json\/wp\/v2\/types\/post"}],"author":[{"embeddable":true,"href":"https:\/\/intervius.com\/index.html\/wp-json\/wp\/v2\/users\/1"}],"replies":[{"embeddable":true,"href":"https:\/\/intervius.com\/index.html\/wp-json\/wp\/v2\/comments?post=2101"}],"version-history":[{"count":0,"href":"https:\/\/intervius.com\/index.html\/wp-json\/wp\/v2\/posts\/2101\/revisions"}],"wp:attachment":[{"href":"https:\/\/intervius.com\/index.html\/wp-json\/wp\/v2\/media?parent=2101"}],"wp:term":[{"taxonomy":"category","embeddable":true,"href":"https:\/\/intervius.com\/index.html\/wp-json\/wp\/v2\/categories?post=2101"},{"taxonomy":"post_tag","embeddable":true,"href":"https:\/\/intervius.com\/index.html\/wp-json\/wp\/v2\/tags?post=2101"}],"curies":[{"name":"wp","href":"https:\/\/api.w.org\/{rel}","templated":true}]}}