{"id":2088,"date":"2008-06-25T00:00:00","date_gmt":"2006-11-06T00:00:00","guid":{"rendered":"https:\/\/intervius.com\/index.html\/?p=2088"},"modified":"2006-11-06T00:00:00","modified_gmt":"2006-11-06T00:00:00","slug":"Fernando_Colomo2088","status":"publish","type":"post","link":"https:\/\/intervius.com\/index.html\/Fernando_Colomo2088\/","title":{"rendered":"Fernando Colomo"},"content":{"rendered":"<p>Pregunta.- \u00bfMe podr\u00eda compartir sus impresiones de su \u00faltimo viaje a la India? Gracias por su atenci\u00f3n.<\/p>\n<p>Respuesta.- Buenas tardes a todos&#8230;el viaje fue en marzo, estuve dos semanas rodando un documental cerca de Bombay, en el que hice de director de fotograf\u00eda. El equipo t\u00e9cnico lo completaba mi hijo que llevaba el sonido. Me dio la oportunidad de conocer bastante a fondo toda la zona, de entrar en las casas y grabar hasta los m\u00e1s m\u00ednimos detalles. El regreso a Madrid fue un aut\u00e9ntico &#8220;shock&#8221;.<\/p>\n<p>P.- \u00bfQu\u00e9 quiere contar en Rivales?<\/p>\n<p>R.- Gracias, Nuria. He querido hablar sobre todo de la rivalidad, en el sentido menos deportivo de la palabra, de c\u00f3mo nos planteamos la vida como una rivalidad, un enfrentamiento contra alguien. <\/p>\n<p>P.- Creo que no ha sido suficientemente reconocida su labor como productor de directores noveles, pero \u00faltimamente parece haberse desmarcado de esa faceta, \u00bfno ve en el cortometraje espa\u00f1ol que funciona muy bien en los festivales internacionales, un potencial tan evidente como el de hace a\u00f1os? Soy un fan\u00e1tico de Alegre ma non troppo. Es una maravilla<\/p>\n<p>R.- Gracias, David. Estamos delante de un p\u00f3ster maravilloso de Allegre ma non troppo&#8230; pel\u00edcula a la que, a pesar de ser m\u00eda, le tengo cari\u00f1o. Actualmente es muy complicado producir a nuevos realizadores, pr\u00e1cticamente imposible. En este sentido he tirado la toalla, con gran pena. Soy consciente que el cortometraje espa\u00f1ol vive quiz\u00e1s su mejor momento. Ser\u00eda una pena que toda esa gente estupenda no diera el salto al largometraje. Pero mis posibilidades econ\u00f3micas son m\u00ednimas.<\/p>\n<p>P.- Hola Fernando&#8230; \u00bfqu\u00e9 tipo de cine te gusta ver cuando est\u00e1s en tus ratos de ocio?<\/p>\n<p>R.- Hola, Shaky. Me encanta el cine independiente americano, Little Miss Sunshine, La familia Savages, Una historia de Brooklyn. Y tambi\u00e9n me interesa el nuevo cine espa\u00f1ol, (Nacho Vigalondo, I\u00f1aki Dorronsoro (la distancia)&#8230;<\/p>\n<p>P.- Hola Fernando, queria decirte que soy un gran cin\u00e9filo que no se para de llevar decepciones con el cine espa\u00f1ol. Es por esto por lo que quer\u00eda decirte que &#8220;La l\u00ednea del cielo&#8221; es una pel\u00edcula con la que me llev\u00e9 una gran sorpresa, me parece la gran obra maestra incomprendida del cine espa\u00f1ol, jam\u00e1s he visto una pel\u00edcula m\u00e1s realista y natural saliendo de este pa\u00eds. \u00bfCrees que recibiste el debido reconocimiento por esta pel\u00edcula? \u00bfQu\u00e9 recuerdos tienes de ella?<\/p>\n<p>R.- Has tocado mi fibra sensible. La l\u00ednea del cielo se rod\u00f3 con cinco personas de equipo t\u00e9cnico y una (Resines) de equipo art\u00edstico. En realidad era un docudrama, nosotros la llam\u00e1bamos &#8220;docucomedia&#8221; y su producci\u00f3n, gui\u00f3n y desarrollo no tiene nada que ver con el resto de mis pel\u00edculas. Personalmente, es la que m\u00e1s me gusta. Aconsejo recuperar el DVD, una secci\u00f3n en la que Resines y yo comentamos la pel\u00edcula y la experiencia.<\/p>\n<p>P.- \u00bfDe cu\u00e1l de tus pel\u00edculas te sientes m\u00e1s orgulloso? Gracias!<\/p>\n<p>R.- La citada L\u00ednea del cielo&#8230; Allegre ma non troppo y Al sur de granada&#8230;<\/p>\n<p>P.- \u00bfQui\u00e9n es su mayor rival?<\/p>\n<p>R.- Yo mismo. He le\u00eddo muchos libros de autoayuda \u00faltimamente. <\/p>\n<p>P.- En la p\u00e1gina de la peli tienes una divisi\u00f3n entre Madrid y Bar\u00e7a, \u00bfcu\u00e1l es tu equipo? \u00bfCrees que Espa\u00f1a ganar\u00e1 el jueves a Rusia?<\/p>\n<p>R.- Mi equipo es el Real Madrid, aunque me hubiera gustado que el Getafe ganara la liga. El jueves puede pasar de todo. Sobre todo, despu\u00e9s del partido.<\/p>\n<p>P.- \u00bfPor qu\u00e9 crees que en Espa\u00f1a la mayor\u00eda de gente piensa que el cine espa\u00f1ol no merece la pena? Gracias<\/p>\n<p>R.- Rub\u00e9n, no nos pasa s\u00f3lo con el cine. Nos pasa con casi todo lo nuestro, tenemos tendencia a menospreciarnos y solamente cuando somos reconocidos fuera somos capaces de reconocernos dentro. Te dir\u00e9 que cada vez que voy a un festival fuera de Espa\u00f1a descubro que el cine espa\u00f1ol es &#8220;lo m\u00e1s&#8221; en todo el mundo.<\/p>\n<p>P.- Hola Fernando! Hacia mucho tiempo que no se sab\u00eda nada de ti y ya es hora de que volvieras. Una pregunta, de que depende en tu caso la selecci\u00f3n de los actores, \u00bftienes mucha presi\u00f3n del productor, que quiere caras conocidas para afianzar el producto, lo dejas en manos del dire de casting o tomas tu las decisiones? Yo soy actriz, tengo mucha ilusi\u00f3n pero es muy dif\u00edcil que te den una oportunidad si no eres conocido. Hace unos meses te mande mi videobook, si tienes un ratito echale un vistazo. <\/p>\n<p>R.- Marta, te prometo echar un vistazo enseguida a tu book. Aseg\u00farate por favor que lo has enviado a nuestra productora. En el caso de RIVALES, la mayor\u00eda de los actores se decid\u00edan al escribir el gui\u00f3n. Los productores no me han agobiado en absoluto (dado que a ellos tambi\u00e9n les gustaba el reparto, adem\u00e1s he trabajado con Laura Cepeda para poner encima de la mesa diversas opciones en el caso de actores menos conocidos). <\/p>\n<p>P.- Hola Fernando, me encantan tus pel\u00edculas. Las he visto casi todas y Rivales la ir\u00e9 a ver al cine este fin de semana. He le\u00eddo que tambi\u00e9n sueles rodar anuncios de televisi\u00f3n, \u00bfqu\u00e9 tal es la experiencia? \u00bfy qu\u00e9 anuncios has rodado? Muchas gracias<\/p>\n<p>R.- \u00daltimamente he rodado la campa\u00f1a de L\u00ednea directa, con el Grupo Yllana y me lo he pasado muy bien. Tambi\u00e9n he hecho unos cuantos &#8220;Carrefours&#8221;. La experiencia es muy interesante porque no tienes la presi\u00f3n del cine (estrenos, cr\u00edticas, taquilla). Gracias por ser tan incondicional, espero que te guste la peli.<\/p>\n<p>P.- Hola Fernando, en primer lugar decirle lo mucho que he disfrutado de su cine. Imagino que no podr\u00e1 contestar con total sinceridad a mi pregunta pero aun as\u00ed: \u00bfha tenido que recurrir al tema del f\u00fatbol, un a\u00f1o de Eurocopa, por designios de la producci\u00f3n? Muchos pensamos que es as\u00ed, aunque seguro que el tema se salva muy dignimanete gracias a su trabajo y al del gran Oristrell. Un saludo y gracias<\/p>\n<p>R.- La verdad es que no sab\u00eda ni de la existencia de la Eurocopa. Me interesaba m\u00e1s el tema Madrid- Barcelona, y en este caso el futbol era un elemento obligado. Un abrazo.<\/p>\n<p>P.- \u00bfQu\u00e9 es lo m\u00e1s dif\u00edcil de reflejar en el cine de las relaciones personales? <\/p>\n<p>R.- Lo m\u00e1s dif\u00edcil es contestar a esta pregunta. Es algo que se plantea en el gui\u00f3n y que se resuelve con los actores y con la situaci\u00f3n de la c\u00e1mara. <\/p>\n<p>P.- Hola Fernando, veo que aparte de hacer pel\u00edculas (que me encantan), est\u00e1s comprometido en otras causas, como por ejmplo la historia de los bangladesh\u00edes que huyeron del CETI de Ceuta. Ha sido un caso muy sonado, que s\u00e9 por un amigo, y me gustar\u00eda que me contaras de este tipo de iniciativas, \u00bfqu\u00e9 te mueve aparte del cine\/o a a la vez que el cine? Gracias. Un abrazo<\/p>\n<p>R.- Pienso que los directores tenemos la oportunidad de utilizar nuestra experiencia para apoyar casos de ayuda humanitaria. Este a\u00f1o me he visto envuelto en varios proyectos de este tipo, y siempre son muy estimulantes. <\/p>\n<p>P.- Hola Fernando, \u00bfc\u00f3mo ha sido el rodaje de esta pel\u00edcula? \u00bfpuedes contarnos alguna an\u00e9cdota de esta peli o de alguna otra que hayas rodado?<\/p>\n<p>R.- Con Rosa Sard\u00e0 nos tronch\u00e1bamos porque su personaje monta un especial &#8220;pollo&#8221; en el puente a\u00e9reo. Y ensayaba los di\u00e1logos todas las semanas cuando iba, regresaba a Barcelona con los incautos funcionarios. Cosas como &#8220;ay, ahora todos somos sospechosos&#8221; (por lo de las medidas de seguridad). No os la perd\u00e1is en la peli. <\/p>\n<p>P.- \u00bfQu\u00e9 consejo podr\u00edas dar a un estudiante de cine para poder entrar en la c\u00e1mara acorazada que es esta industria?<\/p>\n<p>R.- Tienes que hacer como en el caballo de Troya&#8230; rodar por tu cuenta y esperar que produzca los efectos deseados en la industria. La otra f\u00f3rmula es entrar de meritorio en las pel\u00edculas, aunque soy consciente que hay muchas peticiones. <\/p>\n<p>P.- Buenas tardes Fernando! \u00bfQu\u00e9 pel\u00edcula recuerdas con m\u00e1s cari\u00f1o y por qu\u00e9?<\/p>\n<p>R.- Si te refieres a las m\u00edas, ya he dicho que La l\u00ednea del cielo&#8230; De otros directores la que m\u00e1s influencia ejerci\u00f3 en m\u00ed fue Los 400 golpes de F. Truffaud. Mil gracias. <\/p>\n<p>P.- \u00bfEst\u00e1 harto de tanta competitividad en la sociedad?<\/p>\n<p>R.- S\u00ed, la vida se ha transformado en una batalla continua, existe mucho stress, y mucha agresividad, sobre todo&#8230;<\/p>\n<p>P.- \u00bfQu\u00e9 puede decirme para convencerme de que vaya a ver su nueva pel\u00edcula?<\/p>\n<p>R.- No te arrepentir\u00e1s, te lo garantizo. Palabra de Colomo. <\/p>\n<p>P.- \u00bfQu\u00e9 tiene el f\u00fatbol que mueve tantas pasiones? Se est\u00e1 viendo estos d\u00edas con la Eurocopa, pero tambi\u00e9n se ve muchas veces en los partidos de ni\u00f1os.<\/p>\n<p>R.- Creo que necesitamos sentirnos &#8220;uno&#8221; en el campo de f\u00fatbol, ya que en la calle somos tantos&#8230;<\/p>\n<p>P.- \u00bfQu\u00e9 har\u00eda si Espa\u00f1a ganara la Eurocopa? Por cierto, Rivales tiene pinta de ser una pel\u00edcula divertida&#8230; \u00bfqu\u00e9 tipo de humor es el que m\u00e1s le gusta?<\/p>\n<p>R.- Encerrarme en casa y no salir en varios d\u00edas, me podr\u00eda pasar cualquier cosa. En cuanto a Rivales, te garantizo que es muy divertida. El tipo de humor que me interesa es el que no intenta ser gracioso ni simp\u00e1tico. un abrazo. <\/p>\n<p>P.- Hola Fernando, \u00bfte animar\u00edas a hacer una pel\u00edcula en plan musical? \u00bfQu\u00e9 tipo de m\u00fasica le pondr\u00edas?<\/p>\n<p>R.- Me encantar\u00eda poder hacer una pel\u00edcula musical. Mi segunda pel\u00edcula favorita es &#8220;Cantando bajo la lluvia&#8221;, me gustar\u00eda poderle poner m\u00fasica a los Beatles. Gracias, Carola. <\/p>\n<p>P.- Me ha encantado el cartel de la peli, \u00bfc\u00f3mo lo hab\u00e9is hecho?<\/p>\n<p>R.- Me alegro que te guste&#8230;Es una empresa que se llama shackelton, nos hicieron varias propuestas y \u00e9sta nos encant\u00f3. A los actores les ha gustado mucho, s\u00f3lo te digo que Kira Mir\u00f3 y Goya Toledo se lo han pedido para casa. <\/p>\n<p>P.- \u00bfNo es tiempo ya de que en el cine espa\u00f1ol dejen de verse tetas y culos y culos y tetas? \u00bfNo pas\u00f3 ya ese momento hace m\u00e1s de 20 a\u00f1os? Sois muy aburridos. Se le echa la culpa al cine americano de que no haya espectadores, pero si la oferta es la de hace dos d\u00e9cadas \u00bfNo crees que es un cine un poco &#8220;paleto&#8221; el que se hace en Espa\u00f1a?<\/p>\n<p>R.- Si ves RIVALES descubrir\u00e1s que apenas hay tetas y culos. Hay piernas y muchas patadas. <\/p>\n<p>P.- Me ha encantado la p\u00e1gina web de la peli, est\u00e1 muy currada. \u00bfC\u00f3mo se os ocurri\u00f3 hacer dos partes para que seg\u00fan seas del Barcelona o del Madrid vayas a un lado u otro? Felicidades por la pel\u00edcula!<\/p>\n<p>R.- Al equipo de la peli nos encantaba la idea de dualidad, de competencia, de marcar la procedencia&#8230;es algo que da mucho juego. La web ha tenido miles de visitas, espero que sigan. Muchas gracias, \u00bfdesde d\u00f3nde has entrado t\u00fa?<\/p>\n","protected":false},"excerpt":{"rendered":"<p>El director de cine regresa a la gran pantalla el viernes 27 con Rivales, un filme que no s\u00f3lo habla de dos equipos infantiles de Madrid y Barcelona que compiten por ganar un partido, sino la rivalidad entre padres e hijos, matrimonios y todo ello de camino a Sevilla. Fernando Colomo, con m\u00e1s de veinte pel\u00edculas a sus espaldas, se consagr\u00f3 en el cine gracias a su segunda obra \u00bfQu\u00e9 hace una chica como t\u00fa en un sitio como este?, aunque destaca tambi\u00e9n por pel\u00edculas posteriores en las que la memoria hist\u00f3rica se mezcla con humor y cinismo y algunas series de televisi\u00f3n. El guionista madrile\u00f1o ha charlado con los lectores de esta pel\u00edcula y sobre sus pr\u00f3ximos proyectos.<br \/>\nFernando Colomo, en lalistaWIP.com<\/p>\n","protected":false},"author":1,"featured_media":0,"comment_status":"open","ping_status":"open","sticky":false,"template":"","format":"standard","meta":{"footnotes":""},"categories":[],"tags":[],"class_list":["post-2088","post","type-post","status-publish","format-standard","hentry"],"_links":{"self":[{"href":"https:\/\/intervius.com\/index.html\/wp-json\/wp\/v2\/posts\/2088","targetHints":{"allow":["GET"]}}],"collection":[{"href":"https:\/\/intervius.com\/index.html\/wp-json\/wp\/v2\/posts"}],"about":[{"href":"https:\/\/intervius.com\/index.html\/wp-json\/wp\/v2\/types\/post"}],"author":[{"embeddable":true,"href":"https:\/\/intervius.com\/index.html\/wp-json\/wp\/v2\/users\/1"}],"replies":[{"embeddable":true,"href":"https:\/\/intervius.com\/index.html\/wp-json\/wp\/v2\/comments?post=2088"}],"version-history":[{"count":0,"href":"https:\/\/intervius.com\/index.html\/wp-json\/wp\/v2\/posts\/2088\/revisions"}],"wp:attachment":[{"href":"https:\/\/intervius.com\/index.html\/wp-json\/wp\/v2\/media?parent=2088"}],"wp:term":[{"taxonomy":"category","embeddable":true,"href":"https:\/\/intervius.com\/index.html\/wp-json\/wp\/v2\/categories?post=2088"},{"taxonomy":"post_tag","embeddable":true,"href":"https:\/\/intervius.com\/index.html\/wp-json\/wp\/v2\/tags?post=2088"}],"curies":[{"name":"wp","href":"https:\/\/api.w.org\/{rel}","templated":true}]}}