{"id":2079,"date":"2008-06-24T00:00:00","date_gmt":"2006-11-06T00:00:00","guid":{"rendered":"https:\/\/intervius.com\/index.html\/?p=2079"},"modified":"2006-11-06T00:00:00","modified_gmt":"2006-11-06T00:00:00","slug":"Albert_Pla2079","status":"publish","type":"post","link":"https:\/\/intervius.com\/index.html\/Albert_Pla2079\/","title":{"rendered":"Albert Pl\u00e1"},"content":{"rendered":"<p>Pregunta.- Te v\u00ed en un concierto, me gust\u00f3, en el Galileo Galilei de Madrid, con un guitarrista muy bueno. Pero, despu\u00e9s de oir alguno de tus discos, me sorprendi\u00f3 que susurraras las canciones en vez de cantarlas. \u00bfPor qu\u00e9? \u00bfBuscas un ambiente m\u00e1s \u00edntimo en tus conciertos? <\/p>\n<p>Respuesta.- No, hago lo que buenamente puedo, en los discos y en el directo. <\/p>\n<p>P.- \u00bfVives donde te gustar\u00eda vivir?<\/p>\n<p>R.- S\u00ed. <\/p>\n<p>P.- Albert, \u00bfcomo ves a la Catalu\u00f1a actual? \u00bfte interesa la pol\u00edtica de aqu\u00ed?<\/p>\n<p>R.- No, no s\u00e9. <\/p>\n<p>P.- Hola Albert. Me encantan tus letras y me pregunto si lees mucho, si tienes un libro favorito, y en ese caso, cu\u00e1l es (si es confesable). Gracias por tu m\u00fasica<\/p>\n<p>R.- No, no leo mucho, y no tengo libro preferido. <\/p>\n<p>P.- A m\u00ed me consta que Javier Krahe admira su trabajo. \u00bfQu\u00e9 piensa usted de \u00e9l?.\u00bfCoincide conmigo en que haciendo canciones es una maravilla? Para m\u00ed, Tiene una gran calidad y honestidad en cada trabajo.<\/p>\n<p>R.- S\u00ed, es un m\u00e1quina, es mi preferido. <\/p>\n<p>P.- \u00bfCu\u00e1l es tu droga mas dura?<\/p>\n<p>R.- Las entrevistas. <\/p>\n<p>P.- Hola Albert! \u00bfEn qu\u00e9 andas ahora? Un abrazo y suerte<\/p>\n<p>R.- Ando dando curvas, pero recto. <\/p>\n<p>P.- Hola Albert. \u00bfRetomar\u00e1s los conciertos en el Teatre Lliure de Barcelona? Espero que s\u00ed. <\/p>\n<p>R.- S\u00ed, lo retomamos, pero lo haremos en enero, creo, lo hemos retrasado medio a\u00f1o. <\/p>\n<p>P.- \u00bfQu\u00e9 opinas sobre la pirater\u00eda en la m\u00fasica?<\/p>\n<p>R.- Nada, ni me va ni me viene. <\/p>\n<p>P.- Bon d\u00eda, Albert. Me gustar\u00eda preguntarte qu\u00e9 significa para ti la canci\u00f3n &#8220;Soy rebelde&#8221;. Records a laurelio.<\/p>\n<p>R.- Uno de mis miedos de peque\u00f1o. <\/p>\n<p>P.- \u00bfPara cu\u00e1ndo un nuevo disco?<\/p>\n<p>R.- Para octubre. <\/p>\n<p>P.- \u00bfPrefieres actuar en salas peque\u00f1as o en grandes festivales?<\/p>\n<p>R.- En salas peque\u00f1as. <\/p>\n<p>P.- Que opinas de la sgae, de Teddy Bautista, Ramonc\u00edn y compa\u00f1\u00eda<\/p>\n<p>R.- No s\u00e9, hacen otro oficio diferente al m\u00edo. <\/p>\n<p>P.- En cuanto a la pirateria, \u00bfcrees que es una soluci\u00f3n lo del canon digital?<\/p>\n<p>R.- Ya he dicho antes que no veo ning\u00fan problema. <\/p>\n<p>P.- Buenas sr. Pla, vamos al Derrame Rock y te veremos el s\u00e1bado. Estamos contentos de que est\u00e9s en el cartel!<\/p>\n<p>R.- Yo tambi\u00e9n estoy muy contento de que est\u00e9is vosotros. <\/p>\n<p>P.- En el lado salvaje de la vida, \u00bferes actor o espectador?<\/p>\n<p>R.- Un rato de cada, a veces pagas, a veces cobras. <\/p>\n<p>P.- Albert, te dejas ver poco por Alburquerque. \u00bfpara cuando una actuaci\u00f3n en Extremadura?. Un abrazo.<\/p>\n<p>R.- Para cuando quer\u00e1is vosotros, yo la har\u00eda ma\u00f1ana. <\/p>\n<p>P.- Si te dieran la oportunidad de cambiar el mundo. \u00bfPor d\u00f3nde empezar\u00edas?<\/p>\n<p>R.- Por m\u00ed. <\/p>\n<p>P.- Hola Albert: No conozco toda tu m\u00fasica, ni tengo tus discos, s\u00f3lo de lradio 3. Recuerdo en una ocasi\u00f3n conduciendo, Pau-Madrid, cruzando pirineos, que te entrevistaban, actuabas en el Alfil, y pusieron un disco tuyo entero, tengo unida tu m\u00fasica a quel paisaje de finales de oto\u00f1o. Me llam\u00f3 la atenci\u00f3n una nana a tu camello, \u00bfMe puedes decir algo m\u00e1s de esa canci\u00f3n? saludos y suerte, un beso<\/p>\n<p>R.- Nada, que es muy bonito escuchar m\u00fasica en el coche. Es una canci\u00f3n de un poema de Pepe Sales, que le puse m\u00fasica con Judit. <\/p>\n<p>P.- \u00bfTienes pensado volver a actuar en alguna peli? \u00bfTienes alguna oferta para hacerlo?<\/p>\n<p>R.- S\u00ed, seguro. <\/p>\n<p>P.- \u00bfCu\u00e1l crees que ha sido tu mejor concierto?<\/p>\n<p>R.- Ah\u00ed va, no lo s\u00e9, no creo que los conciertos sa valoren as\u00ed, en buenos y malos. <\/p>\n<p>P.- Gracias por tu sensibilidad Albert, tus letras generan un sin fin de sensaciones&#8230; \u00bfqu\u00e9 m\u00fasica sueles escuchar \u00faltimamente? \u00bfHay alg\u00fan grupo que te haya impactado recientemente?<\/p>\n<p>R.- No. Escucho la m\u00fasica que me prestan los amigos. <\/p>\n<p>P.- \u00bfSueles tener problemas con la censura?<\/p>\n<p>R.- Alguna vez. <\/p>\n<p>P.- A toro pasao, qu\u00e9 te pareci\u00f3 el chiquilicuatre?<\/p>\n<p>R.- He tenido la suerte de no enterarme de qui\u00e9n es, estaba fuera. <\/p>\n<p>P.- \u00bfMonarqu\u00eda o rep\u00fablica?<\/p>\n<p>R.- Yo? Todos muertos. <\/p>\n<p>P.- \u00bf Qu\u00e9 es para ti la iron\u00eda y el sentido del humor?<\/p>\n<p>R.- No lo s\u00e9. <\/p>\n<p>P.- Cu\u00e9ntate un cuento cortito&#8230;<\/p>\n<p>R.- Hola, nudo, adi\u00f3s<\/p>\n<p>P.- \u00bfSe es mas artista llevando una vida de artista? <\/p>\n<p>R.- No s\u00e9 lo que es llevar una vida de artista. <\/p>\n<p>P.- un m\u00fasico vende discos o da conciertos? Cantas en castellano para vender m\u00e1s, o es que te identificas con los espa\u00f1ol? <\/p>\n<p>R.- No, hay que vender discos y hacer conciertos, aunque para m\u00ed lo mejor es hacer conciertos, es mi rutina. <\/p>\n<p>P.- Dentro de tu ya larga trayectoria,\u00bfcual el valor mas positivo que te ha aportado la m\u00fasica y cual crees tu que con ella has aportado a la gente que te escucha?<\/p>\n<p>R.- Dentro de tu ya larga trayectoria,\u00bfcual el valor mas positivo que te ha aportado la m\u00fasica y cual crees tu que con ella has aportado a la gente que te escucha?<\/p>\n<p>P.- hola artista, d\u00f3nde te encuentras m\u00e1s a gusto en teatro o festival? gracias por tu arte<\/p>\n<p>R.- En teatro. <\/p>\n<p>P.- Tu m\u00fasica provoca debate, \u00bfCu\u00e1l es tu punto de vista, y por qu\u00e9 haces ese tipo de letras?<\/p>\n<p>R.- Porque es la letra que me sale, la verdad. <\/p>\n<p>P.- \u00bfQu\u00e9 opinas del panorama musical actual en Espa\u00f1a? \u00bfCrees que se promociona suficientemente a nuevos grupos, o que s\u00f3lo se buscan cosas de usar y tirar, que no permanecen?<\/p>\n<p>R.- Bueno, siempre se ha hecho as\u00ed, de usar y tirar. <\/p>\n<p>P.- Para cuando tocar por Bilbo. Saludos!!!<\/p>\n<p>R.- Creo que en agosto. Me lo acaban de decir ahora mismo. <\/p>\n<p>P.- \u00bfprefieres ecribir una buena cancion o pegarte una buena juerga?<\/p>\n<p>R.- Hombre, pegarse una buena juerga despu\u00e9s de haber hecho una buena canci\u00f3n. <\/p>\n<p>P.- En tus canciones cuentas historias que despues reflejas e tus conciertos \u00bfcuando las tocas actuas sobre ellas?<\/p>\n<p>R.- No, cuando act\u00fao intento explicarme<\/p>\n<p>P.- te gustan los gorriones? <\/p>\n<p>R.- S\u00ed<\/p>\n","protected":false},"excerpt":{"rendered":"<p>Albert Pl\u00e1 es uno de los m\u00fasicos m\u00e1s controvertidos de la escena musical de nuestro pa\u00eds. Desde el lanzamiento de su primer disco, all\u00e1 por 1989, el catal\u00e1n ha creado ocho trabajos tanto en catal\u00e1n como en castellano, en los que mezcla la rumba con su peculiar sentido del humor y la iron\u00eda. El m\u00fasico, que adem\u00e1s ha participado como actor en varias pel\u00edculas, ha charlado con los lectores coincidiendo con su actuaci\u00f3n en el Festival Vi\u00f1a, que se celebra este fin de semana en Paiporta.<\/p>\n","protected":false},"author":1,"featured_media":0,"comment_status":"open","ping_status":"open","sticky":false,"template":"","format":"standard","meta":{"footnotes":""},"categories":[],"tags":[],"class_list":["post-2079","post","type-post","status-publish","format-standard","hentry"],"_links":{"self":[{"href":"https:\/\/intervius.com\/index.html\/wp-json\/wp\/v2\/posts\/2079","targetHints":{"allow":["GET"]}}],"collection":[{"href":"https:\/\/intervius.com\/index.html\/wp-json\/wp\/v2\/posts"}],"about":[{"href":"https:\/\/intervius.com\/index.html\/wp-json\/wp\/v2\/types\/post"}],"author":[{"embeddable":true,"href":"https:\/\/intervius.com\/index.html\/wp-json\/wp\/v2\/users\/1"}],"replies":[{"embeddable":true,"href":"https:\/\/intervius.com\/index.html\/wp-json\/wp\/v2\/comments?post=2079"}],"version-history":[{"count":0,"href":"https:\/\/intervius.com\/index.html\/wp-json\/wp\/v2\/posts\/2079\/revisions"}],"wp:attachment":[{"href":"https:\/\/intervius.com\/index.html\/wp-json\/wp\/v2\/media?parent=2079"}],"wp:term":[{"taxonomy":"category","embeddable":true,"href":"https:\/\/intervius.com\/index.html\/wp-json\/wp\/v2\/categories?post=2079"},{"taxonomy":"post_tag","embeddable":true,"href":"https:\/\/intervius.com\/index.html\/wp-json\/wp\/v2\/tags?post=2079"}],"curies":[{"name":"wp","href":"https:\/\/api.w.org\/{rel}","templated":true}]}}