{"id":2068,"date":"2008-06-24T00:00:00","date_gmt":"2006-11-06T00:00:00","guid":{"rendered":"https:\/\/intervius.com\/index.html\/?p=2068"},"modified":"2006-11-06T00:00:00","modified_gmt":"2006-11-06T00:00:00","slug":"Antonio_Basagoiti2068","status":"publish","type":"post","link":"https:\/\/intervius.com\/index.html\/Antonio_Basagoiti2068\/","title":{"rendered":"Antonio Basagoiti"},"content":{"rendered":"<p>Pregunta.- Tengo la impresi\u00f3n de que con lo del euskera se ha cometido una aut\u00e9ntica bestialidad, pretendiendo &#8220;normalizar&#8221; a la mayor\u00eda de la poblaci\u00f3n, ese ochenta por ciento &#8220;anormal&#8221; que no lo hablaba ni siquiera entend\u00eda all\u00e1 a finales de los ochenta, a costa de una minor\u00eda, &#8220;la normal&#8221;, la fiel al nacionalismo. Todo ello adem\u00e1s, a costa de la salud mental de una gran cantidad de maestros que se vieron obligados a dar clases en una lengua que no es la suya. \u00bfQu\u00e9 har\u00e1n ustedes?<\/p>\n<p>Respuesta.- Entiendo que el euskera, siendo un patrimonio del Pa\u00eds Vasco, lo han convertido en un elemento de discriminaci\u00f3n y adoctrinamiento. Yo quiero defender la libertad de los ciudadanos para elegir la lengua en la que quieran hablar y valorar a las personas por su capacidad y no por el euskera.<\/p>\n<p>P.- Sr. Basagoiti, \u00bfparticipar\u00e1 el PP vasco en una posible reforma del estatuto en la que presumiblemente se reconozca la realidad nacional del pueblo vasco, as\u00ed como la posible actualizaci\u00f3n de los derechos forales, ll\u00e1mese territorialidad o libre decisi\u00f3n, o por el contrario, su postura vendr\u00e1 determinada por la decisi\u00f3n de ETA de poner fin a la violencia? Gracias.<\/p>\n<p>R.- S\u00f3lo participar\u00eda en una reforma del Estatuto que estuviese enfocada para mejorar la calidad de vida de los ciudadanos y que contribuyera a resolver sus problemas. Lo que plantea el PNV s\u00f3lo es un paso hacia la independencia y lo que plantea el PSE es s\u00f3lo un intento por saciar al nacionalismo. Por lo tanto, lo que se habla del Estatuto vasco tiene sus prioridades desenfocadas, y a eso yo no voy a jugar.<\/p>\n<p>P.- Hola. Me gustar\u00eda saber cu\u00e1les seran sus nuevos retos para el Pa\u00eds Vasco y si cree que el las pr\u00f3ximas auton\u00f3micas pueden verse beneficiados por los altibajos del PNV. Gracias.<\/p>\n<p>R.- Los retos que tiene el PP vasco, y los que yo afrontar\u00e9 si soy elegido presidente, son que una mayor\u00eda de vascos respalde nuestros valores, que se pueden resumir en la Defensa de las Libertades. No es f\u00e1cil nuestra posici\u00f3n de cara las pr\u00f3ximas elecciones auton\u00f3micas, pero yo tengo plena confianza en la sensatez de la sociedad vasca.<\/p>\n<p>P.- \u00bfpor qu\u00e9 motivos cree que se ha ido Maria San Gil ?<\/p>\n<p>R.- Ella lo ha dicho. Le torearon en la Ponencia Pol\u00edtica.<\/p>\n<p>P.- Usted escribi\u00f3 en cartas al director de El Pais que hab\u00eda que boicotear al grupo mondrag\u00f3n, en concreto mencion\u00f3 a Caja Laboral, Seguros Lagun Aro y Eroski. \u00bfSigue aconsejando lo mismo? \u00bfSigue pensando que esas entidades apoyan y son ETA?<\/p>\n<p>R.- Yo s\u00f3lo me quej\u00e9 del error de que estas entidades premiasen a una persona vinculada a la llamada izquierda abertzale.\u00e7 Quiero que las empresas vascas, y por lo tanto espa\u00f1olas, les vaya lo mejor posible.<\/p>\n<p>P.- Buenos d\u00edas se\u00f1or Basagoiti. En primer lugar, quiero aprovechar la oportunidad para transmitirle mi admiraci\u00f3n, tanto a Vd. como al resto de pol\u00edticos valientes con los que cuenta su comunidad aut\u00f3noma, espero que alg\u00fan d\u00eda se valore verdaderamente el esfuerzo que realizan por el bien com\u00fan. Me podr\u00eda decir \u00bfqu\u00e9 novedades aportar\u00e1 su presidencia, en caso de que sea elegido? Muchas gracias.<\/p>\n<p>R.- Quiero seguir mejorando. Mi propuesta es la evoluci\u00f3n con coherencia, y la clave est\u00e1 en que los vascos respalden el modelo de defensa de las libertades que el PP debe liderar.<\/p>\n<p>P.- Buenos d\u00edas Sr. Basagoiti, despu\u00e9s de la renuncia de la Sra. San Gil, \u00bfcu\u00e1l es el estado an\u00edmico en el seno de su partido en el Pa\u00eds Vasco?, \u00bfqui\u00e9n establecer\u00e1 las l\u00edneas de actuaci\u00f3n en el PP Vasco?<\/p>\n<p>R.- No voy a ocultar que hay problemas, pero tenemos que superarlos. El PP vasco no se puede permitir l\u00edos o camarillas porque lo que nos jugamos es demasiado importante. Defender las libertades a costa de mucho esfuerzo personal y ser un contrapunto al nacionalismo. Las l\u00edneas de actuaci\u00f3n del PP vasco debo establecerlas yo, si soy elegido presidente, junto con mis compa\u00f1eros del Pa\u00eds Vasco y en coordinaci\u00f3n con el PP nacional.<\/p>\n<p>P.- \u00bfSe puede decir que el PP del Pa\u00eds Vasco ha iniciado un cambio de rumbo? Si es as\u00ed, \u00bfen qu\u00e9 consiste?<\/p>\n<p>R.- El Partido Popular no va a renunciar a sus principios porque son los que nos motivan a estar en pol\u00edtica y, adem\u00e1s, se han demostrado que sus propuestas son las eficaces en asuntos tan importantes como el terrorismo. Lo \u00fanico que pretendo es hacer m\u00e1s atractivos nuestros fundamentos.<\/p>\n<p>P.- \u00bfQu\u00e9 es lo que m\u00e1s destacar\u00eda de la gesti\u00f3n hasta ahora realizada de su compa\u00f1era Mar\u00eda San Gil?<\/p>\n<p>R.- La coherencia, la convicci\u00f3n y la cercan\u00eda.<\/p>\n<p>P.- \u00bfTienen miedo a una posible escisi\u00f3n dentro del PP, formada por las voces cr\u00edticas? <\/p>\n<p>R.- Lo que temo que los l\u00edos propios del partido a nivel nacional nos acaben afectando. Aqu\u00ed no nos podemos permitir el lujo de estar descentrados porque tenemos que defender posiciones de fondo.<\/p>\n<p>P.- \u00bfHan hecho algo de autocr\u00edtica por los malos resultados obtenidos por el PP en el Pa\u00eds Vasco en las \u00faltimas auton\u00f3micas? \u00bfQu\u00e9 creen que deben cambiar para mejorar esos resultados?<\/p>\n<p>R.- Nosotros siempre hacemos autocr\u00edtica porque pretendemos mejorar y queremos que cada vez m\u00e1s ciudadanos se convenzan de nuestros planteamientos. No debemos hacerlo p\u00fablicamente, ni contar nuestra estrategia, porque eso s\u00f3lo beneficiar\u00eda a nuestros rivales.<\/p>\n<p>P.- Tras el congreso del pasado fin de semana, \u00bfcambiar\u00e1 la pol\u00edtica del PP en las CCAA? Es decir, y concretando a lo que le concierne a los populares vascos, \u00bfse seguir\u00e1 haciendo poltica de cara al resto de Espa\u00f1a dejando de la lado los intereses de los populares en esta comunidad aut\u00f3noma? Gracias<\/p>\n<p>R.- Nuestro inter\u00e9s est\u00e1 en el Pa\u00eds Vasco, y somos conscientes de que representamos a miles de vascos, pero nunca nos vamos a acomplejar de ser espa\u00f1oles y de defender que lo mejor para los vascos es los mejor tambi\u00e9n para Espa\u00f1a.<\/p>\n<p>P.- Con la nueva lnea del PP en Euskadi, \u00bfson posibles los pactos con el PNV, o lo que se busca es rascar votos a los nacionalistas buscando en los sectores m\u00e1s moderados, lejos de la l\u00ednea soberanista de Ibarretxe?<\/p>\n<p>R.- El que no es pactista es el PNV, que est\u00e1 en la independencia y que no tiene como prioridad la defensa de las libertades. Conf\u00edo en que cada vez m\u00e1s vascos respalden a un PP que soluciona problemas y no les mete en otros nuevos.<\/p>\n<p>P.- \u00bfCu\u00e1ndo se producir\u00e1 su toma de posesi\u00f3n como presidente del PP vasco? \u00bfCabe alg\u00fan otro candidato? \u00bfHabr\u00e1 primarias?<\/p>\n<p>R.- Hay convocado un congreso para los pr\u00f2ximos 11 y 12 de julio en el que qui\u00e9n quiera se puede presentar. A mi me han propuesto como candidato de consenso los presidentes de Alava y Guip\u00fazcoa. El reglamento por el que se regir\u00e1 el Congreso y la presentaci\u00f3n de candidatos ser\u00e1 el mismo que el de los \u00faltimos a\u00f1os, porque estaba convocado antes de los cambios de estatutos. Es decir, me voy a regir por las mismas normas que cuando ha sido elegido Rajoy o lo fue Aznar.<\/p>\n<p>P.- Llevo tiempo queriendo que alguien del PP me conteste sinceramente a esta pregunta: \u00bfNo cree que la irrupci\u00f3n de Rosa D\u00edez en la pol\u00edtica perjudica bastante m\u00e1s al PP que a su antiguo partido? <\/p>\n<p>R.- Es evidente que en las Generales ha tenido respaldo en los llamados feudos del PP y que le ha venido bien al PSOE. En Democrac\u00eda cualquiera tiene derecho a presentarse y a pedir el voto. Por lo tanto, mi m\u00e1ximo respeto para Diez.<\/p>\n<p>P.- \u00bfCu\u00e1l fue la conclusi\u00f3n m\u00e1s importante para usted del \u00faltimo Congreso del PP?<\/p>\n<p>R.- La conclusi\u00f3n es que el Partido Popular no se resigna a tener raz\u00f3n sobre los principales asuntos del pa\u00eds, sino que quiere convencer cada d\u00eda a mayor n\u00famero de ciudadanos.<\/p>\n<p>P.- Antonio, mucho \u00e1nimo en la nueva trayectoria que emprendes, mi pregunta es sencilla, cu\u00e1l es tu opini\u00f3n si es factible la elecci\u00f3n del candidato a lehendakari por el PP para las pr\u00f3ximas auton\u00f3micas mediante el m\u00e9todo de las primarias.<\/p>\n<p>R.- Las primarias tienen la ventaja de que pueden participar de manera m\u00e1s activa el conjunto de los militantes. Y la desventaja de que abren brechas que suelen ser aprovechadas por los rivales pol\u00edticos. Los Estatutos actuales del Partido Popular no contemplan la posibilidad de ser elegido por este sistema al candidato a Lehendakari.<\/p>\n<p>P.- \u00bfQu\u00e9 propuestas tienen para mejorar el creciente deterioro de Osakidetza y sobre todo el d\u00e9ficit de personal a nivel de Atenci\u00f3n Primaria, Pediatr\u00eda y Enfermer\u00eda?<\/p>\n<p>R.- Somos la oposici\u00f3n m\u00e1s intensa, que da alternativas, de todo el arco parlamentario vasco. La parlamentaria vasca Juana Iturmendi se dedica en cuerpo y alma a este cuesti\u00f3n. Mi prioridad es la contrataci\u00f3n de m\u00e1s personal, fij\u00e1ndome en la capacidad y no s\u00f3lo en el euskera.<\/p>\n<p>P.- Buenos d\u00edas Sr. Basagoiti, \u00bfcree que las dos partes del PP ser\u00e1n capaces de unirse y sumar esfuerzos, o m\u00e1s bien Aznar y compa\u00f1\u00eda van a seguir en la l\u00ednea marcada hasta ahora? y \u00bfapoyar\u00e1n ustedes las medidas que tome el gobierno para luchar contra el terrrorismo de ETA o depender\u00e1 de su posici\u00f3n, y si es as\u00ed, cuando est\u00e9n en el poder que tipo de pacto pedir\u00e1 para la oposici\u00f3n?<\/p>\n<p>R.- No es que seamos capaces, es que debemos remar en una s\u00f3la direcci\u00f3n para que el Pa\u00eds Vasco y tambi\u00e9n el conjunto de Espa\u00f1a tenga soluciones eficaces a los problemas que existen en nuestra sociedad. Respaldaremos las medidas antiterroristas que plante\u00e9 el Gobierno, si son tales y si es capaz de aprender de la experiencia de lo que funciona y de lo que no.<\/p>\n<p>P.- \u00bfqu\u00e9 le pareci\u00f3 que Aznar en su discurso s\u00f3lo hablar\u00e1 de Maria San Gil y se olvidar\u00e1 de los dem\u00e1s delegados del PP que est\u00e1n todo el d\u00eda con escolta? \u00bfle aplaudi\u00f3?<\/p>\n<p>R.- S\u00ed aplaud\u00ed a Aznar y me parece normal que cite a San Gil porque es un referente de todo el Partido Popular.<\/p>\n<p>P.- \u00bfcu\u00e1l es su posici\u00f3n son respecto al manifiesto de los intelectuales encabezados por Savater en defensa del uso y del derecho a la educaci\u00f3n en lengua castellana o espa\u00f1ola?<\/p>\n<p>R.- Me parece excelente. Una cosa es proteger, recordar y mantener las lenguas de los distintos lugares de Espa\u00f1a, y otra cosa diferente es eliminar el idioma castellano en el que nos entendemos todos. No comparto la pol\u00edtica de destrucci\u00f3n del espa\u00f1ol de los nacionalistas ni los complejos socialistas.<\/p>\n<p>P.- El pasado congreso, \u00bfsupone la salida definitiva de Aznar de la pol\u00edtica activa, o seguir\u00e1 mandando desde la sombra?<\/p>\n<p>R.- Supone que Aznar siempre ser\u00e1 una voz importante y cualificada en el Partido Popular, pero ahora el que dirige este partido es Mariano Rajoy.<\/p>\n<p>P.- Buenos d\u00edas, \u00bfpor qu\u00e9 cree usted que en las elecciones auton\u00f3micas hay que votar al PP y no al PSOE como cambio al nacionalismo? Gracias<\/p>\n<p>R.- Votar al Partido Popular es garant\u00eda de alternativa al proyecto nacionalista. Votar al PSE no es garant\u00eda de cambio porque no descarta pactos con el PNV de Ibarretxe.<\/p>\n<p>P.- Usted dice que el PNV no es pactista&#8230; \u00bfest\u00e1 seguro? decid eso de un partido que ha pactado con PP, PSOE, IU, EA&#8230; En fin, me parece que esa afirmaci\u00f3n es incierta, por no decir otra cosa. Pienso que esa no es una buena manera de empezar una presidencia que a\u00fan est\u00e1 en gestaci\u00f3n&#8230; Realmente cre\u00eda que iban a tener otra actitud, pero sus palabras me hacen dudar seriamente <\/p>\n<p>R.- El pasado del PNV es absolutamente pactista y democr\u00e1tico, pero sus hechos actuales, empezando por el Plan Ibarretxe y acabando por la consulta, van en direcci\u00f3n de querer construir una Euskadi ut\u00f3pica en contra de, al menos, la mitad de la poblaci\u00f3n.<\/p>\n<p>P.- \u00bfCree usted sinceramente que alg\u00fan d\u00eda habr\u00e1 un Lehendakari del PP?<\/p>\n<p>R.- Por supuesto que s\u00ed. De la misma manera que ha habido un Diputado General de Alava y un Alcalde de Vitoria del PP, y se han ganado elecciones en lugares como San Sebasti\u00e1n, Bilbao o Getxo.<\/p>\n<p>P.- \u00bfEs cierto que m\u00e1s del 90% de los nuevos alumnos que se escolarizan optan por estudiar en euskera, si es as\u00ed lo l\u00f3gico ser\u00e1 que los profesores que les deban impartir las clases sepan euskera?<\/p>\n<p>R.- El 90% de los alumnos se escolarizan en euskera porque no les ofrecen otra opci\u00f3n. Cuando acaban su educaci\u00f3n se dan cuenta que tienen un bonito patrimonio pero que no les vale para trabajar en el mundo globalizado. Y cuando no, salen rebotados de la educaci\u00f3n por la imposici\u00f3n del euskera.<\/p>\n<p>P.- Nos podr\u00eda decir si apoya las considereciones y opiniones de su portavoz en las Juntas de Vizcaya, y si ese va a ser el nuevo rumbo de su partido en el Pa\u00eds Vasco <\/p>\n<p>R.- Yo nunca voy a cuestionar a mis compa\u00f1eros en p\u00fablico. Si me eligen en el pr\u00f3ximo congreso, la l\u00ednea pol\u00edtica la marcar\u00e9 yo, que es los principios de unidad de Espa\u00f1a, igualdad de los ciudadanos y defensa de las libertades, que aqu\u00ed hacen mucha falta.<\/p>\n<p>P.- Hola se\u00f1or Basagoiti \u00bfCree usted que la pol\u00edtica vasca ha de huir del monotema de ETA?<\/p>\n<p>R.- A ETA hay que derrotarla y acabar con ella para que encima de la mesa pongamos las propuestas de progreso de los distintos partidos. Cuando eso llegue, el PP tiene las de ganar. La libertad nos acercar\u00e1 a m\u00e1s ciudadanos y las pol\u00edticas econ\u00f3micas y sociales nos har\u00e1n crecer.<\/p>\n<p>P.- Buenos Dias, \u00bfQue postura va a tomar el PP ante la negativa de PNV de apoyar mociones de censura en los Ayuntamientos donde ANV tiene representaci\u00f3n?<\/p>\n<p>R.- Lo que podemos hacer es ofrecer los votos de nuestros concejales a los partidos democr\u00e1ticos para desalojar a la Batasuna que est\u00e1 ah\u00ed gracias a la complacencia del Gobierno.<\/p>\n<p>P.- \u00bfQu\u00e9 le parece la inclusi\u00f3n de Mari Mar Blanco para compensar la ausencia de San Gil?<\/p>\n<p>R.- \u00bfQu\u00e9 le parece la inclusi\u00f3n de Mari Mar Blanco para compensar la ausencia de San Gil?<\/p>\n","protected":false},"excerpt":{"rendered":"<p>Tras la marcha de Mar\u00eda San Gil el nombre de Antonio Basagoiti , presidente del PP en Vizcaya, suena como el de nuevo l\u00edder de consenso del PP vasco. El l\u00edder vasco ha charlado con los lectores sobre la nueva situaci\u00f3n y lo acontecido en el Congreso del PP.<\/p>\n","protected":false},"author":1,"featured_media":0,"comment_status":"open","ping_status":"open","sticky":false,"template":"","format":"standard","meta":{"footnotes":""},"categories":[],"tags":[],"class_list":["post-2068","post","type-post","status-publish","format-standard","hentry"],"_links":{"self":[{"href":"https:\/\/intervius.com\/index.html\/wp-json\/wp\/v2\/posts\/2068","targetHints":{"allow":["GET"]}}],"collection":[{"href":"https:\/\/intervius.com\/index.html\/wp-json\/wp\/v2\/posts"}],"about":[{"href":"https:\/\/intervius.com\/index.html\/wp-json\/wp\/v2\/types\/post"}],"author":[{"embeddable":true,"href":"https:\/\/intervius.com\/index.html\/wp-json\/wp\/v2\/users\/1"}],"replies":[{"embeddable":true,"href":"https:\/\/intervius.com\/index.html\/wp-json\/wp\/v2\/comments?post=2068"}],"version-history":[{"count":0,"href":"https:\/\/intervius.com\/index.html\/wp-json\/wp\/v2\/posts\/2068\/revisions"}],"wp:attachment":[{"href":"https:\/\/intervius.com\/index.html\/wp-json\/wp\/v2\/media?parent=2068"}],"wp:term":[{"taxonomy":"category","embeddable":true,"href":"https:\/\/intervius.com\/index.html\/wp-json\/wp\/v2\/categories?post=2068"},{"taxonomy":"post_tag","embeddable":true,"href":"https:\/\/intervius.com\/index.html\/wp-json\/wp\/v2\/tags?post=2068"}],"curies":[{"name":"wp","href":"https:\/\/api.w.org\/{rel}","templated":true}]}}