{"id":2067,"date":"2008-06-20T00:00:00","date_gmt":"2006-11-06T00:00:00","guid":{"rendered":"https:\/\/intervius.com\/index.html\/?p=2067"},"modified":"2006-11-06T00:00:00","modified_gmt":"2006-11-06T00:00:00","slug":"Miguel_Angel_Aguilar2067","status":"publish","type":"post","link":"https:\/\/intervius.com\/index.html\/Miguel_Angel_Aguilar2067\/","title":{"rendered":"Miguel \u00c1ngel Aguilar"},"content":{"rendered":"<p>Pregunta.- \u00bfLa mayor\u00eda de los responsables del Partido Popular defienden las posturas extremas que vienen exponiendo en los \u00faltimos tiempos, o por el contrario quienes hasta ahora se han manifestado (Aguirre, San Gil,) solamente tratan de hacer ruido y el PP est\u00e1 mucho m\u00e1s centrado ideologicamente, en sinton\u00eda con lo que parecer ser el deseo del Sr. Rajoy?<\/p>\n<p>Respuesta.- Me cuesta creer en una mayor\u00eda extremista. Otra cosa es que haya habido durante los a\u00f1os de la pasada legislatura un recalentamiento inducido desde algunas antenas y diarios incandescentes. <\/p>\n<p>P.- Ante todo enhorabuena por tus articulos y comentarios llenos de sensatez y con algo de sorna. Mi pregunta es, \u00bfCrees que haberse alineado con la crispacion durante los ultimos cuatro a\u00f1os, le est\u00e1 pasando factura a Rajoy? \u00bfCrees que tendra valor para romper ataduras con Aznar?<\/p>\n<p>R.- La bronca subsiguiente al recuento electoral del 9 de marzo y la falta de autoridad inicial para enfrentarse a los que se apoderaron de la etiqueta de &#8220;cr\u00edticos&#8221; es parte de la factura que Rajoy est\u00e1 teniendo que pagar por haberse alineado con la crispaci\u00f3n durante cuatro a\u00f1os. En cuanto a las ataduras con Aznar por parte de Aznar est\u00e1n rotas. <\/p>\n<p>P.- Hola, Miguel \u00c1ngel. Que Rajoy se presente en los \u00faltimos tiempos como centrista convencido que despierta recelos y desconfianza en sus correligionarios m\u00e1s a la derecha, \u00bfindica que ha hecho el papel de su vida en los cuatro a\u00f1os precedentes, actuando exactamente como ellos le ped\u00edan? Gracias.<\/p>\n<p>R.- Me inclinar\u00eda por dar la bienvenida al cambio experimentado por Mariano Rajoy. Nos conviene. Adem\u00e1s la coherencia extrema suele acabar recluida en los frenop\u00e1ticos.<\/p>\n<p>P.- Buenas Miguel \u00c1ngel, te escribe un f\u00edsico como t\u00fa, interesado en otros temas&#8230; \u00bfhay alguna posibilidad de que mejore la democracia en Espa\u00f1a? Me refiero a tener una democracia m\u00e1s &#8220;directa&#8221;: mayor cantidad de consultas a la poblaci\u00f3n, mejora en la representatividad de la ley electoral, etc. Un saludo desde Guatemala (&#8220;exiliado&#8221; por un a\u00f1o)<\/p>\n<p>R.- Esas posibilidades existen pero s\u00f3lo se plasmar\u00e1n si hay un trabajo en la direcci\u00f3n adecuada de gentes que se impliquen.<\/p>\n<p>P.- Hola, Sr.Aguilar.\u00bfCree usted posible que en este congreso surja una derecha europea, moderna y m\u00e1s democratica, o ser\u00e1 m\u00e1s de lo mismo?.Gracias.Un saludo.<\/p>\n<p>R.- Mi deseo ser\u00eda ese, pero mi optimismo no es ilimitado sino gradualista.<\/p>\n<p>P.- Hola Miguel \u00c1ngel, lo primero decirte que me pareces de los analistas pol\u00edticos m\u00e1s l\u00facidos de este pais. Mi pregunta es: \u00bfen el PP existe un enfrentamiento entre un sector m\u00e1s duro y otro m\u00e1s moderado? \u00bfCrees que seria conveniente que el PP se dividiera en dos partidos distintos? como sucede en otros paises europeos. Uno de centro-derecha y otro de derecha extrema. Un saludo.<\/p>\n<p>R.- En principio la escisi\u00f3n del PP del que se desgajara otro partido de extrema derecha me parecer\u00eda un agravante a la actual situaci\u00f3n pol\u00edtica. Uno de los trabajos m\u00e1s relevantes de la mejor gente del PP ha sido la domesticaci\u00f3n de la extrema derecha. Pero tampoco la preservaci\u00f3n de la unidad del PP puede intentarse a cualquier precio.<\/p>\n<p>P.- \u00bfCree que es el principio de la democracia interna dentro del PP? \u00bfEs el nacimiento de la derecha moderna y civilizada en Espa\u00f1a?<\/p>\n<p>R.- Supongo que ambas cuestiones est\u00e1 referidas al Congreso del PP en Valencia. Mi apreciaci\u00f3n es que pese la inexistencia de un candidato alternativo se har\u00e1n algunos avances en la democracia interna del PP respecto por ejemplo a los momentos de Francisco \u00c1lvarez Cascos como General Secretario. El nacimiento de la derecha moderna y civilizada en Espa\u00f1a es como el advenimiento del Mes\u00edas, siempre prometido pero todav\u00eda pendiente.<\/p>\n<p>P.- \u00bfCree que al rodearse de mujeres, rajoy pretende dar una imajen moderada, cuando realmente pudiera pensarse que es un signo de presidencialismo? <\/p>\n<p>R.- Al rodearse de mujeres Rajoy aspira a sobrevivir. Otro proceder hubiera sido imposible. Otra cosa es quienes sean las mujeres o los j\u00f3venes: gentes con preparaci\u00f3n y criterio o d\u00f3ciles como la plastilina.<\/p>\n<p>P.- \u00bfSacar\u00e1 el PP algo positivo de las &#8220;revueltas internas&#8221; de su partido? \u00bfHabr\u00e1 una escisi\u00f3n en el PP?<\/p>\n<p>R.- Los momentos l\u00edmite aportan ense\u00f1anzas muy relevantes sobre la realidad pero sobre todo sobre la condici\u00f3n de las personas. La escisi\u00f3n s\u00f3lo ser\u00eda posible si se nucleara en torno a un liderazgo y a un soporte finaciero. Por el momento est\u00e1 descartada. <\/p>\n<p>P.- Muy buenas Miguel Angel, \u00bfcrees que la verdadera batalla se va a librar en el a\u00f1o anterior a las elecciones del 2012 y los codazos que se vieron en estos meses solo son para coger posiciones, porque dura ser\u00e1 la batalla?<\/p>\n<p>R.- La actual batalla tambi\u00e9n ha sido verdadera. Otra cosa es que nadie haya tenido el coraje de presentarse como competidor de Rajoy. Los autodenominados &#8220;cr\u00edticos&#8221; quisieron que Rajoy tirase la toalla antes del Congreso pero el de Pontevedra ha resistido. Ahora tiene por delante una carrera de obst\u00e1culos y de convocatorias electorales: europeas, vascas, catalanas, municipales y auton\u00f3micas. Su liderazgo puede consolidarse o venirse abajo. Atentos. <\/p>\n<p>P.- \u00bfEl problema del PP es la dificultad de manejar ese amplio espectro de que est\u00e1 formado: centro, derecha y extrema derecha?<\/p>\n<p>R.- Todo partido se presenta como un conglomerado que integra distintas sensibilidades. Lo mismo le pasa al PSOE, al PNV, a ERC, a CiU o al BNG. La estricta dogm\u00e1tica solo se da en las sectas que suelen liberar energ\u00edas m\u00e1s o menos violentas. <\/p>\n<p>P.- \u00bfQue opina de Do\u00f1a Esperanza Aguirre? \u00bfLa situaria usted como posible futura lider de la corriente m\u00e1s extrema de la derecha del PP?. Gracias<\/p>\n<p>R.- Esperanza Aguirre es un animal pol\u00edtico muy singular. Se apodera de posiciones &#8220;liberal-nihilistas&#8221;, tiene un certero institnto de poder pero su encuadramiento en la corriente m\u00e1s extrema de la derecha del PP ser\u00eda incorrecto. <\/p>\n<p>P.- \u00bfC\u00f3mo valora la situaci\u00f3n en el PP? \u00bfEs bueno que s\u00f3lo haya un candidato?<\/p>\n<p>R.- Un buen amigo periodista titul\u00f3 una de sus columas &#8220;Si Rajoy es la soluci\u00f3n, \u00bfcu\u00e1l era el problema?&#8221;. Pero en la situaci\u00f3n actual que Rajoy hubiera sido tumbado por quienes emprendieron la ofensiva medi\u00e1tica contra \u00e9l habr\u00eda sido mucho peor. Los congresos con pluralidad de candidaturas son los menos, aunque para Rajoy haber tenido un contrincante la habr\u00eda a\u00f1adido oportunidades de lucimiento. Nadie ha querido asumir el papel de &#8220;nuestro m\u00e1rtir en el Jap\u00f3n&#8221;. <\/p>\n<p>P.- Hola Miguel \u00c1ngel, Tu crees que el &#8220;Aplausometro&#8221; ser\u00e1 relevante en el congreso del PP de este fin de semana. Y por otro lado, \u00bfEs posible que se abra el camino para posibles &#8220;delfines&#8221; dentro del PP y se frag\u00fcen como candidatos a sustituir a Rajoy en las pr\u00f3ximas elecciones?<\/p>\n<p>R.- El aplaus\u00f3metro como medida de la adhesi\u00f3n suscitada por los diferentes l\u00edderes tendr\u00e1 relevancia en el Congreso pero convendr\u00e1 distinguir entre los aplausos de alta intensidad y escasa duraci\u00f3n, que reflejan espontaneidad y los de poca intensidad pero prolongados en el tiempo, detr\u00e1s de los cuales puede descubrise una claque inaequible al desaliento. El camino para posibles delfines quedar\u00e1 todav\u00eda incierto en mi opini\u00f3n. <\/p>\n<p>P.- \u00bfConsidera que Aguirre y Gallard\u00f3n seguir\u00e1n al acecho para sustituir a Rajoy si sale muy desgastado en esta legislatura, o ya han declinado en sus aspiraciones por ser candidatos en 2012?<\/p>\n<p>R.- Seguir\u00e1n al acecho. Pol\u00edticos como ellos nunca declinan de sus aspiraciones, que todos conocemos<\/p>\n<p>P.- \u00bfQui\u00e9n es, a su juicio, el candidato perfecto para el PP?<\/p>\n<p>R.- Primero habr\u00eda que trazar un perfil y luego contratar a un &#8220;head hunter&#8221; para que hicera una primera selecci\u00f3n. En el primer tramo de esta legislatura puede que surja esa figura. <\/p>\n<p>P.- Situa usted a Don Mariano a la izquierda de Don Jose Maria Aznar. \u00bfCree usted que Mariano Rajoy es demasiado radical para un partido como el PP?. Gracias, le sigo en Hora 25<\/p>\n<p>R.- Don Mariano es como muchos de nosotros de derechas de toda la vida. Por parte alguna veo su radicalismo excesivo. Las diferencias Rajoy-Aznar tienen que ver con las maneras m\u00e1s que con las ideas. Aunque las de Aznar han terminado afil\u00e1ndose de manera m\u00e1s peligrosa. <\/p>\n<p>P.- Hola me llamo Rub\u00e9n y mi pregunta es \u00bfcu\u00e1l ha sido la influencia de Aznar y Fraga en esta crisis? \u00bfhan actuado? \u00bfhan pasado del tema? y sobre todo \u00bfqu\u00e9 cree que dir\u00e1n en sus discursos?<\/p>\n<p>R.- Me falta informaci\u00f3n pero dir\u00eda que Aznar respald\u00f3 sin ense\u00f1ar la patita a los autodenominados &#8220;cr\u00edticos&#8221; y que Fraga era opuesto a los &#8220;experimentos&#8221; de propulsi\u00f3n medi\u00e1tica.<\/p>\n<p>P.- \u00bfcree que estar\u00e1 Gallard\u00f3n en alguna secretar\u00eda? \u00bfQui\u00e9n crees que es la mejor persona del pp que mejor representa el centro?<\/p>\n<p>R.- Tengo la impresi\u00f3n de que Gallard\u00f3n estar\u00e1 en la Junta Directiva Nacional pero sin las responsablidades espec\u00edficas de una secretar\u00eda. La mejor persona del pp para representar al centro est\u00e1 todav\u00eda por ver. Atentos. <\/p>\n<p>P.- \u00bfPrimarias en el PP?<\/p>\n<p>R.- Las primarias siempre las proponen quienes buscan plantear una alternativa al liderazgo instalado pero cuando consiguen su objetivo proceden a declararlas inadecuadas y las suprimen.<\/p>\n","protected":false},"excerpt":{"rendered":"<p>El Partido Popular llega a su XVI Congreso sumido en plena batalla ideol\u00f3gica. Durante el pr\u00f3ximo fin de semana, se elegir\u00e1 al presidente de la formaci\u00f3n. S\u00f3lo hay un candidato: Mariano Rajoy. El analista pol\u00edtico y secretario general de la Asociaci\u00f3n de Periodistas Europeos, Miguel \u00c1ngel Aguilar, ha charlado con los lectores. <\/p>\n","protected":false},"author":1,"featured_media":0,"comment_status":"open","ping_status":"open","sticky":false,"template":"","format":"standard","meta":{"footnotes":""},"categories":[],"tags":[],"class_list":["post-2067","post","type-post","status-publish","format-standard","hentry"],"_links":{"self":[{"href":"https:\/\/intervius.com\/index.html\/wp-json\/wp\/v2\/posts\/2067","targetHints":{"allow":["GET"]}}],"collection":[{"href":"https:\/\/intervius.com\/index.html\/wp-json\/wp\/v2\/posts"}],"about":[{"href":"https:\/\/intervius.com\/index.html\/wp-json\/wp\/v2\/types\/post"}],"author":[{"embeddable":true,"href":"https:\/\/intervius.com\/index.html\/wp-json\/wp\/v2\/users\/1"}],"replies":[{"embeddable":true,"href":"https:\/\/intervius.com\/index.html\/wp-json\/wp\/v2\/comments?post=2067"}],"version-history":[{"count":0,"href":"https:\/\/intervius.com\/index.html\/wp-json\/wp\/v2\/posts\/2067\/revisions"}],"wp:attachment":[{"href":"https:\/\/intervius.com\/index.html\/wp-json\/wp\/v2\/media?parent=2067"}],"wp:term":[{"taxonomy":"category","embeddable":true,"href":"https:\/\/intervius.com\/index.html\/wp-json\/wp\/v2\/categories?post=2067"},{"taxonomy":"post_tag","embeddable":true,"href":"https:\/\/intervius.com\/index.html\/wp-json\/wp\/v2\/tags?post=2067"}],"curies":[{"name":"wp","href":"https:\/\/api.w.org\/{rel}","templated":true}]}}