{"id":2058,"date":"2008-06-13T00:00:00","date_gmt":"2006-11-06T00:00:00","guid":{"rendered":"https:\/\/intervius.com\/index.html\/?p=2058"},"modified":"2006-11-06T00:00:00","modified_gmt":"2006-11-06T00:00:00","slug":"Tomas_Guasch2058","status":"publish","type":"post","link":"https:\/\/intervius.com\/index.html\/Tomas_Guasch2058\/","title":{"rendered":"Tom\u00e1s Guasch"},"content":{"rendered":"<p>Pregunta.- Hola Guasch!!!, Alemania ha perdido contra Croacia y a pesar de ganar su primer partido ahora est\u00e1 en aprietos, \u00bfhace falta rezar para que no nos pase lo mismo?, Espa\u00f1a empieza siempre bien su primer partido, nos ilusionamos y luego nos deja dudas en los dem\u00e1s encuentros.<\/p>\n<p>Respuesta.- A menudo nos olvidamos de que esto va a tres partidos y no pasa nada por perder uno. Alemania cay\u00f3, pero normalmente superar\u00e1 a Austria y se meter\u00e1 en cuartos con las mismas posibilidades de triunfo que los dem\u00e1s&#8230; si mejora su juego. Espa\u00f1a puede tropezar hoy no ser\u00eda un drama. Pero por lamoral de la tropa, mejor ganamos, \u00bfeh? <\/p>\n<p>P.- Hola Tom\u00e1s. Ante todo, mi felicitaci\u00f3n por tu forma de escribir. Si Espa\u00f1a pasa de cuartos, \u00bfdir\u00e1 Luis Aragon\u00e9s que no hac\u00eda falta Ra\u00fal en la selecci\u00f3n?<\/p>\n<p>R.- No lo dri\u00e1 porque para \u00e9l es evidente que no hac\u00eda falta. Lo decidi\u00f3 en su d\u00eda y no cambi\u00f3 su parecer. Con Ra\u00fal, como con Di St\u00e9fano, hemos ganado y perdido. No est\u00e1 ni Luis le va a recordar. Para bien o para mal. <\/p>\n<p>P.- Hola se\u00f1or Guasch, est\u00e1 claro que podemos, y m\u00e1s a\u00fan tras el partido ante Rusia, \u00bfpero estamos a la altura, sobre todo en defensa, viendo el gol que nos meti\u00f3 Rusia el pasado martes?, yo creo que Marchena es el gran error de la defensa y que deber\u00eda jugar Albiol, \u00bfusted que cree? Un saludo<\/p>\n<p>R.- Atr\u00e1s est\u00e1 el problema. Los t\u00e9cnicos con los que voy hablando en la edici\u00f3n de AS papel as\u00ed lo expresan. Puyol-Marchena es la pareja de Luis, pero estoy de acuerdo que Albiol tiene sitio.<\/p>\n<p>P.- Saludos cordiales desde Extremadura, Tom\u00e1s. \u00bfPiensas que Ra\u00fal ir\u00e1 a la selecci\u00f3n con el pr\u00f3ximo selecionador? <\/p>\n<p>R.- As\u00ed como con \u00e9ste no tiene posibilidad alguna, con el que viene partir\u00e1 de cero, como todos. Si s elo gana, \u00bfpor qu\u00e9 no? Eso s\u00ed: el reto del pr\u00f3ximo, o sea Del Bosque, es la fase final del Mundial 2010. Deber\u00e1 valorar si Ra\u00fal, como Puyol u otros, estar\u00e1 para entonces por pura raz\u00f3n de edad.<\/p>\n<p>P.- Es un placer dirigirme a ti. Gracias por todos tus comentarios en El larguero, nunca me cansar\u00e9 de escucharte. Por muy bueno que sea Torres, \u00bfno crees que se le haya subido un poco a la cabeza? \u00bfQui\u00e9n es \u00e9l para hablar as\u00ed a un entrenador? Del entrenador, ni hablamos: no me gusta<\/p>\n<p>R.- Gracias Pascual, pero por lo poco que conozco a Torres te digo que es un tipo normal, que se enfad\u00f3 porque le cambiaron y el jueves manifest\u00f3 que ni se acordaba de lo que hab\u00eda dicho. \u00bfQui\u00e9n no se ha rebelado un d\u00eda contra el jefe? No est\u00e1 bien, pero un partido es calentura y hay que comprenderle. Sobre Luis, tranquilo: el quince d\u00edas se ir\u00e1. Y ojal\u00e1 que no lo haga antes.<\/p>\n<p>P.- \u00bfNo crees que tanto Silva como Iniesta est\u00e1n flojos \u00faltimamente y que habr\u00eda que darle una oportunidad a Cesc, que esta Eurocopa podr\u00eda ser su trampol\u00edn para dar el salto definitivo? Gracias, crack<\/p>\n<p>R.- Dice Camacho con raz\u00f3n que jam\u00e1s el equipo que inicia una fase final lo acaba. Habr\u00e1 cambios y Cesc es el primero. La gracia de esta Selecci\u00f3n es que tiene donde elegir.<\/p>\n<p>P.- \u00bfCrees que Villa est\u00e1 siendo pose\u00eddo durante esta Eurocopa por el esp\u00edritu de Ra\u00fal?<\/p>\n<p>R.- Totalmente. \u00a1Es el embrujo del 7! Ra\u00fal gustar\u00e1 m\u00e1s o menos, pero su ejemplo de entrega en el campo, amigo, eso crea escuela. <\/p>\n<p>P.- Gran Guasch, \u00bfcu\u00e1l ser\u00e1 la final de esta Eurocopa y qui\u00e9n ganar\u00e1?<\/p>\n<p>R.- Chico, ni idea. \u00bfPor qu\u00e9 no Espa\u00f1a-Portugal? Y si se da y ya puestos, \u00a1campeones! <\/p>\n<p>P.- \u00bfUsted cree que Torres deber\u00eda ser suplente el s\u00e1bado por su acctuaci\u00f3n tras el cambio contra Rusia? En caso afirmativo, \u00bfqui\u00e9n ser\u00eda su recambio? Gracias y siga animando Carrusel mucho tiempo. FJD<\/p>\n<p>R.- No, yo le mantendr\u00eda. Insisto: fue un calent\u00f3n. Luis y \u00e9l han hablado&#8230; pelillos a la mar. Necesitamos a Torres como el comer, amigo. <\/p>\n<p>P.- En el primer partido de Portugal, Pepe se sale y hasta marca dos goles (uno anulado), Sneijder es elegido el mejor jugador del partido de Holanda, \u00bfno habr\u00eda que reivindicar a Mijatovic? Gracias<\/p>\n<p>R.- Se reivindica solo. C\u00f3mprate el AS papel de ma\u00f1ana y ver\u00e1s lo que me dice Pedja&#8230; <\/p>\n<p>P.- Todo el mundo dice que Xavi hizo un gran partido, pero Cesc sali\u00f3 30 minutos o menos y dio una asistencia y meti\u00f3 un gol. \u00bfNo crees que se merece la titularidad en detrimento de Xavi?<\/p>\n<p>R.- No, a Xavi lo veo clave. Cesc puede, debe y va a jugar. Pero no quitar\u00eda a Xavi, de verdad.<\/p>\n<p>P.- Hola Tom\u00e1s. Qu\u00e9 opinas del tema de que a Sergio Ramos no se le permita subir constantemente la banda derecha cuando ataca Espa\u00f1a.<\/p>\n<p>R.- Una memez. Me preocupa m\u00e1s que defienda mejor de lo que lo hizo ante Rusia. Sin extremos, si no suben los laterales, embudo al canto.<\/p>\n<p>P.- Hola, Tom\u00e1s, \u00bfqu\u00e9 le parece todas la dudas a la capacidad de Fabregas a su acoplamento en la selecci\u00f3n?<\/p>\n<p>R.- No ha ligado dos partidos imponentes, al estilo de lo que hace en el Arsenal. Pero discutir a Cesc me parece una broma: es un jugador estupendo.<\/p>\n<p>P.- \u00bfCrees que Suecia es el rival m\u00e1s chungo de nuestro grupo? Muchas gracias<\/p>\n<p>R.- Es probable. Rusia al final se qued\u00f3 en poco y Grecia no fue la de Portugal2004. Y m\u00e1s si juega Ibrahimovic. Espa\u00f1a es superior a los tres, eso tambi\u00e9n.<\/p>\n<p>P.- Guasch, usted que es un se\u00f1or y un tipo inteligente podr\u00eda explicarme, porque yo no lo entiendo, el que Ra\u00fal Gonz\u00e1lez con los n\u00fameros de este a\u00f1o, y el m\u00e1ximo asistente Guti Haz., y ni siquiera Tamudo est\u00e9n en Austria.<\/p>\n<p>R.- Ra\u00fal no est\u00e1 porque Luis no se lleva bien con \u00e9l. A Guti no le tiene en cuenta y Tamudo no est\u00e1 porque primero se rompi\u00f3 un brazo y luego sufri\u00f3 una lesi\u00f3n muscular. T t\u00fa, Cristiano, \u00bfvienes o no?<\/p>\n<p>P.- Hola Tom\u00e1s 1\u00ba de Espa\u00f1a. \u00bfQui\u00e9n es el peor \u00e1rbitro de la Eurocopa y qui\u00e9n es el mejor? \u00bfPrefieres a Holanda, Italia o Francia para cuartos?<\/p>\n<p>R.- Sobre los \u00e1rbitros me definir\u00e9 al final. De momento no han estado mal, ni siquiera Mejuto. El nivel es parecido. Y sobre la preferencia, por lo visto hasta ahora, a Francia.<\/p>\n<p>P.- \u00bfCree que Croacia puede hacer algo importante en esta Eurocopa?<\/p>\n<p>R.- S\u00ed puede. Tiene calidad e ilusi\u00f3n y estamos ante un torneo abierto. Si se zamp\u00f3 a Alemania como lo hizo&#8230; Ojo con ellos.<\/p>\n<p>P.- Hola Crack!\u00bfTe sorprendi\u00f3 el bache de ayer de Alemania?<\/p>\n<p>R.- No. A m\u00ed Alemania no me dice gran cosa desde hace tiempo. Tiene su personalidad, le admiro que salga con gente de ataque a chorro (Podolski, Klose, G\u00f3mez, los laterales largos&#8230;) Pero le falta calidad. Croacia le dio un ba\u00f1o la primera parte. Eso s\u00ed: son alemanes y mientras est\u00e9n vivos&#8230;<\/p>\n<p>P.- El otro d\u00eda en la porra del primer partido de Espa\u00f1a en Carrusel dijo que ganar\u00edamos 5-0 y no and\u00f3 muy desencaminado. \u00bfQu\u00e9 resultado apuesta para ma\u00f1ana? \u00bfEs el que mantendr\u00e1 en la porra de Carrusel? Un saludo y no cambies Gran Guasch.<\/p>\n<p>R.- Ma\u00f1ana, 4-1. Y lo mantendr\u00e9 en tu honor, amigo. <\/p>\n<p>P.- Hola Gran Guasch, \u00bfqu\u00e9 es lo que ser\u00eda capaz de hacer si Espa\u00f1a gana la Eurocopa? No valen t\u00f3picos, ya sabes.<\/p>\n<p>R.- Abrazarme a una serie de amigos con los que llevo mucho tiempo siguiendo a la Selecci\u00f3n y volviendo con el rabo entre las piernas. Eso, lo primero. Luego, lo que el momento mande. \u00a1Pero no tengo ya 20 a\u00f1os, eh!<\/p>\n<p>P.- Hola, Tom\u00e1s&#8230; \u00bfSigues pensando en Guti y Ra\u00fal o el recital de Xavi y Villa te dej\u00f3 claro porqu\u00e9 est\u00e1n los que est\u00e1n?<\/p>\n<p>R.- Sigo pensando que en una lista de 23, \u00a1\u00a1\u00a123!!! deben estar. Entiendo tambi\u00e9n que hay jugadores que se han ganado la titularidad y que habr\u00edan empezado en el banquillo. \u00bfPero de verdad crees que molestar\u00edan, en Espa\u00f1a y en cualquier otro equipo de la Eurocopa, Ra\u00fal y Guti? \u00a1Por favor!<\/p>\n<p>P.- Sr. Guasch, \u00bfcree usted que estamos cometiendo los mismos errores de &#8220;euforia&#8221; que nos llevaron a la desilusi\u00f3n del pasado mundial, o por el contrario, piensa que este proyecto deportivo presentado en la Eurocopa tiene el suficiente calado como para por lo menos superar los nefastos cuartos de final y mejorar el papel de la roja en otras competiciones? Muchas gracias.<\/p>\n<p>R.- Es normal que un 4-1 y un buen juego desaten la euforia y m\u00e1s entre nosotros, euf\u00f3ricos por naturaleza. Creo tambi\u00e9n que tenemos lo que usted dice, calado suficiente para llegar a lo mejor.<\/p>\n<p>P.- Buenas, Tomy. \u00bfEl 4-1 a Rusia qu\u00e9 significa, que nosotros somos muy buenos o que los rusos eran muy malos? PODEMOS!!!<\/p>\n<p>R.- Significa que somos superiores y que los rusos si adelantan son un equipo y si se ven en desventaja, otro. Espa\u00f1a es mejor, es evidente. Y s\u00ed, podemos. <\/p>\n<p>P.- Hola Guash. Voy al grano. En este sistema, \u00bfMarchena o Albiol? \u00bfQu\u00e9 4 medios centros entre estos: Senna, De la Red, Xabi Alonso, Xabi, Silva, Iniesta y Cesc? \u00bfQu\u00e9 2 delanteros: El esp\u00edritu del 7, Torres o G\u00fciza? Saludos<\/p>\n<p>R.- Albiol. Por lo visto el otro d\u00eda, Senna, Xavi, Iniesta y Silva: equipo que gana no se toca. Y por esa raz\u00f3n, Villa y Torres. Pero sabiendo que al menos otros cinco jugadores ser\u00e1n importantes conforme avance el torneo. <\/p>\n<p>P.- Hola Tom\u00e1s. \u00bfRealmente ves a Alemania con nivel para ganar la Eurocopa?<\/p>\n<p>R.- No la veo. Pero como tengo a\u00f1os y he visto cosas como aquel Getafe-Bayern Munich, mientras el alem\u00e1n est\u00e9 de pie&#8230; Eso s\u00ed: me extra\u00f1ar\u00eda verla campeona. Debe mejorar mucho y no tiene margen.<\/p>\n<p>P.- \u00bfNo le parece Alemania una selecci\u00f3n sobrevalorada (sobre todo por los periodistas)? Cierto es que tienes buenos jugadores y que no se queda en cuartos, pero hace bastantes a\u00f1os que no gana nada, a pesar de ir siempre en grupos asequibles y por la parte f\u00e1cil del cuadro.<\/p>\n<p>R.- Lo he contestado antes. A m\u00ed no me entusiasm\u00f3 ni en su Mundial. Pero tiene cuajo y va palante. Creo que, normalmente, no tiene nada que hacer contra Portugal.<\/p>\n<p>P.- En primer lugar \u00a1\u00a1viva el Espanyol!! S\u00f3lo preguntarte si crees que en esta selecci\u00f3n hay sitio para jugadores como Tamudo, Luis Garc\u00eda, Riera&#8230; aunque en la 2\u00aa vuelta no se hayan ganado la confianza del seleccionador. Gracias crack<\/p>\n<p>R.- \u00a1Viva! Ten\u00edan su sitio despu\u00e9s de su partidazo en Dinamarca. Pero la mal\u00edsima segunda vuelta del equipo los mat\u00f3. Y las lesiones de Ra\u00fal claro. En buena forma, los tres son seleccionables. Perfectamente.<\/p>\n<p>P.- Hola Tom\u00e1s, soy oyente fiel de Carrusel deportivo, \u00bfqu\u00e9 te gusta m\u00e1s, Cristiano Ronaldo de blanco o Kak\u00e1 de blanco?<\/p>\n<p>R.- Cristiano Ronaldo sin duda.<\/p>\n<p>P.- Hola Tom\u00e1s. \u00bfA qu\u00e9 selecci\u00f3n ves m\u00e1s fuerte en esta Eurocopa? \u00bfQuiz\u00e1s Holanda o Portugal?<\/p>\n<p>R.- Quiero ver a Holanda esta noche ante Francia. De momento, Portugal me parece fort\u00edsima. Si tuviera un mejor portero&#8230;<\/p>\n<p>P.- Hola Guasch, me gustar\u00eda que me dijeses tu opini\u00f3n sobre contra qui\u00e9n crees t\u00fa que se enfrentar\u00e1 Espa\u00f1a en los cuartos de final. Gracias<\/p>\n<p>R.- Hola Guasch, me gustar\u00eda que me dijeses tu opini\u00f3n sobre contra qui\u00e9n crees t\u00fa que se enfrentar\u00e1 Espa\u00f1a en los cuartos de final. Gracias<\/p>\n<p>P.- Hola Tom\u00e1s. Si Cristiano vale 80 millones, \u00bfcu\u00e1nto vale Villa? Saludos crack<\/p>\n<p>R.- Pues poco m\u00e1s o menos, claro. Como todo, es un asunto de oferta-demanda y por el que se va a pagar eso o parecido es por Cristiano.<\/p>\n<p>P.- Dices que entre 23 jugadores de la selecci\u00f3n entran Ra\u00fal y Guti: pues bien, m\u00f3jate de una vez y di qu\u00e9 2 jugadores quitar\u00edas de los actuales para meter a estos dos<\/p>\n<p>R.- Por Juanito y Arbeloa, que no van a jugar un minuto en serio. Sergio Ramos y De la Red son potenciales centrales. Y atendiendo a su temporada no veo a Guti menos que Cazorla o Sergio Garc\u00eda. Menos defensas a hacer bulto y m\u00e1s t\u00edos capaces de ganar un partido. Eso creo.<\/p>\n<p>P.- Muy buenas, crack, a ver si me puede responder hoy, por favor. \u00bfC\u00f3mo ve a Espa\u00f1a en el Eurocopa? \u00bfLa ve con posibilidades de hacer algo importante? Y el Madrid, \u00bflo ve con posibilidad de lograr la D\u00e9cima de una vez por todas la temporada que viene? Y la \u00faltima, \u00bfqui\u00e9n cree que ser\u00e1 el &#8220;fichaje bomba&#8221; del verano? Muchas gracias.<\/p>\n<p>R.- Lo veo capaz de superar los cuartos, por lo menos eso. Y ya puestos&#8230; El Madrid necesita m\u00e1s cosas para aspirar a la D\u00e9cima y por eso busca el fichaje bomba: Cristiano.<\/p>\n<p>P.- Ante un hipot\u00e9tico cruce de cuartos Alemania-Portugal, \u00bfa qui\u00e9n da c\u00f3mo favorito?<\/p>\n<p>R.- A Portugal sin duda.<\/p>\n<p>P.- Gran Guasch, \u00bfcrees que Espa\u00f1a, con su buen nivel en el primer partido, es superior en alg\u00fan aspecto a Holanda, Portugal, o Italia? Yo creo que en este Europeo nos va a pasar lo mismo que en el Mundial. Es que soy de Paquito Gonz\u00e1lez.<\/p>\n<p>R.- Y yo tambi\u00e9n soy de Paquito, \u00a1c\u00f3mo no! No creo que sea cosa de saber si tenemos m\u00e1s o menos. Tenemos un estilo, una manera de jugar que nos va bien y que nos sit\u00faa al nivel de ellos. Dicho lo cual, a la hora de la verdad se ver\u00e1 qui\u00e9n es m\u00e1s guapo. Pero complejo, ni uno.<\/p>\n<p>P.- \u00bfNo crees que Villa ha dejado en rid\u00edculo a todos los que ped\u00edan a Ra\u00fal?<\/p>\n<p>R.- No, para nada. \u00bfHubiera dejado en rid\u00edculo Ra\u00fal a alguien desde Sydney, que es desde donde sigue la Eurocopa, si Espa\u00f1a hubiese perdido y Villa no anotado? Hay un t\u00e9cnico que elige y unos futbolistas que salen a hacerlo lo mejor posible. Que Ra\u00fal metiera m\u00e1s goles que Villa en la Liga, que a su edad fuera m\u00e1s que Villa o que tenga m\u00e1s titulos que Villa, \u00bfes un rid\u00edculo para Villa? Para nada. <\/p>\n","protected":false},"excerpt":{"rendered":"<p>El subdirector del Diario As, Tom\u00e1s Guasch, ha charlado con los lectores sobre el segundo partido de Espa\u00f1a. <\/p>\n<p>ARCHIVO DE ENTREVISTAS:<\/p>\n<p>-9 de junio <\/p>\n","protected":false},"author":1,"featured_media":0,"comment_status":"open","ping_status":"open","sticky":false,"template":"","format":"standard","meta":{"footnotes":""},"categories":[],"tags":[],"class_list":["post-2058","post","type-post","status-publish","format-standard","hentry"],"_links":{"self":[{"href":"https:\/\/intervius.com\/index.html\/wp-json\/wp\/v2\/posts\/2058","targetHints":{"allow":["GET"]}}],"collection":[{"href":"https:\/\/intervius.com\/index.html\/wp-json\/wp\/v2\/posts"}],"about":[{"href":"https:\/\/intervius.com\/index.html\/wp-json\/wp\/v2\/types\/post"}],"author":[{"embeddable":true,"href":"https:\/\/intervius.com\/index.html\/wp-json\/wp\/v2\/users\/1"}],"replies":[{"embeddable":true,"href":"https:\/\/intervius.com\/index.html\/wp-json\/wp\/v2\/comments?post=2058"}],"version-history":[{"count":0,"href":"https:\/\/intervius.com\/index.html\/wp-json\/wp\/v2\/posts\/2058\/revisions"}],"wp:attachment":[{"href":"https:\/\/intervius.com\/index.html\/wp-json\/wp\/v2\/media?parent=2058"}],"wp:term":[{"taxonomy":"category","embeddable":true,"href":"https:\/\/intervius.com\/index.html\/wp-json\/wp\/v2\/categories?post=2058"},{"taxonomy":"post_tag","embeddable":true,"href":"https:\/\/intervius.com\/index.html\/wp-json\/wp\/v2\/tags?post=2058"}],"curies":[{"name":"wp","href":"https:\/\/api.w.org\/{rel}","templated":true}]}}