{"id":2050,"date":"2008-06-10T00:00:00","date_gmt":"2006-11-06T00:00:00","guid":{"rendered":"https:\/\/intervius.com\/index.html\/?p=2050"},"modified":"2006-11-06T00:00:00","modified_gmt":"2006-11-06T00:00:00","slug":"Tomas_Roncero2050","status":"publish","type":"post","link":"https:\/\/intervius.com\/index.html\/Tomas_Roncero2050\/","title":{"rendered":"Tom\u00e1s Roncero"},"content":{"rendered":"<p>Pregunta.- Qu\u00e9 gozada, artista, pero no hay que lanzar las campanas al vuelo, \u00bft\u00fa qu\u00e9 opinas? Para m\u00ed falta un poco de seguridad atr\u00e1s<\/p>\n<p>Respuesta.- Siempre queremos m\u00e1s, amigo. Pero si nos dicen que le metemos cuatro a los rusos en el arranque te llevan a tu casa con una camisa de fuerza. Ojo a esta Espa\u00f1a. Tiene toque, calidad y car\u00e1cter. Vamos por el buen camino.<\/p>\n<p>P.- Se acab\u00f3 el debate del 7&#8230; \u00bfno?<\/p>\n<p>R.- Te equivocas, maestro. Ra\u00fal es el 7 simb\u00f3lico de Espa\u00f1a por su personalidad, su garra y su historia. Sus 44 goles y 102 internacionalidades le avalan. Villa es un crack y lo ha demostrado, pero tambien Santillana meti\u00f3 291 goles con el Madrid y el 9 hist\u00f3rico de la camiseta blanca pertenece a Di St\u00e9fano&#8230; <\/p>\n<p>P.- Hola Tom\u00e1s. Aprovecho que ha ganado Espa\u00f1a para no parecer que mi pregunta es oportunista. Pero&#8230; \u00bfno te parece que ha habido fases del encuentro en las que un jugador como Guti habr\u00eda destrozado a Rusia por completo con sus pases? Un saludo y viva Espa\u00f1a<\/p>\n<p>R.- Compa\u00f1ero, claro que el talento de Guti siempre se echa de menos. Pero seamos justos. Esta Espa\u00f1a tiene el cauce de la conducci\u00f3n de la pelota garantizado con Xavi, Cesc e Iniesta. Soy un admirador de Guti pero antepongo Espa\u00f1a a todo. Si el 14 nos da dos Copas de Europa m\u00e1s, que lo har\u00e1, no me parece mal que otros m\u00e1s j\u00f3venes hagan grande a nuestra Selecci\u00f3n. La felicidad es democr\u00e1tica y hay sitio para todos. <\/p>\n<p>P.- Muy buenas tardes, genio! \u00a1Qu\u00e9 gran tarde de f\u00fatbol! Aqu\u00ed va mi pregunta: \u00bfA qui\u00e9n habr\u00eda quitado usted para meter a Ra\u00fal? 1 abrazo y gracias por todo!<\/p>\n<p>R.- Si analizo el gran partido de Espa\u00f1a, hasta Ra\u00fal convendr\u00eda contigo y conmigo que se ha salido y no se echa en falta a nadie. Soy Raulista a muerte, pero si con su ausencia podemos ganar la Eurocopa no ser\u00e9 yo el que anteponga los personalismos al inter\u00e9s general. Vuiva ra\u00fal. Viva Espa\u00f1a. <\/p>\n<p>P.- Buenas Tom\u00e1s, una pregunta bien sencilla: \u00bfDe verdad crees que Espa\u00f1a puede tener alguna opci\u00f3n final a pesar del abultado resultado? La floja defensa rusa y nuestra floja defensa me hacen pensar que con equipos bien plantados atr\u00e1s no ser\u00e1 tan f\u00e1cil.<\/p>\n<p>R.- No conviene volverse locos porque de espejos rotos est\u00e1 lleno nuestro historial. Pero analicemos con serenidad y buen rollo. Espa\u00f1a ha metido cuartro a una selecci\u00f3n muy valorada por los cr\u00edticos, hasta el punto de que vaticinaban una tarde en la que el empate se deb\u00eda dar por bueno., Mal hecho. Esta Espa\u00f1a es un equipo cin hechuras y buen toque. Creo en ella. \u00a1Tiembla Suecia!&#8221;<\/p>\n<p>P.- \u00bfCree que Villa hoy en d\u00eda es mejor jugador para la selecci\u00f3n que Ra\u00fal?<\/p>\n<p>R.- Los dos son unos fen\u00f3menos. Ojal\u00e1 Ra\u00fal hubiese estado en la lista de 23. Del Piero jug\u00f3 media hora con Italia ante Holanda y nadie all\u00ed se ha rasgado las vestiduras. Villa y Torres valen, pero con Ra\u00fal hubieran formado el mejor triplete de ataque de Europa. No poroblem. Ra\u00fal quiere a Espa\u00f1a por encima de todo. Como yo&#8230; <\/p>\n<p>P.- Para el pr\u00f3ximo partido ante Suecia, si fueras el m\u00edster, \u00bfrepetir\u00edas el 11 de Espa\u00f1a o har\u00edas alg\u00fan cambio?<\/p>\n<p>R.- Creo que como vamos a llegar muy lejos ser\u00eda mejor ir dando ox\u00edgeno con gente como Albiol, Xabi Alonso, Cazorla y G\u00fciza. Hay plantilla y fondo de armario para seguir creciendo hasta la final. \u00a1Vamos, vamos!<\/p>\n<p>P.- Hola, gran Tommy!! \u00bfA qu\u00e9 crees que se puede deber que hoy hayamos visto a una Espa\u00f1a mucho m\u00e1s incisiva y m\u00e1s profunda, con una participaci\u00f3n como nunca de Torres y Villa? Un saludo, campe\u00f3n<\/p>\n<p>R.- Sencillo. Hay compromiso, buen rollo en este vestuario y un esp\u00edritu de equipo que hace a\u00f1os no exist\u00eda. Si hay unidad de destino y todos reman en la misma direcci\u00f3n seguro que al final los resultados te acaban acompa\u00f1ando. Adelante, que la tropa de Luis ha cogido el paso adecuado&#8230;<\/p>\n<p>P.- Tom\u00e1s, por favor, suplica a Calder\u00f3n que fiche a Villa y Cesc y no a Ronaldo. Mi pregunta es que, viendo el partido de estos tres jugadores en el final de liga y principio de la Euro, \u00bfqu\u00e9 te parece el cambio de planificaci\u00f3n que sugiero? \u00bfNo piensas que el partido de Espa\u00f1a de hoy ha estado condicionado por la suerte que se ha tenido en el primer tanto? Cont\u00e9stame por favor.<\/p>\n<p>R.- Si me lo pides as\u00ed yo se lo digo amigo. Estoy encantado de ayudaros y de contentar vuestras peticiones. Pero el plan A pasa por Cristiano Ronaldo y s\u00f3lo si falla tocar\u00e1 mirar otras opciones. Lo que s\u00ed te digo es que Villa es muy bueno y ser\u00eda un lujo tenerlo en el Madrid. Y ESPA\u00d1OL. \u00bfPara qu\u00e9 queremos m\u00e1s?<\/p>\n<p>P.- Hola! Tom\u00e1s! \u00bfC\u00f3mo vio el accionar de Espa\u00f1a por la banda derecha, principalmente al ver que no hay mucho recambio para esa posici\u00f3n, en el momento que sali\u00f3 Iniesta qued\u00f3 un poco descubierta y no se observa alg\u00fan cambio que pese en la ofensiva? Gracias, que tenga un buen d\u00eda <\/p>\n<p>R.- Buena observaci\u00f3n compa\u00f1ero. Si Luis hubiese llevado a Joaqu\u00edn o Capel tendr\u00edamos bandas aseguradas, pero el m\u00edster ha optado por jugadores de toque-toque y hay que respetarlo. Loimportante es tener alternativas a ese tipo de juego alejado del f\u00fatbol directo y enamorado de la elaboraci\u00f3n artesana. Y afortunadamente las hay.<\/p>\n<p>P.- \u00bfNo existen mejores jugadores que Marchena y Capdevila en Espa\u00f1a? \u00bfD\u00f3nde estar\u00e1 Guti en vez de Alonso?<\/p>\n<p>R.- Por supuesto. En esta lista me faltan Cu\u00e9llar, Guti, Ra\u00fal, Guti, Joaqu\u00edn y Capel. Pero Espa\u00f1a est\u00e1 por encima de los nombres. Me gusta el estilo de esta Selecci\u00f3n atrevida, directa, jugona y simp\u00e1tica. Con esta Espa\u00f1a podemos llegar lejos. <\/p>\n","protected":false},"excerpt":{"rendered":"<p>El redactor jefe del Diario AS, Tom\u00e1s Roncero ha analizado con los lectores el debut de Espa\u00f1a en la Eurocopa.<\/p>\n","protected":false},"author":1,"featured_media":0,"comment_status":"open","ping_status":"open","sticky":false,"template":"","format":"standard","meta":{"footnotes":""},"categories":[],"tags":[],"class_list":["post-2050","post","type-post","status-publish","format-standard","hentry"],"_links":{"self":[{"href":"https:\/\/intervius.com\/index.html\/wp-json\/wp\/v2\/posts\/2050","targetHints":{"allow":["GET"]}}],"collection":[{"href":"https:\/\/intervius.com\/index.html\/wp-json\/wp\/v2\/posts"}],"about":[{"href":"https:\/\/intervius.com\/index.html\/wp-json\/wp\/v2\/types\/post"}],"author":[{"embeddable":true,"href":"https:\/\/intervius.com\/index.html\/wp-json\/wp\/v2\/users\/1"}],"replies":[{"embeddable":true,"href":"https:\/\/intervius.com\/index.html\/wp-json\/wp\/v2\/comments?post=2050"}],"version-history":[{"count":0,"href":"https:\/\/intervius.com\/index.html\/wp-json\/wp\/v2\/posts\/2050\/revisions"}],"wp:attachment":[{"href":"https:\/\/intervius.com\/index.html\/wp-json\/wp\/v2\/media?parent=2050"}],"wp:term":[{"taxonomy":"category","embeddable":true,"href":"https:\/\/intervius.com\/index.html\/wp-json\/wp\/v2\/categories?post=2050"},{"taxonomy":"post_tag","embeddable":true,"href":"https:\/\/intervius.com\/index.html\/wp-json\/wp\/v2\/tags?post=2050"}],"curies":[{"name":"wp","href":"https:\/\/api.w.org\/{rel}","templated":true}]}}