{"id":2039,"date":"2008-06-05T00:00:00","date_gmt":"2006-11-06T00:00:00","guid":{"rendered":"https:\/\/intervius.com\/index.html\/?p=2039"},"modified":"2006-11-06T00:00:00","modified_gmt":"2006-11-06T00:00:00","slug":"Carlos_Boyero2039","status":"publish","type":"post","link":"https:\/\/intervius.com\/index.html\/Carlos_Boyero2039\/","title":{"rendered":"Carlos Boyero"},"content":{"rendered":"<p>Pregunta.- Hola Carlos, me encantan tus cr\u00edticas y coincido en muchas de ellas, me gustar\u00eda que me recomendases algun buen libro sobre la historia del cine. Un saludo.<\/p>\n<p>Respuesta.- Creo que el mejor libro que se ha escrito sobre cine son las conversaciones entre Hitchcock y Truffaut. Empiece por ah\u00ed<\/p>\n<p>P.- Estoy leyendo El Ilusionista y no he visto la pelicula \u00bfLo has leido?\u00bfTe gust\u00f3?<\/p>\n<p>R.- No he le\u00eddo la novela. La pel\u00edcula es excelente. Tiene misterio y aroma. Parece cine de otra \u00e9poca<\/p>\n<p>P.- Me gustar\u00eda ser director de cine&#8230;\u00bfme marcho de Espa\u00f1a a Francia para aprender de verdad o contin\u00fao sin aprender nada nuevo aqu\u00ed?<\/p>\n<p>R.- \u00bfY qui\u00e9n le ha contado a usted que en Francia hacen milagros? <\/p>\n<p>P.- Hola Carlos, \u00bf Que opinas de las pe\u00edculas ochenteras de Alan Rudolph?<\/p>\n<p>R.- Eran rom\u00e1nticas, ten\u00edan estilo. Despu\u00e9s Rudolph lo convirti\u00f3 en pura f\u00f3rmula. Pero a m\u00ed me siguen seduciendo El\u00edgeme e Inquietudes. Hablaban con inteligencia de soledades y amores complicados.<\/p>\n<p>P.- Hace unos meses Victor Erice anunciaba en este diario que ten\u00eda un gui\u00f3n escrito. \u00bfCree que alg\u00fan productor\/distribuidor\/sala se atrever\u00e1 a apoyarlo, o seguiremos en la Edad Media?<\/p>\n<p>R.- Creo que siempre han existido muchos productores dispuestos a trabajar con Erice. Pero imagino que no es lo m\u00e1s f\u00e1cil del mundo. En cualquier caso a m\u00ed me encantar\u00eda que este hombre rodara algo a la altura de las excepcionales El esp\u00edritu de la colmena y El sur. Ver\u00e1 que he obviado El sol del membrillo. Me parece insoportable<\/p>\n<p>P.- \u00bfqu\u00e9 opina del cine abstracto de Stan Brakhage, Oskar Fischinger o Norman McLaren?<\/p>\n<p>R.- Pues eso, abstracto. Puedo vivir sin \u00e9l. Sin embargo adoro la pasi\u00f3n que le echaba Jon\u00e1s Mekas al reivindicar este tipo de cine.<\/p>\n<p>P.- Hola carlos, \u00bfQu\u00e9 tal te cae ese vividor llamado Errol Flynn?He leido muchas an\u00e9cdotas sobre \u00e9l\u00bfQu\u00e9 pel\u00edculas suyas son las m\u00e1s recomendables?\u00bfTe gusta murieron con las botas puestas? Un saludo<\/p>\n<p>R.- De puta madre. Y no me creo lo de sus coqueteos con el nazismo. Errol Flynn siempre ir\u00e1 asociado a la vitalidad, a la simpat\u00eda, a las mejores aventuras. Mi pel\u00edcula preferida de Errol Flynn es la maravillosa comedia Gentleman Jim, pero tiene muchas que me gustan. <\/p>\n<p>P.- Estimado Sr. Boyero: con cierto estupor compruebo c\u00f3mo directores espa\u00f1oles de cine que han encadenado m\u00e1s de una pel\u00edcula mediocre con escasa repercusi\u00f3n en taquilla siguen encontrando financiaci\u00f3n para rodar nuevas pel\u00edculas con id\u00e9nticos resultados. Yo no le entiendo, \u00bfconoce usted cu\u00e1l es el secreto? <\/p>\n<p>R.- Llevarse bien con la administraci\u00f3n y otro tipo de poderes p\u00fablicos. <\/p>\n<p>P.- Hola Carlos, aunque no viene a cuento, te dir\u00e9 que fuimos compa\u00f1eros de colegio en Salamanca. Y a lo que vamos, que te parece la pel\u00edcula &#8220;Casual day&#8221;?. Seg\u00fan me cuentan, no deja a nadie indiferente. Vale la pena? Sigue con ese humos sarc\u00e1stico. Saludos<\/p>\n<p>R.- Qu\u00e9 espanto recordar aquel campo de concentraci\u00f3n llamado los Escolapios. Al ver Casual day comprendo mi obsesi\u00f3n en no ser fijo en ninguna empresa. Pensar que los jefes me obligaran a pasar un casual day me provocar\u00eda escalofr\u00edos. Est\u00e1 bien, aunque me recuerda demasiado a Smoking Room y El m\u00e9todo<\/p>\n<p>P.- Buenos d\u00edas. Hace un par de d\u00edas vi una pel\u00edcula sencilla pero increiblemente bonita, se llama Once, creo que los actores era la primera vez que actuaban pero llegan a enternecerte de una manera que actores consagrados no han coseguido nunca. Creo que, aunque sea una pel\u00edcula peque\u00f1ita es digna de ver. Saludos!<\/p>\n<p>R.- Imperdonablemente todav\u00eda no la he visto. Son bastantes personas las que me aseguran que es preciosa. Lo remediar\u00e9 cuanto antes.<\/p>\n<p>P.- Hola Carlos. A la hora de escribir tus cr\u00edticas, \u00bfreflejas lo que ha sido tu impresi\u00f3n de la pel\u00edcula nada m\u00e1s verla, o lo dejas reposar? Y sobre los escritos, \u00bfte corriges mucho, o publicas la priemra versi\u00f3n?\u00bfte relees? Si es as\u00ed, \u00bfqu\u00e9 tal resulta enfrentarte a tu propia obra?&#8230; Gracias<\/p>\n<p>R.- Intento contar las sensaciones que me ha producido. Escribo en caliente. No me corrijo nada. Solo puedo leerme cuando estoy borracho. Me da mucha verg\u00fcenza hacerlo estando sobrio. Y llevo m\u00e1s de 30 a\u00f1os con esta movida. Con lo cual deduzco que soy incurable. Tampoco aguanto verme en la tele o escucharme en la radio.<\/p>\n<p>P.- Buenas Carlos, algun director o guionista, europeo, que recuerden aunque sea de lejos, a Billy Wilder, (que no sean espa\u00f1oles),todos sabemos que Spain is diferent. Te me cuidas Bessets.<\/p>\n<p>R.- Muri\u00f3 en la cama follando con una puta. Se llamaba Ernst Lubitsch. Siempre tengo dudas sobre qui\u00e9n es el m\u00e1s grande, Wilder o Lubitsch. No me pregunte por vivos.<\/p>\n<p>P.- Hola, Carlos. Tenemos la misma edad y coincidimos casi en todos los gustos. Ser\u00eda una satisfacci\u00f3n enorme que fueras tambi\u00e9n amante de L\u00e9o Ferr\u00e9, a quien citaste una vez \u00bfEs as\u00ed ? \u00bfQu\u00e9 piensas de su legado ?<\/p>\n<p>R.- Ferr\u00e9 es mi alma, con lo cual puede deducir que ando bastante atormentado. En las \u00e9pocas razonablemente felices le escucho poco, pero siempre acabo retornando a \u00e9l. Solo le v\u00ed una vez en el escenario. Llor\u00e9 de emoci\u00f3n. Nadie habla de Ferr\u00e9, de Brassens, de Brel. De lo cual deduzco que el mundo va a peor.<\/p>\n<p>P.- Hola carlos, El otro d\u00eda estuve en el concierto de bon jovi en barcelona.\u00bfQu\u00e9 te parecen?<\/p>\n<p>R.- No son mi rollo. Yo ir\u00e9 a Barcelona pronto. Para ver a Tom Waits y a Bruce Springsteen. Le aseguro que con el primero estoy muy nervioso. Debe ser el \u00fanico artista que admiro al que nunca he visto en directo.<\/p>\n<p>P.- Hola Carlos. T\u00fa que lo sabes todo, dime: \u00bfLlegaremos a cuartos?<\/p>\n<p>R.- Como anda el personal cuando ya no se plantea si pasaremos. Solo si llegaremos. Si le soy sincero, me la suda. Hace demasiado tiempo que desert\u00e9 de la selecci\u00f3n espa\u00f1ola. La \u00fanica alegr\u00eda que me han dado fue cuando ganaron a Rusia en la Eurocopa y cuando llegaron a la final en Francia. O sea, le estoy hablando del paleol\u00edtico. No soporto a Luis Aragon\u00e9s. <\/p>\n<p>P.- \u00bfQu\u00e9 destacar\u00edas de la obra de Pollack?<\/p>\n<p>R.- Su romanticismo, amores destinados al recuerdo, una forma de contar que le acerca a los cl\u00e1sicos. Pollack era uno de los grandes.<\/p>\n<p>P.- Hola Carlos, Se que no eres muy aficionado a los comics, pero \u00bf\u00c1lguno que hayas leido que te haya gustado mucho?\u00bfQu\u00e9 te parece frank miller?Si no has leido Born again,te lo recomiendo. La caida,desesperaci\u00f3n y resurreci\u00f3n de un hombre&#8230;<\/p>\n<p>R.- Me acaban de descubrir a un dibujante genial llamado Thomas Ott, alguien que no utiliza la palabra, inquietante y sombr\u00edo. S\u00ed leo c\u00f3mics. Lo que pasa es que les cog\u00ed cierta aversi\u00f3n cuando los santificaron culturalmente, cuando dejaron de llamarlos tebeos. <\/p>\n<p>P.- Buenos d\u00edas Carlos. \u00bfQu\u00e9 opini\u00f3n le merece la actual situaci\u00f3n de festivales de cine como Valladolid o Sevilla, cuyos directores han dimitido por &#8220;mal rollo&#8221;, seg\u00fan informaba este peri\u00f3dico? Un saludo<\/p>\n<p>R.- No estoy al tanto ya que no voy a ellos. Tampoco a los otros 300 que se celebran en Espa\u00f1a. Es un negocio como otro cualquiera. En nombre de la jodida cultura, por supuesto. <\/p>\n<p>P.- Hola Carlos. \u00bfCrees que la industria americana les faltan ideas y por eso recurren a historias de c\u00f3mic y a rescatar viejas glorias como rambo o rocky etc&#8230;? \u00bfQue te parece Mar\u00eda Valverde? Gracias<\/p>\n<p>R.- Me pone mucho esa ni\u00f1a, desde la primera vez que la v\u00ed en La flaqueza del Bolchevique. Tiene algo especial, tiene morbo. <\/p>\n<p>P.- Buenas, Carlos. \u00bfQu\u00e9 te parece Larry David? Ante los rumores sobre la s\u00e9ptima temporada de Curb your enthusiasm no puedo menos que salivar. Supongo que esa serie es para m\u00ed lo que Los Soprano para ti, porque el d\u00eda que sepa con certeza que se ha terminado para siempre voy a deprimirme un poquito.<\/p>\n<p>R.- Marcos Ord\u00f3\u00f1ez, alguien de quien me f\u00edo, compart\u00eda su entusiasmo ante Larry David. Vi doblados varios episodios y no lo encontr\u00e9 la gracia por ning\u00fan lado. Es m\u00e1s, no pod\u00eda entender que mi amada HBO hubiera parido eso. No se si el problema es de la serie o es m\u00edo. O del doblaje. <\/p>\n<p>P.- Hola Carlos \u00bfqu\u00e9 opinas de esas peliculas en las que van contando la trama empezando por el final&#8230;, a raz\u00f3n de &#8220;tres d\u00edas antes&#8221;, dos horas antes del robo&#8230;&#8221; y en concreto que te ha parecido &#8220;antes que el diablo sepa que has muerto con esta forma de narrar&#8230;? Por cierto, al natural est\u00e1s mejor,vecino<\/p>\n<p>R.- Que si se hace bien se pueden conseguir pel\u00edculas tan magn\u00edficas como Jackie Brown y Antes de que el diablo sepa que has muerto. \u00c9sta segunda es lo mejor que he visto en lo que llevamos de a\u00f1o de cine norteamericano. Y su creador tiene 83 a\u00f1os. De cerca t\u00fa tambi\u00e9n ganas, vecina. Por cierto, \u00bfqui\u00e9n es usted?<\/p>\n<p>P.- \u00bfqu\u00e9 te parece la figura de Steve McQueen? \u00bfNo crees que es el m\u00e1ximo representante del comentario: &#8220;yo quiero ser como ese&#8221;?<\/p>\n<p>R.- Me llevo m\u00e1s o menos bien conmigo mismo y soy tan vanidoso que no deseo transformarme en nadie. Pero entiendo lo que dice. McQueen era un t\u00edo. Como Nolte, como Mitchum, como Hackman, como Bogart. <\/p>\n<p>P.- Estimado se\u00f1or Boyero. Alguna vez he cre\u00eddo percibir su tristeza por la p\u00e9rdida de las grandes salas hist\u00f3ricas del cine. En Zaragoza el Gobierno de Arag\u00f3n quiere tirar un edificio catalogado, el Teatro Fleta, que es el \u00faltimo edificio-cine que queda en la ciudad \u00bfQu\u00e9 opina de ello?<\/p>\n<p>R.- Que se cierren los cines equivale a que se cierre algo muy tuyo en la existencia. Pero al parecer es inevitable. No me imagino un mundo sin ir al cine. <\/p>\n<p>P.- Sr. Boyero. Es cierto que actualmente hay m\u00e1s calidad en las series que en los largometrajes, lo he podido comprobar con el material de HBO. Por cierto \u00bfQu\u00e9 opini\u00f3n le merece la serie &#8220;A dos metros bajo tierra&#8221;? A mi me pareci\u00f3 sublime&#8230;<\/p>\n<p>R.- Creo que los mayores talentos actuales del cine est\u00e1n trabajando en las series de televisi\u00f3n. HBO nos est\u00e1 dando el mejor cine. Me encanta Dos metros bajo tierra, su originalidad, su negrura, su atrevimiento. Creo que pegaba un baj\u00f3n en la tercera y en la cuarta temporada, pero la quinta volv\u00eda a ser esplendida. <\/p>\n<p>P.- Como estas crack , me gustaria saber tu opinion sobre la banda irlandesa U2, y que te parece la idea de Ramon Calderon de retirar el 7 de Raul un saludo<\/p>\n<p>R.- El \u00fanico disco que me ha gustado de U2 es el The Joshua Tree. Les vi actuar en el Bernab\u00e9u en el 87 y no me impresionaron demasiado. En realidad yo iba a ver a los Pretenders, a esa impresionante se\u00f1ora llamada Chrissie Hynde. No soy nada raulista. No me cae bien, aunque reconozco su enorme m\u00e9rito. <\/p>\n<p>P.- que general cinematografico habria elegido para matarse a sus \u00f3rdenes por su patria? <\/p>\n<p>R.- Le urge encontrar un psiquiatra. <\/p>\n","protected":false},"excerpt":{"rendered":"<p>Carlos Boyero, uno de los m\u00e1s populares e influyentes cr\u00edticos de cine en activo y feroz columnista de televisi\u00f3n y de la vida en general, ha charlado, una semana m\u00e1s, con los lectores. <\/p>\n<p>FOTO: BERNARDO P\u00c9REZ <\/p>\n<p>Carlos Boyero, en lalistaWIP.com<br \/>\nARCHIVO DE ENTREVISTAS:<br \/>\n22 de Mayo &#8211; 15 de Mayo<br \/>\n8 de Mayo &#8211; 24 de Abril<br \/>\n17 de Abril &#8211; 10 de Abril<br \/>\n3 de Abril &#8211; 13 de Marzo<br \/>\n6 de Marzo &#8211; 28 de Febrero<br \/>\n14 de Febrero &#8211; 08 de Febrero<br \/>\n31 de Enero &#8211; 24 de Enero<br \/>\n17 de Enero &#8211; 3 de Enero<br \/>\n27 de Diciembre &#8211; 20 de Diciembre<br \/>\n13 de Diciembre &#8211; 07 de Diciembre<br \/>\n29 de Noviembre &#8211; 22 de Noviembre<br \/>\n15 de Noviembre &#8211; 08 de Noviembre<br \/>\n02 de Noviembre &#8211; 25 de Octubre<\/p>\n","protected":false},"author":1,"featured_media":0,"comment_status":"open","ping_status":"open","sticky":false,"template":"","format":"standard","meta":{"footnotes":""},"categories":[],"tags":[],"class_list":["post-2039","post","type-post","status-publish","format-standard","hentry"],"_links":{"self":[{"href":"https:\/\/intervius.com\/index.html\/wp-json\/wp\/v2\/posts\/2039","targetHints":{"allow":["GET"]}}],"collection":[{"href":"https:\/\/intervius.com\/index.html\/wp-json\/wp\/v2\/posts"}],"about":[{"href":"https:\/\/intervius.com\/index.html\/wp-json\/wp\/v2\/types\/post"}],"author":[{"embeddable":true,"href":"https:\/\/intervius.com\/index.html\/wp-json\/wp\/v2\/users\/1"}],"replies":[{"embeddable":true,"href":"https:\/\/intervius.com\/index.html\/wp-json\/wp\/v2\/comments?post=2039"}],"version-history":[{"count":0,"href":"https:\/\/intervius.com\/index.html\/wp-json\/wp\/v2\/posts\/2039\/revisions"}],"wp:attachment":[{"href":"https:\/\/intervius.com\/index.html\/wp-json\/wp\/v2\/media?parent=2039"}],"wp:term":[{"taxonomy":"category","embeddable":true,"href":"https:\/\/intervius.com\/index.html\/wp-json\/wp\/v2\/categories?post=2039"},{"taxonomy":"post_tag","embeddable":true,"href":"https:\/\/intervius.com\/index.html\/wp-json\/wp\/v2\/tags?post=2039"}],"curies":[{"name":"wp","href":"https:\/\/api.w.org\/{rel}","templated":true}]}}