{"id":2037,"date":"2008-06-02T00:00:00","date_gmt":"2006-11-06T00:00:00","guid":{"rendered":"https:\/\/intervius.com\/index.html\/?p=2037"},"modified":"2006-11-06T00:00:00","modified_gmt":"2006-11-06T00:00:00","slug":"Alfredo_Relano2037","status":"publish","type":"post","link":"https:\/\/intervius.com\/index.html\/Alfredo_Relano2037\/","title":{"rendered":"Alfredo Rela\u00f1o"},"content":{"rendered":"<p>Pregunta.- Hola sabio Alfredo,vi el partido contra Per\u00fa y no me gust\u00f3 nada de lo que vi aunque hallamos ganado,,mi pregunta es..\u00bfNo crees que Luis deber\u00eda dejar a Iniesta arrancando desde la izquierda,y no moverlo tanto?&#8230;<\/p>\n<p>Respuesta.- Yo creo que Iniesta es mejor a la izquierda, pero es que ah\u00ed Luis tiene soluci\u00f3n con Silva (y Villa, que combi\u00b4n\u00f3 muy bien con \u00e9l). Por eso lo pone a la derecha. Da pena que Iniesta tenga que ser el correturnos, pero as\u00ed es la cosa.<\/p>\n<p>P.- \u00bfMe podria explicar cual es la idea de Luis con Cesc Fabregas en el banquillo?&#8230;Yo no lo entiendo&#8230;.<\/p>\n<p>R.- Es que Cesc no se siente seguro en este equipo. Todav\u00ed ve a Xavi como algo muy superior a \u00e9l. Xavi era titular en el Bar\u00e7a cuando \u00e9l apenas empezaba en la cantera. En el Arsenal es l\u00edder. Esa es la diferencia.<\/p>\n<p>P.- Hola. Un favor grande. Prom\u00e9tenos a todos desde aqu\u00ed una locura que cometer\u00edas si ganamos la Eurocopa. Gracias, haber si tenemos suerte&#8230;<\/p>\n<p>R.- No se me ocurre ninguna ahora mismo, lo siento. Quiz\u00e1s, en el arrebato del momento&#8230;<\/p>\n<p>P.- \u00bfQue opinas de Keita y de Jo\u00e3o Moutinho? Ambos con relacion al bar\u00e7a. \u00bfCrees que Benzema ser\u00e1 dentro de un par de a\u00f1os el mejor delantero del mundo?<\/p>\n<p>R.- Keita est\u00e1 bien para el Bar\u00e7a, pero como jugador de complemento. El Bar\u00e7a necesita m\u00e1s. Moutinho es un robinhito con futuro, pero hay que ver c\u00f3mo va progresando en sus etapas. Y Benzema s\u00ed va a ser grande. Va a ser grande ya en esta Eurocopa&#8230; si no le ponen por delante a Henry.<\/p>\n<p>P.- Hola Alfredo. La selecci\u00f3n no jug\u00f3 mal en ataque, pero creo que le falta pegada, la que tienen el Manchester o el Madrid. Villa es el \u00fanico que las mete, Torres no ha demostrado nada con Espa\u00f1a para ser titular, eso me temo. \u00bfQu\u00e9 opinas? Aunque s\u00e9 que hay buenos delanteros, perdonamos demasiado. PD: Disfruto con tus columnas, sigue as\u00ed.<\/p>\n<p>R.- Estoy plenamente de acuerdo. El problema es que Torres no termina deentrar en este ritmo. Los compa\u00f1eros no le ven, \u00e9l no sabe cu\u00e1ndo arrancar&#8230; Falta esa compenetraci\u00f3n. Empiezo a ponerme nervioso con eso.<\/p>\n<p>P.- Hola , Como ves la salida de Etoo del Barca , crees que esta caducado?<\/p>\n<p>R.- Creo que est\u00e1 muy podrida la relaci\u00f3n. Ya no tendr\u00e1 arreglo. Adem\u00e1s, el Bar\u00e7a puede sacar por \u00e9l un dinero curioso que le ayude en la reconstrucci\u00f3n. De los dem\u00e1s que le sobran va a poder sacar muy poco.<\/p>\n<p>P.- Hola se\u00f1or Rela\u00f1o, de todos es sabido que Espa\u00f1a es la campeona del mundo en amistosos, pero que en competiciones oficiales no muestra el nivel competitivo que se supone deber\u00eda tener y cuando aparece una selecci\u00f3n de las fuertes nos vamos para casa a\u00fan habiendo demostrado que podemos vencerla (en amistosos, claro). Bien, mi pregunta es \u00bfqu\u00e9 motivos hay para creer que en esta ocasi\u00f3n ser\u00e1 diferente? Muchas Gracias.<\/p>\n<p>R.- La verdad es que muchos no hay. S\u00ed algunos: quince victorias y dos empates en los diecisiete \u00faltimos partidos. El magn\u00edfico control de Xavi e Iniesta. Casillas. Villa. Buen ambiente general. Hasta d\u00f3nde alcance eso, no se sabe.<\/p>\n<p>P.- \u00bfQue le parece la marcha de Marcelino al Zaragoza?<\/p>\n<p>R.- No ten\u00eda confianza en repetir una buena temporada en el Racing, eso es evidente. Alternar UEFA con Liga en un club as\u00ed es dif\u00edcil. Pero es valiente al ir al Zaragoza. El Zaragoza va a querer estar el primero dsde la primera jornada hasta la \u00faltima. Si en alg\u00fan momento se ve, simplemente, cuarto, el ambiente ser\u00e1 de muchos nervios. <\/p>\n<p>P.- Sr. Rela\u00f1o, primeramente darles las gracias por su profesionalidad y seriedad, llevo a\u00f1os leyendolo y siempre derrocha sentido com\u00fan, lo dicho gracias y por muchos a\u00f1os.Mi cuestion es la siguiente;\u00bfno cree que como siempre se est\u00e1 hablando de los jugadores y del sistema de ataque y no de la parte de la seleccion normalmente flaquea, la parte de atr\u00e1s? No cree que a la seleccion le vendria mejor un sistema como el que us\u00f3 el Deportivo en la segunda vuelta de la Liga? Es mas que consistente atr\u00e1s y desdobla a los laterales&#8230; y Espa\u00f1a con Caqdevilla y Ramos podr\u00eda jugar perfectamente as\u00ed.<\/p>\n<p>R.- No lo veo justamente porque Espa\u00f1a de lo que m\u00b4sa floja est\u00e1 ahora es de centrales. Si jug\u00e1semos con tres habr\u00eda que llevar al menos cinco. Pero s\u00ed comparto que estamos flojos atr\u00e1s. Los centrales est\u00e1n un poco por debajo del resto del equipo.<\/p>\n<p>P.- \u00bfCree que pasaremos de cuartos?<\/p>\n<p>R.- Creo que llegaremos a cuartos. A m\u00e1s no me comprometo.<\/p>\n<p>P.- \u00bfHubiera llevado ud. a Ra\u00fal?<\/p>\n<p>R.- No. Para m\u00ed, Villa y Torres est\u00e1n por delante, y llevarle para ser suplente me hubiera parecido un l\u00edo. Lo siento, pero no le hubiera llevado.<\/p>\n<p>P.- Hola Alfredo, que te parece&#8230; Casillas.Ramos Pepe Heinze Marcelo. Gago Diarr\u00e1 Sneijder. C.Ronaldo Robben Huntelaar. banquillo: dudek, opare, cannavaro, metzelder, de la red, guti,granero, ra\u00fal, van nistelrooy, saviola, higua\u00edn, robinho. suena bien, no?<\/p>\n<p>R.- Me parece fenomenal, pero di ficha Critiano no vendr\u00e1 Huntelaar&#8230; hasta dentro de un a\u00f1o. Pero me parece un equipazo, s\u00ed.<\/p>\n<p>P.- buenas don alfredo!!no le parece una aberraci\u00f3n que vaya de la red a la seleccion y no guti?<\/p>\n<p>R.- Tanto como aberraci\u00f3n&#8230; Pero De la Red va a un puesto triplicado (Xabi Alonso, Senna&#8230;) Y Guti puede ser un revulsivo cuando el partido est\u00e1 atascado. Yo creo que Guti deber\u00eda haber ido. Y quiz\u00e1 un extremo alborotador, tipo Capel. Pero s\u00f3lo para alg\u00fan final muy apretado, no como titulares. <\/p>\n<p>P.- \u00bfA qu\u00e9 equipo va ir dani g\u00fciza el proximo a\u00f1o?<\/p>\n<p>R.- Lo que m\u00e1s cerca tiene es el Bar\u00e7a.<\/p>\n<p>P.- Hola se\u00f1or Rela\u00f1o, \u00bfno cree que si el Madrid contrata finalmente a Cristiano Ronaldo, Schuster tendr\u00eda que cambiar el sistema t\u00e1ctico que ha usado este a\u00f1o, o bien vender a Robben o Robinho? porque tener a 4 jugadores (Drenthe me parece muy aprovechable como extremo) para s\u00f3lo 1 posici\u00f3n no me parece lo ideal, y la cuesti\u00f3n de la pregunta, \u00bfno volvemos otra vez a los Gal\u00e1cticos cuando en vez de fichar piezas que encajen en el sistema, se cambia el sistema para que jueguen los fichajes?<\/p>\n<p>R.- Vender\u00edan a Robinho, supongo. No creo que la intenci\u00f3n sea cambiar el sistema. Y Cristiano puede jugar en tres posiciones: extremo de ambos lados o segundo punta. Lo que me da miedo es que sus ingresos descabalen la paz que ahora hay, cunado unos cuantos se pongan en cola para pedir m\u00e1s.<\/p>\n<p>P.- Buenos d\u00edas sr. Rela\u00f1o, en primer lugar felicitarle por su categor\u00eda period\u00edstica y ecuanimidad, es de agradecer en el periodismo actual. Mi pregunta es de actualidad \u00bfQu\u00e9 le parecen las declaraciones de Iv\u00e1n Helguera defendiendo a Florentino y criticando duramente a Calder\u00f3n y Mijatovic?\u00bfCrees que el Madrid ha involucionado con ellos como dice Iv\u00e1n? Saludos y muchas gracias<\/p>\n<p>R.- Creo que Helgura habla desde la amargura que le produjo salir del Madrid. Es una reacci\u00f3n l\u00f3gica, pero s\u00f3lo eso. No le puedo dar la raz\u00f3n. El Madrid va bien, eso es evidente.<\/p>\n<p>P.- Bon dia, referente al Bar\u00e7a, malas ventas las de Giovani i Zambrotta no? Un canterano reeducable con futuro y un campe\u00f3n del mundo con buen cartel en el f\u00fatbol italiano, &#8220;s\u00f3lo&#8221; 16 millones? Mala gesti\u00f3n&#8230;<\/p>\n<p>R.- Zambrotta no ha cuajado, esas cosas pasan. Es parte del timo que la Juve meti\u00f3 a dos bandas, al Madrid y al Bar\u00e7a. En cuanto a Giovani, no est\u00e1 vendido. Yo que el Bar\u00e7a insistir\u00eda en \u00e9l.<\/p>\n<p>P.- Buenas, el otro d\u00eda en el partido de la seleccion me parecio que cuando nos coja un delantero en condiciones va hacer lo que quiera, no hay nada mejor en Espa\u00f1a para poder sustituir a estos centrales? y no crees que a se le queda grande a Guiza la seleccion? gracias crack <\/p>\n<p>R.- No hay nada mejor en Espa\u00f1a, no. Aunque pienso que Luis podr\u00eda haber probado con Cu\u00e9llar, que triunfa en el Glasgow Rangers. Eso es un problema, s\u00ed. Y G\u00faiza fall\u00f3 goles, s\u00ed, pero estuvo al remate. Eso es importante. Es pronto para decidir que esto le queda grande, aunque los primeros indicios son de que le cuesta barajar la presi\u00f3n. <\/p>\n<p>P.- hola se\u00f1or Rela\u00f1o, cree usted que el Real Madrid deberia vender a Robninho si se contratase a Cristiano Ronlado?? la actitud del brasile\u00f1o no esta siendo la adecuada y no rendimiento para lo maximo que nos ha dado ha sido para ganar un par de partidos. Encantado y gracias<\/p>\n<p>R.- Yo creo que s\u00ed, que ser\u00eda una buena solcui\u00f3n econ\u00f3mica y deportiva. Pero habr\u00eda que saber valorarlo.<\/p>\n<p>P.- Alfredo, se habla que el Manchester quiere llevar al Madrid ante la FIFA por &#8220;tocar&#8221; a un jugador con contrato (Ronaldo), \u00bfno puede hacer lo mismo el Madrid por la supuesta oferta del United a Robinho?. Gracias<\/p>\n<p>R.- Eso son faroles. Nadie va a llevar a nadie ante la FIFA. Al menos eso pienso yo ahora.<\/p>\n<p>P.- Hola Alfredo! En Espa\u00f1a sigo viendo los mismos males. En primer lugar la defensa, aqu\u00ed se puede hacer poco, es lo que hay (quiz\u00e1 poner a Albiol), pero me vuelve a preocupar m\u00e1s la falta de gol de nuestros delanteros. \u00bfNo crees que el estilo de juego de dominaci\u00f3n de Espa\u00f1a hace que la defensa contraria recule y anule a nuestra mejor baza en ataque que es Torres? Su velocidad en pases en profundidad es su mayor virtud. Y con este estilo con una selecci\u00f3n d\u00e9bil puedes pasar pero con una Francia (como en el mundial), te matan. Joe que largo, sorry.<\/p>\n<p>R.- Estoy de acuerdo en todo. Albiol me gusta m\u00e1s que los dem\u00e1s centrales que llevamos. Y Torres no encuentra el sitio.., por ahora. Aunque Espa\u00f1a va a tener la ocasi\u00f3n de hacer transiciones r\u00e1pidas y ah\u00ed aparecer\u00e1.<\/p>\n<p>P.- \u00bfquien sera el jugador mas decisivo de todas las selecciones en la eurocopa ?<\/p>\n<p>R.- Yo creo que Cristiano Ronaldo. Y ojo a Huntelaar y Sneijder. Y a Benzema.<\/p>\n<p>P.- Hola se\u00f1or Rela\u00f1o, desde su profunda admiracion por el Athletic Club&#8230; no le da pena que sea la primera Eurocopa a la que ningun jugador de este equipo acuda?? Y eso que es el unico equipo en el que todos son seleccionables. Quien cree que rompera esa tonica en futuras convocatorias? Gracias y aupa la roja!!<\/p>\n<p>R.- S\u00ed, me da pena. Yo espero ver pronto ah\u00ed a Amorebieta y a Llorente. Son dos muy buenos jugadores, que van a m\u00e1s. <\/p>\n<p>P.- \u00bfA qu\u00e9 jugador fichar\u00eda para el Real Madrid?<\/p>\n<p>R.- A Huntelaar. Y a Hleb.<\/p>\n<p>P.- Hola Alfredo, \u00bfc\u00f3mo ves a Rusia, me parece que juegan un 5-3-2, no cres que Torres se va encontrar muy solo con dos centrales y un libero? gracias amigo.<\/p>\n<p>R.- Est\u00e1n en un buen punto de forma, a mitad de temporada. Eso es una ventaja. Ya hemos visto lo bien que anda el Zenit ahora, de ah\u00ed van narios, aunque el mejor, Arshavin, va suspendido para los dos primeros partidos. Y Pogrebnyak est\u00e1 lesionado y quiz\u00e1 no llegue ante Espa\u00f1a, o ni siquiera vaya. Pero va a ser en principio el partido m\u00e1ss dif\u00edicl de los tres. <\/p>\n<p>P.- Alfredo,qu\u00e9 Madrid te gust\u00f3 m\u00e1s?El de Lorenzo Sanz(1 liga,2 champions) o el de Florentino(2 ligas,1 champions)<\/p>\n<p>R.- Me fascin\u00f3 el de Florentino, en su momento cumbre. Clario, que part\u00eda de mejor base. Lorenzo lleg\u00f3 cuando la Quinta del Buitre se iba, y hab\u00eda que relevarla. Florentino hered\u00f3 un equipo campe\u00f3n de Europa. Pero yo no he vivido momentos como aquellos de los Gal\u00e1cticos en buen funcionamiento.<\/p>\n<p>P.- Buenos dias Alfredo, denuevo en contacto contigo para, aprovechando la proximidad de la eurocopa juegues a homenajear a los mejores (equipo histor\u00edco) del continente. Seg\u00fan tu recuerdo \u00bfcual ser\u00eda tu once ideal? Se que debe ser complicado, pero seguro que te mojas. Un saludo y hasta siempre.<\/p>\n<p>R.- Yashin; Vogts, Tr\u00e9sor, Beckenbauer, Maldini; Figo, Platini, Zidane, Dzajic; Van Basten y Gullit.<\/p>\n<p>P.- Buenos d\u00edas Don Alfredo, \u00bfNo piensa usted que en realidad la defensa de la Roja es la m\u00e1s floja de los equipos favoritos? La experiencia de las \u00faltimas grandes competiciones dice que los ganadores son fuertes atr\u00e1s (Italia, Grecia&#8230;) y hay que ser coherentes con el f\u00fatbol actual. \u00bfPodr\u00eda ser bueno jugar con tres centrales y Ramos y Capdevila con mucha banda? Gracias<\/p>\n<p>R.- Ya he contestado antes: son los centrales que hay en Espa\u00f1a y est\u00e1n por debajo del equipo. Poner a tres ser\u00eda quitar uno de m\u00e1ss nivel por delante. Ser\u00eda agravar el problema.<\/p>\n<p>P.- \u00bfque jugadores no conocidos crees que dar\u00e1n la sorpresa en esta Eurocopa? Gracias.<\/p>\n<p>R.- Gomis, Plasil, quiz\u00e1 Fern\u00e1ndez (Suiza), Mathijsen&#8230;<\/p>\n<p>P.- Hola,\u00bfcrees que fernando torres estaria entre los mejores delanteros de la historia de espa\u00f1a?\u00bfy si es mejor que villa?<\/p>\n<p>R.- Hola,\u00bfcrees que fernando torres estaria entre los mejores delanteros de la historia de espa\u00f1a?\u00bfy si es mejor que villa?<\/p>\n<p>P.- \u00bfcrees que cesc sera el de el arsenal en la eurocopa?<\/p>\n<p>R.- No, me tomo que no. Pasan los d\u00edas y no coge la soltura precisa. Le falta confianza.<\/p>\n<p>P.- Buenas Alfredo, \u00bfCrees que en el caso de que llegara Cristiano al Madrid saldr\u00eda alg\u00fan jugador como Sergio Ramos, Casillas, Robinho, etc debido a que Cristiano cobrar\u00eda el triple de ellos?<\/p>\n<p>R.- Saldr\u00eda Robinho, pienso, como parte del pago. Pero s\u00f3lo eso.<\/p>\n<p>P.- \u00bfQue siente usted cuando se ha pasado todo el a\u00f1o acusando al bar\u00e7a de favoritismo arbitral (cercano al Madrid) y al final el bar\u00e7a acaba siendo el que mas penaltys recibe de toda la liga? \u00bfComo se compagina eso si los arbitros son parciales?<\/p>\n<p>R.- Este a\u00f1o que comentado repetidas veces que desde que Calder\u00f3n se ha trajinado a Villar los \u00e1rbitos han dejado de perjudicar al Madrid, como pasaba en los a\u00f1os anteriores. Usted recuerda lo que yo comentaba en temporadas pasadas, no tanto en esta. <\/p>\n<p>P.- Hola Alfredo, lo de verte de corto animando a la selecci\u00f3n me ha devuelto la ilusi\u00f3n por pasar de cuartos, te lo aseguro. \u00bfNo crees que el centro del campo del toque-toque y Fernando Torres no se entienden para nada? Una selecci\u00f3n no es la conjunci\u00f3n de los 11 mejores uugadores de un pa\u00eds, sino un equipo de f\u00fatbol de 11 jugadores. Gracias<\/p>\n<p>R.- S\u00ed, estoy contigo. Ese es un problema. Necesitar\u00edamos al Torres del Liverpool. Esa es la asignatura m\u00e1s seria que tiene pendiente Luis.<\/p>\n<p>P.- Alfredo, \u00bfQu\u00e9 opinas de la supuesta oferta del Man. United por Robinho? Si fuese verdad, y el Madrid no supiese nada como se dice, ser\u00eda algo vergonzoso para el Manchester, denunciado por un lado lo que intenta hacer por el otro. Gracias<\/p>\n<p>R.- No hay nada de eso&#8230; por ahora. Creo que Robinho puede ser parte del pago por Cristiano Ronaldo. Robinho est\u00e1 diciendo eso para curarse en salud, para hacerse el interesante. Eso es lo que pienso.<\/p>\n<p>P.- Alfredo,no piensas tu que Torres al igual que en la Liga no va triunfar en la seleccion.el ni\u00f1o necesita espacios como en la premier pero espa\u00f1a juega al toque.<\/p>\n<p>R.- S\u00ed, esa es la proecupaci\u00f3n. All\u00ed hay un ritmo trepidante, aqu\u00ed hay toque pausado. Todo consite en que \u00e9l y los centrocampistas aprendan a verse.<\/p>\n<p>P.- hola Alfredo \u00bfNo crees que Laporta se merece otra oportunidad? Su balance no es tan negativo gracias.<\/p>\n<p>R.- Lo peor de Lapota han sido sus maneras. Y ha creado la sospecha de estar utilizando pol\u00edticamente el club. Eso es lo que tiene a la gente m\u00e1s mosqueada.<\/p>\n","protected":false},"excerpt":{"rendered":"<p>Alfredo Rela\u00f1o ha charlado con los lectores sobre la Eurocopa y los nuevos fichajes.<br \/>\nARCHIVO DE ENTREVISTAS:<\/p>\n<p>-12 de mayo<br \/>\n-5 de mayo<br \/>\n-28 de abril<br \/>\n-21 de abril<br \/>\n&#8211; 14 de abril<\/p>\n","protected":false},"author":1,"featured_media":0,"comment_status":"open","ping_status":"open","sticky":false,"template":"","format":"standard","meta":{"footnotes":""},"categories":[],"tags":[],"class_list":["post-2037","post","type-post","status-publish","format-standard","hentry"],"_links":{"self":[{"href":"https:\/\/intervius.com\/index.html\/wp-json\/wp\/v2\/posts\/2037","targetHints":{"allow":["GET"]}}],"collection":[{"href":"https:\/\/intervius.com\/index.html\/wp-json\/wp\/v2\/posts"}],"about":[{"href":"https:\/\/intervius.com\/index.html\/wp-json\/wp\/v2\/types\/post"}],"author":[{"embeddable":true,"href":"https:\/\/intervius.com\/index.html\/wp-json\/wp\/v2\/users\/1"}],"replies":[{"embeddable":true,"href":"https:\/\/intervius.com\/index.html\/wp-json\/wp\/v2\/comments?post=2037"}],"version-history":[{"count":0,"href":"https:\/\/intervius.com\/index.html\/wp-json\/wp\/v2\/posts\/2037\/revisions"}],"wp:attachment":[{"href":"https:\/\/intervius.com\/index.html\/wp-json\/wp\/v2\/media?parent=2037"}],"wp:term":[{"taxonomy":"category","embeddable":true,"href":"https:\/\/intervius.com\/index.html\/wp-json\/wp\/v2\/categories?post=2037"},{"taxonomy":"post_tag","embeddable":true,"href":"https:\/\/intervius.com\/index.html\/wp-json\/wp\/v2\/tags?post=2037"}],"curies":[{"name":"wp","href":"https:\/\/api.w.org\/{rel}","templated":true}]}}