{"id":2035,"date":"2008-06-05T00:00:00","date_gmt":"2006-11-06T00:00:00","guid":{"rendered":"https:\/\/intervius.com\/index.html\/?p=2035"},"modified":"2006-11-06T00:00:00","modified_gmt":"2006-11-06T00:00:00","slug":"Marie-Ange2035","status":"publish","type":"post","link":"https:\/\/intervius.com\/index.html\/Marie-Ange2035\/","title":{"rendered":"Marie-Ange"},"content":{"rendered":"<p>Pregunta.- \u00bfQue chico y que chica te parecen mas fuertes?<\/p>\n<p>Respuesta.- De momento no me gustar\u00eda pronunciarme, porque falta mucho tiempo. Hay muchos que tienen posibilidades. Pero es injusto pronunciarse todav\u00eda.<\/p>\n<p>P.- \u00bfQue tres cosas debe tener el ganador de supermodelo?<\/p>\n<p>R.- Desde luego condiciones f\u00edsicas. Pero tambi\u00e9n muchas ganas de conseguirlo, porque el mercado es muy competitivo. Y luego, actitud, clase, conocimiento del mundo de la moda\u2026As\u00ed que: f\u00edsico, ganas y trabajo.<\/p>\n<p>P.- te atreverias a hacer una sesion de fotos, posando con los chicos?<\/p>\n<p>R.- Por supuesto que s\u00ed. Teniendo en cuenta que con mi edad tendr\u00edan que hacer un poco de Photoshop, pero como hacen con ellos \u00bfeh? jejeje<\/p>\n<p>P.- \u00bf Que criterio se va a seguir para nominar a los concursantes ?<\/p>\n<p>R.- Un poco de todo. La evoluci\u00f3n, las ganas de superarse. El antes, el durante y el despu\u00e9s. Y que se pongan las pilas. No s\u00f3lo el aspecto f\u00edsico.<\/p>\n<p>P.- \u00bfHay alguna alumna que le recuerde a usted en sus comienzos como modelo? Cont\u00e9steme. Usted es maravillosa. La admiro Marie-Ange<\/p>\n<p>R.- Todas me tienen mucho respecto. Les trato como una madre. Me piden tutor\u00edas para contarme sus penas y alegr\u00edas. Pero ya desde el casting, Yara me recuerda mucho a los maniqu\u00eds de generaciones anteriores. Tiene un punto cl\u00e1sico, pero con su edad, que es maravilloso<\/p>\n<p>P.- \u00bfComo ves a M\u00aa Amparo? besos me caes genial.<\/p>\n<p>R.- Por los dise\u00f1adores que contactan con nosotros, y por lo que pienso yo desde el principio, te puedo decir que es una chica diferente, tiene muchas condiciones f\u00edsicas y tiene ganas. Pero hay que ense\u00f1arla a canalizar todo. Tenemos que estar encima. Es un encanto de ni\u00f1a. Es como un beb\u00e9 al que hay que dar tiempo. Es una de las m\u00e1s interesante para mucha gente.<\/p>\n<p>P.- Hola Marie, \u00bfdesde cuando habla espa\u00f1ol? \u00bfes fan\u00e1tica de los sombreros? saludos!!<\/p>\n<p>R.- La gente que me conoce, sabe que me gustan los complementos, las gafas\u2026adem\u00e1s me da un toque franc\u00e9s. Aunque llevo 40 a\u00f1os en Espa\u00f1a.<\/p>\n<p>P.- Marie-Ange \u00bftienes algun favorito\/a? ,\u00bfpor quinen apostarias que va a ser el \/ la supermodelo 2008?, \u00bfalgun concursante te a decepcionado?,si tuvieras que expulsar ahora mismo a alguien \u00bfquien seria?\u00bfpor que motivos<\/p>\n<p>R.- No quiero tomar una decisi\u00f3n tan r\u00e1pida. No pienso en expulsiones esto es cosa de la audiencia, nosotros nominamos. Prefiero no ser yo qui\u00e9n tome esa decisi\u00f3n<\/p>\n<p>P.- \u00bfEs una carga muy grande para usted ser la directora de Supermodelo 2008 o m\u00e1s bien un orgullo?<\/p>\n<p>R.- Al principio estaba un poco asustada, creo que estoy aprendiendo. Pero claro que es un orgullo. Espero no decepcionar a la gente que confi\u00f3 en m\u00ed. Todos me apoyan al 100 % y esto me anima en hacerlo mejor. Con el equipo y profesores estoy content\u00edsima.<\/p>\n<p>P.- Tengo una pregunta: \u00bfQuien cree que ha evolucionado m\u00e1s en el centro?<\/p>\n<p>R.- Muchos han hecho mucho esfuerzo, pero Bel\u00e9n, Mamen y Raquel tienen mejor actitud que cuando entraron, lo cogen todo antes\u2026Eva, tambi\u00e9n\u2026Est\u00e1n con gans de aprender y eso es un estimulo.<\/p>\n<p>P.- \u00bfQu\u00e9 crees que ser\u00e1 de los chicos cuando todo acabe? Muchas gracias<\/p>\n<p>R.- A lo mejor algunos siguen intentando conseguir su sue\u00f1o, espero que tengan ofertas. Es el principio, no el final. Yo intentar\u00e9 echarles una mano en todo lo que pueda.<\/p>\n<p>P.- \u00bfQui\u00e9n le parece que tiene mas nivel? \u00bflos chicos o las chicas?<\/p>\n<p>R.- En un principio parec\u00eda que el nivel de los chicos era mas interesante. Pero cada vez me sorprenden m\u00e1s las chicas. Si trabajan duro, cualquiera podr\u00e1 trabajar alg\u00fan d\u00eda de esto. Cada d\u00eda que suban ser\u00e1 un d\u00eda menos para escalar en la profesion. Tienen que hacer muchos contactos en esta profesion. Depende de las neuronas de cada uno.<\/p>\n<p>P.- \u00bfc\u00f3mo se ha quedado con la muerte de Yves Saint Laurent? \u00bfEs una gran p\u00e9rdida para el mundo de la moda?<\/p>\n<p>R.- Por supuesto fue todo un gran creador. Conoc\u00ed a su mano derecha y desfil\u00e9 para \u00e9l en Espa\u00f1a, me ha dado un vuelco el coraz\u00f3n. Es una gran p\u00e9rdida. Fue un gran innovador, fue el inventor del pr\u00eat a porter. Lo siento mucho, la verdad, como francesa y como profesional de este mundo.<\/p>\n","protected":false},"excerpt":{"rendered":"<p>La Directora del Centro de Formaci\u00f3n de Supermodelo 2008 contest\u00f3a a los internautas<\/p>\n","protected":false},"author":1,"featured_media":0,"comment_status":"open","ping_status":"open","sticky":false,"template":"","format":"standard","meta":{"footnotes":""},"categories":[],"tags":[],"class_list":["post-2035","post","type-post","status-publish","format-standard","hentry"],"_links":{"self":[{"href":"https:\/\/intervius.com\/index.html\/wp-json\/wp\/v2\/posts\/2035","targetHints":{"allow":["GET"]}}],"collection":[{"href":"https:\/\/intervius.com\/index.html\/wp-json\/wp\/v2\/posts"}],"about":[{"href":"https:\/\/intervius.com\/index.html\/wp-json\/wp\/v2\/types\/post"}],"author":[{"embeddable":true,"href":"https:\/\/intervius.com\/index.html\/wp-json\/wp\/v2\/users\/1"}],"replies":[{"embeddable":true,"href":"https:\/\/intervius.com\/index.html\/wp-json\/wp\/v2\/comments?post=2035"}],"version-history":[{"count":0,"href":"https:\/\/intervius.com\/index.html\/wp-json\/wp\/v2\/posts\/2035\/revisions"}],"wp:attachment":[{"href":"https:\/\/intervius.com\/index.html\/wp-json\/wp\/v2\/media?parent=2035"}],"wp:term":[{"taxonomy":"category","embeddable":true,"href":"https:\/\/intervius.com\/index.html\/wp-json\/wp\/v2\/categories?post=2035"},{"taxonomy":"post_tag","embeddable":true,"href":"https:\/\/intervius.com\/index.html\/wp-json\/wp\/v2\/tags?post=2035"}],"curies":[{"name":"wp","href":"https:\/\/api.w.org\/{rel}","templated":true}]}}