{"id":2023,"date":"2008-06-06T00:00:00","date_gmt":"2006-11-06T00:00:00","guid":{"rendered":"https:\/\/intervius.com\/index.html\/?p=2023"},"modified":"2006-11-06T00:00:00","modified_gmt":"2006-11-06T00:00:00","slug":"Carme_Vilagines2023","status":"publish","type":"post","link":"https:\/\/intervius.com\/index.html\/Carme_Vilagines2023\/","title":{"rendered":"Carme Vilagin\u00e9s"},"content":{"rendered":"<p>Pregunta.- Hola Carme. \u00bfC\u00f3mo distinguir entre problemas de adaptaci\u00f3n &#8220;normales&#8221; de un ni\u00f1o adoptado y lo que pueda ser un trastorno?<\/p>\n<p>Respuesta.- Tenemos que pensar que todo ni\u00f1o adoptado ha sido, primero, un ni\u00f1o abandonado, desamparado y, muy a menudo, maltratado. Por ello, no podemos permitirnos equivocarnos demasiado, ya que sus problemas tendr\u00e1n siempre mayor intensidad que en el caso de los hijos propios. Es por ello que siempre recomiendo que, igual que se acude peri\u00f3dicamente al pediatra, se acuda peri\u00f3dicamente al psic\u00f3logo y \u00e9l podr\u00e1 discernir lo que es un problema &#8220;normal&#8221; de desarrollo de un problema m\u00e1s serio y podr\u00e1 ayudar a evitar que el problema aumente y llegue a cronificarse. <\/p>\n<p>P.- \u00bfCuando es el mejor momento para decirle al ni\u00f1o que es adoptado?<\/p>\n<p>R.- Se recomienda hablarlo con \u00e9l desde el primer momento, d\u00e1ndole la informaci\u00f3n adecuada a su edad. No es bueno no decir nada hasta que tenga una determinada edad, pues el ni\u00f1o, en el fondo, &#8220;sabe&#8221; que no est\u00e1 con sus padres biol\u00f3gicos. Si se silencia el hecho, cuando se le revela, el trauma es mucho mayor. Se ha demostrado, con estudios especializados, que incluso un ni\u00f1o reci\u00e9n nacido &#8220;sabe&#8221; si est\u00e1 con su madre o no.<\/p>\n<p>P.- Desde el punto de vista psicol\u00f3gico, tanto para padres como para ni\u00f1os, qu\u00e9 recomienda adopci\u00f3n o acogimiento? <\/p>\n<p>R.- La Organizaci\u00f3n Mundial de la Salud, al elaorar los derchos del ni\u00f1o, dijo que too ni\u00f1o tiene derecho a tener una familia que le ame y le cuide, etc. Potr lo tanto, lo mejor para un ni\u00f1o abandonado ser\u00eda una adopci\u00f3n BIEN HECHA<\/p>\n<p>P.- Hola Carme. Mi hija tiene ahora 7 a\u00f1os, vive con nosotros desde que ten\u00eda dieciocho meses, est\u00e1 completamente adaptada y es una ni\u00f1a feliz, pero me preocupa c\u00f3mo le vaya a afectar el ser adoptada en la adolescencia. \u00bfQu\u00e9 puedo esperar, y c\u00f3mo puedo prepararme? \u00bfC\u00f3mo ayudarla?<\/p>\n<p>R.- Lo mejor ser\u00eda que consultases con un psic\u00f3logo especializado en adopciones, para realizar un seguimiento y poder detectar lo m\u00e1s r\u00e1pidamente posible el inicio de cualquier problema para evitar que aumente y pueda convertirse en un conflicto serio. La adolescencia es una etapa dif\u00edcil para todo ni\u00f1o. En el caso de un ni\u00f1o que haya sufrido abandono y desamparo durante su m\u00e1s tierna infancia, las dficultades pueden tener mayor intensidad y siempre ir\u00e1 bien una ayuda, un acompa\u00f1amiento.<\/p>\n<p>P.- C\u00f3mo luchar contra lo que podr\u00eda ser una moda que hace que algunas parejas se planteen la adopci\u00f3n porque es una especie de tendencia hoy y no porque realmente est\u00e9n convencidos de lo que hacen&#8230;<\/p>\n<p>R.- Pues es muy dif\u00edcil esta lucha, sobre todo por la tendencia de los medios audiovisuales a presentar, casi siempre, la adopci\u00f3n como una cosa maravillosa y a no hablar de los problemas que conlleva. Pocas veces muestran casos complicados y, cuando lo hacen, se trata de casos tan terribles que la gente, en general, piensa que son casos excepcionales y tan poco frecuentes que no hay que preocuparse. Lo mejor ser\u00eda que se pudiese dar una informaci\u00f3n veraz sobre la problem\u00e1tica adoptiva, que es mucha y est\u00e1 muy silenciada.<\/p>\n<p>P.- \u00bfQu\u00e9 aspectos emocionales son los que no se explican sobre la adopci\u00f3n?\u00bfY por qu\u00e9?<\/p>\n<p>R.- No suelen explicarse aquellos aspectos que pueden hacer que las personas se planteen si son capaces de asumir una adopci\u00f3n con todas sus consecuencias o no. Suele no hablarse de las cosas preocupantes o negativas. Creo que es por la creencia de que saber la verdad impedir\u00eda que las personas adoptasen. Yo creo que saber la verdad ayudar\u00eda a que unas personas se preparasen mejor y otras, decidiesen que no se ven capaces. Con ello, las adopciones que se llevasen a cabo ir\u00edan mucho mejor que ahora.<\/p>\n<p>P.- Mi hijo de cuatro a\u00f1os (adoptado) a menudo se despierta con pesadillas por las noches. S\u00e9 que es algo normal a esta edad, pero me angustia el hecho de no saber c\u00f3mo fueron sus primeros meses de vida, y no saber si lo que vivi\u00f3 entonces guarda relaci\u00f3n con las pesadillas. \u00bfQu\u00e9 puedo hacer?<\/p>\n<p>R.- Es imposible saber lo que vivi\u00f3 en su m\u00e1s tierna infancia y es algo muy dif\u00edcil de soportar. Pueden consultar con un psic\u00f3logo para que les acompa\u00f1e en su cometido de padres sensibles y les ayude a entender cosas del comportamiento del ni\u00f1o que, a simple vista, pueden parecer inocuas pero que, para un especialista, pueden tener un significado importante, incluso para poder deducir qu\u00e9 experiencias traum\u00e1ticas haya vivido el ni\u00f1o en su pasado remoto. Pensar\u00eda en un psic\u00f3logo formado en psicolog\u00eda din\u00e1mica.<\/p>\n<p>P.- \u00bfCree usted que los padres adoptivos deber\u00edamos seguir distintas pautas que los dem\u00e1s padres, o tener diferentes expectativas? <\/p>\n<p>R.- Los padres adoptivos deben saber que un hijo adoptivo no es lo mismo que un hijo biol\u00f3gico. Es un ni\u00f1o que ha sufrido abandono, desamparo y, a menudo, malos tratos. Por ello, creo que los padres adoptivos deber\u00edan recibir un asesoramiento psicol\u00f3gico peri\u00f3dico, igual como reciben el asesoramiento pedi\u00e1trico. No se trata de recibir pautas, sino de aprender a comprender lo que ocurre en la relaci\u00f3n con el ni\u00f1o desde un punto de vista diferente.<\/p>\n<p>P.- \u00bfCrees que quienes nos estamos plantenado adoptar deber\u00edamos asistir a cursos impartidos por psic\u00f3logos y otros profesionales para estar mejor preparados? <\/p>\n<p>R.- Lo que yo recomiendo es que se reciba una informaci\u00f3n fidedigna y que se trabaje con un psic\u00f3logo, para poderse preparar adecuadamente para la tarea adoptiva. Los cursos pueden servir, si se hacen bien, para tener la informaci\u00f3n que se necesita, pero el acompa\u00f1amiento psicol\u00f3gico puede servir para elaborar ansiedades, para hacer frente a miendos y, sobre todo, para darse cuenta de si se est\u00e1 dispuesto a proseguir con el proyecto o es mejor abandonarlo. <\/p>\n<p>P.- \u00bfSon m\u00e1s comunes ciertos trastornos psicol\u00f3gicos en ni\u00f1os adoptados? \u00bfCu\u00e1les?<\/p>\n<p>R.- Los trastornos suelen tener mayor intensidad que en el caso de hijos biol\u00f3gicos. Podemos pensar en :Baja autoestima, dificultad para controlar los impulsos, desinter\u00e9s por el futuro. Pueden establecer relaciones superficiales, con dificultad para establecer v\u00ednculos nuevos de miedo a fracasar de nuevo. Poca capacidad de diferenciaci\u00f3n, desconfianza respecto de los adultos. Pueden prsentar una situaci\u00f3n ps\u00edquica muy delicada, con sentimientos de amor y odio constantes, sin matices, etc. etc.<\/p>\n<p>P.- \u00bfPor qu\u00e9 algunas personas cuando se enteran de que son adopatadas buscan a su familia biol\u00f3gica y otros no? Suele coincidir con que este bien en la familia de acogida?<\/p>\n<p>R.- Al contrario, si est\u00e1n bien y con buena relaci\u00f3n con la fam\u00edlia que les ha acogido y cuidado, se sentir\u00e1n m\u00e1s libres, cuando deseen saber de su pasado, para hablarlo con los padres adoptivos. Hay padres adoptivos que, sin darse cuenta, impiden que los hijos planteen problemas y hablen de sus ansiedades y de su deseo de saber. Son los que no le hablan nunca al ni\u00f1o del hecho adoptivo con la excusa de que el ni\u00f1o no pregunta.<\/p>\n","protected":false},"excerpt":{"rendered":"<p>Carme Vilagin\u00e9s, psicoterapeuta de ni\u00f1os, adolescentes, adultos, parejas, familias y familias adoptivas y autora de &#8220;Laltra cara de ladopci\u00f3 &#8211; Aspectes emocionals que no sexpliquen&#8221;, ha charlado con nuestros lectores. Consulta la entrevista. <\/p>\n","protected":false},"author":1,"featured_media":0,"comment_status":"open","ping_status":"open","sticky":false,"template":"","format":"standard","meta":{"footnotes":""},"categories":[],"tags":[],"class_list":["post-2023","post","type-post","status-publish","format-standard","hentry"],"_links":{"self":[{"href":"https:\/\/intervius.com\/index.html\/wp-json\/wp\/v2\/posts\/2023","targetHints":{"allow":["GET"]}}],"collection":[{"href":"https:\/\/intervius.com\/index.html\/wp-json\/wp\/v2\/posts"}],"about":[{"href":"https:\/\/intervius.com\/index.html\/wp-json\/wp\/v2\/types\/post"}],"author":[{"embeddable":true,"href":"https:\/\/intervius.com\/index.html\/wp-json\/wp\/v2\/users\/1"}],"replies":[{"embeddable":true,"href":"https:\/\/intervius.com\/index.html\/wp-json\/wp\/v2\/comments?post=2023"}],"version-history":[{"count":0,"href":"https:\/\/intervius.com\/index.html\/wp-json\/wp\/v2\/posts\/2023\/revisions"}],"wp:attachment":[{"href":"https:\/\/intervius.com\/index.html\/wp-json\/wp\/v2\/media?parent=2023"}],"wp:term":[{"taxonomy":"category","embeddable":true,"href":"https:\/\/intervius.com\/index.html\/wp-json\/wp\/v2\/categories?post=2023"},{"taxonomy":"post_tag","embeddable":true,"href":"https:\/\/intervius.com\/index.html\/wp-json\/wp\/v2\/tags?post=2023"}],"curies":[{"name":"wp","href":"https:\/\/api.w.org\/{rel}","templated":true}]}}