{"id":2019,"date":"2008-06-02T00:00:00","date_gmt":"2006-11-06T00:00:00","guid":{"rendered":"https:\/\/intervius.com\/index.html\/?p=2019"},"modified":"2006-11-06T00:00:00","modified_gmt":"2006-11-06T00:00:00","slug":"Mercedes_Castro2019","status":"publish","type":"post","link":"https:\/\/intervius.com\/index.html\/Mercedes_Castro2019\/","title":{"rendered":"Mercedes Castro"},"content":{"rendered":"<p>Pregunta.- \u00bfQu\u00e9 cuentas en Y punto?<\/p>\n<p>Respuesta.- Es la historia de una mujer, Clara Deza, que trabaja como polic\u00eda, tiene gata, marido, suegra, un bultito en el pecho que acaba de descubrir, algo de mala leche, mucha iron\u00eda galaica y un trabajo que le encanta, pero en el que a veces no se siente del todo comprendida o apoyada por sus compa\u00f1eros y que de pronto se complica cuando uno de sus mejores confidentes, el Culebra, le da un soplo inesperado. Es en definitiva, la historia de una curranta que intenta llegar al final del d\u00eda habiendo sido capaz de compaginar su vida personal y su trabajo sin renunciar a su humor y a su modo de ver el mundo.<\/p>\n<p>P.- Pregunta obvia. Si hay una sensibilidad femenina (cosa de la que algunas mujeres parecen avergonzarse por esto de la igualdad absoluta entre los sexos), \u00bfexiste una literatura femenina?<\/p>\n<p>R.- \u00bfPor qu\u00e9 tenemos que avergonzarnos de nuestra sensibilidad? Buscar la igualdad o intentar ser mujer y trabajar sin morir en el intento no quiere decir que para ello tengamos que volvernos hombres. Si para llegar a algo (la inexistente paridad, la igualdad absoluta, lo que sea) tenemos que borrarnos, anularnos como mujeres y renunciar a nuestra propia identidad, no creo que valga la pena. En cuanto a la &#8220;literatura femenina&#8221;, lo cierto es que no creo en g\u00e9neros, creo en escritores (hombres y mujeres, por supuest0) determinados con una voz propia y algo que contar. Eso s\u00ed, lo que me molesta es esa concepci\u00f3n de algunas editoriales de &#8220;hacer libros para&#8230;&#8221;, los estereotipos, como que los hombres leen novela negra, las mujeres rom\u00e1ntica y todo eso me revientan bastante.<\/p>\n<p>P.- Me ha llamado la atenci\u00f3n el rigor de tu estilo y la intensidad no s\u00f3lo con la que entras en la cabeza de tu protagonista (imagino que un trasunto de la tuya), sino de la que te vales para diseccionar el matrimonio, las relaciones y, claro est\u00e1, la trama policial. En realidad, m\u00e1s que una pregunta, lo que quer\u00eda decir es que hac\u00eda tiempo que no le\u00eda una novela espa\u00f1ola sin que los personajes, la intriga o el discurso me produjeran verg\u00fcenza ajena.<\/p>\n<p>R.- Muchas gracias. Aun as\u00ed, yo creo que realmente hay muchas buenas novelas en castellano que valen la pena, aunque no sean precisamente las m\u00e1s exitosas. Lo que m\u00e1s me gusta de tu comentario es que aprecies, tanto como la trama policial, el peso que tiene en &#8220;Y punto.&#8221; la vertiente personal de la vida de Clara y lo mucho que me he esforzado en intentar escribir y ser amena sin perder de vista un estilo cuidado.<\/p>\n<p>P.- Hola. Muchas felicidades por tu novela. Soy una \u00e1vida lectora, y ha sido un descubrimiento muy especial empezar Y punto. Apenas me dur\u00f3 dos d\u00edas. Ya est\u00e1 bien, que se reconozca el m\u00e9rito de las mujeres. Estamos rodeadas de ineptos. Y punto. Que la pr\u00f3xima sea igual. Enhorabuena.<\/p>\n<p>R.- \u00a1\u00a1\u00a1Dos d\u00edas!!!! \u00bfY has podido comer, dormir, ducharte&#8230; y leerla en s\u00f3lo 48 horas? A modo de confidencia, te dir\u00e9 que muchas de las frases y tonter\u00edas que oye Clara son recuerdos de cosas que he o\u00eddo a alg\u00fan que otro jefe y compa\u00f1ero o que me han contado mis amigas. El d\u00eda que se public\u00f3 la novela envi\u00e9 un mensaje a mis amigas en el que se la dedicaba y les dec\u00eda: &#8220;Por m\u00ed y por todas mis compa\u00f1eras&#8221;. Obviamente, est\u00e1s incluida en \u00e9l. Y no te preocupes, la pr\u00f3xima, que ya estoy cocinando, ser\u00e1 m\u00e1s ca\u00f1era todav\u00eda.<\/p>\n<p>P.- Le\u00ed hace poco su novela y me gust\u00f3 mucho. Felicidades. Me gustar\u00eda saber: \u00bfCu\u00e1nto hay de usted en Clara Deza, si es que hay algo? \u00bfCu\u00e1l es su personaje favorito en la novela? \u00bfTardaremos mucho en ver su pr\u00f3ximo trabajo? Muchas gracias y enhorabuena.<\/p>\n<p>R.- No es que haya algo de m\u00ed en Clara Deza, es que lo hay en casi todos los personajes, incluso en los que de entrada no tendr\u00edan que parecerse a m\u00ed, como Esmeralda o Carlos Par\u00eds, por ejemplo. Pero, eso s\u00ed, lo que es literalmente m\u00edo es la gata, llamada Matisse. Ella es clavada a la m\u00eda y lo \u00fanico cien por cien real en el libro. Mi personaje favorito, y creo que en la novela se nota, es el Culebra. Se llama Enrique, como mi abuelo, y una de las personas que me meti\u00f3 el gusanillo de contar historias desde ni\u00f1a. Mi pr\u00f3xima novela, como ya os he contado, est\u00e1 en marcha. No llevo mucho escrito, porque la promoci\u00f3n de &#8220;Y punto.&#8221; no me deja mucho tiempo, pero lo que es seguro es que tardar\u00e9 much\u00edsimo menos en terminarla que \u00e9sta.<\/p>\n<p>P.- Hola Mercedes, enhorabuena por tu libro, \u00bfqu\u00e9 autores j\u00f3venes te interesan?<\/p>\n<p>R.- Much\u00edsimos, soy una lectora voraz. Me gusta mucho la llamada &#8220;Next generation&#8221; norteamericana, gente como Jonathan Frazer, Michael Chabon, Jonathan Lethem, Chuck Palaniuk, y tambi\u00e9n Rodrigo Fres\u00e1n, Mart\u00ednez de Pis\u00f3n&#8230; Lo que no s\u00e9 es si se les puede llamar j\u00f3venes o no, porque alguno ya pasa de los 40&#8230;<\/p>\n<p>P.- He leido tu libro y en general me ha gustado pero la trama policial me ha parecido poco creible hay bastantes lagunas y preguntas sin responder, al final \u00bfmataste a la protagonista o sigue la saga? <\/p>\n<p>R.- No s\u00e9 a qu\u00e9 lagunas te refieres, he intentado cuidar los detalles, pero en una trama tan compleja siempre se te escapa algo. Otra cosa es haber dejado hilos abiertos aposta en el caso de algunos personajes secundarios, pero es que no me parec\u00eda realista dejar todas sus vidas solucionadas, creo que lo real en la vida y las relaciones y los problemas es que algunos se resuelvan y otros queden pendientes, como en el caso de los problemas entre Lola y Zafrilla y Javier el Beb\u00e9. Sobre el final, yo s\u00e9 lo que pasa y c\u00f3mo se queda cada uno de los personajes, porque piensas en ellos de modo global, no s\u00f3lo hasta que pones el y punto final de la novela, pero no me gusta dejarlo todo tan masticado y explicado. Cada autor es libre de darle a Clara el final que cree que merezca.<\/p>\n<p>P.- Hola Mercedes. \u00bfC\u00f3mo est\u00e1s viendo esta edici\u00f3n de la Feria del Libro?<\/p>\n<p>R.- S\u00f3lo he firmado un d\u00eda, y tuve la enorme suerte de que no me lloviera, a m\u00ed la Feria siempre me ha gustado much\u00edsimo, como autora y editora, porque es el momento en que uno se pone en contacto con el lector, el aut\u00e9ntico motor del sector del libro. Tiene un componente de espect\u00e1culo y mercantilista, claro, por eso se le llama feria, pero eso tambi\u00e9n la hace divertida y es algo a lo que no se puede ni debe renunciar.<\/p>\n<p>P.- Mercedes, como escritora que eres, \u00bfc\u00f3mo ves la situaci\u00f3n de la industria del libro en Espa\u00f1a? Gracias por tu respuesta y tu novela. <\/p>\n<p>R.- Lo que creo es que estamos confundiendo un poco algunos conceptos. Siempre han existido los autores supervendedores, algunos tienen much\u00edsima calidad y otros no, pero lo que est\u00e1 claro es que ventas y calidad no tienen por qu\u00e9 ir parejas en la mayor\u00eda de los casos. Muy de vez en cuando se da esa conjunci\u00f3n y es maravilloso ver un buen libro que se vende masivamente, pero creo que todos, editores y autores, sabemos lo que hacemos y c\u00f3mo de buenos o de millonarios queremos ser. Son opciones a tomar y muy respetables en todos los casos siempre y cuando no saquemos los pies de nuestros respectivos tiestos. Lo genial, eso s\u00ed, es que cada vez se venden m\u00e1s libros y que parece que la crisis no est\u00e1 afectando al sector. Ser\u00e1 que hay poca pasta para salir y preferimos quedarnos en casa leyendo, que adem\u00e1s de barato es m\u00e1s entretenido a veces.<\/p>\n<p>P.- Hola Mercedes! No sab\u00eda que ten\u00edas un blog. \u00bfQu\u00e9 nos cuentas de \u00e9l? \u00bfCrees que los blogs son una buena herramienta para hacer literatura?<\/p>\n<p>R.- EL blog se llama &#8220;Y punto.&#8221;, como la novela, y empez\u00f3 el mismo d\u00eda que \u00e9sta sali\u00f3 a la venta. Lo que quiero contar en \u00e9l es c\u00f3mo se vive &#8220;desde el otro lado&#8221;, el de los autores, el publicar una primera novela. Voy hablando de mis firmas, de mis viajes, de lo que me pasa y lo que me dice la gente y en general busco hacerlo con humor. A veces los lectores se me rebelan y otras voy tan pelada de tiempo que casi no puedo ni actualizarlo, pero me encanta tener un trato tan directo con los lectores, los que me odian y los que me aman. Es muy sano.<\/p>\n<p>P.- Aunque su novela &#8220;Y punto.&#8221; est\u00e1 siendo un gran \u00e9xito editorial, sobre todo para alguien que es una autora novel y su obra no pertenece al g\u00e9nero del bestseller hist\u00f3rico, \u00bfcu\u00e1nto de parte (o de culpa) tiene la promoci\u00f3n de una novela hoy en d\u00eda?<\/p>\n<p>R.- Creo que actualmente es dificil\u00edsimo que una novela &#8220;saq<\/p>\n<p>P.- \u00bfQue cree que es m\u00e1s importante entre saber escribir bien o tener buenas ideas?<\/p>\n<p>R.- \u00bf\u00bf\u00bfQu\u00e9 ha pasado??? Se me ha ido el teclado en la respuesta anterior. Aprovecho aqu\u00ed, con permiso de Market Pol, para responder a las dos: lo que dec\u00eda es que es dificil\u00edsimo que una novela primeriza de una autora desconocida &#8220;saque la cabeza&#8221; en las mesas de novedades sin apoyo de m\u00e1rketing. Yo no he contado, obviamente, con el past\u00f3n que se gastan las editoriales en pesos pesados tipo Ken Follet o Ruiz Zaf\u00f3n, pero s\u00ed con el esfuerzo y la ilusi\u00f3n de la gente de Marketing y Prensa de Alfaguara, como \u00c1ngeles, Pura o Rosa, se que parten el pecho por m\u00ed y, sobre todo y lo m\u00e1s importante, creen en la novela. Entre saber escribir y tener buenas ideas, me quedo con lo \u00faltimo, es decir: con tener algo que contar. Ahora bien, tengo la terrible sensaci\u00f3n de que hoy d\u00eda, para una serie de autores y en un determinado tipo de mercado editorial, el no saber escribir no tiene importancia, y no me parece justo para el lector. T\u00fa vas a comprar una barra de pan y lo m\u00ednimo es que est\u00e9 bien hecha, que el panadero se haya esforzado en hacerla. Eso de que lo importante es contar una historia y de que contarla mal se llame &#8220;prosa directa, simple y eficaz&#8221; no me vale. La escritura es algo que se aprende y requiere esfuerzo, y yo desde luego lo he intentado y me avergonzar\u00eda si alguien me dijera que no lo he hecho o que me da igual escribir bien o mal.<\/p>\n<p>P.- Hola, Mercedes, una de las cosas que me gusta de ti es que no tienes reparo en agradecer los &#8220;pr\u00e9stamos&#8221; tanto literarios como musicales que has utilizado en tu novela. Como escritora aficionada que pretendo ser a una escritora publicada y ya reconocida&#8230; quisiera saber qu\u00e9 opinas de eso que llaman &#8220;plagio creativo&#8221;, es decir, basarse sin tapujos en lo que han escrito otros para crear un texto propio. Enhorabuena por tu \u00e9xito y gracias por tu novela. <\/p>\n<p>R.- Huy, &#8220;escritora reconocida&#8221;, c\u00f3mo suena eso&#8230; A ver, para construir a Clara y hacerla cre\u00edble necesit\u00e9 &#8220;armarla&#8221;, y para m\u00ed eso es tanto pensar en c\u00f3mo viste o c\u00f3mo es como en qu\u00e9 lee o qu\u00e9 m\u00fasica escucha, porque para m\u00ed eso es algo muy importante en mi vida. No pod\u00eda entrecomillar las citas que ella hace porque no tiene l\u00f3gica narrativa que t\u00fa pongas comillas dentro de tu cabeza a lo que piensas, y me parec\u00eda una pedanter\u00eda que fuera diciendo: &#8220;Como escribi\u00f3 Lorca&#8230;&#8221;. Pero, eso s\u00ed, al final recojo todos los nombres de los autores citados. No s\u00e9 bien a qu\u00e9 te refieres con eso del plagio creativo, creo que todo es cuesti\u00f3n de morro y de l\u00edmites, de reconocer las fuentes o de darlas por sabidas, de una cierta alevos\u00eda. Eso s\u00ed, el pastiche, es decir, el tomar personajes o historias o g\u00e9neros de sobra conocidos y reinterpretarlos, es algo que se ha hecho siempre y es l\u00edcito. De hecho, y muy libremente, el Quijote es una interpretaci\u00f3n libre, cr\u00edtica y humor\u00edstica de las novelas de caballer\u00edas. En fin, dios nos libre del Corta-Pega. Am\u00e9n.<\/p>\n<p>P.- La voz que narra en &#8220;Y punto.&#8221; no es la de un narrador omniscente, ni es la de la protagonista en un mon\u00f3logo interior, pero tiene elementos de ambos. \u00bfC\u00f3mo la definir\u00edas? <\/p>\n<p>R.- Lo definir\u00eda como un trabajo enooorme a la hora de sacarla adelante con credibilidad. No sab\u00eda d\u00f3nde me met\u00eda cuando se me ocurri\u00f3 empezar la novela as\u00ed, pero creo que funciona muy bien, que hace a Clara muy cercana y que da muy buen resultado narrativo. Es algo as\u00ed como verlo todo desde los ojos de Clara, mezclando en su cabeza lo que piensa y lo que oye y c\u00f3mo cree que la ven los dem\u00e1s. Me gusta que te haya gustado. Mil gracias.<\/p>\n<p>P.- Hola, Mercedes. Enhorabuena por tu fant\u00e1stica novela. Habida cuenta de tu experiencia como editora, \u00bfpara cu\u00e1ndo una novela destripando los entresijos del mundillo editorial?<\/p>\n<p>R.- Algo habr\u00e1 en la que ya estoy escribiendo, aunque muy libremente y con mucho humor. No puedo evitar ser cr\u00edtica e ir\u00f3nica, eso es la vena gallega, que va conmigo, y tampoco quiero ajustar cuentas, pero creo que es un mundo muy interesante que suscita curiosidad y, ya que lo he vivido y sigo en ello, no me gustar\u00eda desaprovechar la oportunidad. Gracias a ti tambi\u00e9n por las enhorabuenas. He sido una lectora voraz de Sandman y de muchos comics m\u00e1s, y sigo en ello.<\/p>\n<p>P.- \u00bfPodr\u00eda recomendarnos alguna novela de autores de su generaci\u00f3n que se encuentre de actualidad en las librer\u00edas? Un beso muy fuerte desde Alicante, Luisma<\/p>\n<p>R.- Me gusta especialmente la voz, muy potente y con un estilo muy personal y muy cuidado, de David Torres. Lo \u00faltimo que tiene en el mercado es &#8220;Ni\u00f1os de tiza&#8221;. Tambi\u00e9n me ha gustado mucho una primera novela llamada &#8220;Me refiero a los J\u00e1tac&#8221;, de Carlos P\u00e9ramo, en Bruguera. Cuando era editora quise publicarla, pero mis jefes no lo ten\u00edan nada claro. Me alegro de que alguien haya apostado por ella, pero me da rabia que haya pasado injustamente desapercibida. A lo mejor ya ni se encuentra en las librer\u00edas&#8230; La de Torres s\u00ed, y vale la pena.<\/p>\n<p>P.- En varias entrevistas ha dicho que la despidieron el a\u00f1o pasado de la empresa en la que trabajaba cuando se encontraba embarazada de 5 meses. \u00bfQu\u00e9 opina de esta terrible probl\u00e9matica que afecta a much\u00edsimas mujeres hoy en d\u00eda? \u00bfCree que el Gobierno deber\u00eda hacer algo para cortar esta terrible sangr\u00eda y que los empresarios siempre salgan impunes (a m\u00ed tambi\u00e9n me despidieron cuando estaba embarazada de cuatro meses de mi trabajo)? Enhorabuena por su novela, que me ha encantado.<\/p>\n<p>R.- S\u00ed, me despidieron de Espasa a los diez d\u00edas de decir que estaba embarazada. Creo que la relaci\u00f3n causa-efecto es bastante evidente, y es una experiencia terrible, muy dura y muy injusta. Te dejan en el dique seco hasta que das a luz (en mi caso m\u00e1s de cuatro meses) y luego llega la baja por maternidad y piensas que nunca volver\u00e1s a reengancharte en el mercado editorial. Afortunadamente, el embarazo es un estado transitorio, pero creo que hay por ah\u00ed responsables de empresas que no se han dado cuenta todav\u00eda. Me parece muy bien que el Gobierno haya creado un Ministerio de Igualdad, y desde aqu\u00ed le deseo toda la suerte del mundo a la ministra responsable, porque tiene much\u00ediiiisimo trabajo por delante. Buscar la igualdad, la paridad, me parece una utop\u00eda maravillosa, pero ut\u00f3pica al fin y al cabo en un pa\u00eds en que se sigue penalizando impunemente el embarazo en cualquier empresa. A m\u00ed, la verdad, que me equiparen el sueldo me parece muy bien, pero preferir\u00eda que antes de dedicarse a eso se encarguen de solucionar que no me despidan por estar embarazada. Para colmo, por un mes no pill\u00e9 el cheque-beb\u00e9 de Zapatero. Eso s\u00ed, por m\u00e1s que se empe\u00f1en empresarios y jefes de personal, pese a todo, luego ves a tu beb\u00e9 y, adem\u00e1s de tener mucha m\u00e1s fuerza para bregar con lo que venga, desde luego vale la pena. \u00c1nimo y suerte, compa\u00f1era. Desde que lo he contado p\u00fablicamente no paro de recibir mensajes en los que me cuentan muchas mujeres que les ha pasado lo mismo, te deseo lo mejor del mundo.<\/p>\n<p>P.- \u00a1Buenos d\u00edas, Mercedes! Apenas me quedan 100 p\u00e1ginas para acabarme tu libro y estoy impaciente por llegar al final&#8230; Comparto con Clara much\u00edsimas cosas y me gustar\u00eda saber qu\u00e9 ten\u00e9is vosotras en com\u00fan. Tambi\u00e9n tengo curiosidad por saber de d\u00f3nde has sacado los nombres de los personajes. Un beso, y nos vemos en M\u00e1laga. <\/p>\n<p>R.- Querido malague\u00f1o o malague\u00f1a, gracias por el entusiasmo. Me encanta eso que dices de que compartes cosas con Clara porque mi deseo era hacerla absolutamente real y, por tanto, cre\u00edble. En una respuesta anterior ya he hablado de en qu\u00e9 nos parecemos y puedo a\u00f1adir que, adem\u00e1s de la gata, que cada d\u00eda est\u00e1 m\u00e1s arisca, o\u00edmos la misma m\u00fasica y leemos los mismos libros, \u00e9sos y muchos m\u00e1s que no he citado porque no ven\u00edan al caso. El sentido del humor, algunos recuerdos, como los que tiene de su familia en Galicia, tambi\u00e9n son m\u00edos, y el despiste eterno, \u00e9se por supuesto. Los nombres est\u00e1n elegidos con cuidado, para m\u00ed son muy importantes y siempre significan algo, el de el Culebra ya lo he explicado, y el de Clara est\u00e1 tomado de dos de los protagonistas principales de Los gozos y las sombras, la trilog\u00eda de Torrente Ballester, ferrolano como yo y uno de mis escritores de cabecera. Luego los nombres de Olvido, Remedios, Virtudes, son obvios. Y el de Vito, claro est\u00e1, es una bromilla. Gracias por tu comentario y \u00e1nimo con el final.<\/p>\n<p>P.- \u00bfTus escritores favoritos en el g\u00e9nero de la novela negra? A m\u00ed me encanta George Simenon y su inspector Maigret. \u00bfQu\u00e9 opinas?<\/p>\n<p>R.- Buffff, leo novela negra y de intriga desde ni\u00f1a y me encanta, pero soy muy muy ecl\u00e9ctica. Mis favoritos de siempre son Raymond Chandler y Patricia Highsmith, y Conan Doyle, claro. Ahora estoy encanchad\u00edsima con Elisabeth Sanxay Holding. La edita Lumen y su novela &#8220;La pared vac\u00eda&#8221; me parece excepcional, me tiene fascinada por el retrato que hace de la madre de familia que la protagoniza. Pero, si pudieran considerarse autores de intriga, tambi\u00e9n me gusta, por ejemplo, A. S. Byatt, aunque en &#8220;Posesi\u00f3n&#8221; no investigue ninguna muerte sino la obra de dos escritores, y Pete Dexter, y el propio David Torres de &#8220;El gran silencio&#8221; y mil m\u00e1s que seguramente los fan\u00e1ticos del g\u00e9nero no considerar\u00edan autores &#8220;negros&#8221;.<\/p>\n<p>P.- Hola Mercedes, qu\u00e9 gusto que te den espacio en un peri\u00f3dico como este. Adel\u00e1ntanos algo de la nueva novela (ya s\u00e9 que no es continuaci\u00f3n de Y punto). Besos<\/p>\n<p>R.- \u00a1\u00a1\u00a1Luneeeeraaaa!!! Hola, qu\u00e9 bueno que te hayas pasado por aqu\u00ed desde el blog. No puedo decir el t\u00edtulo de la pr\u00f3xima porque es algo que nunca termino de decidir hasta el final, pero s\u00ed puedo decir que parte de un presupuesto diametralmente opuesto al de &#8220;Y punto.&#8221; porque la protagonista, en la primera p\u00e1gina, se reconoce como mala mal\u00edsima sin ning\u00fan pudor. Eso s\u00ed, luego habr\u00e1 que seguir leyendo para descubrir qu\u00e9 hace y por qu\u00e9 lo hace. No voy a renunciar al sentido del humor, porque es marca de la casa, ni a la mala leche, pero s\u00ed a la manera de narrar mezclando primera y tercera persona y a cierto tono arrabalero. Yo creo que hay que afrontar retos nuevos y que a escribir se aprende haci\u00e9ndolo. A ver qu\u00e9 pasa. Por ahora no puedo dejar de pensar en ella, aunque no tengo tanto tiempo para escribir como quisiera. <\/p>\n<p>P.- Hola, Mercedes. \u00bfQu\u00e9 queda de la poetisa que hac\u00eda esos maravillosos recitales en sitios como &#8220;El c\u00e1f\u00e9 Libertad&#8221;? \u00bfSacas tiempo todav\u00eda para escribir poemas? \u00bfTodav\u00eda se puede vender poes\u00eda en este pa\u00eds? Felicidades por la poes\u00eda de tu novela.<\/p>\n<p>R.- Ay, c\u00f3mo me gustan los vampiros&#8230; Me encantaba hacer recitales, aunque no me sal\u00edan muy al uso, he de reconocerlo. Pero desde aqu\u00ed aviso: si me llaman del Caf\u00e9 Libertad o de donde sea, lo dejo todo y voy. Y sobre qu\u00e9 queda de m\u00ed&#8230; Pues creo que soy la misma, pero m\u00e1s vieja y m\u00e1s perjudicada, sigo leyendo poes\u00eda, sigo escribiendo poes\u00eda en raptos febriles que me dan y tambi\u00e9n la cuelo todo lo que puedo en las novelas. La poes\u00eda est\u00e1 en todas partes, en los tangos, en las coplas, en el C\u00f3digo Civil (aunque eso lo han hecho sin querer). Estas \u00faltimas semanas en el blog he colgado dos poemas de &#8220;La ni\u00f1a en rebajas&#8221; porque me dicen los lectores que es un poemario bastante inencontrable. Una ha gustado mucho, la otra no, pero yo me sigo sintiendo en rebajas, la verdad. Eso s\u00ed: si quieres vivir de la poes\u00eda lo tienes dif\u00edcil, amigo. Digamos que es un vicio maravilloso que sale caro. Gracias y besos<\/p>\n<p>P.- \u00a1Hola Miss Castro! Primero enhorabuena por tu novela, en la cual ando metido hasta las cejas. La estoy gozando. Mi pregunta es: \u00bfantes de comenzar a ecribir una novela qu\u00e9 pasos son los que ha de seguir el escritor? De otro modo; \u00bfCon unos &#8220;aromas&#8221; uno se puede poner a escribir o es necesario tener todo el esquema claro, de principio a fin, antes de comenzar?<\/p>\n<p>R.- Huy, qu\u00e9 pregunta dif\u00edcil&#8230; Bueno, yo puedo hablar de mi experiencia y contarte algunas que he visto de primera mano en los autores que conozco y que he editado. Los hay que tienen una especie de escaleta con todo lo importante esbozado, los hay que tienen que tener el final decidido antes de empezar a escribir, los hay que tienen que trabajar los personajes y luego se dejan llevar por ellos, los hay que van a trompicones y lo hacen todo sobre la marcha y conozco a uno que se pasa dos o tres a\u00f1os pensando en qu\u00e9 va a escribir, luego se va a un hotel escondido, se sienta ante el ordenador y en dos semanas se quita el libro de encima. Yo, que soy una novata y no ten\u00eda ni idea de d\u00f3nde me met\u00eda cuando empec\u00e9 &#8220;Y punto.&#8221; ten\u00eda muy clara la voz de Clara, valga la rebuznancia, los hechos principales y los protagonistas esenciales y, sobre todo, lo que le pasar\u00eda a ella al final. Pero no me gusta tenerlo todo demasiado previsto y &#8220;atado&#8221; porque entonces pierdes espontaneidad y te ci\u00f1es a un trabajo demasiado estricto, sin posibilidad de dejarte llevar (aunque no mucho), sin resquicios para la libertad. Digamos que es como cuando le sueltas la correa a un perrillo pero no lo pierdes de vista (ay, qu\u00e9 poco literario me ha quedado esto, pero es as\u00ed&#8230;). Espero haberte ayudado.<\/p>\n","protected":false},"excerpt":{"rendered":"<p>La escritora gallega Mercedes Castro ha cosechado grandes elogios de la cr\u00edtica con su primera novela, Y punto (Alfaguara), la historia de una agente de seguridad que oscila entre dos esferas. Una laboral, en la que se mueve entre la incomprensi\u00f3n y la superprotecci\u00f3n de sus superiores, y otra personal, que gira en torno a su propio matrimonio. La autora firmar\u00e1 ejemplares de su obra en la Feria del Libro los d\u00edas 31 de mayo, 14 y 15 de junio.<br \/>\nVisita el blog de Mercedes Castro<\/p>\n","protected":false},"author":1,"featured_media":0,"comment_status":"open","ping_status":"open","sticky":false,"template":"","format":"standard","meta":{"footnotes":""},"categories":[],"tags":[],"class_list":["post-2019","post","type-post","status-publish","format-standard","hentry"],"_links":{"self":[{"href":"https:\/\/intervius.com\/index.html\/wp-json\/wp\/v2\/posts\/2019","targetHints":{"allow":["GET"]}}],"collection":[{"href":"https:\/\/intervius.com\/index.html\/wp-json\/wp\/v2\/posts"}],"about":[{"href":"https:\/\/intervius.com\/index.html\/wp-json\/wp\/v2\/types\/post"}],"author":[{"embeddable":true,"href":"https:\/\/intervius.com\/index.html\/wp-json\/wp\/v2\/users\/1"}],"replies":[{"embeddable":true,"href":"https:\/\/intervius.com\/index.html\/wp-json\/wp\/v2\/comments?post=2019"}],"version-history":[{"count":0,"href":"https:\/\/intervius.com\/index.html\/wp-json\/wp\/v2\/posts\/2019\/revisions"}],"wp:attachment":[{"href":"https:\/\/intervius.com\/index.html\/wp-json\/wp\/v2\/media?parent=2019"}],"wp:term":[{"taxonomy":"category","embeddable":true,"href":"https:\/\/intervius.com\/index.html\/wp-json\/wp\/v2\/categories?post=2019"},{"taxonomy":"post_tag","embeddable":true,"href":"https:\/\/intervius.com\/index.html\/wp-json\/wp\/v2\/tags?post=2019"}],"curies":[{"name":"wp","href":"https:\/\/api.w.org\/{rel}","templated":true}]}}