{"id":2011,"date":"2008-05-26T00:00:00","date_gmt":"2006-11-06T00:00:00","guid":{"rendered":"https:\/\/intervius.com\/index.html\/?p=2011"},"modified":"2006-11-06T00:00:00","modified_gmt":"2006-11-06T00:00:00","slug":"Tomas_Guasch2011","status":"publish","type":"post","link":"https:\/\/intervius.com\/index.html\/Tomas_Guasch2011\/","title":{"rendered":"Tom\u00e1s Guasch"},"content":{"rendered":"<p>Pregunta.- \u00a1Hola fen\u00f3meno! crees realmente que un centro del campo con tanta distribuci\u00d3n (Cesc, xavi, Iniesta, Xavi Alonso, Senna) sirve de algo si apenas tenemos bandas? Un saludo Crack!<\/p>\n<p>Respuesta.- Es uno de los grandes misterios, pero Luis apost\u00f3 por esa idea, con dos volantes abiertos y un \u00fanico punta, y no le ha ido mal. Sospecho que a t\u00ed, como a m\u00ed, nos gusta el f\u00fatbol con extremos, pero&#8230; Ojal\u00e1 acierte \u00e9l, claro.<\/p>\n<p>P.- Hola Tom\u00e1s, mi pregunta es la siguiente \u00bfusted cree que llevando el medio centro que lleva Espa\u00f1a tenemos alguna posbiladad de ganar? Le pregunt\u00f3 esto debido a que tenemos mucho toque pero nada de pegada \u00bfno crees? Gracias.<\/p>\n<p>R.- Es lo de antes. Pegada de un Lampard, del mejor Deco, Keita, Sneijder, Scholes y as\u00ed no tenemos. Lo m\u00e1s parecido es Casquero, pero no va. Iremos al toque y, bueno, tocando y tocando se puede hacer camino. <\/p>\n<p>P.- \u00bfcree que hay jugadores en la selecci\u00f3n que no sienten los colores?<\/p>\n<p>R.- No, de ninguna manera: todos los sienten y ninguno miente cuando dice que un Mundial o una Eurocopa es lo m\u00e1s importante de su vidas. A la Champions y UEFA van varios equipos, muchos futbolistas. A esos torneos, los considerados mejores. Y saben que tienen much\u00edsima gente detr\u00e1s. Por ah\u00ed no hay problema.<\/p>\n<p>P.- Buenas tardes Sr Guasch, tengo una pregunta para usted,cree sinceramente, \u00bfque en la decisi\u00f3n de Bojan de no ir al europeo no influyo en &#8220;Sr&#8221; Lapota?<\/p>\n<p>R.- No, tengo la certeza de que no. El chico tiene 17 a\u00f1os y est\u00e1 verdaderamente cansado. Es m\u00e1s: si hubiese sido un Mundial Sub20 habr\u00eda ido, seguro que s\u00ed. Porque la responsabilidad en el ataque hubiese sido suya. Aqu\u00ed hubiese viajado como tercer o cuatro delantero: mejor que descanse. No hay presidente en el mundo, por raro que sea y Laporta lo es, que deje sin un europeo a un futbolista. No veas doblez donde hay sinceridad.<\/p>\n<p>P.- \u00bfCu\u00e1l es el jugador que le parece a usted que esta m\u00e1s en forma de Espa\u00f1a?<\/p>\n<p>R.- En forma est\u00e1 Casillas, que m\u00e1s que en forma est\u00e1 de vicio. es el crack del equipo, amigo.<\/p>\n<p>P.- Hola Tom\u00e1s, dime qu\u00e9 once pondr\u00edas t\u00fa en Espa\u00f1a en la Eurocopa. Muchas gracias.<\/p>\n<p>R.- Seg\u00fan la lista de 23 pondr\u00eda a Casillas; Sergio Ramos, Albiol, Puyol, Capdevila; Iniesta, Senna, Xavi, Cazorla; y Villa y Torres. Si hubiese sido yo el seleccionador Guti y Ra\u00fal tendr\u00edan su espacio.<\/p>\n<p>P.- Hola Tom\u00e1s \u00bfCrees que contar Aragon\u00e9s con Xabi Alonso de titular? \u00bfDeber\u00eda el Madrid o el Bar\u00e7a fichar a Alonso? Gracias crak <\/p>\n<p>R.- Creo que no contar\u00e1 de entrada, pero como es un gran futbolista tendr\u00e1 su oportunidad. Sobre lo del Madrid y Bar\u00e7a, \u00bfa qui\u00e9n molesta eso, un gran futbolista?<\/p>\n<p>P.- Tom\u00e1s, \u00bfun pron\u00f3stico para la final de la Eurocopa? Gracias.<\/p>\n<p>R.- Dije hace tiempo, y sigo pensando, que Espa\u00f1a ser\u00e1 finalista y ya que estamos ah\u00ed&#8230; \u00a1campeones! No es pura locura: admito que nos puede ganar cualquiera en un cruce de cuartos, pues hablaremos de uno de los ocho mejores equipos del torneo. Pero tambi\u00e9n se que podemos ganarle tambi\u00e9n nosotros a cualquiera. <\/p>\n<p>P.- \u00bfSe merece Guti ir a la selecci\u00f3n?<\/p>\n<p>R.- Para m\u00ed, s\u00ed. Con la gorra.<\/p>\n<p>P.- \u00bfSi llegamos a la final con qui\u00e9n quieres que nos toque?<\/p>\n<p>R.- Con Azerbay\u00e1n si es posible.<\/p>\n<p>P.- Hola, \u00bfcrees que este a\u00f1o va a ser el a\u00f1o de Espa\u00f1a aunque sin Ra\u00fal ?<\/p>\n<p>R.- S\u00ed, amigo. \u00bfT\u00fa eres el muchacho de Tanger con el que coincid\u00ed en un restuarante de Madrid el d\u00eda del Real-Roma? Sea como fuere te digo que s\u00ed, que con o sin Ra\u00fal \u00e9ste puede ser el a\u00f1o de Espa\u00f1a. <\/p>\n<p>P.- Gran Guasch, un placer charlar contigo, \u00bfCrees sinceramente que Espa\u00f1a est\u00e1 preparada para cargarse a alguna selecci\u00f3n grande como Italia o Alemania con la experiencia que tienen?\u00bfCrees que es buena idea jugarnosla a una sola carta llevando 23 futbolistas de corte id\u00e9ntico y sin ning\u00fan extremo para tener una segunda opci\u00f3n de jugar en un momento determinado?<\/p>\n<p>R.- En amistosos les hemos ganado, tambi\u00e9n a Francia. No llevamos un equipo de juveniles, \u00bfeh? La mayor\u00eda tiene muchos tiros pegados y en cuanto a experiencia respecto a los dem\u00e1s, por lo menos es una equis. Lo de los extremos lo coment\u00e9 antes: a m\u00ed me gustan y en mi equipo no faltar\u00edan. <\/p>\n<p>P.- Sr.Guasch \u00bfQu\u00e9 le parece a usted el centro del campo espa\u00f1ol (Sergio Garc\u00eda, Xavi, Cesc Iniesta, Silva&#8230;)? \u00bfSe podr\u00eda comparar con el centro del campo de una seleccion &#8220;potente&#8221; como la de Italia, como Holanda&#8230;?<\/p>\n<p>R.- Si potencia son kilos, lo tenemos mal. Pero vamos a jugar al f\u00fatbol, no a cargar camiones. Si sabemos agarrar la pelota, los grandotes lo pasar\u00e1n mal. Tengamos fe&#8230;<\/p>\n<p>P.- Tom\u00e1s eres un crack \u00bfQui\u00e9n crees que ser\u00e1 el jugador revelaci\u00f3n de la Euro?<\/p>\n<p>R.- Me gustar\u00eda que fuera uno de nuestros j\u00f3venes, Cazorla por ejemplo. El mismo G\u00fciza. Hay muchos aspirantes, claro. Benzema en Francia, por ejemplo. No s\u00e9, muchos.<\/p>\n<p>P.- \u00bfLe parece Vicente del Bosque el mejor candidato para sustituir a &#8220;zapatones&#8221; despues de la Eurocopa? \u00bfCu\u00e1l es su favorito? A m\u00ed me gustar\u00eda Victor Fern\u00e1ndez.<\/p>\n<p>R.- No es que me parezca, es que est\u00e1 hecho. Yo tambi\u00e9n soy de V\u00edctor y quiz\u00e1 lo veamos alg\u00fan d\u00eda en la Selecci\u00f3n; es joven, no se le pasa el arroz&#8230;<\/p>\n<p>P.- \u00bfCu\u00e1l es el equipo a evitar en el cruce de cuartos en su opini\u00f3n?<\/p>\n<p>R.- No me gustar\u00eda Italia. En el mano a mano en el alambre, \u00a1uff! Pero su grupo es tan fuerte que si se mete Ruman\u00eda, la de menos cartel, es porque estar\u00e1 en un buen momento y ser\u00e1 tan peligrosa como la que m\u00e1s.<\/p>\n<p>P.- \u00bfUsted cree que jugadores como Senna, Capdevila, Sergio Garc\u00eda, Marchena, Juanito, Silva, Arbeloa y Navarro son los mejores de Espa\u00f1a? No tenemos jugadores mejores de nuestra nacionalidad?<\/p>\n<p>R.- Esos son espa\u00f1oles todos, \u00bfeh? Es cuesti\u00f3n de gustos y creo que con una o dos excepciones, la lista de Luis la firmar\u00eda la generalidad de la poblaci\u00f3n. Tampoco nos sobra tanto&#8230;<\/p>\n<p>P.- Buenas Tom\u00e1s, queda claro que el estilo de juego de la selecci\u00f3n es el del tiki-taka, o al menos eso intenta. Est\u00e1 claro que en los partidos dominamos la posesi\u00f3n y no paramos de mover el bal\u00f3n, pero creo que muchas veces sin chispa, sin verticalidad y de ah\u00ed que los resultados sean pobres, sin apenas llegadas y el adversario con una o dos nos los pone de corbata. \u00bfNo crees que ser\u00eda mejor buscar m\u00e1s la verticalidad y la chispa con la conexi\u00f3n Cesc -Torres, dado que este a\u00f1o se ha salido el chaval, y dejarnos de marear la pelota que aburrimos hasta las vacas? <\/p>\n<p>R.- Te influye lo visto en el Bar\u00e7a estos ds \u00faltimos a\u00f1os: tocar por tocar no sirve para nada. La gracia est\u00e1 en tocar avanzando y procurar conexiones como esa que tu dices. El estilo es tocar, pero parriba. No a los lados y hasta el aburrimiento. Estoy de acuerdo contigo.<\/p>\n<p>P.- \u00a1Buenas tardes Gran Guasch! \u00bfCrees que deber\u00edamos jugar con uno o dos delanteros? Porque yo creo que Villa y Torres es de lo mejorcito que tenemos.<\/p>\n<p>R.- Yo jugar\u00eda con esos dos porque, en efecto, Villa y Torres es de lo mejorcito que tenemos. <\/p>\n<p>P.- \u00bfQu\u00e9 selecci\u00f3n cree que ser\u00eda m\u00e1s asequible en el hipot\u00e9tico cruce con el grupo de la muerte (aparte de Ruman\u00eda)?<\/p>\n<p>R.- Lo contest\u00e9 antes: a priori, Ruman\u00eda, pero no te f\u00edes ni de tu sombra. De las otras tres, mejor que no aparezca Italia. Pero si lo hace, \u00a1a por ella, o\u00e9! El que quiere ser camope\u00f3n se las debe ver con los mejores.<\/p>\n<p>P.- \u00bfCrees que pasaremos el corte de los grupos ? Yo creo que no <\/p>\n<p>R.- \u00a1Jo, Vicente, qu\u00e9 moral! Espero que s\u00ed aunque ya manifest\u00e9 en alguna ocasi\u00f3n que tan peligrosa me parece la primera fase como el cruce. Vale que en aquella hay margen para rectificar y despu\u00e9s no. Pero paseo no va a ser con Rusia, Grecia y Suecia. Insisto: nos clasificaremos.<\/p>\n<p>P.- Buenas Tom\u00e1sSobre la delantera de espa\u00f1a \u00bfcuales seran los dos delanteros centros titulares?Esta claro que F.Torres, pero..\u00bfG\u00fciza o Villa?. Sobre el caso Cristiano \u00bfQu\u00e9 porcentaje de posibilidades tiene el Madrid para fichar al Crack portugu\u00e9s?Gracias de antemano;)<\/p>\n<p>R.- Pienso que el titular es Torres y el segundo, Villa. G\u00fciza es m\u00e1s parecido al Ni\u00f1o, pero el primer cambio ser\u00e1 Villa. Sobre Cristiano ser\u00eda incapaz de hablar de porcentajes: a d\u00eda de hoy creo que ni \u00e9l sabe d\u00f3nde jugar\u00e1 la pr\u00f3xima temporada. Lo normal, por precio y tal, es que siga en el Manchester, pero&#8230; <\/p>\n<p>P.- Se\u00f1or Guasch, qu\u00c9 jugador va a tirar del equipo en los partidos dif\u00edciles ahora que no est\u00e1 Ra\u00fal??Usted piensa que Torres ser\u00e1 el mismo con Espa\u00f1a que con Liverpool?<\/p>\n<p>R.- Espero que sea el de Liverpool o lo pasaremos mal. \u00c9l debe tirar del carro. Iniesta, Xavi, la presencia imponente de Sergio Ramos&#8230; Ra\u00fal ya no est\u00e1 y pasar\u00e1 lo de siempre: si nos la pegamos, habr\u00e1 triunfado Ra\u00fal; si el papel es bueno (no hablo del t\u00edtulo), ser\u00e1 que Luis ten\u00eda raz\u00f3n. Pero, vamos, un tipo de su cuajo no tenemos. Y si lo tenemos, tener dos no hubiuese venido mal.<\/p>\n<p>P.- \u00a1Qu\u00e9 pasa crack! \u00bfPara qu\u00e9 hace pruebas Aragon\u00e9s si luego se lleva a los que no han ido durante la fase previa, para qu\u00e9 sirven las pruebas entonces?<\/p>\n<p>R.- \u00c9l conf\u00eda en la gente que le ha llevado hasta aqu\u00ed, pero alguna prueba s\u00ed valdr\u00e1 puesto que cinco jugadores ni siquiera han debutado en la Selecci\u00f3n. Hay pruebas directas y seguimiento de neustros equipos. Sergio Garc\u00eda, Cazorla y tal no est\u00e1n ah\u00edn por casualidad.<\/p>\n<p>P.- Hola Gran Guash, \u00bfCrees que Cesc explotar\u00e1 en esta Eurocopa?<\/p>\n<p>R.- Espero que s\u00ed. Que sea el de Londres y no el jugador poco suelto de la Selecci\u00f3n hasta ahora. Es su gran oportunidad y conf\u00edo que la aprovechar\u00e1.<\/p>\n<p>P.- \u00a1Buenas tardes Gran Guasch! Usted cree que con esta defensa tenemos garant\u00eda para estar tranquilo atr\u00e1s? Y qu\u00e9 le parece que no haya habido debate con la no convocatoria de Guti, cuando por m\u00e9ritos propios ha sido el mejor asistente de esta liga y es el centrocampista que mejor ve los huecos para asistir a sus compa\u00f1eros? Un saludo Gran Guasch!<\/p>\n<p>R.- Es lo menos fiable del equipo y eso que est\u00e1n Casillas y Sergio Ramos, que ser\u00edan titulares en cualquier selecci\u00f3n del mundo. Particularmente me preocupan los centrales. Sobre Guti, yo he clamado&#8230; en el desierto. Me parece un error dejarle fuera y lo repito aqu\u00ed por en\u00e9sima vez.<\/p>\n<p>P.- \u00bfEspa\u00f1a sentira la baja de Ra\u00fal? \u00bfPara ti qui\u00e9n es mejor Bojan o Ra\u00fal en sus tiempo? Hay que acordarse de que Ra\u00fal ven\u00eda suplir a Butrague\u00f1o y peleaba con muchos buenos jugadores su puesto Bojan tienes un Etoo rabioso y un fantasma de Henry. <\/p>\n<p>R.- Espero que no la sienta, claro. No creo que sea cosa de comparar y m\u00e1s tomando como base los 17 a\u00f1os de un futbolista. Ra\u00fal convirti\u00f3 pronto al Madrid en el Ra\u00fal Madrid; Bojan debe demostrar todav\u00eda que la siglas FCB no son F\u00fatbol Club Barcelona sino F\u00fatbol Club Bojan. Pero tiene calidad y ganas para conseguirlo, sin la menor duda. No le hagamos a Bojan, ni a nadie, la faena de compararlo con el mejor jugador de campo espa\u00f1ol de los \u00faltimos diez a\u00f1os: el 7. Digo de campo, porque el portero existe y Casillas se me enfadar\u00eda.<\/p>\n<p>P.- \u00bfQu\u00e9 le falta a Iniesta para ser uno de los 5 mejores del mundo? Quer\u00eda saber si opinaba como yo que lo que le falla es que no se le aprecia una posici\u00f3n en el campo muy clara. Gracias, Grande!<\/p>\n<p>R.- Me dijo Menotti en la \u00faltima entrevista que le hice en AS: &#8220;A Iniesta le han cambiado tantas veces de barrio que no sabe d\u00f3nde est\u00e1 la panader\u00eda&#8221;. No se puede explicar mejor. La crisis del Bar\u00e7a le ha afectado, como es natural. Un d\u00eda ah\u00ed, el otro all\u00e1, el tercero al banquillo&#8230; Le falt\u00f3 estabilidad y sin eso es dif\u00edcil estar entre los cinco mejores del mundo. Y entre los cincuenta, te dir\u00eda. <\/p>\n<p>P.- Tom\u00e1s hay una pregunta que me inquieta hace tiempo \u00bfdonde podremos gozar de sus comentarios durante la Euro, en cuatro, en carrusel junto a Poli Rinc\u00f3n&#8230;? Ojal\u00e1.<\/p>\n<p>R.- Mi plan es este: cuando juegue Espa\u00f1a estar\u00e9, Dios mediante, en la previa de Cuatro, en la Plaza de Col\u00f3n de Madrid: \u00a1nuestra Plaza Roja! Con Nico Abad, Angels Barcel\u00f3, Pet\u00f3n, Gonzalo Mir\u00f3, Mireia Canalda&#8230; y despu\u00e9s, con el partido en juego, en la SER, con Paquito Gonz\u00e1lez y toda la banda. En la SER estar\u00e9 en otros partidos. De toda esa experiencia hablaremos en AS al d\u00eda siguiente. Tengo unas ganas locas, como te imaginar\u00e1s. <\/p>\n<p>P.- Hola Tom\u00e1s, un placer. Te quer\u00eda preguntar una cosilla: \u00bfNo crees que despu\u00e9s de tantos descalabros de la selecci\u00f3n a lo largo de un mont\u00f3n de competiciones no deber\u00edamos plantearnos el usar otro tipo de jugadores y otro sistema? Es que vistos los resultados de tanto jug\u00f3n&#8230; No s\u00e9, un poco al estilo Italia o Grecia en la \u00faltima Eurocopa. Un saludo.<\/p>\n<p>R.- Hola Tom\u00e1s, un placer. Te quer\u00eda preguntar una cosilla: \u00bfNo crees que despu\u00e9s de tantos descalabros de la selecci\u00f3n a lo largo de un mont\u00f3n de competiciones no deber\u00edamos plantearnos el usar otro tipo de jugadores y otro sistema? Es que vistos los resultados de tanto jug\u00f3n&#8230; No s\u00e9, un poco al estilo Italia o Grecia en la \u00faltima Eurocopa. Un saludo.<\/p>\n<p>P.- \u00bfNo cree gran Guasch que nos falta algo de m\u00fasculo en el equipo? Lo digo por lo que pas\u00f3 en Alemania con Francia. <\/p>\n<p>R.- Es probable. Falta Albelda, por ejemplo. Pero tenemos lo que tenemos: \u00a1si yo estoy clamando por la ausencia de Guti!! La pelota al suelo y que choquen ellos&#8230; entre ellos.<\/p>\n<p>P.- \u00bfEn el grupo de Italia, Francia, Holanda y Ruman\u00eda, cu\u00e1l cree que ser\u00e1n los dos que pasen y cu\u00e1l nos tocar\u00e1 a nosotros?<\/p>\n<p>R.- Apuesto por Italia y Holanda y nos tocar\u00e1 Holanda. Pero ojo con Ruman\u00eda. De Francia espero poco, dicho lo cual: hete aqu\u00ed al pr\u00f3ximo campe\u00f3n de Europa.<\/p>\n<p>P.- Buenas tardes Tom\u00e1s, est\u00e1 claro que La Roja tiene unos jugones de esc\u00e1ndalo, pero del centro para arriba (con la excepci\u00f3n de Ramos y el Santo), \u00bfcrees que sufriremos mucho estando en las manos de Puyol (tiempos pasados fueron mejores) y Marchena&#8230;? Muchas gracias.<\/p>\n<p>R.- Lo dije antes, amigo: p\u00e1nico me dan los centrales. Por eso la labor del volante-tap\u00f3n ser\u00e1 fundamental.<\/p>\n<p>P.- Guasch, \u00bfQu\u00e9 crees que diferencia a esta generaci\u00f3n de jugadores que llevamos de otras anteriores que han jugado Eurocopa y mundial?<\/p>\n<p>R.- En conjunto, estos pueden jugar mejor, es gente de m\u00e1s toque y calidad. Puestos a a\u00f1orar lo har\u00eda en la parte de atr\u00e1s. \u00a1Ay si pudi\u00e9ramos alinear a Casillas, Sergio Ramos, Fernando Hierro, el mejor Puyol y Camacho! <\/p>\n<p>P.- Muy buenas Guasch, soy brasile\u00f1o y me gustar\u00eda saber tus pron\u00f3sticos para la Eurocopa. \u00a1Abrazos del Brasil!<\/p>\n<p>R.- Creo que estamos ante una competici\u00f3n abierta, que nada tiene que ver con vuestra Copa Am\u00e9rica tan dominada por Brasil y Argentina. Al menos seis selecciones aspiran leg\u00edtimamente al t\u00edtulo y entiendo que en ella est\u00e1 Espa\u00f1a. Me gustar\u00eda ver buen f\u00fatbol: a Holanda volviendo a ser Naranja Mec\u00e1nica o al menos Mandarina, a una Francia emergente, a una Italia generosa. Los checos juegan bien, atenci\u00f3n a los rumanos&#8230; Portugal tiene buenos futbolistas. La cosa est\u00e1 enm lo que te digo: torneo abierto para que un valiente se decida y vaya a por el t\u00edtulo.<\/p>\n<p>P.- Hola Tom\u00e1s, \u00a1crack! El mi\u00e9rcoles juega la selecci\u00f3n femenina, con tres jugadoras del Espanyol, \u00bfno crees que se podr\u00eda aprovechar cuando coinciden las dos selecciones en \u00e9poca de preparaci\u00f3n o de competici\u00f3n para darle m\u00e1s bola? \u00bfNo te da cierta envidia que vayan tres chicas a la absoluta y Riera, Tamudo y Luis Garcia se quedaran fuera?<\/p>\n<p>R.- Supongo que lo que planetas choca con un problema de calendarios, pero no estar\u00eda mal y en AS le damos bola a la Liga femenina y, por descontado, a la Selecci\u00f3n. Y s\u00ed, me da envidia y pena por los tres: tuvieron much\u00edsimo que ver en el triunfo clave, el 1-3 de Dinamarca, y ninguno lleg\u00f3 al final a buen puerto. Lesiones y la segunda vuelta del equipo, tan mala, influyeron en que Luis llamara a otros jugadores a los que no pondr\u00e9 yo un pero. <\/p>\n<p>P.- Sr. Guasch,\u00bfpor qu\u00e9 Luis Aragon\u00e9s siempre tiene problemas con los jugadores de un mismo equipo (curiosamente el Madrid)? Por ejemplo, con Ra\u00fal, Guti, Salgado, Helguera, Morientes e incluso con Casillas que le sent\u00f3 en su segundo partido de seleccionador. No es por pensar mal, pero \u00bfno ser\u00e1 Luis un poco antimadridista? Un saludo<\/p>\n<p>R.- Tiene f\u00e1cil coartada: le acusan de ser colchonero y no llev\u00f3 a un solo jugador del Atl\u00e9tico. No: pienso que lleva a los que cree mejores, a excepci\u00f3n de Ra\u00fal con el que mantiene una disputa personal.<\/p>\n","protected":false},"excerpt":{"rendered":"<p>El subdirector del Diario As, Tom\u00e1s Guasch, charlar\u00e1 con los lectores sobre las posibilidades de Espa\u00f1a en la Eurocopa <\/p>\n","protected":false},"author":1,"featured_media":0,"comment_status":"open","ping_status":"open","sticky":false,"template":"","format":"standard","meta":{"footnotes":""},"categories":[],"tags":[],"class_list":["post-2011","post","type-post","status-publish","format-standard","hentry"],"_links":{"self":[{"href":"https:\/\/intervius.com\/index.html\/wp-json\/wp\/v2\/posts\/2011","targetHints":{"allow":["GET"]}}],"collection":[{"href":"https:\/\/intervius.com\/index.html\/wp-json\/wp\/v2\/posts"}],"about":[{"href":"https:\/\/intervius.com\/index.html\/wp-json\/wp\/v2\/types\/post"}],"author":[{"embeddable":true,"href":"https:\/\/intervius.com\/index.html\/wp-json\/wp\/v2\/users\/1"}],"replies":[{"embeddable":true,"href":"https:\/\/intervius.com\/index.html\/wp-json\/wp\/v2\/comments?post=2011"}],"version-history":[{"count":0,"href":"https:\/\/intervius.com\/index.html\/wp-json\/wp\/v2\/posts\/2011\/revisions"}],"wp:attachment":[{"href":"https:\/\/intervius.com\/index.html\/wp-json\/wp\/v2\/media?parent=2011"}],"wp:term":[{"taxonomy":"category","embeddable":true,"href":"https:\/\/intervius.com\/index.html\/wp-json\/wp\/v2\/categories?post=2011"},{"taxonomy":"post_tag","embeddable":true,"href":"https:\/\/intervius.com\/index.html\/wp-json\/wp\/v2\/tags?post=2011"}],"curies":[{"name":"wp","href":"https:\/\/api.w.org\/{rel}","templated":true}]}}