{"id":1986,"date":"2008-05-19T00:00:00","date_gmt":"2006-11-06T00:00:00","guid":{"rendered":"https:\/\/intervius.com\/index.html\/?p=1986"},"modified":"2006-11-06T00:00:00","modified_gmt":"2006-11-06T00:00:00","slug":"Alfredo_Relano1986","status":"publish","type":"post","link":"https:\/\/intervius.com\/index.html\/Alfredo_Relano1986\/","title":{"rendered":"Alfredo Rela\u00f1o"},"content":{"rendered":"<p>Pregunta.- Hola se\u00f1or Rela\u00f1o, le he leido en varias ocasiones que usted ve el a\u00f1o que viene a Gago y Diarra juntos en el equipo titular del Real Madrid.. \u00bfno ser\u00eda un paso atras en la b\u00fasqueda del buen juego? No dudo de su eficacia juntos, pero seguramente guste m\u00e1s un Real con Guti o cualquier otro medio-ofensivo decente, \u00bfno cree?<\/p>\n<p>Respuesta.- Puede ser una buena f\u00f3rmula, porque los dos quitan y los dos juegan bien. Y Guti va avanzando en la treintena y habr\u00eda que administrarle, junto a Sneijder. Gago y Diarra permiten subir m\u00e1s a los laterales y le dar\u00edan al Madrid una fuerza por fuera que necesita.<\/p>\n<p>P.- Sr.Rela\u00f1o, \u00bfpara cu\u00e1ndo el p\u00f3ster del Real Madrid de la Liga? y una cosa m\u00e1s \u00bfd\u00f3nde crees que podr\u00eda irse Rijkaard despu\u00e9s del Bar\u00e7a? Gracias. <\/p>\n<p>R.- Lo estamos tratando. Respecto a Rijkaard, no tengo ni idea, pero creo que puede ir a uno de los dos equipos de Mil\u00e1n.<\/p>\n<p>P.- \u00bfQui\u00e9n ganar\u00e1 la Champions?<\/p>\n<p>R.- Camacho me dijo hace semanas que el Chelsea. Cuando a\u00fan estaba en cuartos. Yo prefiero el Manchester, pero me f\u00edo del ojo cl\u00ednico de Camacho.<\/p>\n<p>P.- \u00bfMe podr\u00eda poner en situaci\u00f3n de qu\u00e9 fichajes pretende el Madrid para el pr\u00f3ximo a\u00f1o y cu\u00e1les de ellos son m\u00e1s que probables que vengan?<\/p>\n<p>R.- Ya est\u00e1 Garay. Luego, depende de si puede ser Cristiano Ronaldo o no, que yo lo veo muy dif\u00edcil. Si no sale, el Madrid ir\u00e1 seguro a Por Huntelaar m\u00e1s alg\u00fan jugador de banda, no muy caro. <\/p>\n<p>P.- \u00bfQu\u00e9 bajas dar\u00e1 el Madrid de la actual plantilla el pr\u00f3ximo a\u00f1o?<\/p>\n<p>R.- Soldado, seguro, y posiblemente Saviola, Baptista y Balboa. Y Michel Salgado si le apetece una oferta que tiene en Qatar. El Madrid le dar\u00eda salida libre. Tambi\u00e9n podr\u00eda salir Metzelder si hiciera una buena Eurocopa y en ese caso llegara una buena oferta por \u00e9l.<\/p>\n<p>P.- De los canterano De la red, Granero, Javi Garc\u00eda \u00bfquienes se quedar\u00e1n en la primera plantilla el pr\u00f3ximo a\u00f1o?<\/p>\n<p>R.- Los dos primeros seguros. El tercero, posiblemente, seg\u00fan como le vea Schuster en la pretemporada.<\/p>\n<p>P.- \u00bfQu\u00e9 delantero est\u00e1 m\u00e1s pr\u00f3ximo a fichar por el Madrid?<\/p>\n<p>R.- Yo creo que Huntelaar.<\/p>\n<p>P.- No cree usted q la situacion de los clubes de algunos de los jugadores convocados a la saleccion para la euro pueda afectar su rendimiento con la roja en la competicon,, me refiero a Iniesta, Xavi, Puyol, Sergio Garcia y los jugadores del Valencia?<\/p>\n<p>R.- Puede ser que afecta hasta para bien. Llegan con ganas de revancha, de disfrutar en un buen ambiente, que ellos mismos contribuir\u00e1n a crear y a preservar.<\/p>\n<p>P.- \u00bfCu\u00e1l ser\u00eda su once con los mejores de la eurocopa?<\/p>\n<p>R.- Casillas; Sergio Ramos, Materazzi, Metersacker, Lahm; Rib\u00e9ry, Pirlo, Gattuso, Iniesta; Cristiano Ronaldo y Torres.<\/p>\n<p>P.- Hola,Alfredo.\u00bfCrees qu\u00e9 Guti deber\u00eda ir a la selecci\u00f3n?<\/p>\n<p>R.- Cada vez pienso m\u00e1s que s\u00ed. Entra en ese modelo de juego y tiene un pase magn\u00edfico. Quiz\u00e1 no titular, pero podr\u00eda desatascar partidos.<\/p>\n<p>P.- Buenos d\u00edas, Don Alfredo, usted es mi \u00eddolo. \u00bfPor qu\u00e9 cuando el Madrid habla de sus copas de Europas (las cicno consecutivas) Siempre los cul\u00e9s tienen que sacar lo de la dictadura y el r\u00e9gimen franquista? A caso Franco saltaba al campo con su ej\u00e9rcito y le arrebataba la copa al contrario? Y seg\u00fan tengo entendido en las cinco que gan\u00f3 el Madrid tambi\u00e9n particip\u00f3 el Barsa; \u00bfPor qu\u00e9 cuesta tanto reconcoerle los \u00e9xitos del Madrid por parte cul\u00e9? Cuando es el Barsa quien gana no pasa igual. Saludos.<\/p>\n<p>R.- Es un absurdo esa queja. franco mandaba en Espa\u00f1a, pero a Europa no se pod\u00eda ni asomar. Su influencia era cero. Y en esos cinco a\u00f1os el Madrid en Espa\u00f1a s\u00f3lo gan\u00f3 dos Ligas. Otras dos las gan\u00f3 el Bar\u00e7a y una el Athletic de Bilbao. Y tampoco gan\u00f3 ninguna Copa del General\u00edsimo en esos cinco a\u00f1os. Gan\u00f3 dos el Athletic, dos el Barcelona y una el Atl\u00e9tico de Madrid. <\/p>\n<p>P.- \u00bfQue comentario le merece el varapalo de los compromisarios a Calderon?<\/p>\n<p>R.- Que es la asamblea de Florentino, organizada por \u00e9ste, con sus leales. Y que est\u00e1 desconectada de la realidad del club. El Bernab\u00e9u hace la ola y la asamblea pide la dimisi\u00f3n. <\/p>\n<p>P.- Buenos dias. Habr\u00e1 que pescar en el rio del Zaragoza no? Hay pezes muy apetecibles. <\/p>\n<p>R.- No creo que tanto. Son muy buenos, pero tienen fichas tremendas y acaban de sufrir una gran desilusi\u00f3n.<\/p>\n<p>P.- Hola don Alfredo \u00bfNo le parece que es buen momento para fichar no a Cristiano sino a Kak\u00e1? Ha escrito usted recientemente que se hab\u00eda &#8220;quedado por el camino&#8221;. Pues yo creo que es mejor que Ronaldo y que su personalidad encajar\u00eda mejor en la plantilla actual. \u00bfSu opini\u00f3n?<\/p>\n<p>R.- Kak\u00e1 le hace menos falta al Madrid, porque tiene en Sneijder un posible fen\u00f3meno en esa posici\u00f3n. Y mantiene a Guti. Cristiano Ronaldo le hace m\u00e1s falta. No digo exactamente que sea mejor (aunque lo creo) pero s\u00ed que le hace m\u00e1s falta.<\/p>\n<p>P.- Hola Alfredo!\u00bfNo crees que Soldado merec\u00eda una oportunidad de poder triunfar de blanco? Siempre ha marcado muchos goles y el a\u00f1o pasado en Osasuna se sali\u00f3, pero este a\u00f1o no ha jugado casi nada. Muchas gracias y un saludo!<\/p>\n<p>R.- Hubiera merecido m\u00e1s oportunidades, pero Schuster no lo ha qierido ni ver. Ha apostado por Saviola, que no le ha funcionado. Soldado se ir\u00e1.<\/p>\n<p>P.- Hola se\u00f1or Rela\u00f1o felicidades por la p\u00e1gina de As. \u00bfEsta ya hecho lo de Garay? \u00bfHay algo de verdad en lo de Mart\u00edn C\u00e1ceres del Recre? y por \u00faltimo \u00bfcrees que podr\u00edamos pescar algo de un Mil\u00e1n sin Champions?<\/p>\n<p>R.- Garay ya est\u00e1 hecho, ya es del Madrid, pero quiz\u00e1 el Madrid lo deje cedido una temporada en el propio Racing. Salvo que haya una buena oferta por Metzelder (o por Cannavaro, cosa improbable), en cuyo caso lo incorporar\u00edan ya. Del Mil\u00e1n es dif\u00edcil traer algo. Los buenos son muy viejos, salvo Kak\u00e1 y Pato. Y las fichas all\u00ed son tremendas.<\/p>\n<p>P.- Estimado Alfredo: \u00bfqu\u00e9 opini\u00f3n te merece la opini\u00f3n de Gil Mar\u00edn en el larguero el pasado lunes cuando dijo que la Champions es deficitaria?. \u00bfComo ves al Atleti para afrontar esta competici\u00f3n?.<\/p>\n<p>R.- Es decifitaria o no seg\u00fan c\u00f3mo encarezcas tu plantilla para afrontarla. Y seg\u00fan lo que dures. En todo caso, el f\u00fatbol tiende a ser deficitario siempre, en todos sus terrenos y competiciones. O sus directivos manirrotos, que viene a ser lo mismo. <\/p>\n<p>P.- Para esa banda derecha \u00bfser\u00eda Quaresma una buena opci\u00f3n a C.Ronaldo? buena edad, calidad, experiencia y bastante mejor precio.<\/p>\n<p>R.- Quaresma est\u00e1 muy bien, pero se despista un poco del trabajo entre semana. Ese es su h\u00e1ndicap. Cristiano Ronaldo es un n\u00famero uno del mundo. <\/p>\n<p>P.- Buenos d\u00edas Don Alfredo.\u00bfcuales crees que son las posiciones que tiene que reforzar el madrid?y que jugadores deberian irse?cree que ha sido acertada la lista de luis Gracias crack<\/p>\n<p>R.- Un central joven ya ha tra\u00eddo, Garay. Luego yo fichar\u00eda a Huntelaar y a un buen jugador para la banda derecha. <\/p>\n<p>P.- \u00a1Vaya a\u00f1ito en Europa con los descensos!En Espa\u00f1a baja el Zaragoza, En Alemania un cl\u00e1sico como el Nuremberg, En Francia un equipo que gan\u00f3 la y lleg\u00f3 a darnos disgustos en competiciones europeas como el Lens, y en Italia el otrora potente Parma. \u00bfQu\u00e9 est\u00e1 pasando?<\/p>\n<p>R.- Despistes en cada un de los casos. El que se equivoca mucho acaba por pagarlo caro. Vea el Zaragoza: sacrific\u00f3 todo a DAlessandro, que ya no est\u00e1. <\/p>\n<p>P.- Hola Sr. Rela\u00f1o! \u00bfQu\u00e9 jugadores le parecen las revelaciones de la liga? \u00bfY los m\u00e1s decepcionantes? Muchas gracias<\/p>\n<p>R.- Bojan. Capel. G\u00fciza, aunque ya sab\u00edamos de \u00e9l. Sergio Asenjo, el portero del Valladolid. Podr\u00eda decir que Pepe, que no sab\u00edamos ni qui\u00e9n era.<\/p>\n<p>P.- Hola Alfredo hace tiempo te le\u00ed que no veas Garay para un grande, \u00bfsigues pensando lo mismo?<\/p>\n<p>R.- Le veo algo lento. M\u00e1s que para un grande, para el Madrid, que defiende en campo abierto. <\/p>\n<p>P.- hola,buenos dias, en primer lugar queria agradecer los buenos ratos de lectura que hago diariamente con su periodico.\u00bfcree que este real madrid ha cumplido?\u00bfque nota le da? \u00bfy shuster? <\/p>\n<p>R.- Ha cumplido bien. Le dar\u00eda un siete y medio. La Liga ha sido fenomenal, con record de puntos y bastantes partidos muy buenos. En la Copa y en la Champions se ha quedado corto.<\/p>\n<p>P.- Buenas don Alfredo, me gustaria preguntarle que cree usted que pasa con la cantera del Real Madrid, el Barsa no hace mas que sacar canteranos que por lo menos ilusionan, ultimo mundial sub17 Bojan, europeo sub17 Mazinho mas ocho canteranos cules les unes Messi, Giovanni etc, el Real Madrid ultimo Sub17 solo un jugador, el Castilla no juega playoff, para colmo contra el Murcia y sin nada en juego todo lo que saca del banquillo canteranos, el Madrid ayer saca a los llamados clase media que cierran puertas a la cantera no sale un canterano que ilusione, menos pagar burradas por crack y mas empe\u00f1o en crearlos en casa cueste lo que cueste. Gracias Sr Rela\u00f1o.<\/p>\n<p>R.- Durante el florentinato se hizo mucho da\u00f1o a la cantera, porque Valdano y Ram\u00f3n Mart\u00ednez desmantelaron el equipo de Del Bosque. Eso se va a acusar durante a\u00f1os. Ahora lleva eso Michel, pero tardar\u00e1 tiempo en rehacer lo que se disolvi\u00f3, y no s\u00e9 si conf\u00edan mucho en \u00e9l. El el club miran con desconfianza a algunos de sus colaboradores.<\/p>\n<p>P.- Buenos dias Alfredo. \u00bfCu\u00e1l ha sido para ti el mejor jugador de esta temporada? <\/p>\n<p>R.- Para m\u00ed Casillas, que es el que han elegido los entrenadores. Y de los de campo, Ag\u00fcero.<\/p>\n<p>P.- Hola Alfredo, \u00bfno crees que la selecci\u00f3n que lleva Luis es un poco fr\u00e1gil y liviana? Est\u00e1 muy bien el tiki taka pero, \u00bfQuien le va a pegar un grito a Vieira o a De Rossi?<\/p>\n<p>R.- No me da tanto miedo eso como la flojedad del centro de la defensa. Y que Torres y Cesc entren en el funcionamiento general. <\/p>\n<p>P.- Hola D.Alfredo, reconozco que Ra\u00fal ha hecho mejor temporada este a\u00f1o, pero a\u00fan as\u00ed creo que no le da para ser titular en el equipo que nos tiene que llevar a por la D\u00e9cima, los partidos en Champions se deciden por detalles de calidad o errores puntuales ya suelen estar muy igualados,me gustar\u00eda conocer su opini\u00f3n y si fichar\u00eda a alguien,saludos.<\/p>\n<p>R.- Est\u00e1 Higua\u00edn ah\u00ed, empujando. El toro pondr\u00e1 a cada uno en su sitio. Higua\u00edn va a suceder a Ra\u00fal poco a poco, cada vez con m\u00e1s frecuencia. <\/p>\n<p>P.- Buenos dias, No le parece que la seleccion de Luis es la mas floja de los 10 ultimos a\u00f1os? Un saludo<\/p>\n<p>R.- No creo eso. Creo que tiene jugadores excelentes, aunque un agujero en el centro de la defensa.<\/p>\n<p>P.- Alfredo, \u00bfqu\u00e9 me hay de cierto en los nombres que suenan para el Atleti: M\u00e1rquez, Cata, Uche, Sinama, Diego, Lucho, Albelda&#8230;?, \u00bfy de los rumores de que Simao volver\u00e1 al Benfica por su familia?. \u00bfHay alguna posibilidad real de fichar a Diego o es simple humo?, yo creo que dar\u00eda un salto de calidad enorme a la plantilla.<\/p>\n<p>R.- Los cuatro primeros, no hay nada. Diego y Lucho son pretendidos, pero salen muy caros. Albelda lo quiere traer Garc\u00eda Pitarch, y es posible que ocurra. S\u00ed interesa Moy\u00e1, el portero del Mallorca. Est\u00e1n fichados Ujfalusi y Heitinga. Se busca un nueve que alivie de trabajo a Forl\u00e1n y Agh\u00fcero, y un cerebro.<\/p>\n<p>P.- \u00bfPor qu\u00e9 crees que Aguirre sigue tragando con la mentira de que no se fich\u00f3 a Riquelme porque el no quiso?. \u00bfNo te parece que Aragon\u00e9s estabilizar\u00eda m\u00e1s al equipo si no abriese la boca ni p\u00fablica ni privadamente a trav\u00e9s de filtraciones y que ser\u00eda mejor haciendo lo que realmente hace bien que es ser entrenador?<\/p>\n<p>R.- \u00bfPor qu\u00e9 crees que Aguirre sigue tragando con la mentira de que no se fich\u00f3 a Riquelme porque el no quiso?. \u00bfNo te parece que Aragon\u00e9s estabilizar\u00eda m\u00e1s al equipo si no abriese la boca ni p\u00fablica ni privadamente a trav\u00e9s de filtraciones y que ser\u00eda mejor haciendo lo que realmente hace bien que es ser entrenador?<\/p>\n<p>P.- \u00bfQu\u00e9 jugadores llevar\u00edaa usted q no ha llevado Luis Aragon\u00e9s a la Eurocopa y por que los llevar\u00eda?<\/p>\n<p>R.- Quiz\u00e1 Guti y Cu\u00e9llar. Guti para desatascar partidos atascados. Cu\u00e9llar porque estamos muy flojos atr\u00e1s. Y a Diego L\u00f3pez como tercer portero. Le veo un gran futuro.<\/p>\n<p>P.- Hola Alfredo. \u00bfCrees que el Bar\u00e7a acertar\u00eda vendiendo a Etoo? Yo soy cul\u00e9 y no lo tengo claro, porque aunque ha tenido comportamientos &#8220;sospechosos&#8221;, en el campo siempre lo da todo y es uno de los delanteros con m\u00e1s gol. \u00bfQu\u00e9 cree que deber\u00eda hacer Laporta?<\/p>\n<p>R.- Yo creo que s\u00ed har\u00eda bien. Es mejor hacer borr\u00f3n y cuenta nueva. Y es el \u00fanico por el que podr\u00edan sacar un buen dinero.<\/p>\n<p>P.- \u00bfPor qu\u00e9 no se hacen campa\u00f1an medi\u00e1ticas contra algunos presidentes\/due\u00f1os de acciones de clubes y nunca se habla de la sentencia existente contra Gil y Cerezo por su apropiaci\u00f3n indebida del Atl\u00e9tico de Madrid?, no lo entiendo, \u00bfeso es el periodismo?. Me gustar\u00eda conocer tu opini\u00f3n, gracias. <\/p>\n<p>R.- La sentencia fue publicada \u00edntegra en AS, en un cuadernillo ad hoc, de ocho p\u00e1ginas, el 15 de febrero de 2003. Si tiene inter\u00e9s en ella, dir\u00edjase a nosotros. A lo que no veo sentido es a decir cada d\u00eda una cosa que, por otra parte, sabe todo el mundo. <\/p>\n<p>P.- \u00bfEsta semana habra fichajes? \u00bfPor qu\u00e9 no hablais de Drogba? \u00bfno creeis que venga\u00bf pienso que sera el 9 que anuncie el Club un saludo<\/p>\n<p>R.- Ya est\u00e1 Garay. Esta semana no creo que haya ninguno m\u00e1s. Y no creo que el Madrid vaya a por Drogba.<\/p>\n<p>P.- Hola Alfredo! como ves lo de Cristiano Ronaldo? parece que el tema est\u00e1 calentito y que se puede hacer&#8230; cuantas posibilidades de \u00e9xito le das al fichaje? \u00bfy si al final traen al extremo Luso, cuantos fichajes m\u00e1s crees que se realizaran? un saludo amigo.<\/p>\n<p>R.- Me parece que Calder\u00f3n est\u00e1 muy optimista, pero es que Calder\u00f3n es muy optimista. Yo no estoy tan seguro.<\/p>\n<p>P.- hola Alfredo que le ha parecido el discurso de Laporta ayer? Gracias<\/p>\n<p>R.- Se hizo el cordero degollado y fue poco expl\u00edcito respecto a las medidas para superar el trance.<\/p>\n<p>P.- Hola Alfredo.\u00bfQue te parece el fichaje de Garay por el Real Madrid?\u00bfCrees, que deberia irse alguno de los centrales?. Un saludo maestro.<\/p>\n<p>R.- Me parece muy bueno, pero un poco lento para el Madrid. Si no se va ning\u00fan central, se quedar\u00e1 un a\u00f1o m\u00e1s en el Racing.<\/p>\n","protected":false},"excerpt":{"rendered":"<p>Alfredo Rela\u00f1o ha charlado con los lectores sobre el final de la Liga<br \/>\nARCHIVO DE ENTREVISTAS:<\/p>\n<p>-12 de mayo<br \/>\n-5 de mayo<br \/>\n-28 de abril<br \/>\n-21 de abril<br \/>\n&#8211; 14 de abril<\/p>\n","protected":false},"author":1,"featured_media":0,"comment_status":"open","ping_status":"open","sticky":false,"template":"","format":"standard","meta":{"footnotes":""},"categories":[],"tags":[],"class_list":["post-1986","post","type-post","status-publish","format-standard","hentry"],"_links":{"self":[{"href":"https:\/\/intervius.com\/index.html\/wp-json\/wp\/v2\/posts\/1986","targetHints":{"allow":["GET"]}}],"collection":[{"href":"https:\/\/intervius.com\/index.html\/wp-json\/wp\/v2\/posts"}],"about":[{"href":"https:\/\/intervius.com\/index.html\/wp-json\/wp\/v2\/types\/post"}],"author":[{"embeddable":true,"href":"https:\/\/intervius.com\/index.html\/wp-json\/wp\/v2\/users\/1"}],"replies":[{"embeddable":true,"href":"https:\/\/intervius.com\/index.html\/wp-json\/wp\/v2\/comments?post=1986"}],"version-history":[{"count":0,"href":"https:\/\/intervius.com\/index.html\/wp-json\/wp\/v2\/posts\/1986\/revisions"}],"wp:attachment":[{"href":"https:\/\/intervius.com\/index.html\/wp-json\/wp\/v2\/media?parent=1986"}],"wp:term":[{"taxonomy":"category","embeddable":true,"href":"https:\/\/intervius.com\/index.html\/wp-json\/wp\/v2\/categories?post=1986"},{"taxonomy":"post_tag","embeddable":true,"href":"https:\/\/intervius.com\/index.html\/wp-json\/wp\/v2\/tags?post=1986"}],"curies":[{"name":"wp","href":"https:\/\/api.w.org\/{rel}","templated":true}]}}