{"id":1983,"date":"2008-05-23T00:00:00","date_gmt":"2006-11-06T00:00:00","guid":{"rendered":"https:\/\/intervius.com\/index.html\/?p=1983"},"modified":"2006-11-06T00:00:00","modified_gmt":"2006-11-06T00:00:00","slug":"Jesus_Gascon1983","status":"publish","type":"post","link":"https:\/\/intervius.com\/index.html\/Jesus_Gascon1983\/","title":{"rendered":"Jes\u00fas Gasc\u00f3n"},"content":{"rendered":"<p>Pregunta.- \u00bfQu\u00e9 novedades hay en la declaraci\u00f3n de la Renta de este a\u00f1o?<\/p>\n<p>Respuesta.- Se aplica por primera vez la nueva Ley del Impuesto. Hay una rebaja de tarifas, una actualizaci\u00f3n del l\u00edmite de la obligaci\u00f3n de declarar y de los m\u00ednimos personales y familiares y las rentas del ahorro tributan al 18 por ciento. Son los aspectos m\u00e1s destacables, aunque las novedades son muchas debido a que se trata de una nueva ley.<\/p>\n<p>P.- Buenas, \u00bfen qu\u00e9 per\u00edodo de tiempo se va aplicar la comentada devoluci\u00f3n de los 400 euros al contribuyente? Un saludo.<\/p>\n<p>R.- No afecta a la campa\u00f1a del IRPF 2007. Se aplica en el ejercicio 2008. Quienes soportan retenciones del trabajo (asalariados y pensionistas), a partir de la n\u00f3mina o pensi\u00f3n de junio ver\u00e1n reducidas sus retenciones, con un l\u00edmite m\u00e1ximo de 200 euros en junio y de 400 en el conjunto del a\u00f1o si tienen retenci\u00f3n suficiente para ello. Los empresarios y profesionales que efectuan pagos fraccionados podr\u00e1n reducir los mismos a partir del segundo pago, siempre con el l\u00edmite de los 400 euros anuales. Por supuesto, quienes no puedan anticipar sus efectos, podr\u00e1n deducir los 400 euros en la declaraci\u00f3n a presentar el a\u00f1o que viene, siempre que cumplan las condiciones previstas en la ley.<\/p>\n<p>P.- Buenos d\u00edas. A d\u00eda de hoy, mi borrador de la renta est\u00e1, seg\u00fan la web de AEAT, en estado de tr\u00e1mite. \u00bfC\u00f3mo es posible? Yo pensaba que antes del comienzo del periodo de presentaci\u00f3n todos los borradores deb\u00edan estar enviados a los contribuyentes. Muchas gracias y un saludo.<\/p>\n<p>R.- Los borradores y datos fiscales se imprimen, ensobran y se entregan a Correos escalonadamente. A mediados de mayo, pr\u00e1cticamente el 100% est\u00e1n en la calle. Para evitar problemas log\u00edsticos, lo mejor es darse de alta en el servicio de alertas a m\u00f3viles. A quien lo hace le enviamos un mensaje al m\u00f3vil diciendo cuando est\u00e1 emitido su borrador y lo puede consultar por Internet.<\/p>\n<p>P.- Hola, yo recib\u00ed el borrador de la renta y lo acept\u00e9 por lo que a los pocos d\u00edas recib\u00ed el dinero. Ahora tras mandarme la informaci\u00f3n fiscal varias entidades me he dado cuenta que hay varios conceptos como los gastos a sindicatos que no est\u00e1n reflejados. \u00bfSe puede modificar ese borrador una vez aceptado y cobrado? Gracias.<\/p>\n<p>R.- El borrador se elabora con la informaci\u00f3n de que dispone la Agencia Tributaria. por ejemplo, las cuotas sindicales es un dato respecto del que no disponemos de informaci\u00f3n (no existe obligaci\u00f3n legal de proporcionarla). Por este motivo recomendamos revisar el borrador y los datos fiscales que lo acompa\u00f1an antes de confirmarlo. Una vez confirmado el borrador, si alguien detecta que ha omitido alg\u00fan dato, lo que puede hacer es presentar la declaraci\u00f3n (no un nuevo borrador) y se tramitar\u00e1 esta \u00faltima. <\/p>\n<p>P.- \u00bfCu\u00e1ndo puedo presentar la declaraci\u00f3n abreviada?<\/p>\n<p>R.- ya no distinguimos entre declaraci\u00f3n ordinaria y simplificada. Con el programa de ayuda carece de sentido esta distinci\u00f3n. El plazo de presentaci\u00f3n finaliza el 30 de junio.<\/p>\n<p>P.- Este a\u00f1o, \u00bfpuedo incluir los gastos de alquiler en mi declaraci\u00f3n de renta?<\/p>\n<p>R.- Existen deducciones por alquiler en algunas Comunidades Aut\u00f3nomas, pero no en todas, por tanto, depende del lugar de residencia en 2007.<\/p>\n<p>P.- \u00bfCu\u00e1l ser\u00e1 el plazo medio de devoluci\u00f3n para las rentas negativas de la campa\u00f1a de renta actual?<\/p>\n<p>R.- El 75% de las devoluciones se efect\u00faan en una semana desde que nos llega la declaraci\u00f3n. Hay que tener en cuenta que quien declara por Internet presenta la declaraci\u00f3n de forma inmediata. Por otras v\u00edas, por ejemplo las presentadas en entidades financieras, no nos llegan de forma inmediata, por lo que su tramitaci\u00f3n se puede demorar algo m\u00e1s. El 25% restante es objeto de an\u00e1lisis, aunque ello no quiere decir que todas ellas vayan a dar lugar al inicio de una comprobaci\u00f3n. El compromiso es devolver el 80% de las solicitudes antes del 1 de agosto, es decir m\u00e1s de 8 millones de devoluciones antes de agosto. <\/p>\n<p>P.- \u00bfCu\u00e1l es la finalidad de preguntar por el uso que se le est\u00e1 dando a la segunda vivienda? En mi caso est\u00e1 a disposici\u00f3n nuestra pues se lo guardo para mi hija. \u00bfEsta informaci\u00f3n se recaba para obligarnos a alquilar?<\/p>\n<p>R.- Se trata de conseguir un censo de viviendas y sus usos por motivos exclusivamente tributarios. En algunos casos las segundas viviendas tributan como imputaci\u00f3n, en otros como rendimientos del capital inmobiliario, pero el propietario puede hacer lo que quiera con el inmueble.<\/p>\n<p>P.- El borrador de la declaraci\u00f3n de irpf enviado a los contribuyentes crea confusi\u00f3n entre los mismos. Simplemente indican los datos que la Agencia Tributaria dispone. Por poner un peque\u00f1o ejemplo, la deducci\u00f3n de hipoteca en 1\u00aa vivienda y no en ampliaciones posteriores. \u00bfNo deber\u00eda la Agencia Tributaria comunicar a los contribuyentes que simplemente disponen de sus datos fiscales y que acudan a un experto? <\/p>\n<p>R.- Nuestro criterio es que si la informaci\u00f3n es fiable, se envia el borrador. En los casos complicados enviamos un borrador a rectificar (porque presumimos que el contribuyente tendr\u00e1 que a\u00f1adir alg\u00fan dato).En otros supuestos, enviamos directamente los datos fiscales porque no podemos calcular el borrador. Pero en todos los casos reiteramos que hay que revisar los datos fiscales y existe una amplia red de colaboradores sociales para ayudar a los ciudadanos que lo deseen, adem\u00e1s de nuestros propios servicios de asistencia.<\/p>\n<p>P.- Muy buenos d\u00edas. A\u00fan no he realizado la declaraci\u00f3n porque tengo bastantes dudas. Estuve trabajando hasta agosto en el Pa\u00eds Vasco. desde entonces estoy trabajando en Madrid. \u00bfD\u00f3nde me conviene m\u00e1s hacer la declaraci\u00f3n,en la hacienda vasca o en la central? Muchas gracias<\/p>\n<p>R.- El criterio que se aplica es el de la residencia y no es opcional. Quien reside m\u00e1s de 183 d\u00edas en el territorio de una Hacienda Foral debe declarar a dicha Hacienda en el ejercicio de que se trate.<\/p>\n<p>P.- A\u00f1o tras a\u00f1o la AEAT nos informa con datos oficiales que los empresarios y profesionales declaran ingresos iguales o inferiores a la media de los asalariados. En la pr\u00e1ctica el Impuesto recae sobre las rentas controladas f\u00e1cilmente comprobables por la Administraci\u00f3n. \u00bfCu\u00e1ndo se va a mejorar significativamente esta situaci\u00f3n? <\/p>\n<p>R.- La estad\u00edstica citada se refiere a medias de rendimientos, no a tipos de contribuyentes. La mitad de los perceptores de rendimientos de actividades econ\u00f3micas tienen tambi\u00e9n rendimientos del trabajo (en el caso de &#8220;agricultores y ganaderos&#8221; el 80 % tienen otro tipo de rendimientos m\u00e1s importantes econ\u00f3micamente). Con este planteamiento, la estad\u00edstica var\u00eda. No obstante, las prioridades de los controles son claras y para eso hay un Plan de Prevenci\u00f3n del Fraude, pero no se puede generalizar, la mayor\u00eda emprendedores cumplen sus obligaciones tributarias. <\/p>\n<p>P.- Buenos d\u00edas Sr. Gasc\u00f3n: \u00bfEs cierto que hay una nueva deducci\u00f3n para los propietarios de viviendas compradas a partir de diciembre de 2006? Tengo un amigo que le lleg\u00f3 el borrador incompleto a casa y en el tel\u00e9fono de informaci\u00f3n de la AEAT le informaron que la causa era que con respecto al borrador del a\u00f1o pasado hab\u00eda esa modificaci\u00f3n y que por lo tanto deb\u00eda hacer de nuevo la declaraci\u00f3n. Muchas gracias. <\/p>\n<p>R.- Si se refiere usted a la compensaci\u00f3n por viviendas adquiridas antes del 20 de enero de 2006, efectivamente existe una regla que permite que el contribuyente no salga perjudicado respecto de la normativa anterior. <\/p>\n<p>P.- \u00bfQu\u00e9 importancia le da la AEAT a los datos obtenidos del catastro? Lamentablemente, en el catastro hay muchos errores y datos antiguos sin actualizar que son los que aparecen ahora en los borradores, cuando posiblemente (como es mi caso) no corresponde a los mismo titulares que tienen ahora la propiedad.<\/p>\n<p>R.- El Catastro ha realizado un formidable esfuerzo de actualizaci\u00f3n de la informaci\u00f3n sobre inmuebles. Si alg\u00fan contribuyente detecta en los datos fiscales que su informaci\u00f3n catastral est\u00e1 desactualizada, debe declarar de acuerdo con lo que \u00e9l conoce. Por supuesto, tambi\u00e9n puede dirigirse al Catastro para actualizar la informaci\u00f3n <\/p>\n<p>P.- Hola tengo una duda, soy una persona que no tiene trabajo, no s\u00e9 si por eso no me llega el borrador para saber si estoy obligada o no. \u00bfCu\u00e1nto tiempo tengo que esperar para saber si tengo o no la obligaci\u00f3n de declarar? <\/p>\n<p>R.- Si ha solicitado el borrador, estar\u00e1 a punto de llegarle el borrador o sus datos fiscales. Si no lo ha pedido, todav\u00eda est\u00e1 a tiempo de hacerlo. Si no ha trabajado nunca y no est\u00e1 de alta en el censo de la Agencia, lo mejor es que acuda a su Delegaci\u00f3n o Administraci\u00f3n. <\/p>\n<p>P.- \u00bfQu\u00e9 gastos son deducibles en la declaraci\u00f3n de la renta? Estoy en un Colegio Profesional y me dijero que deduc\u00eda en la declaraci\u00f3n, \u00bfen qu\u00e9 apartado deber\u00eda incluir este recibo?<\/p>\n<p>R.- Si trabaja para el Colegio como asalariada, es un gasto deducible en los rendimientos del trabajo (500 euros de l\u00edmite). Si ejerce como profesional es una gasto de la actividad deducible como tal <\/p>\n<p>P.- La transmisi\u00f3n onerosa de una concesi\u00f3n administrativa: \u00bfdebe tributar en la declaraci\u00f3n IRPF o en la de Patrimonio? Muchas gracias<\/p>\n<p>R.- La transmisi\u00f3n en el IRPF puede originar una ganacia patrimonial. En el Impuesto sobre el Patrimonio no tributa. <\/p>\n<p>P.- \u00bfHa habido una reducci\u00f3n del &#8220;m\u00ednimo contribuyente&#8221; (casilla 680) y &#8220;m\u00ednimo personal y familiar&#8221; en la Renta 07 respecto a la Renta 06? Es decir, \u00bflos contribuyentes contribuimos con 500 euros m\u00e1s lineales en este ejercicio?<\/p>\n<p>R.- Los m\u00ednimos personales y familiares se han incrementado. En el caso de declaraci\u00f3n conjunta hay que tener en cuenta tanto el m\u00ednimo aplicable como la reducci\u00f3n espec\u00edfica que existe para estos casos. Por tanto, no puede hablarse de una mayor tributaci\u00f3n lineal en estos casos.<\/p>\n<p>P.- Este a\u00f1o 2008 estoy trabajando a tiempo parcial para una empresa espa\u00f1ola y a tiempo parcial para una empresa portuguesa sin sede en Espa\u00f1a. Mi residencia est\u00e1 en Madrid. \u00bfC\u00f3mo debo realizar los tr\u00e1mites de la declaraci\u00f3n de la Renta?<\/p>\n<p>R.- Ahora se est\u00e1 presentando la declaraci\u00f3n del IRPF 2007. En 2008 depende del lugar de residencia, si est\u00e1 se encuentra en Madrid tributar\u00e1 por el IRPF espa\u00f1ol por todas sus rentas, incluidas las percibidas por el trabajo para la empresa portuguesa.<\/p>\n<p>P.- Quisiera saber si usted puede explicarme c\u00f3mo tributan las colaboraciones con terceros cuando uno tiene un contrato laboral con otra empresa, pues cada vez que llamo al tel\u00e9fono de atenci\u00f3n a Hacienda me dan una soluci\u00f3n distinta. <\/p>\n<p>R.- Con car\u00e1cter general estas colaboraciones son rendimientos del trabajo. Depende de quien es el organizador de la actividad. Si lo es quien presta la colaboraci\u00f3n podr\u00eda ser un rendimiento de actividad econ\u00f3mica. <\/p>\n","protected":false},"excerpt":{"rendered":"<p>Jes\u00fas Gasc\u00f3n, principal responsable de la campa\u00f1a de la Renta de la Agencia Tributaria, ha charlado con los lectores sobre las novedades de la campa\u00f1a de la Declaraci\u00f3n del IRPF, los servicios de asistencia y sobre las dudas que puedan surgir entre los contribuyentes.<\/p>\n","protected":false},"author":1,"featured_media":0,"comment_status":"open","ping_status":"open","sticky":false,"template":"","format":"standard","meta":{"footnotes":""},"categories":[],"tags":[],"class_list":["post-1983","post","type-post","status-publish","format-standard","hentry"],"_links":{"self":[{"href":"https:\/\/intervius.com\/index.html\/wp-json\/wp\/v2\/posts\/1983","targetHints":{"allow":["GET"]}}],"collection":[{"href":"https:\/\/intervius.com\/index.html\/wp-json\/wp\/v2\/posts"}],"about":[{"href":"https:\/\/intervius.com\/index.html\/wp-json\/wp\/v2\/types\/post"}],"author":[{"embeddable":true,"href":"https:\/\/intervius.com\/index.html\/wp-json\/wp\/v2\/users\/1"}],"replies":[{"embeddable":true,"href":"https:\/\/intervius.com\/index.html\/wp-json\/wp\/v2\/comments?post=1983"}],"version-history":[{"count":0,"href":"https:\/\/intervius.com\/index.html\/wp-json\/wp\/v2\/posts\/1983\/revisions"}],"wp:attachment":[{"href":"https:\/\/intervius.com\/index.html\/wp-json\/wp\/v2\/media?parent=1983"}],"wp:term":[{"taxonomy":"category","embeddable":true,"href":"https:\/\/intervius.com\/index.html\/wp-json\/wp\/v2\/categories?post=1983"},{"taxonomy":"post_tag","embeddable":true,"href":"https:\/\/intervius.com\/index.html\/wp-json\/wp\/v2\/tags?post=1983"}],"curies":[{"name":"wp","href":"https:\/\/api.w.org\/{rel}","templated":true}]}}