{"id":1980,"date":"2008-05-19T00:00:00","date_gmt":"2006-11-06T00:00:00","guid":{"rendered":"https:\/\/intervius.com\/index.html\/?p=1980"},"modified":"2006-11-06T00:00:00","modified_gmt":"2006-11-06T00:00:00","slug":"David_Lucas1980","status":"publish","type":"post","link":"https:\/\/intervius.com\/index.html\/David_Lucas1980\/","title":{"rendered":"David Lucas"},"content":{"rendered":"<p>Pregunta.- \u00bfQu\u00e9 prioridades tiene para Madrid?<\/p>\n<p>Respuesta.- En Madrid nos tenemos que centrar en intentar solventar el desequilibrio territorial que sufren los distritos con menos rentas y tambien el sur de algunos distritos con m\u00e1s rentas. Considero que somos deficitarios en equipamientos sociales, culturales, deportivos, con respecto a otras ciudada, que tenemos que hacer una apuesta por la recupoeracion medioambiental de nuestra ciudad, tenemos que reequilibrar desde el puntod e la movilidad nuestra ciudad, y sobre todo necesitamos un Ayuntamiento que piense que el eje central de su actuaci\u00f3n pol\u00edtica es el ciudadano, y por lo tanto una apuesta social muy clara, y que no es el eje el alcade de la ciudad, como ocurre en estos momentos con Gallard\u00f3n. <\/p>\n<p>P.- Compa\u00f1ero David Lucas, te considero una persona culta, seria y trabajadora pero, como socialista, no entiendo por qu\u00e9 est\u00e1is permitiendo que el se\u00f1or Ruiz-Gallard\u00f3n se vaya de rositas por el caso Guateque. \u00bfPor qu\u00e9 no se ataca m\u00e1s al Ayuntamiento con este tema?<\/p>\n<p>R.- Gracias por tus valoraciones, pero tienes que saber que seguimos trabajando en la operaci\u00f3n Guateque, que estamos personados en el proceso judicial, que seguimos trabajando duro para exigir responsabilidades penales y pol\u00edticas. El Partido Popular ha intentado boicotear, y lo ha conseguido, los trabajos de la Comisi\u00f3n de Investigaci\u00f3n, no permitiendo que comparecieran pol\u00edticos ni representantes vecinales que quer\u00edan estar en esa comisi\u00f3n. Nosotros vamos a seguir trabajando, a pesar de todas estas dificultades, y espero que en breve se puedan comprobar nuevos resultados en el proceso judicial que se est\u00e1 instruyendo. Lo \u00faltimo que ha hecho el juez ha sido llamar a declarar a directores generales, &#8220;responsables pol\u00edticos&#8221; y estoy convencido que seremos capaces de llegar a las \u00faltimas consecuencias. Es incuestionable la responsabilidad pol\u00edtica del caos generado en la ciudad tanto por la falta de control como porque muchos responsables pol\u00edticos instaron a funcionarios para adelantar expedientes en detrimento de otros expedientes que est\u00e1n en el sumario que instruye el juez Torres. <\/p>\n<p>P.- \u00bfPor qu\u00e9 los candidatos socialistas a las alcald\u00edas los elige cada agrupaci\u00f3n provincial, y en cambio al de Madrid lo pone Zapatero? \u00bfSe ve usted como pr\u00f3ximo alcalde de la capital? Saludos.<\/p>\n<p>R.- El proceso de selecci\u00f3n de los candidatos en Madrid es el mismo que en el resto del pa\u00eds. Recordemos que en Madrid hubo algunas dificultades para que hubiera referentes que se presentaran a ser candidato y por tanto se eligi\u00f3 de esa manera. Lo m\u00e1s importante es saber, a partir de este momento, generar un proyecto s\u00f3lido que recupere la interlocuci\u00f3n con los vecinos, que sea capaz de verterbrar una propuesta pol\u00edtica en la que los madrile\u00f1os se sientan identificados y que haga una oposici\u00f3n r\u00edgida pero a la vez flexible y constructiva. Creo que lo m\u00e1s importante es que el Partido Socialista sea capaz de articular un gran proyecto pol\u00edtico, y dar\u00e1 igual qui\u00e9n sea el candidato. Si somos capaces de articular una propuesta de estas caracter\u00edsticas que permanezca en el tiempo, estoy convencido que el Partido Socialista ganar\u00e1 las elecciones. <\/p>\n<p>P.- \u00bfEs Madrid un territorio imposible para la izquierda?<\/p>\n<p>R.- Creo que no, ni mucho menos, siempre he dicho que el peor enemigo del Partido Socialista es el Partido Socialista. Si hacemos las cosas bien, si recuperamos la interlocuci\u00f3n, si nos preocupamos de los problemas de los madrile\u00f1os y planteamos respuestas a estos problemas y si nuestro mensaje llega claro y preciso estoy convencido que dar\u00e1 igual qui\u00e9n est\u00e9 al frente de futuras candidaturas del Partido Popular que los ciudadanos se dar\u00e1n cuenta de que si adem\u00e1s el proyecto es permanente en el tiempo iremos recuperando credibilidad y por tanto tambi\u00e9n la confianza que quiz\u00e1s algunos ciudadanos en estos momentos no depositan en nosotros. <\/p>\n<p>P.- \u00bfEs cierto que usted present\u00f3 su dimisi\u00f3n por carta al Sr. Tom\u00e1s G\u00f3mez al conocerse el nombramiento como Ministra de Vivienda de su Compa\u00f1era Beatriz Corredor? Gracias.<\/p>\n<p>R.- En absoluto. Hemos iniciado un trabajo liderado por Tom\u00e1s G\u00f3mez, creo adem\u00e1s que es el l\u00edder pol\u00edtico que necesita la Comunidad de Madrid para consolidar el proyecto dle Partido Socialista, estoy profundamente satisfecho con que desde el Grupo Municipal Socialista haya personas que nutran al Gobierno de la naci\u00f3n, lo cual dice mucho del trabajo que realizamos desde el grupo, y si cabe este tipo de reconocimientos nos motivan a\u00fan m\u00e1s para seguir trabajando. <\/p>\n<p>P.- \u00bfCree usted, que deber\u00eda modificarse el actual planteamiento de gobierno municipal, y comenzar una descentralizaci\u00f3n hacia los distritos, dejando que sean los vecinos quienes decidan qui\u00e9n quieren que les &#8220;gobierne&#8221; y de qu\u00e9 manera, y no el actual sistema tan desequilibrado hacia algunos distritos?<\/p>\n<p>R.- Por supuesto que s\u00ed. Creo que en estos momentos los distritos, lejos de ampliar competencias, est\u00e1n disminuyendo las mismas, ejemplo es la p\u00e9rdida de capacidad de control producida por la operaci\u00f3n Guateque, deber\u00edamos tender hacia no solamente una mayor descentralizaci\u00f3n, sino una mayor participaci\u00f3n en los presupuestos del Ayuntamiento de Madrid, quiz\u00e1 con f\u00f3rmulas que dan buen resultado, como los presupuestos participativos, porque con la participaci\u00f3n de los vecinos en la toma de decisiones, estoy convencido que no tendr\u00edamos el desequilibrio econ\u00f3mico, social y territorial que en estos momentos tiene la ciudad de Madrid. Como ejemplo, sirva que en Madrid existe un tercio de los equipamientos y dotaciones sociales, deportivas y culturales que en los municipios del entorno, y una cuarta parte de las grandes capitales europeas. <\/p>\n<p>P.- Defina a Gallard\u00f3n en una palabra&#8230;. y a usted en otra&#8230;<\/p>\n<p>R.- No s\u00e9 si soy capaz de definirlo en una sola palabra, porque me vienen a la mente muchas, pero s\u00ed s\u00e9 que es una persona que no est\u00e1 pensando en estos momentos en los madrile\u00f1os, piensa en su promoci\u00f3n pol\u00edtica, personal en el Partido Popular. Otros, en estos momentos, estamos s\u00f3lo y exclusivamente pensando en c\u00f3mo hacer de Madrid una ciudad m\u00e1s solidaria, con mayores espacios de convivencia y sobre todo que piense en c\u00f3mo mejorar la calidad de vida de sus vecinos. Quiz\u00e1s no haya sido en una sola palabra, pero creo que define un proyecto pol\u00edtico y otro proyecto pol\u00edtico. <\/p>\n<p>P.- \u00bfPor qu\u00e9 el PSOE no protesta de forma mas contundente, manifestaciones incluidas, contra el boicot de la Comunidad de Madrid a la Ley de Dependencia? <\/p>\n<p>R.- Creo que desde el Partido Socialista s\u00ed hemos hecho una protesta firme en contra de la aplicaci\u00f3n de la Ley de Dependencia en la Comunidad de MAdrid. Tanto nuestro secretario genreal, Tom\u00e1s G\u00f3mez, como la portavoz en la ASamblea, Maru Men\u00e9ndez, han hecho una defensa cerrada en contra del boicot que Esperanza Aguirre ha ejercido y que impide que miles de madrile\u00f1os puedan tener acceso a su derecho, que no es otro que las ayudas que el Estado ha habilitado para los dependientes. No es de recibo que Esperanza Aguirre, y tambi\u00e9n Alberto Ruiz-Gallard\u00f3n, antepongan sus intereses partidistas y de oposici\u00f3n al Gobierno de la naci\u00f3n al derecho que asiste a los ciudadanos de Madrid y de nuestra Comunidad. Hemos llevado varias propuestas al Pleno del Ayuntamiento de Madrid, y vamos a seguir defendi\u00e9ndolo con contundencia y exigencia. Es cierto que algunas veces no se ha trasladado en los medios de comunicaci\u00f3n con la misma fuerza, pero eso no significa que no seamos constantes y no vayamos a seguir denunci\u00e1ndolo, porque el boicot se sigue produciendo. <\/p>\n<p>P.- \u00bfQu\u00e9 es lo peor que tiene Madrid?, \u00bfy lo mejor?<\/p>\n<p>R.- Creo que lo peor que tiene Madrid es un alcalde que es capaz de gastarse 440 millones de euros, 73.000 millones de las antiguas pesetas, en un nuevo ayuntamiento que nadie reclama, y tenga abandonado la mayor parte de su ciudad con 4.000 personas que duermen en las calles, con grandes focos de marginalidad, con un desequilibrio territorial como ninguna otra ciudad del occidente europeo, y con una ciudad contaminada que parece que no le preocupa. Lo mejor que tiene Madrid creo que son sus ciudadanos, su car\u00e1cter solidario, abierto, multicultural y paciente. <\/p>\n<p>P.- Se lo habr\u00e1n preguntado hasta la saciedad, pero&#8230;. \u00bfser\u00e1 usted candidato en 2011?<\/p>\n<p>R.- Venimos a hacer un trabajo serio, permanente y estable, soy un municipalista convencido, y he venido a este Grupo Municipal para quedarme, para configurar un proyecto pol\u00edtico s\u00f3lido y ser\u00e1 mi partido pol\u00edtico el que en el momento que corresponda elija el candidato para el a\u00f1o 2011. <\/p>\n<p>P.- Buenas tardes don David: Bertrand Delanoe, Michael Haupl, Klaus Wowereit, Jordi Hereu, Odon Elorza. \u00bfCu\u00e1l es su alcalde socialista europeo favorito de la actualidad?<\/p>\n<p>R.- Estos cinco alcaldes representan cada uno de ellos lo bueno que es capaz de articular la propuesta socialista en sus ciudades respectivas. Pol\u00edticas de movilidad, pol\u00edticas medioambientales, pol\u00edticas sociales, pol\u00edticas participativas, de reequilibrio territorial&#8230; Creo que un buen pol\u00edtico debe nutrirse de todo lo bueno que se hace en otras ciudades. Son un ejemplo claro y vivo de lo bien que son capaces de hacer los socialistas la pol\u00edtica municipal. Nuestro proyecto pol\u00edtico se fundementa en estas cosas buenas, por eso me vas a permitir que me quede con todos ellos como un ejemplo claro de las cosas que queremos para Madrid. <\/p>\n<p>P.- Estimado David, me gustar\u00eda saber qu\u00e9 medidas va a emprender el Partido Socialista en Madrid para poder acabar con la hegemon\u00eda del Partido Popular en la Comunidad y en el Ayuntamiento. Me refiero concretamente al pr\u00f3ximo Congreso Regional. Mi sensaci\u00f3n es que se trabaja demasiado desde los despachos y muy poco en la calle escuchando a las y los madrile\u00f1os. Gracias<\/p>\n<p>R.- Creo que una de las soluciones que debemos plantear, como bien dices, es salir a la calle. Debemos bajar a los distritos, a los colectivos, a las asociaciones, y escuchar, sobre todo escuchar a los madrile\u00f1os. La pol\u00edtica se hace sobre todo escuchando, y una vez escuchando, tenemos que saber responder a las cuiestiones que nos plantean los madrile\u00f1os. Creo que la pol\u00edtica se puede ahcer de dos maneras, una es para los ciudadanos, y otra segunda, que yo creo que enmarca el esp\u00edritu que detecto en tus palabras, que es con los ciudadnos. Creo que esta segunda es la mejor f\u00f3rmula de intentar recuperar Madrid. Si somos capaces de eescucharles, daremos soluci\u00f3n a los problemas que tienen y que posiblemente nadie responde. <\/p>\n<p>P.- \u00bfQu\u00e9 valoraci\u00f3n le merece las obras de la M-30? \u00bfCu\u00e1l es la situaci\u00f3n financiera en la que ha quedado el Ayuntamiento de Madrid tras las mismas?<\/p>\n<p>R.- No entiendo c\u00f3mo despu\u00e9s de pasado un a\u00f1o no se ha hecho absolutamente nada en la recuperaci\u00f3n del r\u00edo y de sus m\u00e1rgenes. El alcalde corri\u00f3 much\u00edsimo para terminar los t\u00faneles, en una clara vocaci\u00f3n electoralista, y sin embargo se ha olvidado de la M-30. Le hemos pedido que termine cuanto antes esta fractura social y mediambiental que tienen nuestra ciudad, y que cuanto antes se convierta en un eje vertabrador de Madrid. Por otra parte, la gran inversi\u00f3n en la M-30, 6.000 millones de euros, ha provocado la p\u00e9rdida de oportunidades para vertebrar y reequilibrar nuestra ciudad en otros distritos, se ha dejado de invertir en cosas que eran muy necesarias, y adem\u00e1s en estos momentos y debido a la desaceleraci\u00f3n econ\u00f3mica, el Ayuntamiento de Madrid empieza a tener problemas financieros. Los ingresos corrientes van disminuyendo de una manera muy importante, el ayuntamiento no puede pedir cr\u00e9ditos porque la M-30 se los ha chupado todos, y eso hace que desde hace un a\u00f1o a esta parte no se haya invertido ni se haga nada en la ciudad por la mala situaci\u00f3n financiera que est\u00e1 atravesando el Ayuntamiento de Madrid. <\/p>\n<p>P.- \u00bfQu\u00e9 opinas sobre La Ca\u00f1ada Real, y otras &#8220;ca\u00f1adas&#8221; llenas de miseria en Madrid?. \u00bfTienes alg\u00fan proyecto para acabar con estas villas miseria?<\/p>\n<p>R.- No parece l\u00f3gico que en pleno siglo XXI desde el Ayuntamiento de Madrid no se haya hecho absolutanmente nada para intentar solventar esta lamentable realidad. Una ciudad que preten de ser ol\u00edmpia en 2016 no puede tener estos focos de exclusi\u00f3n social. El Ayuntamiento de Madrid, hace mucho tiempo, deber\u00eda haber liberado una propuesta con losmunicipios del entorno y con la Comunidad de Madrid para haber atajado tanto los problemas socialesq ue tiene la ca\u00f1ada, los problemas delictivos que existen en la misma, y haber articulado una gran propuesta para acometer una soluci\u00f3n seria a este problema. La \u00fanica alternativa viable es encontrar el consenso necesario entre el Ayuntamiento de Madrid, los ayuntamientos afectados y, sobre todo, la comunidad. Pero, sin embargho, tengo la impresi\u00f3n que ante la politizaci\u00f3n que Esperanza Aguirre y Alberto Ruiz-Gallard\u00f3n han hecho de ambas instituciones, va a ser muy dif\u00edcil que se pongan de acuerdo para buscar soluciones positivas para las miles de personas que viven en la Ca\u00f1ada. <\/p>\n<p>P.- \u00bfCree que Madrid tiene posibilidades de albergar los juegos ol\u00edmpicos de 2016? <\/p>\n<p>R.- S\u00ed, estamos trabajando todos los grupos pol\u00edticos para que Madrid albergue los Juegos Ol\u00edmpicos de 2016. Es una gran oportunidad para nuestra ciudad, para su desarrollo urbano, su desarrollo social, para el desarrollo de sus infraestructuras, y para su proyecci\u00f3n internacional. Es un sue\u00f1o que desde el Partido Socialista perseguimos y por el cual vamos a poner encima de la mesa nuestros mayores esfuerzos. <\/p>\n<p>P.- Buenas tardes. Sigue usted militando en el PSOE de Getafe \u00bfha contemplado trasladarse al PSOE de Madrid? de ser as\u00ed \u00bfen qu\u00e9 distrito de la ciudad le gustar\u00eda afiliarse?<\/p>\n<p>R.- S\u00ed, estoy en tr\u00e1mites para trasladar mi afiliaci\u00f3n al PSOE de la ciudad de Madrid. No hay una predilecci\u00f3n clara por ning\u00fan distrito, creo que todos los distritos de Madrid son igualmente v\u00e1lidos, porque en elas agrupaciones de Madrid, en todas ellas, hay grandes compa\u00f1eros, unas bases que est\u00e1n trabajando duramente por un proyecto pol\u00edtcio, y estoy convencido que en cualqueir agrupaci\u00f3n de Madrid podr\u00e9 trabajar duramente con ellos en pro de la mejora de nuestra ciudad. <\/p>\n<p>P.- Transcurrido pr\u00e1cticamente un a\u00f1o desde la celebraci\u00f3n de las elecciones, \u00bfqu\u00e9 balance hace Ud. del equipo de gobierno? \u00bfY de la labor de oposici\u00f3n del Grupo Socialista?<\/p>\n<p>R.- Transcurrido este a\u00f1o, el balance del Gobierno municipal es muy negativo. Si has podido comprobar que lo \u00fanico que puede presentar es la puesta a la luz de la mayor trama de corrupci\u00f3n de la ciudad de Madrid, la operaci\u00f3n Guateque, la compra de un ayuntamiento por valor de 440 millones de euros y los vaivenes de un alcalde m\u00e1s preocupado de su futuro pol\u00edtico personal que de los ciudadanos que le eligieron democr\u00e1ticamente. Creo que el alcalde debe volver a su Alcald\u00eda, ejercer como alcalde, despu\u00e9s de un a\u00f1o no lo ha hecho, y empezar a solventar problemas de los madrile\u00f1os. De la labor de la oposici\u00f3n, creo que es positiva, que hemos empezado un nuevo trabajo, estamos ahormando un proyecto pol\u00edtico s\u00f3lido, que estamos recuperando la interlocuci\u00f3n con la ciudadan\u00eda, y sobre todo que estamos intentando ser exigentes pero tambi\u00e9n constructivos. Lo primero que hice al ser elegido portavoz fue ofrecerle diez grandes acuerdos a Gallard\u00f3n sobre los temas m\u00e1s importantes que preocupan a los madrile\u00f1os, pero la respuesta de Gallard\u00f3n fue a todo que no. Nosotros vamos a seguir trabajando por la sostenibilidad, por el reequilibrio territorial, por las pol\u00edticas sociales, por la movilidad, por la transparencia, por el consenso y, sobre todo, a pesar del Partido Popular, por los ciudadanos y la soluci\u00f3n a sus problemas. <\/p>\n<p>P.- Sr Lucas, \u00bfpor qu\u00e9 cree que el PP gana tantas elecciones en una ciudad tan integradora, tolerante y diversa como Madrid? Me resulta realmente sorprendente.<\/p>\n<p>R.- Creo, y estoy convencido de ello, que el Partido Popular ha gando tantas elecciones quiz\u00e1s por dem\u00e9rito del Partido Socialista y porque no hemos sabido encontrar la interlocuci\u00f3n necesaria con los madrile\u00f1os. Si somos capaces de recuperar esa interlocuci\u00f3n, si somos capaces de comunicar bien que tenemos soluciones a los problemas realies que tienen los ciudanso de Madrid, creo que seremos capaces de hacernos necesarios y, por tanto, volver a recuperar la confianza de los madrile\u00f1os. A pesar de que los madrile\u00f1os son integradores, tolerantes y diversos, creo que las pol\u00edtcias que se llevan a cabo por el Partido Popular no propician esa realidad. A pesar de todo, quiz\u00e1 sea nuestro dem\u00e9rito el que haya propiciado que el PP gane tantas elecciones. <\/p>\n<p>P.- Hola, reciba un cordial saludo. Quer\u00eda preguntarle, \u00bfc\u00f3mo es posible que Madrid contin\u00fae con tan pocas bibliotecas p\u00fablicas? El distrito del Retiro no tiene ni una, \u00bfusted podr\u00eda hacer algo? Much\u00edsimas gracias<\/p>\n<p>R.- Si analizamos los \u00faltimos datos, podemos comprobar c\u00f3mo la ciudad de Madrid tiene un tercio de las bibliotecas p\u00fablicas que tienen ciudades como Legan\u00e9s, Fuenlabrada, Parla, Alcorc\u00f3n o Getafe. Nuestra propuesta electoral estrib\u00f3 precisamente en dotar a todos los distritos de Madrid de los equipamientos necesarios, por supuesto incluidas las bibliotecas p\u00fablicas. No es de recibo que haya distritos como el de Retiro en el que no exista una sola biblioteca. Hemos ido a Retiro, lo hemos denunciado a trav\u00e9s de la Junta Municipal y vamos a seguir insistiendo, pero lamentablemente la receptividad del Gobierno municipal es nula. Amigo Ricardo, continuaremos trabajando para conseguirlo. \u00bfSabes que con los 73.000 millones que el alcalde se ha gastado en el nuevo ayuntamiento se hubieran hecho todos los equipamientos que el Partido Socialista ten\u00eda en su programa electoral?<\/p>\n<p>P.- \u00bfCu\u00e1les son las tres l\u00edneas que piensa usted seguir para ganar las pr\u00f3ximas elecciones municipales?<\/p>\n<p>R.- La primera de ellas es hacer que el eje central de nuestra acci\u00f3n pol\u00edtica sean los ciudadanos. La segunda es acometer propuestas pol\u00edticas que hagan una ciudad m\u00e1s equilibrada social y econ\u00f3micamente con pol\u00edticas sociales activas en materia educativa, social, hacer de Madrid una ciudad sostenible, con calidad ambiental y desarrollo econ\u00f3mico, y sobre todo propuestas para solventar los graves problemas de movilidad que existen en nuestro municipio. La tercera l\u00ednea de actuaci\u00f3n no tiene que ser otra que el intentar que todo lo anterior lo hagamos compartiendo nuestro proyecto con los vecinos y vecinas de nuestra ciudad. Creo que ellos tienen mucho que decir, y creo que es nuestra obligaci\u00f3n escucharles. <\/p>\n<p>P.- Sr. David Lucas: \u00bfQu\u00e9 opinion le merecen las propuestas privatizadoras de educaci\u00f3n, sanidad&#8230; del Gobierno de Esperanza Aguirre? Y en el mismo sentido, de las que plante\u00f3 en sus Bases para una ley de Educaci\u00f3n en Catalunya, su compa\u00f1ero de partido (PSC); sr. Maragall?<\/p>\n<p>R.- Creo que es una estrategia predeterminada y dise\u00f1ada por Esperanza Aguirre. Primero fue todo lo ocurrido con el Severo Ochoa y el desprestigio de sus profesionales; en segundo lugar, fue la puesta de manifiesto del fracaso en la atenci\u00f3n de las listas de espera; tercero fue los diversos modelos de gesti\u00f3n que se han puesto en marcha en Madrid, todos ellos tendentes hacia la privatizaci\u00f3n del servicio p\u00fablico de salud, y en \u00faltimo lugar ha sido la externalizaci\u00f3n del Servicio P\u00fablico de Madrid. En estos momentos, en Madrid 400.000 usuarios reciben su asistencia sanitaria p\u00fablica de instituciones privadas. Creo que desde los partidos pol\u00edticos de progreso y los ciudadanos no debemos permitir que se agreda al sistema sanitario p\u00fablico de esta manera, porque las empresas privadas lo \u00fanico que persiguen es el beneficio en su cuenta de resultados. Debe haber derechos como el derecho a una sanidad p\u00fablica, universal y de calidad, y el derecho a la educaci\u00f3n p\u00fablica y de calidad que deben estar por encima de los intereses econ\u00f3micos de nadie. Los ciudadanos debemos movilizarnos por defender este derecho antes de que sea tarde y nos demos cuenta que hay una puerta en la sanidad para el que se la puede pagar y otra, mucho m\u00e1s peque\u00f1a, para los que no tienen recursos econ\u00f3micos. <\/p>\n<p>P.- \u00bfQu\u00e9 distrito de nuestra ciudad le gusta m\u00e1s?<\/p>\n<p>R.- Nac\u00ed en Retiro, he vivido en Carabanchel y en Villaverde, me siento muy madrile\u00f1o, y creo que me atrevo a decir que me gusta toda la ciudad, de norte a sur y de este a oeste, porque en realidad, lo que me gusta m\u00e1s de Madrid no es tanto sus distritos sino, sobre todo, sus ciudadanos. <\/p>\n<p>P.- Sr. Lucas, Tom\u00e1s Gomez, el secretario general de los socialistas madrile\u00f1os, est\u00e1 desaparecido. \u00bfQu\u00e9 le pasa a este hombre? \u00bfC\u00f3mo se puede explicar su conducta? \u00bfNos puede dar alg\u00fan dato que permita entender su actitud? Nos sentimos desvalidos los madrile\u00f1os progresistas. Por favor no me de una respuesta pol\u00edticamente correcta.<\/p>\n<p>R.- Yo creo que es todo lo contrario, creo que llevamos en Madrid much\u00edsimos a\u00f1os en la oposici\u00f3n, tanto en ayutnamiento como en Comunidad, y creo que Tom\u00e1s G\u00f3mez es el l\u00edder que el Paritdo Socialista necesita, est\u00e1 fortaleciendo nuestra formaci\u00f3n pol\u00edtica, entiendo que sin partido no somos nada, que ha hecho propuestas muy s\u00f3lidas en pol\u00edtcias de dependencia, en defensa de la sanidad p\u00fablica y de la vertebraci\u00f3n territorial, en defensa del transporte p\u00fablico, en hacer de Madrid una Comunidad m\u00e1s solidarai y fuerte socialmente, y que ni mucho menos creo que est\u00e9 desaparecido. Es un nuevo proyecto pol\u00edtico del que algunos estamos convencidos que es el que necesita la Comunidad de Madrid. Lo \u00fanico que se necestia es tiempo para poder desarrollarlo, porque trabajo y compromiso tenemos, y m\u00e1s que nadie la persona que lo lidera, que es Tom\u00e1s G\u00f3mez. <\/p>\n<p>P.- \u00bfqu\u00e9 opini\u00f3n tiene sobre la batalla Gallard\u00f3n &#8211; Aguirre en Madrid? \u00bfcree que en el caso de usted ganar la alcald\u00eda, las relaciones con la presidencia de la Comunidad de Madrid ser\u00edan m\u00e1s fruct\u00edferas?<\/p>\n<p>R.- Desde mi punto de vista, los enfrentamientos entre Esperanza Aguirre y Alberto Ruiz-Gallard\u00f3n ponen de manifiesto lo poco que les preocupan el ayuntamiento y la Comunidad. Ellos tomaron hace tiempo una decisi\u00f3n, y es anteponer sus intereses pol\u00edtcios, personales, a los intereses generales de los ciudadnaos de Madrid. No me gusta meterme en asuntos de otro partido pol\u00edtico, pero cuando estos afectan al inter\u00e9s general de Madrid los debemos hacer nuestros, denunciarlos y pedir al alcalde y a la presidenta que dejen de enfrentarse, que coordinen las instituciones, y que si no son capaces de hacerlo, que se marchen ambos dos. Estoy convencido de que si estuvi\u00e9ramos al frente del Ayuntamiento d eMadrid y un compa\u00f1ero socialista estuviera al frente de la Comunidad, no existir\u00edan estos problemas, porque si algo hemos demostrado los socialistas en este \u00faltimo a\u00f1o es una buena coordinaci\u00f3n, es saber trabajar conjuntamente y el haber encontrado un liderazgo fuerte y s\u00f3lido en nuestro sercretario general, cosa que en estos momentos el Partido Popular no tiene, y previsiblemente no va a tener a corto plazo. <\/p>\n","protected":false},"excerpt":{"rendered":"<p>En las pasadas elecciones municipales, el Partido Socialista obtuvo unos malos resultados en Madrid. Desde entonces, David Lucas ha cogido las riendas del grupo en el Ayuntamiento de la capital, donde est\u00e1 intentando imprimir su propio estilo pol\u00edtico. El portavoz socialista ha charlado los lectores sobre los temas de Madrid y las pol\u00edticas del alcalde, Alberto Ruiz-Gallard\u00f3n. <\/p>\n","protected":false},"author":1,"featured_media":0,"comment_status":"open","ping_status":"open","sticky":false,"template":"","format":"standard","meta":{"footnotes":""},"categories":[],"tags":[],"class_list":["post-1980","post","type-post","status-publish","format-standard","hentry"],"_links":{"self":[{"href":"https:\/\/intervius.com\/index.html\/wp-json\/wp\/v2\/posts\/1980","targetHints":{"allow":["GET"]}}],"collection":[{"href":"https:\/\/intervius.com\/index.html\/wp-json\/wp\/v2\/posts"}],"about":[{"href":"https:\/\/intervius.com\/index.html\/wp-json\/wp\/v2\/types\/post"}],"author":[{"embeddable":true,"href":"https:\/\/intervius.com\/index.html\/wp-json\/wp\/v2\/users\/1"}],"replies":[{"embeddable":true,"href":"https:\/\/intervius.com\/index.html\/wp-json\/wp\/v2\/comments?post=1980"}],"version-history":[{"count":0,"href":"https:\/\/intervius.com\/index.html\/wp-json\/wp\/v2\/posts\/1980\/revisions"}],"wp:attachment":[{"href":"https:\/\/intervius.com\/index.html\/wp-json\/wp\/v2\/media?parent=1980"}],"wp:term":[{"taxonomy":"category","embeddable":true,"href":"https:\/\/intervius.com\/index.html\/wp-json\/wp\/v2\/categories?post=1980"},{"taxonomy":"post_tag","embeddable":true,"href":"https:\/\/intervius.com\/index.html\/wp-json\/wp\/v2\/tags?post=1980"}],"curies":[{"name":"wp","href":"https:\/\/api.w.org\/{rel}","templated":true}]}}