{"id":1912,"date":"2008-04-25T00:00:00","date_gmt":"2006-11-06T00:00:00","guid":{"rendered":"https:\/\/intervius.com\/index.html\/?p=1912"},"modified":"2006-11-06T00:00:00","modified_gmt":"2006-11-06T00:00:00","slug":"Kiko_y_Tatiana1912","status":"publish","type":"post","link":"https:\/\/intervius.com\/index.html\/Kiko_y_Tatiana1912\/","title":{"rendered":"Kiko y Tatiana"},"content":{"rendered":"<p>Pregunta.- Hola! La verdad es que no me ha hecho mucha gracia vuestra expulsi\u00f3n, hay una pareja en especial que deber\u00eda haber salido y no vosotros, pero bueno&#8230;ya os podeis considerar ganadores. Ahora la pregunta, \u00bfos esperabais la expulsi\u00f3n? \u00bfqui\u00e9n quereis que gane fama? Arriba Tati y Kiko, valeis mucho!! Encima andaluces, como yo, oleee!! jaja. Muchos besotes!!<\/p>\n<p>Respuesta.- Kiko: La verdad es que nunca te lo esperas del todo, pero a estas alturas todo pod\u00eda pasar. Me gustar\u00eda que ganara Vicky, porque es muy buena y lo merece. Tatiana: S\u00ed,me lo esperaba, estaba preparada para todo. sin duda Vicky es un maquin\u00f3n Besos<\/p>\n<p>P.- Bueno en primer lugar, desearos mucha suerte con vuestras carreras y espero que llegueis lejos, kiko mueves el culo como nadie y tatiana tienes una sonrisa preciosa y eres muy dulce lo que te hace especial o como diria Rafa sois ameising. mi pregunta es \u00bf cuales han sido vuestros mejors momentos? \u00bfporque? \u00bfy cuales han sido los peores y poerque? un besito cuidaros<\/p>\n<p>R.- Tatiana: De lo mejores momentos, cuando mont\u00e1bamos las coreos de Shockwaves, no pod\u00eda parar de reirme de lo surrealista que era montarlo y bailarlo. Lo peor los momentos de veredicto. Kiko: Anika, gracias,jeje. Estoy de acuerdo con Tati, aunque tambi\u00e9n destacar\u00eda como buenos momentos, las coreos grupales y los peores las semanas de l\u00edrico, porque me dol\u00eda el cuerpo con tanto port\u00e9&#8230;jeje<\/p>\n<p>P.- Kiko: \u00bfTe has sentido infravalorado en alg\u00fan momento en la escuela? Solo ha sido hacia el final cuando te han empezado a reconocer tu evoluci\u00f3n mientras que al principio solo te criticaban o directamente te ignoraban valorando solo a Tati. \u00bfQu\u00e9 tal ha sido la relaci\u00f3n con los profesores? \u00bfDe quien te llevas mejor recuerdo y has aprendido m\u00e1s? Un beso!<\/p>\n<p>R.- Infravalorado no, porque entr\u00e9 con poca formaci\u00f3n, pero en ocasiones pensaba que hac\u00eda algo bien y no me lo reconoc\u00edan del todo. Con los profesores me he llevado muy bien con todos, aunque al principio me cost\u00f3 entrar en onda con ellos. A nivel personal Rafa ha sido qui\u00e9n m\u00e1s me ha ense\u00f1ado, pero Sergio es como un colega.<\/p>\n<p>P.- Que es lo que menos os ha gustado el uno del otro? Y lo que mas?? Pedazo de hermanos!!<\/p>\n<p>R.- Tatiana: Lo que menos es que algunas veces cuando hablo con \u00e9l, no me mira y tiene cara de empanao&#8230;jejeje. Y todo lo dem\u00e1s en \u00e9l es genial. Ha sido un segundo hermano para m\u00ed. Kiko: La verdad es de las personas con las que mejor me he llevado en la casa,, y tiene un sentido del humor parecido al m\u00edo. Y no me gusta que me reprocha cuando no le digo que est\u00e1 guapa o la ignoro.<\/p>\n<p>P.- \u00bfC\u00f3mo ha sido vuestra experiencia en fama?<\/p>\n<p>R.- Tatiana: Muy intensa. Me hubiese gustado llorar menos, pero no lo he podido remediar. Kiko: Qu\u00e9 dif\u00edcil de resumir! Pero en pocas palabras: irrepetible e inolvidable.<\/p>\n<p>P.- \u00bfContinuar\u00e1 vuestra buena amistad?<\/p>\n<p>R.- Kiko: Por supuesto que s\u00ed y m\u00e1s a\u00fan con la ventaja de que vivimos cerca el uno del otro. Tatiana: Claro que s\u00ed. seguro que quedamos para reirnos un rato y recordar todas las an\u00e9cdotas.<\/p>\n<p>P.- Chicos, habeis sido mis favoritos durante todo el programa. No os desanimeis porque habeis llegado muy lejos y teneis mucho futuro por delante, porque sois unas estrellas.\u00bfQue habies pensado cuando Victor os nombr\u00f3 y no os dijo que erais finalistas? Tatiana, especialmente tu, me encantas, con tus bailes me emocionas, y con tu forma de ser m\u00e1s aun.No creo que nunca nos lleguemos a conocer, pero para m\u00ed eres como una gran amiga. Un beso muy fuerte, mucho \u00e1nimo y sois los ganadores de FAMA<\/p>\n<p>R.- Tatiana: Qu\u00e9 fuerte!! Lo pirmero es un gran shock, saber que gente que no conoces te considera una gran amiga, muchas gracias. cuando me dijeron que no estaba la final pens\u00e9 que iba a hacer muchas cosas fuera, y que el mundo no se acaba aqu\u00ed&#8230;pero me quedo con la miel en los labios.<\/p>\n<p>P.- \u00bfQui\u00e9n creeis que le hecha m\u00e1s ilusi\u00f3n y ganas en el concurso aparte de vosotros? Un saludo y \u00e1nimo, seguro que tarde o temprano conseguir\u00e9is vuestro sue\u00f1o<\/p>\n<p>R.- Kiko: ganas le pone mucha gente, pero de los que est\u00e1n en la casa ahora, Quique y Vicky son de los que m\u00e1s. Tatiana: De los que siguen dentro, creo que Mery. Y de los que se fueron, \u00c1lex<\/p>\n<p>P.- Vuestra expulsi\u00f3n me parece muy injusta. Ten\u00e9is que saber que hay mucha gente que os apoya. \u00bfSent\u00eds que hab\u00e9is cambiado desde que entrasteis en Fama? y si es as\u00ed, \u00bfen qu\u00e9 sentido? Kiko, eras (y eres aunque ya no est\u00e9s) mi favorito. Un beso.<\/p>\n<p>R.- Tatiana: Hemos cambiado a todos los niveles. En lo personal, me siento m\u00e1s segura de m\u00ed misma; y a nivel profesional, creo que entr\u00e9 con un poco de base de ballet cl\u00e1sico y me voy con bastante m\u00e1s conocimiento en los dem\u00e1s estilos. Kiko: La verdad es que si te soy sincero, creo que no he cambiado casi nada, aunque al principio no se ve\u00eda al verdadero Kiko, porque estaba coh\u00edbido, pero s\u00ed he aprendido mucho profesionalmente. Muchos besos y gracias.<\/p>\n<p>P.- \u00bf Estais deacuerdo con el funcionamiento del final de fama, con las expulsiones del p\u00fablico y sin una valoraci\u00f3n objetiva de vuestro trabajo y vuestra calidad como bailarines?<\/p>\n<p>R.- Kiko: Buena pregunta&#8230; La verdad es que en estos programas es el p\u00fablico el que tiene que elegir, por lo tanto las expulsiones son justas. Pero s\u00ed es cierto que pensamos que quiz\u00e1 el jurado tendr\u00eda que decir algo m\u00e1s en la decisi\u00f3n final para ser m\u00e1s objetivo. Tatiana: Al igual que Kiko creo que el jurado tendr\u00eda quen tener m\u00e1s peso en esta fase del programa. ero me gusta que el p\u00fablico pueda votar a los que m\u00e1s le gusten, y no a los que menos. <\/p>\n<p>P.- \u00bferais muy conscientes de donde estabais? <\/p>\n<p>R.- Tatiana: Realmente no, para nada&#8230; Ahora estamos en estado de shock Kiko: Al principio para nada, aunque conforme pas\u00f3 el tiempo, lo \u00e9ramos cada vez m\u00e1s, y ahora que acabo de salir, me viene todo un poco grande.<\/p>\n","protected":false},"excerpt":{"rendered":"<p>Charlaron con los internautas<\/p>\n","protected":false},"author":1,"featured_media":0,"comment_status":"open","ping_status":"open","sticky":false,"template":"","format":"standard","meta":{"footnotes":""},"categories":[],"tags":[],"class_list":["post-1912","post","type-post","status-publish","format-standard","hentry"],"_links":{"self":[{"href":"https:\/\/intervius.com\/index.html\/wp-json\/wp\/v2\/posts\/1912","targetHints":{"allow":["GET"]}}],"collection":[{"href":"https:\/\/intervius.com\/index.html\/wp-json\/wp\/v2\/posts"}],"about":[{"href":"https:\/\/intervius.com\/index.html\/wp-json\/wp\/v2\/types\/post"}],"author":[{"embeddable":true,"href":"https:\/\/intervius.com\/index.html\/wp-json\/wp\/v2\/users\/1"}],"replies":[{"embeddable":true,"href":"https:\/\/intervius.com\/index.html\/wp-json\/wp\/v2\/comments?post=1912"}],"version-history":[{"count":0,"href":"https:\/\/intervius.com\/index.html\/wp-json\/wp\/v2\/posts\/1912\/revisions"}],"wp:attachment":[{"href":"https:\/\/intervius.com\/index.html\/wp-json\/wp\/v2\/media?parent=1912"}],"wp:term":[{"taxonomy":"category","embeddable":true,"href":"https:\/\/intervius.com\/index.html\/wp-json\/wp\/v2\/categories?post=1912"},{"taxonomy":"post_tag","embeddable":true,"href":"https:\/\/intervius.com\/index.html\/wp-json\/wp\/v2\/tags?post=1912"}],"curies":[{"name":"wp","href":"https:\/\/api.w.org\/{rel}","templated":true}]}}