{"id":1906,"date":"2008-04-29T00:00:00","date_gmt":"2006-11-06T00:00:00","guid":{"rendered":"https:\/\/intervius.com\/index.html\/?p=1906"},"modified":"2006-11-06T00:00:00","modified_gmt":"2006-11-06T00:00:00","slug":"Amparanoia1906","status":"publish","type":"post","link":"https:\/\/intervius.com\/index.html\/Amparanoia1906\/","title":{"rendered":"Amparanoia"},"content":{"rendered":"<p>Pregunta.- Hola Amparo&#8230; soy un seguidor tuyo algo novel porque te escuche hace un par de a\u00f1os desde Radio3 y enseguida me enganchastes, me gusta todo lo que transmites: mensajes, implicaci\u00f3n, estilo, mezclas&#8230; Bueno&#8230; una curiosidad&#8230; \u00bfc\u00f3mo llevas eso de la conciliaci\u00f3n? \u00bfEn las giras va tu ni\u00f1o contigo? Un beso fuerte y te deseo todo lo mejor. <\/p>\n<p>Respuesta.- Como dice este amigo lo m\u00e1s duro siempre es la concialiaci\u00f3n y como te reclama tu familia. Pero mi hijo mayor viaja conmigo y el peque\u00f1o se queda en buenas manos, pero es consciente del trabajo de su mam\u00e1, pero intentamos encontrar el equilibrio.<\/p>\n<p>P.- \u00a1Hola! Quer\u00eda preguntarte ya que me encanta Mucho Muchacho, \u00bfc\u00f3mo surgieron las colaboraciones con \u00e9l? \u00bfEn el Vi\u00f1a saldr\u00e1 a cantarse algo contigo? Gracias y suerte.<\/p>\n<p>R.- Pues nos conocimos en la primera gira del Poder de Mach\u00edn en Zaragoza, ah\u00ed fue el primer encuentro. Fui a verlo y el met\u00eda el tema del estribillo de Sardinero en su rap, le vi en el camerino y luego quedamos a invitarnos, yo lo invit\u00e9 en Feria Furiosa. Si nos vemos en Vi\u00f1a Rock quiz\u00e1 surja hacer algo juntos aunque no est\u00e1 preparado. <\/p>\n<p>P.- \u00bfQu\u00e9 momentos nunca olvidar\u00e1s subida en el escenario? Que disfrutes much\u00edsimo estos \u00faltimos conciertos que vas a dar. Mil besos. Mireya.<\/p>\n<p>R.- Encima del escenario no olvido la carne de gallina y la emoci\u00f3n del p\u00fablico al escuchar tus canciones. Muchas gracias Mireya, yo tasmbi\u00e9n te deseo lo mejor.<\/p>\n<p>P.- \u00bfHas tocado gratis alguna vez? Si la respuesta es afirmativa&#8230; \u00bfvolver\u00edas a hacerlo?<\/p>\n<p>R.- Por supuesto que lo he hecho y que volver\u00eda a hacerlo, vivo de la m\u00fasica pero no estoy por ella por dinero, que mi m\u00fasica pueda servir a otro siempre lo hago cuando me siento afin a lo que me proponen. Siempre lo he hecho y lo seguir\u00e9 haciendo. Hoy casualmente tengo una cita con Arianna Puello y saldr\u00e1 un tema en un disco solidario que vamos a grabar juntas. <\/p>\n<p>P.- \u00bfC\u00f3mo ha cambiado tu vida con esta decisi\u00f3n o c\u00f3mo crees que cambie?<\/p>\n<p>R.- Mi vida no ha cambiado, la decisi\u00f3n fue el primer paso, pero una vez hecho es mucho m\u00e1s la reacci\u00f3n de la gente. Lo que el futuro me traer\u00e1 no lo s\u00e9, pero estoy siendo sincera y coherente con mi p\u00fablico. Tengo la necesidad de empezar otro proyecto.<\/p>\n<p>P.- \u00bfQu\u00e9 tipo de m\u00fasica puedo encontrar el disco Seguir\u00e9 Caminando? \u00bfPor qu\u00e9 dice adios a los escenarios?<\/p>\n<p>R.- En el disco hay dos cds, uno el conciertp de Apolo, con una selecci\u00f3n del directo, y el otro es Remixes y Rarezas, son remezclas que han hecho sobre nuestra m\u00fasica, y rarezas de Amparanoia no incluidas en ning\u00fan disco, y pens\u00e9 que era una buena excusa compartirlo con la gente. Luego hay un DVD con el concierto de Apolo de 2006 y un documental, Antes de hoy, que cuenta el proeycto de Amparanoia. La raz\u00f3n es la necesidad de un cambio, buscar otras maneras de expresarme siendo fiel a mi p\u00fablico. <\/p>\n<p>P.- M\u00e1s de una d\u00e9cada ense\u00f1\u00e1ndonos a ser t\u00fa y ahora, \u00bfqui\u00e9n seguir\u00e1 tu camino, qui\u00e9n nos guiar\u00e1? Recond\u00facenos.<\/p>\n<p>R.- Muchas gracias. Pero creo que todos seguiremos en el camino con nuestra evoluci\u00f3n, no hay abandono sino un cambio. <\/p>\n<p>P.- \u00a1\u00a1Amparito!! Te vas&#8230; te vas&#8230;? Ahora estoy en la otra punta del mundo, y no he visto conciertos por el sur este veranito, \u00bfhay alguna intenci\u00f3n de pasarte por el sur para cerrar tu gira? \u00a1Que te vaya bonito!<\/p>\n<p>R.- Claro que iremos por el sur, hemos dado prioridad a nuestro p\u00fablico de aqu\u00ed, saldremos fuera menos que otras veces. En Andaluc\u00eda vamos a Ja\u00e9n, Almer\u00eda y M\u00e1laga y hay fechas todav\u00eda confirm\u00e1ndose. <\/p>\n<p>P.- \u00a1Amparo guapa! Eres la artista que m\u00e1s me ha transmitido sobre un escenario. No me canso de ir a verte y ya son muchas veces. \u00bfQu\u00e9 le queda a Amparo por hacer en la m\u00fasica y con qui\u00e9n te gustar\u00eda colaborar que no lo hayas hecho ya? Muchos besos guapa.<\/p>\n<p>R.- Pues me queda por hacer todo lo que me de tiempo, me gustar\u00eda aprender otro instrumento y tocar la guitarra. Colaborar&#8230; nunca he hecho nada premeditado, siempre ha salido de forma muy m\u00e1gica, esos son los ingredientes que necesito para colaborar, dejarme llevar por la intuici\u00f3n y la sorpresa de la vida. <\/p>\n<p>P.- Amparo, te adoro. \u00bfQu\u00e9 te pareci\u00f3 verte junto a Manu Chao en el estupendo programa de Joaqu\u00edn Reyes, Muchachada Nui?<\/p>\n<p>R.- Ah pues me encant\u00f3, me llamaron unos amigos para avisarme y me rei much\u00edsimo, me lo vi entero por internet al d\u00eda siguiente. Me encanta el humor y es todo un honor que se hayan fijado en mi para hacer un personaje. <\/p>\n<p>P.- Hola, antes que nada darte las gracias por todos los buenos momentos que tu m\u00fasica nos ha hecho vivir. Y mi pregunta, como es normal, \u00bfcu\u00e1ndo m\u00e1s? Aunque sea con otro nombre&#8230;jajaja&#8230; te esperamos. Un beso.<\/p>\n<p>R.- Bueno el pr\u00f3ximo nombre va a ser Amparo, ser\u00e1 mi nombre. Me imagino que el a\u00f1o que viene ya tendr\u00e9 unas nuevas canciones para compartir con la gente. <\/p>\n<p>P.- \u00bfC\u00f3mo te planteas la vida despues de tantos a\u00f1os dedicada a la m\u00fasica? \u00bfQu\u00e9 proyectos tienes? P.D. Dale abrazo a Jairo. Gran guitarrista y mejor persona.<\/p>\n<p>R.- Es que voy a seguir haciendo m\u00fasica, simplemente se acaba una etapa, despido un repertorio y empiezo a contar nuevas historias. No me planteo dejar la m\u00fasica es solo un cambio. La m\u00fasica siempre va a estar presente aunque no grabe discos.<\/p>\n<p>P.- Amparo, soy un gran seguidor de tu carrera, ante todo te admiro por tu implicaci\u00f3n con las injusticias sociales, \u00bftienes alg\u00fan nuevo proyecto en este sentido? Un beso y millones de gracias por tu m\u00fasica que tantos buenos momentos me ha regalado!!<\/p>\n<p>R.- Van invit\u00e1ndome, es la gente la que va acerc\u00e1ndose a m\u00ed. Hoy hacemos una colaboraci\u00f3n, tambi\u00e9n vamos a hacer un encuentro con disminuidos ps\u00edquicos&#8230; mi coraz\u00f3n se mueve a ser invitada y estoy abierta, voy escuchando lo que llega. <\/p>\n<p>P.- Amparo, dime que no vas a abandonar la m\u00fasica, que vas a reorientar tu carrera o cualquiera de esas chorradas que en ocasiones dicen los artistas. Bastante mal est\u00e1 el panorama musical espa\u00f1ol como para que desaparezc\u00e1is los buenos!! Recuerdo el concierto \u00faltimo de la sala Clamores y no me puedo creer que nos prives de momentos como ese. Un besazo<\/p>\n<p>R.- Esto es un ba\u00f1o de autoestima!!! Estoy muy contenta. A este amigo le digo lo mismo, que no me voy a ning\u00fan sitio. \u00a1Y muchas gracias por tanto cari\u00f1o, de verdad!<\/p>\n<p>P.- Llas letras de las canciones de Amparanoia las componeis vosotros? Si es as\u00ed, \u00bfen qu\u00e9 os inspirais?<\/p>\n<p>R.- Las letras son todas m\u00edas, tambi\u00e9n hago la m\u00fasica pero el encontrarme con los m\u00fasicos les da los arreglos, pero tanto letra como m\u00fasica son m\u00edas. La inspiraci\u00f3n es la vida misma, lo que va pasando. Tambi\u00e9n letras que pienses que pueden servir a ti mismo y a los dem\u00e1s. <\/p>\n<p>P.- \u00bfC\u00f3mo surge tu vinculaci\u00f3n y apoyo hacia el proyecto de autonom\u00eda zapatista en Chiapas, M\u00e9xico? <\/p>\n<p>R.- Mi uni\u00f3n viene de varios a\u00f1os atr\u00e1s, de varias visitas M\u00e9xicos y tener amigos que conocen el movimiento. Tengo admiraci\u00f3n y respeto a su manera de luchar, pac\u00edfica. Sent\u00ed que quer\u00eda contarlo al p\u00fablico, y en Somos Viento hay varias canciones sobre el tema y estoy con ellas invitando a la gente a que conozcan el movimiento. <\/p>\n<p>P.- \u00bfC\u00f3mo ves el Vi\u00f1a Rock de este a\u00f1o?<\/p>\n<p>R.- El Vi\u00f1a Rock lo veo bien, tiene un cartel necesario de apuesta por los grupos nacionales con diferentes escenarios, para escuchar diferentes estilos. El cartel es interesante, tengo ganas de estar por all\u00ed, pasar por el escenario de hip hop y por el nuestro. La pena es no poder quedarme los tres d\u00edas&#8230; <\/p>\n<p>P.- No quiero ponerme a llorar, as\u00ed que voy a hacerme el tonto&#8230; todo esto es mentira, nadie deja los escenarios, t\u00fa sigues sacando discos y yo duermo feliz esta noche. Muchas gracias por deleitar nuestros oidos y agitar nuestras conciencias. <\/p>\n<p>R.- \u00a1Duerme tranquilo esta noche, que seguimos caminando!<\/p>\n<p>P.- Me gustar\u00eda saber si est\u00e1 previsto un concierto en Lille ( Francia). El \u00faltimo fue de locura!!!!!!!!!!!!!!<\/p>\n<p>R.- Pues creo que hay alguna fecha por confirmarse en Francia pero estamos dando prioridad a nuestro pa\u00eds en verano, pero al terminar la gira si que nos gustar\u00eda ir por Europa, y por supuesto que tengo muy buenos recuerdos de Lille. <\/p>\n<p>P.- Hola amparo soy seguidora tuya desde que tocaste en la estacion del norte me imagino que no olvidaras ese concierto ahora vivo en lanzarote y me gustaria saber si llegaran aki los conciertos<\/p>\n<p>R.- A las islas tambi\u00e9n s\u00e9 que vamos, no s\u00e9 las fechas, sabemos cu\u00e1ndo empieza la gira pero no cuando acaba&#8230; El 26 de septiembre tocaremos en Lanzarote, al menos hay una reserva, espero que vaya a buen puerto. En cualquier caso, todos los que quer\u00e1is seguir la gira la iremos actualizando en nuestro myspace.com\/amparanoiabyebyetour <\/p>\n<p>P.- No es una pregunta lo que te escribo sino un simple comentario: En mi oficina he logrado que &#8220;mi amor se fue&#8230;.&#8221; se convierta en un himno. Gracias por todo, por tus letras, por tus acordes, por tus gui\u00f1os<\/p>\n<p>R.- Muchas gracias, estamos cant\u00e1ndola en la gira Bye Bye Tour, as\u00ed que tienes que venir con la oficina completa!!!<\/p>\n<p>P.- Hola, lo primero feclicitarte por la musica que haces, la escucho de hace unos a\u00f1os. mi pregunta es como te ha afectado el las descargas musicales en internet PD: &#8230;&#8230;si estamos juntos somos huracan&#8230;.<\/p>\n<p>R.- Bueno yo nunca he sido una gran vendedora de discos, sino que he tenido un p\u00fablico fiel, con venta moderada y constante. S\u00e9 que mucha gente ha copiado mi m\u00fasica&#8230; a m\u00ed internet me ha ayudado a abrirme al mundo y contactar con mucha gente. No tengo ning\u00fan problema con las descargas ni con internet. La compa\u00f1\u00eda de discos no pensar\u00e1 lo mismo pero yo s\u00ed. <\/p>\n<p>P.- Hola guapa! \u00bfcrees que se ha originado un movimiento social o una forma\/filosof\u00eda de vida a partir de la fusi\u00f3n musical de ritmos y culturas diferentes que tanto Amparanoia como otros grupos del &#8220;estilo&#8221; (Manu Chao, MAcaco, Ojos&#8230;) han experimentado?<\/p>\n<p>R.- S\u00ed que creo que un grupo de gente que oye diferentes m\u00fasicas y son abiertos ha encontrado como una familia, conciertos donde se pasa bien y encuentran gente es su misma onda&#8230; con una misma filosof\u00eda. Nosotros reunimos a la gente y ellos hacen que podamos hacer m\u00fasica. El valor es del p\u00fablico al final, aunque s\u00ed, de alguna manera nos hemos reunido. <\/p>\n<p>P.- Hola Amparo, Te escuch\u00e9 el otro d\u00eda en La Casa Encendida, y entiendo que si lo dejas es pq has cumplido una etapa de tu viaje. \u00bfAdem\u00e1s de cantar, haces otras cosas? Me gust\u00f3 mucho la actuaci\u00f3n con tu grupo. Mucha suerte, besitos<\/p>\n<p>R.- Todo relacionado con la m\u00fasica. Pero ahora estoy empezando a hacer edici\u00f3n de im\u00e1genes, pero lo paso muy bien porque incorporo m\u00fasica. Ahora mismo estoy aprendiendo eso, es mi hobby. <\/p>\n<p>P.- M\u00e1s que una pregunta es una felicitaci\u00f3n por tu concierto de hace unas semanas en la Joy Eslava de Madrid. No s\u00e9 c\u00f3mo haces para transmitir todo lo que transmites, para levantar al p\u00fablico, para sacudirle, para crear ese &#8220;buen rollo&#8221; y hacer del concierto una gran fiesta. As\u00ed que FELICIDADES. Pero aprovecho para preguntar&#8230;despu\u00e9s de esto te volcar\u00e1s en tu faceta de DJ?<\/p>\n<p>R.- Esa energ\u00eda el p\u00fablico es muy responsable de ella. El p\u00fablico tiene responsabilidad en esa fuerza. Como DJ sigo haciendo mis bolillos, me gusta compartir la m\u00fasica con la gente de otra manera, y s\u00ed, seguiremos como DJ.<\/p>\n<p>P.- Amparo \u00bfCrees que bajo los adoquines hay arena de playa?<\/p>\n<p>R.- Creo que todo es posible, todo es cuesti\u00f3n de pico y pala, por qu\u00e9 no. <\/p>\n<p>P.- Por queee\u00e9? yo quer\u00eda ir a alguno de tus conciertos cuando vinieses a Valencia, que pena saber que ya no voy a poder escucharos en directo. Sabes lo que m\u00e1s me gusta de t\u00ed, que hayas colaborado con tant\u00edsima gente, hace poco empez\u00e9 a escuchar a Tiken Jah Fakoly, y ah\u00ed estabas tu cantando con \u00e9l, que bueno me parecio, admiro a la gente que respeta a todito el mundo sin importar de donde sea<\/p>\n<p>R.- La verdad que haber colaborado es lo m\u00e1s importante de esta etapa, el encuentro con otros m\u00fasicos, he tenido muchos momentos m\u00e1gicos. Soy una gran admiradora de Tiken; ahora tocamos el 30 de agosto en un festival de Barcelona con el. Son esas cosas sorpresa, que no te esperas, son regalos de la vida.<\/p>\n<p>P.- Hola Amparo, gracias a ti, dejo la &#8220;preocupa&#8221; y paso a la &#8220;acci\u00f3n&#8221; como lema. \u00bfVolveremos a saber de Amparanoia? \u00bfEn qu\u00e9 andas enred\u00e1ndote para el futuro pr\u00f3ximo? Un beso, mujer valiente.<\/p>\n<p>R.- Mi intenci\u00f3n est\u00e1 en que no, se acaba esta etapa, pero no s\u00e9 que puede pasar en el futuro. Pero mi intenci\u00f3n es dejar este repertorio. Pero &#8220;Con el destino nunca se est\u00e1 tranquilo&#8221;. <\/p>\n<p>P.- Hola Amparo! Me recuerdas a una de las personas que m\u00e1s quiero en este mundo. Ella tambien sigue caminando y so\u00f1ando aunque le duela. Qu\u00e9 es lo que te vibra a t\u00ed por dentro que te hace seguir adelante hasta el infinito, mujer sensible? Da gusto que exista gente que transmite lo que t\u00fa. Mucha suerte compa\u00f1era.<\/p>\n<p>R.- Sobre todo el gran cari\u00f1o del p\u00fablico, que es el motor de seguir funcionando, saber que hay gente esper\u00e1ndote, que tienes una cita con ellos. <\/p>\n","protected":false},"excerpt":{"rendered":"<p>Durante m\u00e1s de diez a\u00f1os, el grupo Amparanoia ha vertido en los escenarios de medio mundo los ritmos con m\u00e1s fusi\u00f3n. La art\u00edfice de esta m\u00fasica es Amparo S\u00e1nchez, una cantante que ahora da por concluida la andadura del grupo con el disco Seguir\u00e9 caminando. Este a\u00f1o, afronta su \u00faltima gira, que esta semana hace parada en el Vi\u00f1a Rock. S\u00e1nchez ha charlado con los lectores sobre sus \u00faltimos conciertos y sobre su carrera musical. <\/p>\n","protected":false},"author":1,"featured_media":0,"comment_status":"open","ping_status":"open","sticky":false,"template":"","format":"standard","meta":{"footnotes":""},"categories":[],"tags":[],"class_list":["post-1906","post","type-post","status-publish","format-standard","hentry"],"_links":{"self":[{"href":"https:\/\/intervius.com\/index.html\/wp-json\/wp\/v2\/posts\/1906","targetHints":{"allow":["GET"]}}],"collection":[{"href":"https:\/\/intervius.com\/index.html\/wp-json\/wp\/v2\/posts"}],"about":[{"href":"https:\/\/intervius.com\/index.html\/wp-json\/wp\/v2\/types\/post"}],"author":[{"embeddable":true,"href":"https:\/\/intervius.com\/index.html\/wp-json\/wp\/v2\/users\/1"}],"replies":[{"embeddable":true,"href":"https:\/\/intervius.com\/index.html\/wp-json\/wp\/v2\/comments?post=1906"}],"version-history":[{"count":0,"href":"https:\/\/intervius.com\/index.html\/wp-json\/wp\/v2\/posts\/1906\/revisions"}],"wp:attachment":[{"href":"https:\/\/intervius.com\/index.html\/wp-json\/wp\/v2\/media?parent=1906"}],"wp:term":[{"taxonomy":"category","embeddable":true,"href":"https:\/\/intervius.com\/index.html\/wp-json\/wp\/v2\/categories?post=1906"},{"taxonomy":"post_tag","embeddable":true,"href":"https:\/\/intervius.com\/index.html\/wp-json\/wp\/v2\/tags?post=1906"}],"curies":[{"name":"wp","href":"https:\/\/api.w.org\/{rel}","templated":true}]}}