{"id":1530,"date":"2007-12-03T00:00:00","date_gmt":"2006-11-06T00:00:00","guid":{"rendered":"https:\/\/intervius.com\/index.html\/?p=1530"},"modified":"2006-11-06T00:00:00","modified_gmt":"2006-11-06T00:00:00","slug":"Alfredo_Relano1530","status":"publish","type":"post","link":"https:\/\/intervius.com\/index.html\/Alfredo_Relano1530\/","title":{"rendered":"Alfredo Rela\u00f1o"},"content":{"rendered":"<p>Pregunta.- Buenos d\u00edas Alfredo. Si Espa\u00f1a, como esperamos y deseamos, consigue pasar el primer grupo de la Eurocopa, \u00bfno cree que por una vez puede ser beneficioso cruzarse con un rival de m\u00e1xima categor\u00eda? Si se plantea una estrategia inteligente, es decir, asumir un poco el papel de v\u00edctimas (la historia nos avala) y trasladar la presi\u00f3n al rival, tal vez esta vez s\u00ed sea posible superar la maldici\u00f3n de cuartos. Un abrazo. <\/p>\n<p>Respuesta.- No s\u00e9 qu\u00e9 contestarle. Si se aspira a ganar la Eurocopa hay que quedar por encima de todos, antes o despu\u00e9s. La cuesti\u00f3n es si el equipo tiene o no peso para imponerse a una Francia o una Italia a un solo partido, oficial, en una fase final. (Por cierto, los amistosos programados antes de la Eurocopa son justo ante Italia y Francia, buena idea). <\/p>\n<p>P.- \u00bfCree usted que Raul puede ser pichichi esta temporada?<\/p>\n<p>R.- Ha pasado un tercio de Liga y est\u00e1 pichichi, empatado con dos. Puede ser pichichci<\/p>\n<p>P.- \u00bfQu\u00e9 te pareci\u00f3 que en el partido Espanyol contra el Bar\u00e7a Daniel S\u00e1nchez Llibre se levantara para celebrar un gol de su equipo?<\/p>\n<p>R.- Creo que en el palco se debe guardar siempre la compostura. M\u00e1s los presidentes, pero en general todos los que van al palco. <\/p>\n<p>P.- Buenos d\u00edas Alfredo. \u00bfQu\u00e9 centrocampista le gusta m\u00e1s o cree que aporta m\u00e1s a su equipo, Keita del Sevilla o Toure Yaya del Barcelona?<\/p>\n<p>R.- Me gustan los dos, pero por ahora aporta m\u00e1s Keita al Sevilla.<\/p>\n<p>P.- \u00bfPara cu\u00e1ndo la profesionalizaci\u00f3n de los \u00e1rbitros, jueces del mayor negocio deportivo de Espa\u00f1a, y que tras un Madrid &#8211; Bar\u00e7a pueden ejercer de camarero o zapatero?<\/p>\n<p>R.- Hay dudas sobre eso. La principal es: si hay que retirarlos a los 45, \u00bfde qu\u00e9 pueden vivir hasta los 65, la edad de la jubilaci\u00f3n? Ese es un problema. Si dejan su trabajo por ser \u00e1rbitros, o ni llegan a tenerlo, \u00bflo pueden retomar o encontrar un primer empleo con esa edad? <\/p>\n<p>P.- Hola Alfredo, \u00bfc\u00f3mo crees que se puede arreglar de una vez lo de la defensa del Madrid? Por lo menos si rindiesen a un 50% ser\u00edan un equipo enorme y as\u00ed cada d\u00eda los vemos sufrir m\u00e1s y m\u00e1s por su dichosa defensa. Un abrazo.<\/p>\n<p>R.- Con Heinze todo ir\u00e1 un poco mejor. De todas formas, el Madrid es por natural un equipo expuesto, con laterales al ataque, vocaci\u00f3n ofensiva general&#8230; Los defensas se encuentran a veces en cambio abierto. Lo que tiene menos perd\u00f3n es que se traguen goles a bal\u00f3n parado nada m\u00e1s salir del vestuario. Eso pasa, y eso es falta de atenci\u00f3n.<\/p>\n<p>P.- Sr. Rela\u00f1o, \u00bfud.cree que Diarra es jugador para el Madrid? Pierde m\u00e1s balones que nadie, no pasa un bal\u00f3n en condiciones, hace faltas a destajo&#8230;<\/p>\n<p>R.- La verdad es que me gustaba. Con moderaci\u00f3n, pero me gustaba. Pero le veo cada vez m\u00e1s nervioso, y sin confianza no se puede jugar. HAbr\u00e1 que ver c\u00f3mo vuelve de la Copa de \u00c1frica. Ese mes le puede venir bien.<\/p>\n<p>P.- Estimado Se\u00f1or Rela\u00f1o. \u00bfQu\u00e9 es lo que pasa con Drenthe? Schuster no lo pone, Robben no est\u00e1 aportando lo que se esperaba, y quiz\u00e1s fuese una buena alternativa a Robinho en caso de necesidad. Gracias.<\/p>\n<p>R.- Drenthe es joven y su puesto est\u00e1 cubierto por Marcelo, que tambi\u00e9n tard\u00f3 en entrar. Qui\u00e9n sabe, incluso puede que esta temproada haya tiempo para \u00e9l. En cuanto a Robben, es el cl\u00e1sico jugador de cristal. Muchas lesiones, demasiadas. Y Robinho se ha afirmado y est\u00e1 muy por delante de \u00e9l.<\/p>\n<p>P.- \u00bfQu\u00e9 pasa en la cantera del Madrid que desde Iker no ha vuelto a salir ning\u00fan jugador importante para el primer equipo?<\/p>\n<p>R.- Que fue mal llevada durante el periodo de Valdano-Ram\u00f3n Mart\u00ednez-Garc\u00eda Quil\u00f3n. Se hicieron cosas absurdas. Va a tardar a\u00f1os en recuperar el tono, y eso si se hacen las cosas bien desde ahora.<\/p>\n<p>P.- Hola Alfredo, \u00bfcrees que la vuelta pr\u00f3xima a los terrenos de juego de Samuel Etoo y de Deco puede cambiar la racha de resultados del Bar\u00e7a fuera de casa?<\/p>\n<p>R.- Deber\u00eda ser a\u00ed. Pero sobre todo si se olvidan de Ronaldinho y Henry. El Bar\u00e7a tiene calidad extrema, pero necesita presi\u00f3n y energ\u00eda desde arriba, y con aquellos dos no la hay. Esto dicho, Etoo supongo que tardar\u00e1 en encontrar la mejor versi\u00f3n de s\u00ed mismo.<\/p>\n<p>P.- Buenos d\u00edas Alfredo: \u00bfQu\u00e9 opinas sobre que finalmente no se d\u00e9 el visto bueno a que los equipos ganadores de Copa vayan a la Champions? Un saludo.<\/p>\n<p>R.- Me disgusta. Creo que ser\u00eda justo y necesario que el campe\u00f3n de Copa fuera a la Champions. As\u00ed, esa competici\u00f3n recuperar\u00eda su inter\u00e9s. Pudiendo tener dos competiciones nacional,es, Liga y Copa, \u00bfpor qu\u00e9 conformarse con una? <\/p>\n<p>P.- Hola, Alfredo. \u00bfC\u00f3mo es que a\u00fan no se habla del cl\u00e1sico? Apenas faltan 3 semanas. \u00bfSe sabe por que televisi\u00f3n se emite? Y de paso, \u00bfcu\u00e1l es tu pron\u00f3stico? Gracias. Se te admira por Barcelona.<\/p>\n<p>R.- Quiz\u00e1 estamos muy absorbidos por el d\u00eda a d\u00eda, por el renacimiento de Ra\u00fal, por el deruumbe de Ronaldinho&#8230; Es un poco pronto. En cuanto a la tele, antes de las hostilidades estaba pactado que este ir\u00eda en PPV y el del Bernab\u00e9u por La Sexta. Ahora, con la bronca, no se sabe.<\/p>\n<p>P.- Alfredo yo pienso que haga lo que haga Ra\u00fal, mientras est\u00e9 Luis no vuelve a la selecci\u00f3n, \u00bftu que opinas?<\/p>\n<p>R.- Lo mismo. Luis le ha puesto una cruz, est\u00e1 encabezonado y cada d\u00eda m\u00e1s inc\u00f3modo con esto, porque cuantos m\u00e1s goles mete y m\u00e1s l\u00edder es el Madrid m\u00e1s se le pudre el asunto.<\/p>\n<p>P.- Buenos d\u00edas Alfredo, \u00bfcrees que Ronaldo superar\u00e1 su racha de lesiones para volver a ser uno de los mejores jugadores del mundo, o el mejor? Un saludo y gracias.<\/p>\n<p>R.- Me temo que no. Ronaldo se abandon\u00f3 y eso le pesa ahora. El mejor Ronaldo pertenece ya a las videotecas.<\/p>\n<p>P.- Soy del Inter, y veo que mi equipo empieza a asomar la cabeza. \u00bfLe ve con posibilidades de ganar la Champions? \u00bfQu\u00e9 le parece Hern\u00e1n Crespo?<\/p>\n<p>R.- Est\u00e1 en la baraja reducida de favoritos, desde luego. Por fin ha conseguido un buen equipo de verdad, despu\u00e9s de a\u00f1os de gastar mucho sin fruto.<\/p>\n<p>P.- Hola Alfredo. \u00bfCrees que el Atleti puede aspirar a algo m\u00e1s que la cuarta plaza esta temporada? Gracias.<\/p>\n<p>R.- Pues s\u00ed, porque va poco a poco a m\u00e1s. Es muy bueno por arriba, aunque necesita que nunca le falten Forl\u00e1n ni Ag\u00fcero. Con Motta tienen algo m\u00e1s para la media. Aguirre puede acabar encontrando la seguridad defensiva&#8230; Me gusta este Atl\u00e9tico.<\/p>\n<p>P.- Marcelo me deja dudas. Ataca poco cuando quiere defender bien y defiende mal cuando quiere atacar. \u00bfLo ve triunfando?<\/p>\n<p>R.- Yo creo que s\u00ed, que puede triunfar. Es muy joven, tiene todav\u00eda dos o tres a\u00f1os para mejorar. Depende de que Schuster se atreva a insistir en ese riesgo, aunque creo que para San Mam\u00e9s pondr\u00e1 ah\u00ed a Heinze.<\/p>\n<p>P.- Estimado D. Alfredo, \u00bfcree Ud. que el Real Madrid recuperar\u00e1 alg\u00fan d\u00eda esa calidad por la cual muchos cracks mundiales quieren fichar a toda costa? Lo digo porque no veo a Kak\u00e1, ni a Cristiano Ronaldo viniendo aqu\u00ed.<\/p>\n<p>R.- Esa es la gran asignatura pendiente de Calder\u00f3n. El Madrid lleg\u00f3 a estar muy bajo, tres a\u00f1os sin t\u00edtulos y fama de mal trabajo, entrenadores vol\u00e1tiles&#8230; Hoy no es un destino tan querido. Necesita lavar aquella imagen con una gran campa\u00f1a europea.<\/p>\n<p>P.- \u00bfDe verdad cree usted que hemos tenido suerte en el sorteo? Casi siempre nos toca un grupo f\u00e1cil y un cruce dif\u00edcil y para casa.<\/p>\n<p>R.- Suerte a medias. El grupo no es el peor, el cruce \u00b4s\u00ed. As\u00ed que suerte a medias.<\/p>\n<p>P.- Hola don Alfredo. \u00bfDespu\u00e9s del partido que ha hecho tiene Baptista sitio en este Real Madrid? Gracias.<\/p>\n<p>R.- Va a entrar en la rueda. Schuster va a tirar m\u00e1s de \u00e9l. Y Dairra tiene que irse en enero a la Copa de \u00c1frica.<\/p>\n<p>P.- Buenos d\u00edas don Alfredo, \u00bfpiensa usted que gran parte de lo que le ocurre al Betis tiene la culpa Lopera? Gracias.<\/p>\n<p>R.- Lopera es el due\u00f1o, el que decide todo, as\u00ed que s\u00ed es culpa de \u00e9l. Me parece que ha perdido la inspiraci\u00f3n. Est\u00e1 prisionero, porque el Betis es suyo y no lo quiere vender por cualquier cantidad. No es feliz ya dentro ni ve salida clara. Es una situaci\u00f3n mala.<\/p>\n<p>P.- Buenos d\u00edas Don Alfredo. \u00bfEchas de menos a Sergio Ramos en la lista de France Football?<\/p>\n<p>R.- Podr\u00eda estar, pero es joven y tardar\u00e1 en sonar. Tampoco ha estado Iniesta, por ejemplo. Hace falta tiempo para sonar en Europa.<\/p>\n<p>P.- \u00bfNo deber\u00edamos dejar crecer a Bojan, en vez de querer llevarlo a la selecci\u00f3n? Sobre todo porque tenemos jugadores de sobra, por suerte, en esa posici\u00f3n y seguro aportar\u00e1 m\u00e1s para el Mundial. Precipitarse siempre es malo.<\/p>\n<p>R.- Est\u00e1 entrando en el Bar\u00e7a, \u00bfno? Si le llega pronto, \u00bfpor qu\u00e9 preocuparse? La cuesti\u00f3n es si le consideramos entre los cuatro mejores delanteros de Espa\u00f1a. Si es as\u00ed, debe ir.<\/p>\n<p>P.- \u00bfQu\u00e9 retoques har\u00edas en el equipo del Madrid para que fuera un equipo casi invencible? <\/p>\n<p>R.- Necesitar\u00eda un par de juagdores extraordinarios, tipo Kak\u00e1 y Cristiano Ronaldo, m\u00e1s un medio centro m\u00e1s firme y preparar el relevo de Van Nistelrooy. Es mucho, como ve.<\/p>\n<p>P.- Hola Alfredo, \u00bfcrees que mi M\u00e1laga sube este a\u00f1o? Un beso.<\/p>\n<p>R.- Est\u00e1 primero, suben tres, el cuarto es un filial, el quinto est\u00e1 a ocho puntos. Hay motivos para que sea usted optimista, \u00bfno?<\/p>\n<p>P.- Buenas, sabe usted algo de si le pasa algo a Sergio Ramos, porque en los dos \u00faltimos partidos le veo acelerado y fuera de sitio. \u00bfEst\u00e1 molesto porque el Madrid no quiere subirle el sueldo de nuevo, despu\u00e9s del intento del Milan?<\/p>\n<p>R.- Es verdad que est\u00e1 mal. Much\u00edsimos minutos, pr\u00e1cticamente todos, lo mismo en el Madrid que en la Selecci\u00f3n. Y un poco de eso que dice usted, adem\u00e1s: le llegan campanas de la Premier y del Calcio, echa cuentas&#8230; <\/p>\n<p>P.- \u00bfPiensa que Robinho a vuelto a su m\u00e1s alto nivel actualmente o le queda aun mucho que mostrar? <\/p>\n<p>R.- A\u00fan puede ser mejor. Pero ya est\u00e1 en el punto de partida que necesitaba. Ahora mismo es el mayor peligro del Madrid.<\/p>\n<p>P.- Estimado Alfredo, qu\u00e9 opina acerca de que Schuster no rote nunca a jugadores como Van nistelrooy o Ra\u00fal, quienes a pesar de encontrarse en un momento formidable tienen una condici\u00f3n f\u00edsica que puede hacerles resentirse tras tantos minutos seguidos.<\/p>\n<p>R.- Se entienden muy bien, hacen muchos goles entre los dos, los ve muy seguros&#8230; Ra\u00fal tiene descanso cuando hay selecci\u00f3n. Van Nistelrooy va m\u00e1s cargado, pero es que no tiene un suplente claro. <\/p>\n<p>P.- A pesar de ser pichichi Ra\u00fal, de verdad cree que esta en un buen momento, o que le falta mucho para ser el Ra\u00fal que fue.<\/p>\n<p>R.- No tiene la velocidad que tuvo, pero ha readaptado sus movimientos a su nueva condici\u00f3n. Tiene un m\u00e9rtio extraordinario. La verdad es que yo le ve\u00eda liquidado hace dos \u00f3 tres temporadas y me ha hecho rectificar. Es un ejemplo de superaci\u00f3n que se recordar\u00e1 siempre.<\/p>\n<p>P.- Don Alfredo, despu\u00e9s de ver al Athletic en los dos \u00faltimos partidos, \u00bfcree que estamos por el camino de posicionarse en un lugar tranquilo de la tabla? Agradecido de antemano. Un saludo. Atentamente Manu. <\/p>\n<p>R.- Don Alfredo, despu\u00e9s de ver al Athletic en los dos \u00faltimos partidos, \u00bfcree que estamos por el camino de posicionarse en un lugar tranquilo de la tabla? Agradecido de antemano. Un saludo. Atentamente Manu. <\/p>\n<p>P.- \u00bfCu\u00e1l cree que es el mejor delantero centro argentino: Crespo, Palermo, Diego Milito, Batistuta o T\u00e9vez? (a Messi, Diego y Saviola los considero m\u00e1s segundas puntas) Gracias maestro.<\/p>\n<p>R.- De todos esos el que m\u00e1s me gust\u00f3 fue Batistuta. Era una bomba.<\/p>\n<p>P.- Hola se\u00f1or Rela\u00f1o, \u00bfal Bar\u00e7a le est\u00e1 pasando lo mismo que al Madrid gal\u00e1ctico de Florentino, que con tanta estrella no funciona? \u00bfRonaldinho va a ser o ya es un problema? Gracias.<\/p>\n<p>R.- La situaci\u00f3n es de lo m\u00e1s parecido. Y Ronaldinho es un gran problema. Y el fichaje de Henry, otro. La diferencia es que el Bar\u00e7a tiene unos j\u00f3venes magn\u00edficos que el Madrid no ten\u00eda, y eso hace a\u00fan m\u00e1s inexplicable que no haya resuelto mejor el problema. <\/p>\n<p>P.- \u00bfPor qu\u00e9 cree usted que el Madrid no acaba de cuajar su juego plenamente todav\u00eda?<\/p>\n<p>R.- Porque la media es un poquito insegura. Bien Guti casi siempre, pero Gago est\u00e1 todav\u00eda asent\u00e1ndose y Diarra corta pero es fall\u00f3n.<\/p>\n<p>P.- Buenos d\u00edas sr. Rela\u00f1o. \u00bfPara cu\u00e1ndo una Copa del Rey a partido \u00fanico, como hacen en Inglaterra?<\/p>\n<p>R.- La hubo en los primeros tramos, pero la tele hizo cambiar el modelo. Creop que salimos perdiendo. Ahora no est\u00e1 en consideraci\u00f3n recuperarla. A m\u00ed me gusta, porque da m\u00e1s emoci\u00f3n y quita partidos.<\/p>\n<p>P.- Hola Alfredo, \u00bfqu\u00e9 jugador espa\u00f1ol que est\u00e9 jugando en una liga extranjera le gustar\u00eda ver en la nuestra? \u00bfY cu\u00e1l de los que juegan aqu\u00ed tiene usted ganas de ver su rendimiento en el extranjero? Un saludo y enhorabuena por la revista de los 40 a\u00f1os.<\/p>\n<p>R.- Cesc, ya que a Torres ya le hemos visto. A Cesc casi no le hemos conocido y es crack en la Premier. Ya ve: octavo en el Bal\u00f3n de Oro. NY de los que hay n quisiera ver a ninguno fuera, me gusta verlos aqu\u00ed, aunque pienso que me sentir\u00eda orgulloso de Iniesta o Sergio Ramos si jugasen por ah\u00ed&#8230;<\/p>\n<p>P.- Se\u00f1or Rela\u00f1o, \u00bfno cree que De la Red har\u00eda mejor papel en el actual Real Madrid que Gago o Sneider, y que habr\u00eda que darle definitivamente su oportunidad a Baptista jugando en lugar de Diarr\u00e1? <\/p>\n<p>R.- De la Red tiene ahora lo que necesitaba: una oportunidad en primera. Fue un error no d\u00e1rsela antes. Le aburrieron con tantos a\u00f1os en el Castilla. Ahora est\u00e1 explotando. Volver\u00e1 al Madrid, porque tiene cl\u00e1usula de recompra y hay un agujero ah\u00ed que \u00e9l cubrir\u00eda.<\/p>\n<p>P.- \u00bfQu\u00e9 le pareci\u00f3 Pepe en el partido del Racing? Seg\u00fan mi opini\u00f3n estuvo bastante bien cubriendo los huecos, manteniendo la presi\u00f3n sobre los jugadores rivales y cortando algunos balones peligrosos.<\/p>\n<p>R.- A m\u00ed Pepe me gusta mucho. Le vi un poco aparatoso al principio, pero me va gustando cada vez m\u00e1s. Al final, creo que habr\u00e1 sido una buena compra. <\/p>\n","protected":false},"excerpt":{"rendered":"<p>Como cada lunes, Alfredo Rela\u00f1o ha charlado con los lectores sobre la jornada de Liga. <\/p>\n","protected":false},"author":1,"featured_media":0,"comment_status":"open","ping_status":"open","sticky":false,"template":"","format":"standard","meta":{"footnotes":""},"categories":[],"tags":[],"class_list":["post-1530","post","type-post","status-publish","format-standard","hentry"],"_links":{"self":[{"href":"https:\/\/intervius.com\/index.html\/wp-json\/wp\/v2\/posts\/1530","targetHints":{"allow":["GET"]}}],"collection":[{"href":"https:\/\/intervius.com\/index.html\/wp-json\/wp\/v2\/posts"}],"about":[{"href":"https:\/\/intervius.com\/index.html\/wp-json\/wp\/v2\/types\/post"}],"author":[{"embeddable":true,"href":"https:\/\/intervius.com\/index.html\/wp-json\/wp\/v2\/users\/1"}],"replies":[{"embeddable":true,"href":"https:\/\/intervius.com\/index.html\/wp-json\/wp\/v2\/comments?post=1530"}],"version-history":[{"count":0,"href":"https:\/\/intervius.com\/index.html\/wp-json\/wp\/v2\/posts\/1530\/revisions"}],"wp:attachment":[{"href":"https:\/\/intervius.com\/index.html\/wp-json\/wp\/v2\/media?parent=1530"}],"wp:term":[{"taxonomy":"category","embeddable":true,"href":"https:\/\/intervius.com\/index.html\/wp-json\/wp\/v2\/categories?post=1530"},{"taxonomy":"post_tag","embeddable":true,"href":"https:\/\/intervius.com\/index.html\/wp-json\/wp\/v2\/tags?post=1530"}],"curies":[{"name":"wp","href":"https:\/\/api.w.org\/{rel}","templated":true}]}}