{"id":1516,"date":"2007-11-30T00:00:00","date_gmt":"2006-11-06T00:00:00","guid":{"rendered":"https:\/\/intervius.com\/index.html\/?p=1516"},"modified":"2006-11-06T00:00:00","modified_gmt":"2006-11-06T00:00:00","slug":"Carmen_Enriquez1516","status":"publish","type":"post","link":"https:\/\/intervius.com\/index.html\/Carmen_Enriquez1516\/","title":{"rendered":"Carmen Enr\u00edquez"},"content":{"rendered":"<p>Pregunta.- \u00bfEst\u00e1 en crisis la monarqu\u00eda?<\/p>\n<p>Respuesta.- No lo creo. Pero s\u00ed es verdad que se han producido una serie de hechos en los \u00faltimos meses que han llevado a la Familia Real a las primeras p\u00e1ginas de los peri\u00f3dicos y no precisamente por acontecimientos positivos. Pero creo que eso pasar\u00e1 pronto y se recuperar\u00e1 la normalidad <\/p>\n<p>P.- \u00bfQu\u00e9 viaje de los que ha hecho con la Familia Real ha sido el m\u00e1s interesante? \u00bfLe ha surgido alguna an\u00e9cdota curiosa?<\/p>\n<p>R.- Uno de los m\u00e1s interesantes fue la cobertura de los funerales por la muerte del Rey Hussein de Jordania, a los que asistieron todos los mimebros de la Familia Real Espa\u00f1ola. Fue impresionante la concentraci\u00f3n de Personalidades que se produjo en Amman. En cuanto a an\u00e9cdotas&#8230;. Much\u00edsimas. Algunas de ellas est\u00e1n en mi libro &#8220;Tras los Pasos del Rey&#8221;.<\/p>\n<p>P.- \u00bfSabe usted muchos secretos sobre la Familia Real que no nos puede contar? \u00bfqu\u00e9 le tenemos que dar para convercerla de que nos los cuente?<\/p>\n<p>R.- S\u00e9 algunas cosas&#8230;. no las he contado porque me he enterado de ellas gracias al grado de confianza que han depositado en m\u00ed las personas que trabajan en la Casa de S.M. el Rey. Pero tampoco hay que exagerar&#8230;.Y no, nos la voy a contar porque ser\u00eda traicionar la confianza de todas esas personas. <\/p>\n<p>P.- \u00bfQu\u00e9 nos revela en su libro que no sepamos del Rey?<\/p>\n<p>R.- M\u00e1s que revelar, cuento pormenorizadamente su forma de actuar, c\u00f3mo se desenvuelve en los viajes internacionales cuando se encuentra con otros l\u00edderes mundiales y c\u00f3mo es su trato con los periodistas que le seguimos habitualmente<\/p>\n<p>P.- \u00bfPor qu\u00e9 se arma tanto revuelo con que la infanta se divorcie o no? \u00bfPor que nadie nos recuerda mas a menudo que las monarquias siempre se han separado, divorciado, recasado&#8230;?<\/p>\n<p>R.- El revuelo se arma porque ese tipo de noticias levanta la curiosidad de la gente. Tambi\u00e9n porque alrededor de ese tipo de noticias, hay un negocio impresionante montado por algunos medios de comunicaci\u00f3n. Pero la verdad, es que el divorcio es un hecho que est\u00e1 a la orden del d\u00eda y forma parte de nuestras vidas&#8230;\u00bfquien no tiene un familiar pr\u00f3ximo divorciado?<\/p>\n<p>P.- \u00bf La p\u00e9rdida de dominio de s\u00ed mismo por parte del rey Juan Carlos no es un signo de que debe comenzar a pensar en su retiro?<\/p>\n<p>R.- El exabrupto del Rey se entiende en el contexto de un presidente, el venezolano, tratando de reventar la Cumbre Iberoamericana desde que lleg\u00f3 a Santiago. Tambi\u00e9n de un moderador, en este caso la presidenta Bachelet, que ten\u00eda que haber llamado la atenci\u00f3n a Chaves antes de que el Rey saltara indignado. Lo dem\u00e1s, son deducciones particulares con las que se puede o no estar de acuerdo.<\/p>\n<p>P.- \u00bfC\u00f3mo es la reina en realidad?<\/p>\n<p>R.- Amable, considerada, curiosa, simp\u00e1tica, generosa y cada vez m\u00e1s flexible respecto a la posici\u00f3n a mantener respecto a sus hijos, su entorno y su trabajo institucional<\/p>\n<p>P.- \u00bfEst\u00e1 el rey Don Juan Carlos con el autestima alta despues de todo lo que ha pasado en los \u00faltimos tiempos?<\/p>\n<p>R.- Pues no lo s\u00e9 porque no he tenido ocasi\u00f3n de hablar con \u00e9l ultimamente. Pero muy contento con algunas de las cosas que est\u00e1n pasando no puede estar. Entre los que le atacan, los que le defienden de tal manera que m\u00e1s valdr\u00eda que no lo hicieran y los que miran para otro lado quitando importancia&#8230;est\u00e1n las cosas buenas.<\/p>\n<p>P.- \u00bfC\u00f3mo ha vivido la separaci\u00f3n de los Duques de Lugo? \u00bfSe ha conocido toda la verdad en los medios de comunicaci\u00f3n?<\/p>\n<p>R.- La separaci\u00f3n de una pareja siempre es algo doloroso y triste puesto que supone la ruptura de un proyecto de convivencia en com\u00fan. Y supongo que a pesar de que haya quien diga que lo sabe todo, no es as\u00ed ya que lo que pasa de verdad en una pareja para poner punto final a su uni\u00f3n, s\u00f3lo lo saben ellos<\/p>\n<p>P.- \u00bfCree que, con los \u00faltimos acontecimientos, el rey se encuentra en una situaci\u00f3n de crisis personal? \u00bfLe est\u00e1n afectando a Don Juan Carlos hechos como la separaci\u00f3n de su hija o la quema de fotos en Catalu\u00f1a? Un saludo.<\/p>\n<p>R.- El Rey es una persona, en general y por lo que yo s\u00e9, optimista. Pero los acontecimientos m\u00e1s recientes son para poner de los nervios a cualquiera. La separaci\u00f3n de la Infanta Elena le habra entristecido, sin duda. Y en cuanto a las fotos, supongo que le habr\u00e1 molestado m\u00e1s la utilizaci\u00f3n pol\u00edtica de ese suceso por parte de algunos medios de comunicaci\u00f3n que el hecho en s\u00ed.<\/p>\n<p>P.- Antes del nacimiento de la infanta Sof\u00eda se debati\u00f3 sobre si se deber\u00eda cambiar la ley para que en un futuro reinase Leonor antes que su supuesto hermanito. Al final naci\u00f3 mujer y no pasa nada.Mi pregunta es la siguiente \u00bfpor qu\u00e9 este debate no se da entre la infanta Elena y el principe Felipe? \u00bfNo cree que vivimos en un anacronismo sexista? \u00bfPor qu\u00e9 no se contempla que Elena pueda reinar?<\/p>\n<p>R.- La Constituci\u00f3n que se aprob\u00f3 mayoritariamente por los espa\u00f1oles en 1978 mantuvo la preferencia del var\u00f3n sobre la mujer, una costumbre vigente no s\u00f3lo en la monarqu\u00eda espa\u00f1ola sino en la mayor\u00eda de las Casas Reales europeas. La mayor\u00eda de ellas han cambiado recientemente esa norma, claramente discriminatoria hacia las mujeres. Pero el cambiar las cosas para que en el futuro sean m\u00e1s justas no significa poner patas arriba lo establecido hasta ahora, que s\u00f3lo crear\u00eda caos y confusi\u00f3n entre los espa\u00f1oles al ver c\u00f3mo se quitaban derechos al Pr\u00edncipe Felipe despu\u00e9s de a\u00f1os de ser el heredero.<\/p>\n<p>P.- Me gust\u00e1r\u00eda que nos contara cu\u00e1l es la rutina que lleva el rey, es decir, todo el trabajo que realiza antes de ir a cualquier acto p\u00fablico. \u00bfRealmente trabajan m\u00e1s de lo que se cree?<\/p>\n<p>R.- Pues s\u00ed, trabajan bastante m\u00e1s de lo que se cree pero ese trabajo no se ve reflejado en los medios de comunicaci\u00f3n. Y ya se sabe que lo que se refleja en los medios es como si no existiera. Antes de ir a cualquier acto, se informan a fondo sobre tema y eso por no hablar de la cantidad de personas que acuden a diario al despacho de don Juan Juan Carlos para informarle o para escuchar sus palabras<\/p>\n<p>P.- Hola Carmen. \u00bfCu\u00e1ndo cree usted que Don Juan Carlos abdicar\u00e1 en su hijo? \u00bfAfectar\u00eda a esta decisi\u00f3n las corrientes anti-mon\u00e1rquicas recientes? Un saludo<\/p>\n<p>R.- No entiendo yo mucho la prisa que le ha entrado \u00faltimamente a muchas personas para que el Rey abdique&#8230; Esa es una opci\u00f3n, desde luego. Pero tambi\u00e9n cabe la posibilidad de que siga en la Jefatura del Estado hasta que fallezca. Le recuerdo que la Reina de Inglaterra tiene m\u00e1s a\u00f1os que don Juan Carlos y tambi\u00e9n otrosmonarcas europeos le aventajan en edad<\/p>\n<p>P.- Nos puede contar alguna anecdota en sus viajes con el Rey en la que usted haya pensado&#8230;&#8221;es que en el fondo es como todos nosotros&#8221;<\/p>\n<p>R.- Pues claro que es como todos nosotros\u00a1\u00a1\u00a1\u00a1\u00a1 Es humano, no divino. Por tanto siente y padece como cualquier periodista, se cansa, tiene sue\u00f1o y descabeza un sue\u00f1ecito de vez en cuando&#8230;.e incluso pilla alguna gastroenteritis que otra al igual que esta periodista con la que chateais en este momento<\/p>\n<p>P.- \u00bfQu\u00e9 momento est\u00e1 atravesando la monarqu\u00eda en Espa\u00f1a en este momento? Parece que todo son dificultades&#8230;<\/p>\n<p>R.- El momento es complicado, no hay duda. Creo que la monarqu\u00eda ha de adaptarse a los tiempos que corren, eso es imprescindible para seguir en la onda de los ciudadanos de este pa\u00eds. La sociedad espa\u00f1ola no tienen nada que ver con la de hace treinta a\u00f1os y por eso, si no se adapta a lo que hay actualmente, corre el peligro de que untsunami llegue y les pille desprevenidos.<\/p>\n<p>P.- Usted debe conocer a los miembros de la realeza bastante bien. \u00bfQu\u00e9 destacar\u00eda del Rey como persona? \u00bfY de la reina? Gracias<\/p>\n<p>R.- Pues del Rey dir\u00eda que es cercano, pr\u00f3ximo, campechano, asequible y que su preocupaci\u00f3n es que la gente sepa que est\u00e1 totalmente al servicio de los ciudadanos. Y de la Reina, ya lo he dicho antes, su amabilidad y su saber estar. Todo el mundo le reconoce, hoy en d\u00eda, su dedicaci\u00f3n y entrega a su trabajo de Reina.<\/p>\n<p>P.- \u00bfComo han afectado a la familia Real la campa\u00f1a, desagradable e injustificada, contra la princesa de Asturias por parte de un sector de la prensa?<\/p>\n<p>R.- Pues gustarles, no ha debido gustarles mucho, l\u00f3gicamente. Sobre todo, porque como usted dice, es una campa\u00f1a interesada e injustificada. Y yo creo que los responsables de esa campa\u00f1as son los sectores de la sociedad espa\u00f1ola que esperaban que el Pr\u00edncipe eligiera entre algunas de sus hijas a la futura Reina de Espa\u00f1a.<\/p>\n<p>P.- \u00bfQu\u00e9 idea se tiene de nuestra familia real en el extranjero? \u00bfCree que la imagen que damos es buena en los actos internaiconales?<\/p>\n<p>R.- La excelente imagen y el alto prestigio que tiene el Rey en el extranjero me llev\u00f3 a plantear un programa en TVE, hace un par de a\u00f1os, que recogiera las opiniones de l\u00edderes mundiales sobre el Rey. Sobre todo para que nos enteremos dentro de como nos valoran fuera personas como Clinton, Bush, Gorbachov, Kofi Annan, Mario Soares, Ricardo Lagos, Giscard D\u00c9staing y tantos otros.<\/p>\n<p>P.- \u00bfQu\u00e9 cuenta en su nuevo libro? \u00bfQu\u00e9 es lo mejor de trabajar con la familia real?<\/p>\n<p>R.- Cuento de todo. Yo quer\u00eda que fuera entretenido, con an\u00e9cdotas, en donde la gente me conociera un poco mejor fuera de la formalidad de las c\u00e1maras. Pero tambi\u00e9n un libroque recoge mi opini\u00f3n sobre la informaci\u00f3n, la telebasura, el respeto de las reglas del juego, la seriedad y la rigurosidad informativa.<\/p>\n","protected":false},"excerpt":{"rendered":"<p>La periodista de Televisi\u00f3n Espa\u00f1ola y conocedora de la actualidad de la Casa Real -plasmado en su nuevo libro, &#8220;Tras los pasos del Rey&#8221;- ha charlado con los internautas sobre la actualidad de la Monarqu\u00eda.<\/p>\n","protected":false},"author":1,"featured_media":0,"comment_status":"open","ping_status":"open","sticky":false,"template":"","format":"standard","meta":{"footnotes":""},"categories":[],"tags":[],"class_list":["post-1516","post","type-post","status-publish","format-standard","hentry"],"_links":{"self":[{"href":"https:\/\/intervius.com\/index.html\/wp-json\/wp\/v2\/posts\/1516","targetHints":{"allow":["GET"]}}],"collection":[{"href":"https:\/\/intervius.com\/index.html\/wp-json\/wp\/v2\/posts"}],"about":[{"href":"https:\/\/intervius.com\/index.html\/wp-json\/wp\/v2\/types\/post"}],"author":[{"embeddable":true,"href":"https:\/\/intervius.com\/index.html\/wp-json\/wp\/v2\/users\/1"}],"replies":[{"embeddable":true,"href":"https:\/\/intervius.com\/index.html\/wp-json\/wp\/v2\/comments?post=1516"}],"version-history":[{"count":0,"href":"https:\/\/intervius.com\/index.html\/wp-json\/wp\/v2\/posts\/1516\/revisions"}],"wp:attachment":[{"href":"https:\/\/intervius.com\/index.html\/wp-json\/wp\/v2\/media?parent=1516"}],"wp:term":[{"taxonomy":"category","embeddable":true,"href":"https:\/\/intervius.com\/index.html\/wp-json\/wp\/v2\/categories?post=1516"},{"taxonomy":"post_tag","embeddable":true,"href":"https:\/\/intervius.com\/index.html\/wp-json\/wp\/v2\/tags?post=1516"}],"curies":[{"name":"wp","href":"https:\/\/api.w.org\/{rel}","templated":true}]}}