{"id":1504,"date":"2007-11-26T00:00:00","date_gmt":"2006-11-06T00:00:00","guid":{"rendered":"https:\/\/intervius.com\/index.html\/?p=1504"},"modified":"2006-11-06T00:00:00","modified_gmt":"2006-11-06T00:00:00","slug":"Rosa_Maria_Peris_Cervera1504","status":"publish","type":"post","link":"https:\/\/intervius.com\/index.html\/Rosa_Maria_Peris_Cervera1504\/","title":{"rendered":"Rosa Mar\u00eda Peris Cervera"},"content":{"rendered":"<p>Pregunta.- \u00bfY los hombres maltratados?<\/p>\n<p>Respuesta.- Ningun maltrato es aceptable y de hecho nuestra legislaci\u00f3n contempla respuestas para estas situaciones,el codigo penal as\u00ed lo recoge y sanciona, dicho esto en t\u00e9rminos generales, tambien es mas cierto que en el \u00e1mbito de las relaciones afectivas son las mujeres las que sufren el maltrato y a las que debemos proteger y garantizar sus derechos.<\/p>\n<p>P.- Estimada Rosa Mar\u00eda, me gustar\u00eda conocer los temas de investigaci\u00f3n prioritarios para el 2008 del Instituto de Estudios de la Mujer. Gracias<\/p>\n<p>R.- El Instituto de la Mujer tiene diferentes l\u00edneas de investigaci\u00f3n, como por ejemplo, a trav\u00e9s de la convocatoria de I+D+I se financian los mejores proyectos de investigaci\u00f3n en temas de g\u00e9nero, adem\u00e1s el Instituto encarga estudios y an\u00e1lisis concretos donde la realidad de las mujeres en el \u00e1mbito laboral va a ser uno de los ejes fundamentales, temas como discriminaci\u00f3n salarial, acoso sexual y por raz\u00f3n de sexo, maternidad&#8230; y todos aquellos que en cada situaci\u00f3n y momento consideramos necesario investigar.<\/p>\n<p>P.- \u00bfHay alguna manera de detectar el problema a tiempo para que esa persona no se convierta en un maltratador? \u00bfY detectarlo a tiempo y salir de ah\u00ed antes de que sea tarde, quiero decir, antes de que se d\u00e9 una agresi\u00f3n f\u00edsica?<\/p>\n<p>R.- Si que es posible detectar situaciones de maltrato, porque es un proceso que suele repetir los esquemas de comportamiento. Por eso desde el Instituto de la Mujer hemos trabajado en formar, especialmente, a todos los \u00e1mbitos profesionales donde se est\u00e1 en contacto con mujeres y mujeres v\u00edctimas: sanidad, justicia, policia, etc. Pero tambi\u00e9n es importante que el entorno social lo conozca para poder ayudar a las mujeres v\u00edctimas a salir del c\u00edrculo de la violencia antes de que sea demasiado tarde. Hablamos, por ejemplo, de no respetar la libertad de decisi\u00f3n de la mujer, de reducir el entorno de sus relaciones, de insultos y desprecio, de control de sus movimientos. Cuando una mujer no se siente libre en sus relaciones, es un claro indicador de que algo no va bien. Y en relaci\u00f3n a los chicos hay que concienciarlos de que la violencia no los hace m\u00e1s hombres, sino que los destruye, que los conflictos hay que plantearlos desde la palabra y nunca desde la agresi\u00f3n. Cuando hay afecto y cari\u00f1o, siempre hay buen trato. nunca en el maltrato hay amor.<\/p>\n<p>P.- Siempre se les pregunta a las empresarias y directivas c\u00f3mo concilian las dos facetas de su vida. \u00bfC\u00f3mo concilia usted? Me imagino que debe tener una agenda llena de actos p\u00fablicos y responsabilidades, pero seguro que tambi\u00e9n una vida privada. Gracias por su trabajo<\/p>\n<p>R.- Gracias Luisa. Sin duda, las dificultades en la conciliaci\u00f3n son un handicap en la vida de muchas mujeres que aspiramos a poder tener una familia, ir al cine y trabajar, por ello nadie nos puede exigir que renunciemos a una parte de nuestra vida. La sociedad (administraciones p\u00fablicas, empresas y personas) tiene que encontrar una respuesta a esta situaci\u00f3n sin que tengamos que ser en exclusiva las mujeres las que sufran est\u00e1n situaci\u00f3n, y las que nos veamos solas y obligadas a elegir entre familia y trabajo. Yo me niego a elegir y cada vez son m\u00e1s las mujeres que reclaman respuestas ya.<\/p>\n<p>P.- \u00bfCu\u00e1l es la causa de este crecimiento en la violencia de g\u00e9nero? <\/p>\n<p>R.- No creo que la violencia de g\u00e9nero este creciendo, m\u00e1s bien est\u00e1n aflorando las situaciones que hasta hace muy poco permanecian en el silencio del hogar. La cada vez mayor sensibilizaci\u00f3n y las mayores garant\u00edas y protecci\u00f3n de las mujeres v\u00edctimas de violencia est\u00e1n permitiendo que las mujeres denuncien m\u00e1s y eso es positivo. Seg\u00fan los datos de la macroencuesta realizada por el Instituto de la Mujer, apenas un 10% de las mujeres maltratadas denuncian esta situaci\u00f3n.<\/p>\n<p>P.- Me gustar\u00eda saber que hace el Instituto de la Mujer en relaci\u00f3n al machismo fuera de Espa\u00f1a. Me refiero a ablaciones, burkas, cr\u00edmenes de honor, etc&#8230; \u00bfllevan alguna protesta a los organismos internacionales?<\/p>\n<p>R.- Espa\u00f1a ha hecho de la lucha por la igualdad una de sus prioridades en la pol\u00edtica interna y en la exterior. En el Foro de Naciones Unidas Espa\u00f1a siempre se ha mostrado como un pa\u00eds beligerante con la impunidad de la violencia machista, la Cooperaci\u00f3n Espa\u00f1ola tiene como eje fundamental la lucha por los derechos de las mujeres y muy especialmente contra la violencia de g\u00e9nero. Trabajamos con organismos internacionales como la CEPAL, UNIFEM, INSTRAW&#8230; y la lucha contra la violencia hacia las mujeres es un punto central. Adem\u00e1s, el Gobierno esta trabajando en un plan de erradicaci\u00f3n de la trata y explotaci\u00f3n sexual de las mujeres. Nos preocupan y nos ocupan las mujeres de aqu\u00ed, sean nacionales o extranjeras, pero no olvidamos que para que el avance en la conquista de los derechos de las mujeres sea una realidad tiene que ser un avance de todas, no cabe que ninguna se quede atr\u00e1s.<\/p>\n<p>P.- Me gustar\u00eda conocer su opini\u00f3n acerca de la pol\u00edtica de cuotas, \u00bfno le parece que denigra m\u00e1s que beneficia la imagen laboral y\/o profesional de la mujer espa\u00f1ola?<\/p>\n<p>R.- Las cuotas se han demostrado como un buen sistema para el acceso de las mujeres a aquellos \u00e1mbitos que hist\u00f3ricamente nos han sido vetados por el hecho de ser mujeres. Creo firmemente en el m\u00e9rito y la capacidad de las mujeres y que sino fuera por un sistema como el nuestro, que las discrimina por su sexo, hoy las mujeres ocupar\u00edan todos los puestos que les corresponden. Las cuotas no son m\u00e1s que un instrumento para eliminar los obst\u00e1culos y las discriminaciones que impiden a las mujeres llegar a los puestos de toma de decisi\u00f3n por el simple hecho de ser mujeres.<\/p>\n<p>P.- \u00bfCual es el porcentaje de denuncias falsas?<\/p>\n<p>R.- No constan datos oficiales en el Consejo General del Poder Judicial ni en el Observatorio contra la Violencia de G\u00e9nero. Las informaciones que se han dado a la opini\u00f3n p\u00fablica sobre denuncias falsas no est\u00e1n basadas en ning\u00fan dato objetivo ni ning\u00fana informaci\u00f3n oficial, obedecen m\u00e1s a conjeturas en ning\u00fan momento probadas y con la intencionalidad de confundir sobre el alcance de la verdadera y cierta lacra que sufren las mujeres v\u00edctimas de violencia de g\u00e9nero.<\/p>\n<p>P.- El concepto de maltrato psicol\u00f3gico es muy ambiguo, tal vez usted, con experiencia en su puesto, pueda aclarar el perfil del maltratador y la maltratada psicol\u00f3gicamente. Un saludo<\/p>\n<p>R.- Dicen las personas expertas que el perfil de un maltratador es ser var\u00f3n y el de la v\u00edctima, ser mujer, es decir que nos encontramos con maltratadores mayores, j\u00f3venes, con formaci\u00f3n, sin formaci\u00f3n, con trabajo, sin trabajo, etc. Y lo mismo ocurre con las v\u00edctimas, la violencia de g\u00e9nero recorre todos los segmentos de la poblaci\u00f3n y por ello su erradicaci\u00f3n es tan compleja. Tanto en la psicol\u00f3gica como en la f\u00edsica, sin olvidar que la violencia f\u00edsica siempre tiene una fase previa de violencia psicol\u00f3gica y de destrucci\u00f3n emocional.<\/p>\n<p>P.- \u00bfPor qu\u00e9 no son m\u00e1s duras las penas a los maltratadores? \u00bfPor qu\u00e9 no se protege m\u00e1s a las v\u00edctimas y porque la mujer tiene que renunciar a su entorno social, esconderse en una casa de acojida como si fuera culpable mientras \u00e9l puede campar a sus anchas?<\/p>\n<p>R.- Con la Ley Org\u00e1nica de Medidas de Protecci\u00f3n Integral, lo que hasta ahora se consideraba una falta ha pasado a calificarse como delito, y por tanto a llevar aparejada la pena de prisi\u00f3n. Probablemente en muchos casos todav\u00eda nos enfrentamos a casos de una intolerable impunidad del maltratador pero en muchos otros, afortunadamente, los maltratadores est\u00e1n en la c\u00e1rcel. Hemos mejorado el C\u00f3digo Penal y ahora deber\u00edamos tambi\u00e9n avanzar en la aplicaci\u00f3n de la ley, y ah\u00ed, los jueces y magristrados tienen un papel fundamental.<\/p>\n<p>P.- En muchos divorcios hay hombres que quedan en una situaci\u00f3n tremenda, empobrecidos, alejados de la casa familiar y viendo poco a los ni\u00f1os, los cuales a veces son predispuestos en su contra y en situaci\u00f3n de sospecha. \u00bfNo cree que ya es hora de que arreglemos las separaciones para que no se den situaciones de callej\u00f3n sin salida ni en el hombre ni en la mujer?<\/p>\n<p>R.- Lamentablemente, en muchos procesos de separaci\u00f3n y divorcio se han producido situaciones complejas y complicadas para todas las partes y, fundamentalmente, para los hijos. A veces es muy dif\u00edcil encontrar una decisi\u00f3n que todos compartan, pero deber\u00edamos intentar que estos procesos, que nunca son f\u00e1ciles, se hicieran de la forma m\u00e1s racional posible. La reforma de la Ley de Divorcio al acortar los plazos pretende evitar que una pareja tenga que convivir con el consiguiente deterioro de su relaci\u00f3n m\u00e1s tiempo del estrictamente necesario. Comparto contigo que es un proceso complejo, probablemente dificil para todos, pero nunca olvides que en much\u00edsimos casos las mujeres se encuentran sin recursos econ\u00f3micos, solas cuidando de sus hijos, con dificultades para encontrar un empleo o poder trabajar y con un ex-compa\u00f1ero que se ha olvidado que adem\u00e1s es padre y que tiene la obligaci\u00f3n de atender, cuidar y mantener a sus hijos. <\/p>\n<p>P.- Sra Peris mi enhorabuena por la tarea realizada desde su organismo. \u00bfCree que las cotas de igualdad que la mujer est\u00e1 alcanzando influye de alguna manera en los \u00edndices preocupantes de casos de violencia de genero? Gracias.<\/p>\n<p>R.- Creo firmemente que las mayores cotas de libertad, independencia e igualdad que hemos alcanzado las mujeres hacen que no estemos tan dispuestas a soportar la violencia. Las mujeres cada vez se conciencian m\u00e1s de que es posible vivir en libertad y sin violencia, pero este ejercicio de las mujeres de disfrutar de sus derechos, un sector de los hombres no lo asume ni lo tolera, lo entienden como una p\u00e9rdida de su poder y deciden actuar violentamente, incluso causando la muerte, por eso algunas mujeres pueden estar pagando con su vida el precio de la libertad, vamos a intentar que no sea ninguna m\u00e1s.<\/p>\n<p>P.- \u00bfQu\u00e9 pa\u00eds del mundo tiene las pol\u00edticas m\u00e1s igualitarias entre hombre y mujer?<\/p>\n<p>R.- Seg\u00fan el informe del Foro Econ\u00f3mico Mundial, los pa\u00edses n\u00f3rdicos encabezan el ranking de pa\u00edses m\u00e1s igualitarios, pero Espa\u00f1a ya est\u00e1 entre los diez primeros y ascendiendo, lo cu\u00e1l indica que nuestro trabajo a favor de la igualdad tiene resultados.<\/p>\n<p>P.- Buenas tardes! \u00bfRealmente hay alguna soluci\u00f3n para esta avalancha de maltratadores? \u00bfno cree que dejando de darles tanto protagonismo ser\u00edan menos violentos? Yo es que pienso que con tal de salir en prensa hay gente capaz de todo.<\/p>\n<p>R.- Hola Shaky, no es una respuesta f\u00e1cil. Hay muchas personas que consideran que la mayor notoriedad en los medios pueda estar mostrando patrones de comportamiento violento, pero tambi\u00e9n es cierto que la invisibilidad y el silencio ha sido hist\u00f3ricamente la cohartada de los maltratadores para golpear a sus mujeres en casa y aparecer ante la sociedad como personas estupendas. Por eso nosotras creemos que la visibilidad de la violencia de g\u00e9nero, en todas sus dimensiones, ayuda fundamentalmente a las v\u00edctimas a no sentirse solas ni indefensas y a los maltratadores a comprobar que su espacio de impunidad es cada vez menor.<\/p>\n<p>P.- Mi pregunta es sencilla: \u00bfPodemos evitar el maltrato a la mujer con el actual sistema de denuncias o sentencias in\u00fatiles? Gracias, valoro mucho su trabajo.<\/p>\n<p>R.- Es evidente que nuestro sistema judicial, hasta la entrada en vigor de la Ley Integral, era claramente insuficiente y enormemente insatisfactorio en el reconocimiento de los derechos de las v\u00edctimas, por eso con la Ley Integral se cambia el modelo: con un cambio de legislaci\u00f3n que aumenta la sanci\u00f3n penal, con la creaci\u00f3n de la Fiscal\u00eda Especial y de los juzgados especializados que tratan solo temas de violencia de g\u00e9nero y con una formaci\u00f3n espec\u00edfica para todos los operadores jur\u00eddicos. Todo este nuevo sistema se ha creado para proteger m\u00e1s y mejor a las mujeres v\u00edctimas y para sancionar a los maltratadores sin que quede espacio para la impunidad, pero si en su puesta en marcha hay que perfeccionar aspectos de su funcionamiento lo haremos. Porque el objetivo es prestar una protecci\u00f3n y una asistencia integral a las mujeres maltratadas.<\/p>\n<p>P.- \u00bfPor qu\u00e9 en Andaluc\u00eda, y dentro del Instituto de la Mujer, no funciona un departamento de mediaci\u00f3n familiar como sucede por ejemplo en la mayor\u00eda de municipios importantes de Catalu\u00f1a?<\/p>\n<p>R.- Eso forma parte del \u00e1mbito competencial de cada Comunidad Aut\u00f3noma, que decide cu\u00e1les son los mejores mecanismos para luchar contra la violencia en su Comunidad.<\/p>\n<p>P.- Todos los a\u00f1os en el mes de Enero comenzamos a contar desde cero los casos de violencia de g\u00e9nero; \u00bfno ser\u00eda m\u00e1s llamativo seguir sumando a las listas anteriores? \u00bfNo cree que al partir de cero simplemente lavamos nuestras conciencias?<\/p>\n<p>R.- Probablemente si. De hecho en el Instituto cuentan todas y probablemente ser\u00eda bueno que tambi\u00e9n la ciudadan\u00eda conociera los datos acumulados de todos los a\u00f1os, lo que da idea de la verdadera magnitud del problema.<\/p>\n<p>P.- En primer lugar muchas gracias por su lucha hacia la igualdad, pero como es bien sabido siempre hay personas que est\u00e1n utilizando este avance para todo lo contrario y hay muchos casos de mujeres que se est\u00e1n aprovechando de la ley cuando no deber\u00eda ser as\u00ed&#8230; \u00bfQu\u00e9 opina usted sobre estos &#8220;par\u00e1sitos&#8221;? \u00bfQu\u00e9 cambiar\u00eda para que esto deje de ocurrir?<\/p>\n<p>R.- Creo que es importante recordar la obligaci\u00f3n que tenemos de establecer mecanismos para que las mujeres puedan ejercer sus derechos en plenitud y libertad. Garantizar este libre ejercicio es nuestra prioridad, si luego algunas personas intentan aprovecharse o retorcer el sentido y el significado de las leyes, tambi\u00e9n el Estado tiene mecanismos para evitar que esto ocurra. En cualquier caso, estos comportamientos abusivos son minoritarios y no nos deber\u00edan hacer perder ni un minuto de nuestro tiempo. El estado de derecho tiene que funcionar para garantizar derechos y para evitar aprovechamientos injustos e il\u00edcitos. <\/p>\n","protected":false},"excerpt":{"rendered":"<p>El Instituto de la Mujer es el organismo del Gobierno central que promueve las pol\u00edticas de igualdad entre mujeres y hombres. Con motivo de la celebraci\u00f3n el domingo 25 del Dia Internacional de la Eliminaci\u00f3n de la Violencia contra la Mujer, Rosa Mar\u00eda Peris ha charlado con nuestros lectores. <\/p>\n","protected":false},"author":1,"featured_media":0,"comment_status":"open","ping_status":"open","sticky":false,"template":"","format":"standard","meta":{"footnotes":""},"categories":[],"tags":[],"class_list":["post-1504","post","type-post","status-publish","format-standard","hentry"],"_links":{"self":[{"href":"https:\/\/intervius.com\/index.html\/wp-json\/wp\/v2\/posts\/1504","targetHints":{"allow":["GET"]}}],"collection":[{"href":"https:\/\/intervius.com\/index.html\/wp-json\/wp\/v2\/posts"}],"about":[{"href":"https:\/\/intervius.com\/index.html\/wp-json\/wp\/v2\/types\/post"}],"author":[{"embeddable":true,"href":"https:\/\/intervius.com\/index.html\/wp-json\/wp\/v2\/users\/1"}],"replies":[{"embeddable":true,"href":"https:\/\/intervius.com\/index.html\/wp-json\/wp\/v2\/comments?post=1504"}],"version-history":[{"count":0,"href":"https:\/\/intervius.com\/index.html\/wp-json\/wp\/v2\/posts\/1504\/revisions"}],"wp:attachment":[{"href":"https:\/\/intervius.com\/index.html\/wp-json\/wp\/v2\/media?parent=1504"}],"wp:term":[{"taxonomy":"category","embeddable":true,"href":"https:\/\/intervius.com\/index.html\/wp-json\/wp\/v2\/categories?post=1504"},{"taxonomy":"post_tag","embeddable":true,"href":"https:\/\/intervius.com\/index.html\/wp-json\/wp\/v2\/tags?post=1504"}],"curies":[{"name":"wp","href":"https:\/\/api.w.org\/{rel}","templated":true}]}}