{"id":1469,"date":"2007-11-13T00:00:00","date_gmt":"2006-11-06T00:00:00","guid":{"rendered":"https:\/\/intervius.com\/index.html\/?p=1469"},"modified":"2006-11-06T00:00:00","modified_gmt":"2006-11-06T00:00:00","slug":"Elena_Ballesteros_y_Alejo_Sauras1469","status":"publish","type":"post","link":"https:\/\/intervius.com\/index.html\/Elena_Ballesteros_y_Alejo_Sauras1469\/","title":{"rendered":"Elena Ballesteros y Alejo Sauras"},"content":{"rendered":"<p>Pregunta.- Hola guapos, volv\u00e9is a repetir rodaje juntos en &#8220;La habitaci\u00f3n de Ferma&#8221; tras &#8220;Caf\u00e9 s\u00f3lo o con ellas&#8221;, primero una comedia y ahora un thriler. \u00bfQu\u00e9 prefer\u00eds?, \u00bfafecta el g\u00e9nero en las relaciones entre el equipo art\u00edstico? Suerte con la peli&#8230;<\/p>\n<p>Respuesta.- Hola. Creemos que en la variedad est\u00e1 el gusto&#8230;. La verdad es que disfrutamos mucho rodando Caf\u00e9 solo&#8230; y con Fermat tambi\u00e9n, ha sido mucho mas intenso por el tipo de pel\u00edcula, de personajes y de trama, pero en su g\u00e9nero ambas nos han aportado, divertido, y sobretodo ense\u00f1ado mucho. Muchas gracias!!<\/p>\n<p>P.- Buenos d\u00edas a los dos \u00bfC\u00f3mo es rodar con dos directores?<\/p>\n<p>R.- Siempre es complicado, al menos a priori, complacer a dos personas completamente distintas&#8230; Nuestro miedo era recibir ordenes contradictorias, pero en este caso al menos, Rodrigo y Luis se distribuyeron m\u00e1s que bien el trabajo, Rodrigo en la parte t\u00e9cnica y Luis en la art\u00edstica, con lo cual era como tener un director con el doble de capacidad. Muchas gracias!<\/p>\n<p>P.- \u00bfQu\u00e9 se siente al interpretar un registro de este calibre, fuera de los registros tomados hasta el momento en vuestras carrereras profesionales? <\/p>\n<p>R.- Ha sido una pel\u00edcula muy dura de rodar, la verdad, ha habido muchos problemas que hicieron cuesta arriba las 7 semanas que tardamos en rodarla, rozando incluso la desesperaci\u00f3n en algunos casos. Pero creemos que eso tambien juega a nuestro favor en la pel\u00edcula y se ve reflejado, as\u00ed que nos compensa&#8230;<\/p>\n<p>P.- Hola Alejoo!!! Hace poco he o\u00eddo que hab\u00edas acabado de rodar una peli con Imanol Arias, que se llama Lo que tiene el otro. \u00bfEs verdad? \u00bfCu\u00e1ndo se estrena? un beso y muuucha suerte<\/p>\n<p>R.- Hola. Si, la rodamos hace casi un a\u00f1o en Caracas y la verdad es que no tiene fecha de estreno&#8230;. Muchas gracias!<\/p>\n<p>P.- Me gustar\u00eda preguntaros qu\u00e9 es lo que os atrajo de vuestros personajes, y qu\u00e9 es lo mejor de la pel\u00edcula. Tambi\u00e9n me gustar\u00eda preguntaros qu\u00e9 tal es trabajar con Luis Piedrahita y Rodrigo Sope\u00f1a. Muchas gracias y enhorabuena<\/p>\n<p>R.- Lo mejor de la pel\u00edcula es el final, je je, pero terdreis que verla para saberlo. Y bueno, en cuanto a los personajes es mas bien al rev\u00e9s, no hab\u00eda ning\u00fan motivo para no hacerla, son personajes muy bien creados. Por otro lado para Luis y Rodrigo solo tenemos buenas palabras, y no es que nos deban dinero ni nada de eso&#8230;. Es que son maravillosos, como guionistas, como directores y como personas.<\/p>\n<p>P.- Alejo, por lo que leo en internet me parece que tienes una imagen demasiado centrada en la comedia. Si est\u00e1s de acuerdo en eso, \u00bfcrees que este papel va a cambiar algo?<\/p>\n<p>R.- Eso es l\u00f3gico ya que mi ultimo y mas extenso trabajo se basa en la comedia, pero eso no significa que durante este tiempo no haya hecho otras cosas&#8230; De todos modos si, es un cambio importante de registro del que estoy muy contento.<\/p>\n<p>P.- Alejo, eres tan guapo que seguramente me distraer\u00e1s de la trama de Fermat. \u00bfLa belleza es un problema para hacer cre\u00edble un papel?<\/p>\n<p>R.- Muchas gracias pero creo que exageras bastante&#8230; No lo se, d\u00edmelo tu, lo importante es que los espectadores os creais lo que est\u00e1is viendo.<\/p>\n<p>P.- \u00bfEsta pel\u00edcula significa de alguna manera que en adelante vais a hacer m\u00e1s cine y menos televisi\u00f3n?<\/p>\n<p>R.- No tiene por qu\u00e9, la verdad. Ambos coincidimos en que lo importante es hacer un buen personaje en un buen proyecto, sea en el medio que sea.<\/p>\n<p>P.- \u00bfQu\u00e9 les une a ambos como actores?<\/p>\n<p>R.- Sobretodo la pasi\u00f3n por el trabajo, ya hemos hecho dos pel\u00edculas juntos y la verdad es que hemos disfrutado mucho, tenemos complicidad y eso ayuda una barbaridad, de hecho nos encantar\u00eda seguir trabajando juntos en el futuro.<\/p>\n<p>P.- Alejo, define a Elena como acrtiz en dos palabras. Elena, haz lo mismo con Alejo. \u00bfQu\u00e9 es lo que m\u00e1s destacar\u00edais el uno del otro a la hora de trabajar?<\/p>\n<p>R.- Alejo es un gr\u00e1n compa\u00f1ero, compartimos muchas horas juntos y las disfrut\u00e9 enormemente, cualquier mujer estar\u00eda encantada de trabajar con \u00e9l, o no, chicas? A parte de un grand\u00edsimo actor, impulsivo, creativo y respetuoso con los compa\u00f1eros. Elena es generosa, incombustible, perfeccionista y tiene un don especial para inyectar ganas de hacer mejor las cosas. Vamos, fant\u00e1stica.<\/p>\n<p>P.- Y de teatro? Hay algo en el futuro?<\/p>\n<p>R.- El teatro requiere una entrega y una dedicacion que, salvo en casos de actores muy consagrados, es muy complicado compaginar con otros proyectos, siempre que te guste hacer bien aquello que emprendes&#8230;..<\/p>\n<p>P.- Hola Elena, en tu vida profesional como actriz \u00bfqu\u00e9 ha sido lo m\u00e1s dificil que te ha tocado interpretar? un beso guapa<\/p>\n<p>R.- Cada papel es un mundo y cada uno requiere algo nuevo de t\u00ed y a todos nos cuesta adentrarnos en terrenos desconocidos de nuestra persona, sobre todo cuando lo que nos toca es desagradable. Por eso considero que &#8221; La habitaci\u00f3n de Fermat&#8221;ha sido un gr\u00e1n salto en todos los aspectos de mi vida.Sin ser actor ponte en la situaci\u00f3n de esos personajes que van a morir en menos de una hora, d\u00e1 mucho en lo que pensar&#8230;<\/p>\n<p>P.- Esta es la primera vez que veo una pel\u00edcula espa\u00f1ola de este tipo, \u00bfOs ha costado m\u00e1s hacer esta pelicula que otras anteriores? Mucha suerte para la peli <\/p>\n<p>R.- Pos\u00edblemente si pero por la implicaci\u00f3n emocional que conlleva &#8220;La habitaci\u00f3n de Fermat&#8221; Tambi\u00e9n suele ocurrir, paradojicamente, que las pel\u00edculas que mas medios necesitan son habitualmente las que menos tienen, como la vida misma&#8230;..<\/p>\n<p>P.- Para Ballesteros: \u00bfTienes m\u00e1s proyectos en el cine? Si es as\u00ed, cue\u00e9tanos un poquito&#8230; Saludos para ambos <\/p>\n<p>R.- En este momento no tengo ninguno en firme, sigo con &#8221; La familia Mata&#8221; otros trece cap\u00edtulos y ya se ver\u00e1 si surgen proyectos interesantes y compatibles.<\/p>\n<p>P.- Hab\u00e9is presentado la pel\u00edcula en el Primer Festival de Cine Espa\u00f1ol de T\u00e1nger, \u00bfHab\u00e9is asistido? \u00bfQu\u00e9 os ha parecido? Saludos. <\/p>\n<p>R.- Asistimos casi todos los actores y para ser un festival que arrancaba este a\u00f1o ha empezado con muy bi\u00e9n pie y confiamos que en un futuro se asiente como un referente m\u00e1s<\/p>\n<p>P.- \u00bfNo os parece que hay muchos estrenos americanos con muchas copias y copan las carteleras?<\/p>\n<p>R.- s\u00ed, s\u00ed, s\u00ed. Absolutamente s\u00ed. Pero siempre que los espectadores demanden ese cine y no el nuestro, la cosa no cambiar\u00e1. No obstante tambi\u00e9n ocurre lo contrario, en nuestro caso &#8221; La habitaci\u00f3n de Fermat&#8221; ya ha sido comprada en Jap\u00f3n, Inglaterra, Belgica..etc..<\/p>\n<p>P.- Hola Elena, \u00bfcu\u00e1l es el papel que m\u00e1s te ha marcado? Eres guap\u00edsima.<\/p>\n<p>R.- Muchas gracias, Al que sin duda estoy muy agradecida, por ser de los primeros, es a Isabel Sanz. Pero el que m\u00e1s me ha hecho dar un giro es Oliva en &#8221; &#8230;Fermat&#8230;&#8221;, <\/p>\n<p>P.- Hola chicos!!! \u00bfQu\u00e9 pel\u00edcula de cine espa\u00f1ol me recomendar\u00edais ver? Sin ser la vuestra claro&#8230; ah y tambi\u00e9n, \u00bfun deseo para 2008? Saludos desde Tenerife<\/p>\n<p>R.- &#8221; La torre de Suso &#8221; encarecidamente, vas a reir y a llorar a la vez, una pasada de pel\u00edcula. Para Alejo una pel\u00edcula y Elena calma&#8230;. que cada uno piense lo que quiera.<\/p>\n<p>P.- Alejo, va para ti: \u00bfC\u00f3mo es trabajar con una mujer tan estupenda como Elena? \u00bfOs hab\u00e9is entendido bien en el rodaje?<\/p>\n<p>R.- Fant\u00e1stico, que te voy a decir. Me ha ense\u00f1ado mucho. Ahora adem\u00e1s de una gr\u00e1ndisima compa\u00f1era a la que admiro mucho es una gran amiga.<\/p>\n<p>P.- Me gustar\u00eda conocer vuestra experiencia desde diefrentes prismas: haber tenido que trabajar sobre unos personajes ins\u00f3litos para vosotros, con un presupuesto y unos medios muy modestos y con unos directores y guionistas tan j\u00f3venes como vosotros y, adem\u00e1s, debutantes. \u00bfCu\u00e1l ser\u00eda vuestra evaluaci\u00f3n al respecto? Mil gracias y buena suerte.<\/p>\n<p>R.- Trabajar con personajes ins\u00f3litos es siempre excitante y apetecible. El presupuesto y los medios modestos son algo a lo que en el cine espa\u00f1ol estamos bastante acostumbrados pero que la verdad, afecta mas a los directores que a nosotros. Y en cuanto a los directores, no es una cuesti\u00f3n de edad, creeme&#8230;<\/p>\n<p>P.- \u00bf Vuestro paso por las series de televisi\u00f3n ha sido una buena escuela para proyectar vuestra carrera cinematogr\u00e1fica?<\/p>\n<p>R.- Las horas de vuelo que te da la televisi\u00f3n facilita la capacidad resolutiva del actor y tambi\u00e9n la capacidad de concentraci\u00f3n y abstracci\u00f3n del entorno de rodaje. En definitiva, s\u00ed.<\/p>\n","protected":false},"excerpt":{"rendered":"<p>Ambos actores provienen de la televisi\u00f3n y ya coincidieron en Caf\u00e9 s\u00f3lo o con ellas. En esta ocasi\u00f3n, la actriz de la serie La familia Mata y el actor de Los Serrano vuelven a la gran pantalla con La habitaci\u00f3n de Fermat. Este thriller cuenta la historia de cuatro personas encerradas en un cuarto que deben descubrir qu\u00e9 les une antes de que las paredes de la habitaci\u00f3n les aplasten. Elena Ballesteros y Alejo Sauras han hablado sobre la pel\u00edcula, que se estrena el viernes 16, con los lectores.<\/p>\n","protected":false},"author":1,"featured_media":0,"comment_status":"open","ping_status":"open","sticky":false,"template":"","format":"standard","meta":{"footnotes":""},"categories":[],"tags":[],"class_list":["post-1469","post","type-post","status-publish","format-standard","hentry"],"_links":{"self":[{"href":"https:\/\/intervius.com\/index.html\/wp-json\/wp\/v2\/posts\/1469","targetHints":{"allow":["GET"]}}],"collection":[{"href":"https:\/\/intervius.com\/index.html\/wp-json\/wp\/v2\/posts"}],"about":[{"href":"https:\/\/intervius.com\/index.html\/wp-json\/wp\/v2\/types\/post"}],"author":[{"embeddable":true,"href":"https:\/\/intervius.com\/index.html\/wp-json\/wp\/v2\/users\/1"}],"replies":[{"embeddable":true,"href":"https:\/\/intervius.com\/index.html\/wp-json\/wp\/v2\/comments?post=1469"}],"version-history":[{"count":0,"href":"https:\/\/intervius.com\/index.html\/wp-json\/wp\/v2\/posts\/1469\/revisions"}],"wp:attachment":[{"href":"https:\/\/intervius.com\/index.html\/wp-json\/wp\/v2\/media?parent=1469"}],"wp:term":[{"taxonomy":"category","embeddable":true,"href":"https:\/\/intervius.com\/index.html\/wp-json\/wp\/v2\/categories?post=1469"},{"taxonomy":"post_tag","embeddable":true,"href":"https:\/\/intervius.com\/index.html\/wp-json\/wp\/v2\/tags?post=1469"}],"curies":[{"name":"wp","href":"https:\/\/api.w.org\/{rel}","templated":true}]}}