{"id":1452,"date":"2007-11-12T00:00:00","date_gmt":"2006-11-06T00:00:00","guid":{"rendered":"https:\/\/intervius.com\/index.html\/?p=1452"},"modified":"2006-11-06T00:00:00","modified_gmt":"2006-11-06T00:00:00","slug":"Irene_Visedo1452","status":"publish","type":"post","link":"https:\/\/intervius.com\/index.html\/Irene_Visedo1452\/","title":{"rendered":"Irene Visedo"},"content":{"rendered":"<p>Pregunta.- Por fin, jeje. Hola la Irene! Bueno pues nada, muchas preguntas no tengo por que m\u00e1s o menos s\u00e9 los proyectos que rondas, pero si me gustar\u00eda preguntarte algo sobre ti: \u00bfquerr\u00eda saber si algun d\u00eda estar\u00e1s detr\u00e1s de las c\u00e1maras, dirigiendo o al menos, guiando tus propios guiones?&#8230; y si as\u00ed fuera, \u00bfque contar\u00edas en una pel\u00edcula creada por ti? Besos, y sigue as\u00ed. <\/p>\n<p>Respuesta.- Hola!! Me alegra que me hagas esa pregunta&#8230;De momento,me estoy preparando para alg\u00fan dia poder llevarlo a cabo.Y trabajo para que llegue el momento oportuno.Hablaria de las relaciones y de la conciencia social. Un beso.<\/p>\n<p>P.- Cuando a Jos\u00e9 Luis G\u00f3mez se le pregunta sobre los alumnos que se ha formado en La Abad\u00eda, siempre utiliza como referente, entre otros, el nombre de Irene Visedo. Siendo una de las actrices m\u00e1s conspicuas de ese centro de vanguardia de la escena espa\u00f1ola \u00bfcual es la raz\u00f3n por la que no has vuelto a hacer teatro? Me impresion\u00f3 tu papel de Margarita en el Fausto<\/p>\n<p>R.- Jos\u00e9 Luis G\u00f3mez ha sido mi maestro y me di\u00f3 una grand\u00edsima oportunidad,a d\u00eda de hoy sigue siendo un referente para m\u00ed.Si he vuelto a hacer teatro pero no en La Abad\u00eda,espero que sea pronto.A mi tambi\u00e9n me impresion\u00f3 interpretar a Margarita,gracias por haber ido a verlo!!,muchos a\u00f1os ya!!<\/p>\n<p>P.- Irene, \u00bfa qu\u00e9 actriz te gustar\u00eda parecerte? En el mundo del celuloide, \u00bfa qui\u00e9n admiras m\u00e1s?<\/p>\n<p>R.- Cate Blanchet,Cate Blanchet,Cate Blanchet,he dicho Cate Blanchet??,no os perdais &#8220;Elisabeth y la Edad de Oro&#8221;,maravillosa interpretaci\u00f3n.<\/p>\n<p>P.- Querida Irene: Tuve la oportunidad de agradecer a Manane Rodriguez que se interesara en mostrar la crueldad que algunos de nosotros los argentinos vivimos hace a\u00f1os, y hoy quiero daros las gracias a vos, por interpretar tan bien a aquella ni\u00f1a sin identidad en Los Pasos Perdidos. Un fuerte abrazo desde Posadas. <\/p>\n<p>R.- A mi me aport\u00f3 mucho aquella pel\u00edcula,nunca se me olvidar\u00e1 la energ\u00eda que a\u00fan se respiraba en Plaza de Mayo,me impact\u00f3.Fu\u00e9 una pel\u00edcula necesaria,verdad?<\/p>\n<p>P.- Hola Irene! Antes de nada decirte que cada d\u00eda est\u00e1s m\u00e1s estupenda y que eres guap\u00edsima. Te pregunto: \u00bfC\u00f3mo ha sido trabajar bajo las ordenes de un director como J.Manuel Gonzalez-Berbel?<\/p>\n<p>R.- J.Manuel Gonz\u00e1lez Berbel es un director inteligente y sensible,muy humilde con un ego bastante domado,me respet\u00f3 much\u00edsimo y apost\u00f3 por mi sin ninguna duda,con lo cual,me di\u00f3 toda su confianza y pudimos trabajar en equipo.<\/p>\n<p>P.- \u00bfComo ha sido el rodaje con Mar\u00eda Valverde? Creo que, junto a t\u00ed, es una de las grandes promesas del cine espa\u00f1ol.<\/p>\n<p>R.- Trabajar con Mar\u00eda es un placer,es muy intuitiva y visceral.Te mira a los ojos hasta dentro,entonces&#8230;las cosas fluyen.<\/p>\n<p>P.- \u00bfQu\u00e9 tal rodar con Hugo Silva? \u00bfEs tan guapo como parece? Saludos desde Pamplona<\/p>\n<p>R.- Es guapo por dentro y es muy buen compa\u00f1ero,generoso y positivo a la hora de enfrentarse a las dificultades que conlleva sacar el trabajo adelante en un rodaje.<\/p>\n<p>P.- Me pareces una gran actriz. \u00bfCu\u00e1l es tu pr\u00f3ximo proyecto en cine o televisi\u00f3n? <\/p>\n<p>R.- Ahora estoy rodando &#8220;Carlitos&#8221;,la primera producci\u00f3n de Emilio Arag\u00f3n en cine.Es la historia de un ni\u00f1o huerfano que desea ser adoptado y tiene el sue\u00f1o de llegar a ser futbolista.En el reparto est\u00e1n Jos\u00e9 Maria Pou,Gustavo Salmer\u00f3n y el ni\u00f1o Guillermo Campra.<\/p>\n<p>P.- Hola Irene, adoro tu carrera desde que te vi la primera vez en Cu\u00e9ntame, dado que esta gran serie, ha sido quien te ha visto nacer realmente. \u00bfQu\u00e9 series te han marcado a t\u00ed durante tu vida?, \u00bfsigues alguna actualmente, americana, espa\u00f1ola..? Un saludo, y muchisima suerte<\/p>\n<p>R.- Ahora estoy siguiendo alguna serie americana,estoy metida de lleno en &#8220;A dos metros bajo tierra&#8221; y &#8220;Los soprano&#8221;,puro cine.<\/p>\n<p>P.- Hola Irene, te sigo desde que te v\u00ed en El espinazo del diablo, me gusta tu manera de actuar, y pienso que lo haces estupendamente, sin embargo, no est\u00e1s como dirian algunos, en el candelero continuamente, \u00bfte gustar\u00eda tener mas notoriedad dentro del celuloide espa\u00f1ol? Saludos desde Ceuta. ESPA\u00d1A.<\/p>\n<p>R.- Es que yo soy una actriz de fondo,no de velocidad&#8230;A parte,he respetado much\u00edsimo mi popularidad y la he cuidado todo lo que he podido,precisamente,apart\u00e1ndome de ese candelero. Y si,espero seguir trabajando en el celuloide espa\u00f1ol de forma constante,que es lo m\u00e1s sano.<\/p>\n<p>P.- Si tuvieras la oportunidad de hacer pel\u00edculas en Hollywood, \u00bfabandonar\u00edas el cine espa\u00f1ol?<\/p>\n<p>R.- Si tuviera esa oportunidad,no abandonar\u00eda nunca mis raices,si no,estar\u00eda perdida. A mi me encanta el cine espa\u00f1ol,son fan del cine espa\u00f1ol.<\/p>\n<p>P.- Hola Irene. \u00bfTemes haberte encasillado en tu papel de In\u00e9s en Cu\u00e9ntame? Enhorabuena por tu trabajo.<\/p>\n<p>R.- Creo que uno se encasilla cuando se acomoda y ese es el mayor peligro para un actor,dejar de buscar.Yo sal\u00ed de la serie para seguir buscando y poder ver un poco m\u00e1s all\u00e1,asi que no,que ya no temo.<\/p>\n<p>P.- \u00bfRealizar\u00edas un desnudo integral por exigencias del gui\u00f3n?<\/p>\n<p>R.- Si est\u00e1 totalmente justificado y ayuda o es esencial para la pel\u00edcula,lo har\u00eda.Pero preferiria desnudarme integralmente desde la emoci\u00f3n y siempre me ha parecido infinitamente m\u00e1s interesante SUGERIR y no mostrar.<\/p>\n<p>P.- \u00bfCu\u00e1les son tus pr\u00f3ximos proyectos? \u00bfPara cu\u00e1ndo una obra de teatro? Un beso!<\/p>\n<p>R.- Mis pr\u00f3ximos proyectos tienen que ver con el cine y el teatro,y si,muchas ganas de volver al teatro,espero que vengais a verme!!<\/p>\n","protected":false},"excerpt":{"rendered":"<p>La conocida actriz por su interpretaci\u00f3n de la hija de los Alc\u00e1ntara en Cu\u00e9ntame, vuelve a la gran pantalla con la pel\u00edcula El hombre de arena de Jos\u00e9 Manuel Gonz\u00e1lez-Berbel. La historia se desarrolla en los a\u00f1os 60, cuando un hombre ingresa en un hospital psiqui\u00e1trico y cambia a las personas que all\u00ed se encuentran. Irene Visedo ha charlado con los lectores sobre este filme que se estren\u00f3 el 9 de noviembre y sobre sus proyectos de futuro.<\/p>\n","protected":false},"author":1,"featured_media":0,"comment_status":"open","ping_status":"open","sticky":false,"template":"","format":"standard","meta":{"footnotes":""},"categories":[],"tags":[],"class_list":["post-1452","post","type-post","status-publish","format-standard","hentry"],"_links":{"self":[{"href":"https:\/\/intervius.com\/index.html\/wp-json\/wp\/v2\/posts\/1452","targetHints":{"allow":["GET"]}}],"collection":[{"href":"https:\/\/intervius.com\/index.html\/wp-json\/wp\/v2\/posts"}],"about":[{"href":"https:\/\/intervius.com\/index.html\/wp-json\/wp\/v2\/types\/post"}],"author":[{"embeddable":true,"href":"https:\/\/intervius.com\/index.html\/wp-json\/wp\/v2\/users\/1"}],"replies":[{"embeddable":true,"href":"https:\/\/intervius.com\/index.html\/wp-json\/wp\/v2\/comments?post=1452"}],"version-history":[{"count":0,"href":"https:\/\/intervius.com\/index.html\/wp-json\/wp\/v2\/posts\/1452\/revisions"}],"wp:attachment":[{"href":"https:\/\/intervius.com\/index.html\/wp-json\/wp\/v2\/media?parent=1452"}],"wp:term":[{"taxonomy":"category","embeddable":true,"href":"https:\/\/intervius.com\/index.html\/wp-json\/wp\/v2\/categories?post=1452"},{"taxonomy":"post_tag","embeddable":true,"href":"https:\/\/intervius.com\/index.html\/wp-json\/wp\/v2\/tags?post=1452"}],"curies":[{"name":"wp","href":"https:\/\/api.w.org\/{rel}","templated":true}]}}